{"id":27504,"date":"2019-05-31T02:10:57","date_gmt":"2019-05-31T02:10:57","guid":{"rendered":"http:\/\/quehacerpolitico.mx\/canaco-pide-derogar-ley-que-evita-desalojos-forzosos-senala-derechos-de-propietarios\/"},"modified":"2019-05-31T02:10:57","modified_gmt":"2019-05-31T02:10:57","slug":"canaco-pide-derogar-ley-que-evita-desalojos-forzosos-senala-derechos-de-propietarios","status":"publish","type":"post","link":"https:\/\/quehacerpolitico.mx\/?p=27504","title":{"rendered":"Canaco pide derogar ley que evita desalojos forzosos, se\u00f1ala derechos de propietarios"},"content":{"rendered":"<h1 class=\"entry-title\">Canaco pide derogar ley que evita desalojos forzosos, se\u00f1ala derechos de propietarios<\/h1>\n<p>Por Redacci\u00f3n QP<\/p>\n<p>El presidente de la<strong> C\u00e1mara de Comercio, Servicios y Turismo de la Ciudad de M\u00e9xico<\/strong> (<strong>Canaco<\/strong>), <strong>Nathan Poplawsky<\/strong>, pidi\u00f3 derogar el art\u00edculo 60 de la <strong>Ley Constitucional de Derechos Humanos<\/strong> de esta capital, porque abre el espacio jur\u00eddico a despojar a leg\u00edtimos propietarios de sus bienes.<\/p>\n<p>El art\u00edculo se\u00f1ala: \u201cPara evitar que los desalojos forzosos o lanzamientos, violen, entre otros derechos, el derecho a una vivienda adecuada, podr\u00e1n llevarse a cabo s\u00f3lo en casos excepcionales\u201d.<\/p>\n<p>Contin\u00faa el art\u00edculo: \u201cAntes de realizarse, las personas que ser\u00e1n desalojadas tienen el derecho a no ser discriminadas, que se estudien todas las dem\u00e1s posibilidades que permitan evitar o minimizar la necesidad de recurrir a la fuerza, la debida indemnizaci\u00f3n en caso de ser privados de bienes o sufrir p\u00e9rdidas inmateriales y contar con las debidas garant\u00edas procesales\u201d.<\/p>\n<p>Poplawsky argument\u00f3 que el texto, aprobado por la <strong>Primera Legislatura<\/strong> de la Ciudad de M\u00e9xico, se ha hecho con la intenci\u00f3n de garantizar una vivienda digna para todas las familias que residen en la ciudad.<\/p>\n<p>Sin embargo, indic\u00f3, es el Estado y sus autoridades quienes deben promover, respetar, proteger y garantizar los derechos humanos, \u201cpero no a costa de quienes son propietarios de las viviendas\u201d.<\/p>\n<p>Explic\u00f3 que los desalojos son producto del desarrollo normativo ante el incumplimiento de contratos o resoluciones judiciales respecto de bienes muebles.<\/p>\n<p>Empero, el empresario capitalino advirti\u00f3 que la nueva norma abre el espacio jur\u00eddico para que invasores profesionales de predios y viviendas cuenten con elementos jur\u00eddicos para despojar, por la v\u00eda del chantaje u ocupaciones interminables, a leg\u00edtimos propietarios de sus bienes.<\/p>\n<p>Adem\u00e1s de crear espacio para la anarqu\u00eda y corrupci\u00f3n por parte de algunas autoridades, coment\u00f3 que el texto inhibe a todas luces la inversi\u00f3n en vivienda de alquiler, porque lejos de contar con incentivos que inviten a mejorar este sector de la econom\u00eda, representa un escenario de total incertidumbre e inseguridad jur\u00eddica.<\/p>\n<p>Por ello, Poplawsky hizo un llamado a los integrantes de la Legislatura de la Ciudad de M\u00e9xico a corregir este art\u00edculo que coloca al sector inmobiliario y a los particulares propietarios de un inmueble en una condici\u00f3n de vulnerabilidad legal.<\/p>\n<p>Con Informaci\u00f3n de NTX\u00a0<\/p>\n","protected":false},"excerpt":{"rendered":"<p>Canaco pide derogar ley que evita desalojos forzosos, se\u00f1ala derechos de propietarios<br \/>\nPor Redacci\u00f3n QP<\/p>\n","protected":false},"author":2,"featured_media":27503,"comment_status":"open","ping_status":"open","sticky":false,"template":"","format":"standard","meta":{"_monsterinsights_skip_tracking":false,"_monsterinsights_sitenote_active":false,"_monsterinsights_sitenote_note":"","_monsterinsights_sitenote_category":0,"footnotes":""},"categories":[55],"tags":[],"class_list":["post-27504","post","type-post","status-publish","format-standard","has-post-thumbnail","hentry","category-cdmx"],"yoast_head":"<!-- This site is optimized with the Yoast SEO plugin v27.3 - https:\/\/yoast.com\/product\/yoast-seo-wordpress\/ -->\n<title>Canaco pide derogar ley que evita desalojos forzosos, se\u00f1ala derechos de propietarios -<\/title>\n<meta name=\"robots\" content=\"index, follow, max-snippet:-1, max-image-preview:large, max-video-preview:-1\" \/>\n<link rel=\"canonical\" href=\"https:\/\/quehacerpolitico.mx\/?p=27504\" \/>\n<meta property=\"og:locale\" content=\"es_MX\" \/>\n<meta property=\"og:type\" content=\"article\" \/>\n<meta property=\"og:title\" content=\"Canaco pide derogar ley que evita desalojos forzosos, se\u00f1ala derechos de propietarios -\" \/>\n<meta property=\"og:description\" content=\"Canaco pide derogar ley que evita desalojos forzosos, se\u00f1ala derechos de propietarios Por Redacci\u00f3n QP\" \/>\n<meta property=\"og:url\" content=\"https:\/\/quehacerpolitico.mx\/?p=27504\" \/>\n<meta property=\"article:published_time\" content=\"2019-05-31T02:10:57+00:00\" \/>\n<meta name=\"author\" content=\"Redacci\u00f3n QP\" \/>\n<meta name=\"twitter:card\" content=\"summary_large_image\" \/>\n<meta name=\"twitter:label1\" content=\"Escrito por\" \/>\n\t<meta name=\"twitter:data1\" content=\"Redacci\u00f3n QP\" \/>\n\t<meta name=\"twitter:label2\" content=\"Tiempo de lectura\" \/>\n\t<meta name=\"twitter:data2\" content=\"2 minutos\" \/>\n<script type=\"application\/ld+json\" class=\"yoast-schema-graph\">{\"@context\":\"https:\\\/\\\/schema.org\",\"@graph\":[{\"@type\":\"Article\",\"@id\":\"https:\\\/\\\/quehacerpolitico.mx\\\/?p=27504#article\",\"isPartOf\":{\"@id\":\"https:\\\/\\\/quehacerpolitico.mx\\\/?p=27504\"},\"author\":{\"name\":\"Redacci\u00f3n QP\",\"@id\":\"https:\\\/\\\/quehacerpolitico.mx\\\/#\\\/schema\\\/person\\\/496d8ad2d1d3f8036101dca7ee39e585\"},\"headline\":\"Canaco pide derogar ley que evita desalojos forzosos, se\u00f1ala derechos de propietarios\",\"datePublished\":\"2019-05-31T02:10:57+00:00\",\"mainEntityOfPage\":{\"@id\":\"https:\\\/\\\/quehacerpolitico.mx\\\/?p=27504\"},\"wordCount\":417,\"commentCount\":0,\"image\":{\"@id\":\"https:\\\/\\\/quehacerpolitico.mx\\\/?p=27504#primaryimage\"},\"thumbnailUrl\":\"\",\"articleSection\":[\"CDMX\"],\"inLanguage\":\"es\",\"potentialAction\":[{\"@type\":\"CommentAction\",\"name\":\"Comment\",\"target\":[\"https:\\\/\\\/quehacerpolitico.mx\\\/?p=27504#respond\"]}]},{\"@type\":\"WebPage\",\"@id\":\"https:\\\/\\\/quehacerpolitico.mx\\\/?p=27504\",\"url\":\"https:\\\/\\\/quehacerpolitico.mx\\\/?p=27504\",\"name\":\"Canaco pide derogar ley que evita desalojos forzosos, se\u00f1ala derechos de propietarios -\",\"isPartOf\":{\"@id\":\"https:\\\/\\\/quehacerpolitico.mx\\\/#website\"},\"primaryImageOfPage\":{\"@id\":\"https:\\\/\\\/quehacerpolitico.mx\\\/?p=27504#primaryimage\"},\"image\":{\"@id\":\"https:\\\/\\\/quehacerpolitico.mx\\\/?p=27504#primaryimage\"},\"thumbnailUrl\":\"\",\"datePublished\":\"2019-05-31T02:10:57+00:00\",\"author\":{\"@id\":\"https:\\\/\\\/quehacerpolitico.mx\\\/#\\\/schema\\\/person\\\/496d8ad2d1d3f8036101dca7ee39e585\"},\"breadcrumb\":{\"@id\":\"https:\\\/\\\/quehacerpolitico.mx\\\/?p=27504#breadcrumb\"},\"inLanguage\":\"es\",\"potentialAction\":[{\"@type\":\"ReadAction\",\"target\":[\"https:\\\/\\\/quehacerpolitico.mx\\\/?p=27504\"]}]},{\"@type\":\"ImageObject\",\"inLanguage\":\"es\",\"@id\":\"https:\\\/\\\/quehacerpolitico.mx\\\/?p=27504#primaryimage\",\"url\":\"\",\"contentUrl\":\"\"},{\"@type\":\"BreadcrumbList\",\"@id\":\"https:\\\/\\\/quehacerpolitico.mx\\\/?p=27504#breadcrumb\",\"itemListElement\":[{\"@type\":\"ListItem\",\"position\":1,\"name\":\"Inicio\",\"item\":\"https:\\\/\\\/quehacerpolitico.mx\\\/\"},{\"@type\":\"ListItem\",\"position\":2,\"name\":\"Canaco pide derogar ley que evita desalojos forzosos, se\u00f1ala derechos de propietarios\"}]},{\"@type\":\"WebSite\",\"@id\":\"https:\\\/\\\/quehacerpolitico.mx\\\/#website\",\"url\":\"https:\\\/\\\/quehacerpolitico.mx\\\/\",\"name\":\"\",\"description\":\"\",\"potentialAction\":[{\"@type\":\"SearchAction\",\"target\":{\"@type\":\"EntryPoint\",\"urlTemplate\":\"https:\\\/\\\/quehacerpolitico.mx\\\/?s={search_term_string}\"},\"query-input\":{\"@type\":\"PropertyValueSpecification\",\"valueRequired\":true,\"valueName\":\"search_term_string\"}}],\"inLanguage\":\"es\"},{\"@type\":\"Person\",\"@id\":\"https:\\\/\\\/quehacerpolitico.mx\\\/#\\\/schema\\\/person\\\/496d8ad2d1d3f8036101dca7ee39e585\",\"name\":\"Redacci\u00f3n QP\",\"image\":{\"@type\":\"ImageObject\",\"inLanguage\":\"es\",\"@id\":\"https:\\\/\\\/secure.gravatar.com\\\/avatar\\\/c7164ed6fdec453195284ad24a5ae5b6e1eed2b848477fa2a4787ba9adf39a41?s=96&d=mm&r=g\",\"url\":\"https:\\\/\\\/secure.gravatar.com\\\/avatar\\\/c7164ed6fdec453195284ad24a5ae5b6e1eed2b848477fa2a4787ba9adf39a41?s=96&d=mm&r=g\",\"contentUrl\":\"https:\\\/\\\/secure.gravatar.com\\\/avatar\\\/c7164ed6fdec453195284ad24a5ae5b6e1eed2b848477fa2a4787ba9adf39a41?s=96&d=mm&r=g\",\"caption\":\"Redacci\u00f3n QP\"},\"url\":\"https:\\\/\\\/quehacerpolitico.mx\\\/?author=2\"}]}<\/script>\n<!-- \/ Yoast SEO plugin. -->","yoast_head_json":{"title":"Canaco pide derogar ley que evita desalojos forzosos, se\u00f1ala derechos de propietarios -","robots":{"index":"index","follow":"follow","max-snippet":"max-snippet:-1","max-image-preview":"max-image-preview:large","max-video-preview":"max-video-preview:-1"},"canonical":"https:\/\/quehacerpolitico.mx\/?p=27504","og_locale":"es_MX","og_type":"article","og_title":"Canaco pide derogar ley que evita desalojos forzosos, se\u00f1ala derechos de propietarios -","og_description":"Canaco pide derogar ley que evita desalojos forzosos, se\u00f1ala derechos de propietarios Por Redacci\u00f3n QP","og_url":"https:\/\/quehacerpolitico.mx\/?p=27504","article_published_time":"2019-05-31T02:10:57+00:00","author":"Redacci\u00f3n QP","twitter_card":"summary_large_image","twitter_misc":{"Escrito por":"Redacci\u00f3n QP","Tiempo de lectura":"2 minutos"},"schema":{"@context":"https:\/\/schema.org","@graph":[{"@type":"Article","@id":"https:\/\/quehacerpolitico.mx\/?p=27504#article","isPartOf":{"@id":"https:\/\/quehacerpolitico.mx\/?p=27504"},"author":{"name":"Redacci\u00f3n QP","@id":"https:\/\/quehacerpolitico.mx\/#\/schema\/person\/496d8ad2d1d3f8036101dca7ee39e585"},"headline":"Canaco pide derogar ley que evita desalojos forzosos, se\u00f1ala derechos de propietarios","datePublished":"2019-05-31T02:10:57+00:00","mainEntityOfPage":{"@id":"https:\/\/quehacerpolitico.mx\/?p=27504"},"wordCount":417,"commentCount":0,"image":{"@id":"https:\/\/quehacerpolitico.mx\/?p=27504#primaryimage"},"thumbnailUrl":"","articleSection":["CDMX"],"inLanguage":"es","potentialAction":[{"@type":"CommentAction","name":"Comment","target":["https:\/\/quehacerpolitico.mx\/?p=27504#respond"]}]},{"@type":"WebPage","@id":"https:\/\/quehacerpolitico.mx\/?p=27504","url":"https:\/\/quehacerpolitico.mx\/?p=27504","name":"Canaco pide derogar ley que evita desalojos forzosos, se\u00f1ala derechos de propietarios -","isPartOf":{"@id":"https:\/\/quehacerpolitico.mx\/#website"},"primaryImageOfPage":{"@id":"https:\/\/quehacerpolitico.mx\/?p=27504#primaryimage"},"image":{"@id":"https:\/\/quehacerpolitico.mx\/?p=27504#primaryimage"},"thumbnailUrl":"","datePublished":"2019-05-31T02:10:57+00:00","author":{"@id":"https:\/\/quehacerpolitico.mx\/#\/schema\/person\/496d8ad2d1d3f8036101dca7ee39e585"},"breadcrumb":{"@id":"https:\/\/quehacerpolitico.mx\/?p=27504#breadcrumb"},"inLanguage":"es","potentialAction":[{"@type":"ReadAction","target":["https:\/\/quehacerpolitico.mx\/?p=27504"]}]},{"@type":"ImageObject","inLanguage":"es","@id":"https:\/\/quehacerpolitico.mx\/?p=27504#primaryimage","url":"","contentUrl":""},{"@type":"BreadcrumbList","@id":"https:\/\/quehacerpolitico.mx\/?p=27504#breadcrumb","itemListElement":[{"@type":"ListItem","position":1,"name":"Inicio","item":"https:\/\/quehacerpolitico.mx\/"},{"@type":"ListItem","position":2,"name":"Canaco pide derogar ley que evita desalojos forzosos, se\u00f1ala derechos de propietarios"}]},{"@type":"WebSite","@id":"https:\/\/quehacerpolitico.mx\/#website","url":"https:\/\/quehacerpolitico.mx\/","name":"","description":"","potentialAction":[{"@type":"SearchAction","target":{"@type":"EntryPoint","urlTemplate":"https:\/\/quehacerpolitico.mx\/?s={search_term_string}"},"query-input":{"@type":"PropertyValueSpecification","valueRequired":true,"valueName":"search_term_string"}}],"inLanguage":"es"},{"@type":"Person","@id":"https:\/\/quehacerpolitico.mx\/#\/schema\/person\/496d8ad2d1d3f8036101dca7ee39e585","name":"Redacci\u00f3n QP","image":{"@type":"ImageObject","inLanguage":"es","@id":"https:\/\/secure.gravatar.com\/avatar\/c7164ed6fdec453195284ad24a5ae5b6e1eed2b848477fa2a4787ba9adf39a41?s=96&d=mm&r=g","url":"https:\/\/secure.gravatar.com\/avatar\/c7164ed6fdec453195284ad24a5ae5b6e1eed2b848477fa2a4787ba9adf39a41?s=96&d=mm&r=g","contentUrl":"https:\/\/secure.gravatar.com\/avatar\/c7164ed6fdec453195284ad24a5ae5b6e1eed2b848477fa2a4787ba9adf39a41?s=96&d=mm&r=g","caption":"Redacci\u00f3n QP"},"url":"https:\/\/quehacerpolitico.mx\/?author=2"}]}},"featured_image_urls":{"full":"","thumbnail":"","medium":"","medium_large":"","large":"","1536x1536":"","2048x2048":"","covernews-featured":"","covernews-medium":""},"author_info":{"display_name":"Redacci\u00f3n QP","author_link":"https:\/\/quehacerpolitico.mx\/?author=2"},"category_info":"<a href=\"https:\/\/quehacerpolitico.mx\/?cat=55\" rel=\"category\">CDMX<\/a>","tag_info":"CDMX","comment_count":"0","_links":{"self":[{"href":"https:\/\/quehacerpolitico.mx\/index.php?rest_route=\/wp\/v2\/posts\/27504","targetHints":{"allow":["GET"]}}],"collection":[{"href":"https:\/\/quehacerpolitico.mx\/index.php?rest_route=\/wp\/v2\/posts"}],"about":[{"href":"https:\/\/quehacerpolitico.mx\/index.php?rest_route=\/wp\/v2\/types\/post"}],"author":[{"embeddable":true,"href":"https:\/\/quehacerpolitico.mx\/index.php?rest_route=\/wp\/v2\/users\/2"}],"replies":[{"embeddable":true,"href":"https:\/\/quehacerpolitico.mx\/index.php?rest_route=%2Fwp%2Fv2%2Fcomments&post=27504"}],"version-history":[{"count":0,"href":"https:\/\/quehacerpolitico.mx\/index.php?rest_route=\/wp\/v2\/posts\/27504\/revisions"}],"wp:featuredmedia":[{"embeddable":true,"href":"https:\/\/quehacerpolitico.mx\/index.php?rest_route=\/"}],"wp:attachment":[{"href":"https:\/\/quehacerpolitico.mx\/index.php?rest_route=%2Fwp%2Fv2%2Fmedia&parent=27504"}],"wp:term":[{"taxonomy":"category","embeddable":true,"href":"https:\/\/quehacerpolitico.mx\/index.php?rest_route=%2Fwp%2Fv2%2Fcategories&post=27504"},{"taxonomy":"post_tag","embeddable":true,"href":"https:\/\/quehacerpolitico.mx\/index.php?rest_route=%2Fwp%2Fv2%2Ftags&post=27504"}],"curies":[{"name":"wp","href":"https:\/\/api.w.org\/{rel}","templated":true}]}}