{"id":2750,"date":"2018-08-19T00:51:50","date_gmt":"2018-08-19T00:51:50","guid":{"rendered":"http:\/\/quehacerpolitico.mx\/renegociacion-del-tlcan-clave-para-companias-japonesas-en-mexico\/"},"modified":"2018-08-19T00:51:50","modified_gmt":"2018-08-19T00:51:50","slug":"renegociacion-del-tlcan-clave-para-companias-japonesas-en-mexico","status":"publish","type":"post","link":"https:\/\/quehacerpolitico.mx\/?p=2750","title":{"rendered":"Renegociaci\u00f3n del TLCAN, clave para compa\u00f1\u00edas japonesas en M\u00e9xico"},"content":{"rendered":"<p>El cuidar los intereses de las compa\u00f1\u00edas japonesas en M\u00e9xico\u00a0durante la renegociaci\u00f3ndel TLCAN, fue uno de los asuntos que se trataron en la reuni\u00f3n entre Andr\u00e9s Manuel L\u00f3pez Obrador, presidente electo de M\u00e9xico, y Taro Kono, ministro de Asuntos Exteriores de Jap\u00f3n.<\/p>\n<p>Se trata de la segunda visita de Kono a nuestro pa\u00eds, en tres meses.<\/p>\n<p><strong>&#8220;El ministro agradeci\u00f3 al gobierno mexicano cuidar los intereses de las compa\u00f1\u00edas japonesas que est\u00e1n aqu\u00ed, en la renegociaci\u00f3n. Entendemos que la renegociaci\u00f3n est\u00e1 en un momento crucial y la respuesta fue que por supuesto se cuidar\u00e1n, porque eso tambi\u00e9n es un beneficio para la econom\u00eda mexicana&#8221;<\/strong>, explic\u00f3 Mitsuko Shino, vocera del Ministerio y subdirectora general de Prensa del Ministerio de Asuntos Exteriores de Jap\u00f3n.<\/p>\n<p>&#8220;El gobierno mexicano tiene que pensar tambi\u00e9n en el volumen de inversi\u00f3n y el impacto en el empleo, y en eso han contribuido mucho las compa\u00f1\u00edas japonesas&#8221;, a\u00f1adi\u00f3 la vocera. En M\u00e9xico existen actualmente mil 182 empresas japonesas.<\/p>\n<p>Shino destac\u00f3 la cercan\u00eda en la relaci\u00f3n entre ambos pa\u00edses y espera que se mantenga con el siguiente gobierno. Este a\u00f1o se celebra el 130 aniversario de Relaciones diplom\u00e1ticas entre M\u00e9xico y Jap\u00f3n.<\/p>\n<p><strong>A la pregunta de si empresas japonesas planean invertir m\u00e1s en M\u00e9xico en el pr\u00f3ximo gobierno explic\u00f3 que &#8220;si la econom\u00eda va bien, si todo funciona como lo tenemos planeado, se abre la posibilidad de mayor inversi\u00f3n japonesa en M\u00e9xico&#8221;.<\/strong><\/p>\n<p>Tambi\u00e9n coment\u00f3 que es importante que adem\u00e1s de M\u00e9xico, Jap\u00f3n y Singapur, m\u00e1s naciones ratifiquen el TPP-11 &#8220;tan pronto como sea posible&#8221;, para comenzar a trabajar de manera m\u00e1s cercana.<\/p>\n<p>Acerca de la imagen de AMLO en Jap\u00f3n, la funcionaria dijo que consideran que &#8220;\u00e9l no tomar\u00e1 malas decisiones&#8221;.<\/p>\n<p>En la reuni\u00f3n tambi\u00e9n se tocaron temas como la Alianza del Pac\u00edfico, Corea del Norte y Venezuela.<\/p>\n","protected":false},"excerpt":{"rendered":"<p>Taro Kono, ministro de Asuntos Exteriores de Jap\u00f3n, visit\u00f3 el pa\u00eds para celebrar una reuni\u00f3n con L\u00f3pez Obrador; agradeci\u00f3 que se cuidaran los intereses de las compa\u00f1\u00edas japonesas en la renegociaci\u00f3n<br \/>\nPor Redacci\u00f3n QP<\/p>\n","protected":false},"author":2,"featured_media":2749,"comment_status":"open","ping_status":"open","sticky":false,"template":"","format":"standard","meta":{"_monsterinsights_skip_tracking":false,"_monsterinsights_sitenote_active":false,"_monsterinsights_sitenote_note":"","_monsterinsights_sitenote_category":0,"footnotes":""},"categories":[2],"tags":[],"class_list":["post-2750","post","type-post","status-publish","format-standard","has-post-thumbnail","hentry","category-noticias"],"yoast_head":"<!-- This site is optimized with the Yoast SEO plugin v27.3 - https:\/\/yoast.com\/product\/yoast-seo-wordpress\/ -->\n<title>Renegociaci\u00f3n del TLCAN, clave para compa\u00f1\u00edas japonesas en M\u00e9xico -<\/title>\n<meta name=\"robots\" content=\"index, follow, max-snippet:-1, max-image-preview:large, max-video-preview:-1\" \/>\n<link rel=\"canonical\" href=\"https:\/\/quehacerpolitico.mx\/?p=2750\" \/>\n<meta property=\"og:locale\" content=\"es_MX\" \/>\n<meta property=\"og:type\" content=\"article\" \/>\n<meta property=\"og:title\" content=\"Renegociaci\u00f3n del TLCAN, clave para compa\u00f1\u00edas japonesas en M\u00e9xico -\" \/>\n<meta property=\"og:description\" content=\"Taro Kono, ministro de Asuntos Exteriores de Jap\u00f3n, visit\u00f3 el pa\u00eds para celebrar una reuni\u00f3n con L\u00f3pez Obrador; agradeci\u00f3 que se cuidaran los intereses de las compa\u00f1\u00edas japonesas en la renegociaci\u00f3n Por Redacci\u00f3n QP\" \/>\n<meta property=\"og:url\" content=\"https:\/\/quehacerpolitico.mx\/?p=2750\" \/>\n<meta property=\"article:published_time\" content=\"2018-08-19T00:51:50+00:00\" \/>\n<meta name=\"author\" content=\"Redacci\u00f3n QP\" \/>\n<meta name=\"twitter:card\" content=\"summary_large_image\" \/>\n<meta name=\"twitter:label1\" content=\"Escrito por\" \/>\n\t<meta name=\"twitter:data1\" content=\"Redacci\u00f3n QP\" \/>\n\t<meta name=\"twitter:label2\" content=\"Tiempo de lectura\" \/>\n\t<meta name=\"twitter:data2\" content=\"2 minutos\" \/>\n<script type=\"application\/ld+json\" class=\"yoast-schema-graph\">{\"@context\":\"https:\\\/\\\/schema.org\",\"@graph\":[{\"@type\":\"Article\",\"@id\":\"https:\\\/\\\/quehacerpolitico.mx\\\/?p=2750#article\",\"isPartOf\":{\"@id\":\"https:\\\/\\\/quehacerpolitico.mx\\\/?p=2750\"},\"author\":{\"name\":\"Redacci\u00f3n QP\",\"@id\":\"https:\\\/\\\/quehacerpolitico.mx\\\/#\\\/schema\\\/person\\\/496d8ad2d1d3f8036101dca7ee39e585\"},\"headline\":\"Renegociaci\u00f3n del TLCAN, clave para compa\u00f1\u00edas japonesas en M\u00e9xico\",\"datePublished\":\"2018-08-19T00:51:50+00:00\",\"mainEntityOfPage\":{\"@id\":\"https:\\\/\\\/quehacerpolitico.mx\\\/?p=2750\"},\"wordCount\":354,\"commentCount\":0,\"image\":{\"@id\":\"https:\\\/\\\/quehacerpolitico.mx\\\/?p=2750#primaryimage\"},\"thumbnailUrl\":\"\",\"articleSection\":[\"Noticias\"],\"inLanguage\":\"es\",\"potentialAction\":[{\"@type\":\"CommentAction\",\"name\":\"Comment\",\"target\":[\"https:\\\/\\\/quehacerpolitico.mx\\\/?p=2750#respond\"]}]},{\"@type\":\"WebPage\",\"@id\":\"https:\\\/\\\/quehacerpolitico.mx\\\/?p=2750\",\"url\":\"https:\\\/\\\/quehacerpolitico.mx\\\/?p=2750\",\"name\":\"Renegociaci\u00f3n del TLCAN, clave para compa\u00f1\u00edas japonesas en M\u00e9xico -\",\"isPartOf\":{\"@id\":\"https:\\\/\\\/quehacerpolitico.mx\\\/#website\"},\"primaryImageOfPage\":{\"@id\":\"https:\\\/\\\/quehacerpolitico.mx\\\/?p=2750#primaryimage\"},\"image\":{\"@id\":\"https:\\\/\\\/quehacerpolitico.mx\\\/?p=2750#primaryimage\"},\"thumbnailUrl\":\"\",\"datePublished\":\"2018-08-19T00:51:50+00:00\",\"author\":{\"@id\":\"https:\\\/\\\/quehacerpolitico.mx\\\/#\\\/schema\\\/person\\\/496d8ad2d1d3f8036101dca7ee39e585\"},\"breadcrumb\":{\"@id\":\"https:\\\/\\\/quehacerpolitico.mx\\\/?p=2750#breadcrumb\"},\"inLanguage\":\"es\",\"potentialAction\":[{\"@type\":\"ReadAction\",\"target\":[\"https:\\\/\\\/quehacerpolitico.mx\\\/?p=2750\"]}]},{\"@type\":\"ImageObject\",\"inLanguage\":\"es\",\"@id\":\"https:\\\/\\\/quehacerpolitico.mx\\\/?p=2750#primaryimage\",\"url\":\"\",\"contentUrl\":\"\"},{\"@type\":\"BreadcrumbList\",\"@id\":\"https:\\\/\\\/quehacerpolitico.mx\\\/?p=2750#breadcrumb\",\"itemListElement\":[{\"@type\":\"ListItem\",\"position\":1,\"name\":\"Inicio\",\"item\":\"https:\\\/\\\/quehacerpolitico.mx\\\/\"},{\"@type\":\"ListItem\",\"position\":2,\"name\":\"Renegociaci\u00f3n del TLCAN, clave para compa\u00f1\u00edas japonesas en M\u00e9xico\"}]},{\"@type\":\"WebSite\",\"@id\":\"https:\\\/\\\/quehacerpolitico.mx\\\/#website\",\"url\":\"https:\\\/\\\/quehacerpolitico.mx\\\/\",\"name\":\"\",\"description\":\"\",\"potentialAction\":[{\"@type\":\"SearchAction\",\"target\":{\"@type\":\"EntryPoint\",\"urlTemplate\":\"https:\\\/\\\/quehacerpolitico.mx\\\/?s={search_term_string}\"},\"query-input\":{\"@type\":\"PropertyValueSpecification\",\"valueRequired\":true,\"valueName\":\"search_term_string\"}}],\"inLanguage\":\"es\"},{\"@type\":\"Person\",\"@id\":\"https:\\\/\\\/quehacerpolitico.mx\\\/#\\\/schema\\\/person\\\/496d8ad2d1d3f8036101dca7ee39e585\",\"name\":\"Redacci\u00f3n QP\",\"image\":{\"@type\":\"ImageObject\",\"inLanguage\":\"es\",\"@id\":\"https:\\\/\\\/secure.gravatar.com\\\/avatar\\\/c7164ed6fdec453195284ad24a5ae5b6e1eed2b848477fa2a4787ba9adf39a41?s=96&d=mm&r=g\",\"url\":\"https:\\\/\\\/secure.gravatar.com\\\/avatar\\\/c7164ed6fdec453195284ad24a5ae5b6e1eed2b848477fa2a4787ba9adf39a41?s=96&d=mm&r=g\",\"contentUrl\":\"https:\\\/\\\/secure.gravatar.com\\\/avatar\\\/c7164ed6fdec453195284ad24a5ae5b6e1eed2b848477fa2a4787ba9adf39a41?s=96&d=mm&r=g\",\"caption\":\"Redacci\u00f3n QP\"},\"url\":\"https:\\\/\\\/quehacerpolitico.mx\\\/?author=2\"}]}<\/script>\n<!-- \/ Yoast SEO plugin. -->","yoast_head_json":{"title":"Renegociaci\u00f3n del TLCAN, clave para compa\u00f1\u00edas japonesas en M\u00e9xico -","robots":{"index":"index","follow":"follow","max-snippet":"max-snippet:-1","max-image-preview":"max-image-preview:large","max-video-preview":"max-video-preview:-1"},"canonical":"https:\/\/quehacerpolitico.mx\/?p=2750","og_locale":"es_MX","og_type":"article","og_title":"Renegociaci\u00f3n del TLCAN, clave para compa\u00f1\u00edas japonesas en M\u00e9xico -","og_description":"Taro Kono, ministro de Asuntos Exteriores de Jap\u00f3n, visit\u00f3 el pa\u00eds para celebrar una reuni\u00f3n con L\u00f3pez Obrador; agradeci\u00f3 que se cuidaran los intereses de las compa\u00f1\u00edas japonesas en la renegociaci\u00f3n Por Redacci\u00f3n QP","og_url":"https:\/\/quehacerpolitico.mx\/?p=2750","article_published_time":"2018-08-19T00:51:50+00:00","author":"Redacci\u00f3n QP","twitter_card":"summary_large_image","twitter_misc":{"Escrito por":"Redacci\u00f3n QP","Tiempo de lectura":"2 minutos"},"schema":{"@context":"https:\/\/schema.org","@graph":[{"@type":"Article","@id":"https:\/\/quehacerpolitico.mx\/?p=2750#article","isPartOf":{"@id":"https:\/\/quehacerpolitico.mx\/?p=2750"},"author":{"name":"Redacci\u00f3n QP","@id":"https:\/\/quehacerpolitico.mx\/#\/schema\/person\/496d8ad2d1d3f8036101dca7ee39e585"},"headline":"Renegociaci\u00f3n del TLCAN, clave para compa\u00f1\u00edas japonesas en M\u00e9xico","datePublished":"2018-08-19T00:51:50+00:00","mainEntityOfPage":{"@id":"https:\/\/quehacerpolitico.mx\/?p=2750"},"wordCount":354,"commentCount":0,"image":{"@id":"https:\/\/quehacerpolitico.mx\/?p=2750#primaryimage"},"thumbnailUrl":"","articleSection":["Noticias"],"inLanguage":"es","potentialAction":[{"@type":"CommentAction","name":"Comment","target":["https:\/\/quehacerpolitico.mx\/?p=2750#respond"]}]},{"@type":"WebPage","@id":"https:\/\/quehacerpolitico.mx\/?p=2750","url":"https:\/\/quehacerpolitico.mx\/?p=2750","name":"Renegociaci\u00f3n del TLCAN, clave para compa\u00f1\u00edas japonesas en M\u00e9xico -","isPartOf":{"@id":"https:\/\/quehacerpolitico.mx\/#website"},"primaryImageOfPage":{"@id":"https:\/\/quehacerpolitico.mx\/?p=2750#primaryimage"},"image":{"@id":"https:\/\/quehacerpolitico.mx\/?p=2750#primaryimage"},"thumbnailUrl":"","datePublished":"2018-08-19T00:51:50+00:00","author":{"@id":"https:\/\/quehacerpolitico.mx\/#\/schema\/person\/496d8ad2d1d3f8036101dca7ee39e585"},"breadcrumb":{"@id":"https:\/\/quehacerpolitico.mx\/?p=2750#breadcrumb"},"inLanguage":"es","potentialAction":[{"@type":"ReadAction","target":["https:\/\/quehacerpolitico.mx\/?p=2750"]}]},{"@type":"ImageObject","inLanguage":"es","@id":"https:\/\/quehacerpolitico.mx\/?p=2750#primaryimage","url":"","contentUrl":""},{"@type":"BreadcrumbList","@id":"https:\/\/quehacerpolitico.mx\/?p=2750#breadcrumb","itemListElement":[{"@type":"ListItem","position":1,"name":"Inicio","item":"https:\/\/quehacerpolitico.mx\/"},{"@type":"ListItem","position":2,"name":"Renegociaci\u00f3n del TLCAN, clave para compa\u00f1\u00edas japonesas en M\u00e9xico"}]},{"@type":"WebSite","@id":"https:\/\/quehacerpolitico.mx\/#website","url":"https:\/\/quehacerpolitico.mx\/","name":"","description":"","potentialAction":[{"@type":"SearchAction","target":{"@type":"EntryPoint","urlTemplate":"https:\/\/quehacerpolitico.mx\/?s={search_term_string}"},"query-input":{"@type":"PropertyValueSpecification","valueRequired":true,"valueName":"search_term_string"}}],"inLanguage":"es"},{"@type":"Person","@id":"https:\/\/quehacerpolitico.mx\/#\/schema\/person\/496d8ad2d1d3f8036101dca7ee39e585","name":"Redacci\u00f3n QP","image":{"@type":"ImageObject","inLanguage":"es","@id":"https:\/\/secure.gravatar.com\/avatar\/c7164ed6fdec453195284ad24a5ae5b6e1eed2b848477fa2a4787ba9adf39a41?s=96&d=mm&r=g","url":"https:\/\/secure.gravatar.com\/avatar\/c7164ed6fdec453195284ad24a5ae5b6e1eed2b848477fa2a4787ba9adf39a41?s=96&d=mm&r=g","contentUrl":"https:\/\/secure.gravatar.com\/avatar\/c7164ed6fdec453195284ad24a5ae5b6e1eed2b848477fa2a4787ba9adf39a41?s=96&d=mm&r=g","caption":"Redacci\u00f3n QP"},"url":"https:\/\/quehacerpolitico.mx\/?author=2"}]}},"featured_image_urls":{"full":"","thumbnail":"","medium":"","medium_large":"","large":"","1536x1536":"","2048x2048":"","covernews-featured":"","covernews-medium":""},"author_info":{"display_name":"Redacci\u00f3n QP","author_link":"https:\/\/quehacerpolitico.mx\/?author=2"},"category_info":"<a href=\"https:\/\/quehacerpolitico.mx\/?cat=2\" rel=\"category\">Noticias<\/a>","tag_info":"Noticias","comment_count":"0","_links":{"self":[{"href":"https:\/\/quehacerpolitico.mx\/index.php?rest_route=\/wp\/v2\/posts\/2750","targetHints":{"allow":["GET"]}}],"collection":[{"href":"https:\/\/quehacerpolitico.mx\/index.php?rest_route=\/wp\/v2\/posts"}],"about":[{"href":"https:\/\/quehacerpolitico.mx\/index.php?rest_route=\/wp\/v2\/types\/post"}],"author":[{"embeddable":true,"href":"https:\/\/quehacerpolitico.mx\/index.php?rest_route=\/wp\/v2\/users\/2"}],"replies":[{"embeddable":true,"href":"https:\/\/quehacerpolitico.mx\/index.php?rest_route=%2Fwp%2Fv2%2Fcomments&post=2750"}],"version-history":[{"count":0,"href":"https:\/\/quehacerpolitico.mx\/index.php?rest_route=\/wp\/v2\/posts\/2750\/revisions"}],"wp:featuredmedia":[{"embeddable":true,"href":"https:\/\/quehacerpolitico.mx\/index.php?rest_route=\/"}],"wp:attachment":[{"href":"https:\/\/quehacerpolitico.mx\/index.php?rest_route=%2Fwp%2Fv2%2Fmedia&parent=2750"}],"wp:term":[{"taxonomy":"category","embeddable":true,"href":"https:\/\/quehacerpolitico.mx\/index.php?rest_route=%2Fwp%2Fv2%2Fcategories&post=2750"},{"taxonomy":"post_tag","embeddable":true,"href":"https:\/\/quehacerpolitico.mx\/index.php?rest_route=%2Fwp%2Fv2%2Ftags&post=2750"}],"curies":[{"name":"wp","href":"https:\/\/api.w.org\/{rel}","templated":true}]}}