{"id":27495,"date":"2019-05-31T00:51:01","date_gmt":"2019-05-31T00:51:01","guid":{"rendered":"http:\/\/quehacerpolitico.mx\/desde-el-curul-el-legislativo-local-presentara-iniciativas-ante-el-congreso-de-la-union-para-garantizar-la-paridad-y-erradicar-la-violencia-politica-de-genero\/"},"modified":"2019-05-31T00:51:01","modified_gmt":"2019-05-31T00:51:01","slug":"desde-el-curul-el-legislativo-local-presentara-iniciativas-ante-el-congreso-de-la-union-para-garantizar-la-paridad-y-erradicar-la-violencia-politica-de-genero","status":"publish","type":"post","link":"https:\/\/quehacerpolitico.mx\/?p=27495","title":{"rendered":"Desde el Curul\/\/\/El Legislativo local presentar\u00e1 iniciativas ante el Congreso de la Uni\u00f3n para garantizar la paridad y erradicar la violencia pol\u00edtica de g\u00e9nero"},"content":{"rendered":"<p><span class=\"s9\"><span class=\"bumpedFont15\">El <\/span><\/span><span class=\"s9\"><span class=\"bumpedFont15\">Legislativo<\/span><\/span><span class=\"s9\"><span class=\"bumpedFont15\"> local presentar\u00e1 <\/span><\/span><span class=\"s9\"><span class=\"bumpedFont15\">iniciativas ante el Congreso de la Uni\u00f3n <\/span><\/span><span class=\"s9\"><span class=\"bumpedFont15\">para<\/span><\/span> <span class=\"s9\"><span class=\"bumpedFont15\">garantizar la paridad y <\/span><\/span><span class=\"s9\"><span class=\"bumpedFont15\">erradicar la<\/span><\/span><span class=\"s9\"><span class=\"bumpedFont15\"> violencia pol\u00edtica de g\u00e9nero<\/span><\/span><\/p>\n<p>Por Redacci\u00f3n QP<\/p>\n<div class=\"s12\"><span class=\"s10\">\u2022 <\/span><span class=\"s11\"><span class=\"bumpedFont15\">Con estas propuestas <\/span><\/span><span class=\"s11\"><span class=\"bumpedFont15\">marcamos<\/span><\/span><span class=\"s11\"><span class=\"bumpedFont15\"> la ruta para que las ni\u00f1as y ni\u00f1os se reconozcan y coexistan igualitariamente: Dip. Leonor G\u00f3mez Otegui<\/span><\/span><\/div>\n<div>\u00a0<\/div>\n<div class=\"s12\"><span class=\"s10\">\u2022 <\/span><span class=\"s11\"><span class=\"bumpedFont15\">Este Congreso busca<\/span><\/span><span class=\"s11\"><span class=\"bumpedFont15\"> ofrecer a la ciudadan\u00eda<\/span><\/span> <span class=\"s11\"><span class=\"bumpedFont15\">la oportunidad de vivir procesos democr\u00e1ticos en los que cualquier persona<\/span><\/span><span class=\"s11\"><span class=\"bumpedFont15\"> pueda participar <\/span><\/span><span class=\"s11\"><span class=\"bumpedFont15\">sin distinci\u00f3n de g\u00e9nero y <\/span><\/span><span class=\"s11\"><span class=\"bumpedFont15\">en igualdad de circunstancias: D<\/span><\/span><span class=\"s11\"><span class=\"bumpedFont15\">ip. Paula <\/span><\/span><span class=\"s11\"><span class=\"bumpedFont15\">Soto Maldonado <\/span><\/span><\/div>\n<p class=\"s14\"><span class=\"s6\"><span class=\"bumpedFont15\">El Congreso de la Ciudad de M\u00e9xico aprob\u00f3 la <\/span><\/span><span class=\"s6\"><span class=\"bumpedFont15\">\u201c<\/span><\/span><span class=\"s6\"><span class=\"bumpedFont15\">iniciativa de iniciativas<\/span><\/span><span class=\"s6\"><span class=\"bumpedFont15\">\u201d<\/span><\/span><span class=\"s6\"><span class=\"bumpedFont15\"> por la que se reforman los art\u00edculos 51, 56, 57 y se adiciona un p\u00e1rrafo al art\u00edculo 52 de la Constituci\u00f3n Pol\u00edtica de l<\/span><\/span><span class=\"s6\"><span class=\"bumpedFont15\">os Estados Unidos Mexicanos con <\/span><\/span><span class=\"s6\"><span class=\"bumpedFont15\">la finalidad de promover ante el Congreso de la Uni\u00f3n el establecimiento del principio de paridad de g\u00e9nero en la composici\u00f3n<\/span><\/span><span class=\"s6\"><span class=\"bumpedFont15\"> de las c\u00e1maras de Diputados y Senado de la Rep\u00fablica<\/span><\/span><span class=\"s6\"><span class=\"bumpedFont15\">. <\/span><\/span><\/p>\n<p class=\"s14\"><span class=\"s6\"><span class=\"bumpedFont15\">En tribuna, la diputada Leonor G\u00f3mez Otegui indic\u00f3 que la paridad de g\u00e9nero en no es una respuesta m\u00e1gica hacia la precariedad econ\u00f3mica y la violencia contra las mujeres, sino un paso hacia la tutela de los derechos humanos y el acceso a una justicia permanente.<\/span><\/span><\/p>\n<p class=\"s14\"><span class=\"s6\"><span class=\"bumpedFont15\">Se\u00f1al\u00f3<\/span><\/span><span class=\"s6\"><span class=\"bumpedFont15\"> que este dictamen busca reforzar y sustentar los principios y derechos a favor de la paridad de g\u00e9nero, \u201clo que se propone es una redacci\u00f3n precisa y expl\u00edcita que establezca que por cada senador y diputado federal se elija un suplente del mismo g\u00e9nero\u201d.<\/span><\/span><\/p>\n<p class=\"s14\"><span class=\"s6\"><span class=\"bumpedFont15\">Tambi\u00e9n se propone que la ley electoral determine las bases y f\u00f3rmulas para que la<\/span><\/span><span class=\"s6\"><span class=\"bumpedFont15\"> C\u00e1mara de Diputados y el Senado de la Rep\u00fablica<\/span><\/span><span class=\"s6\"><span class=\"bumpedFont15\"> se integre<\/span><\/span><span class=\"s6\"><span class=\"bumpedFont15\">n<\/span><\/span><span class=\"s6\"><span class=\"bumpedFont15\"> bajo el principio de paridad de g\u00e9nero. <\/span><\/span><\/p>\n<p class=\"s14\"><span class=\"s6\"><span class=\"bumpedFont15\">\u201cLo que buscamos es la redacci\u00f3n de un texto constitucional puntual y exacto que abone a la paridad sustantiva y erradique cualquier omisi\u00f3n plasmada en leyes secundarias o normas locales y <\/span><\/span><span class=\"s6\"><span class=\"bumpedFont15\">que <\/span><\/span><span class=\"s6\"><span class=\"bumpedFont15\">limiten la inclusi\u00f3n e igualdad\u201d, indic\u00f3 la legisladora<\/span><\/span><span class=\"s6\"><span class=\"bumpedFont15\"> del Partido del Trabajo (PT)<\/span><\/span><span class=\"s6\"><span class=\"bumpedFont15\">. <\/span><\/span><\/p>\n<p class=\"s14\"><span class=\"s6\"><span class=\"bumpedFont15\">G\u00f3mez Otegui asegur\u00f3 que se aspira a que las bases y reglas de las legislaciones locales y las decisiones de los \u00f3rganos jurisdiccionales sean un reflejo claro del esp\u00edritu<\/span><\/span><span class=\"s6\"><span class=\"bumpedFont15\"> de la C<\/span><\/span><span class=\"s6\"><span class=\"bumpedFont15\">onstituci\u00f3n federal. \u00a0<\/span><\/span><\/p>\n<p class=\"s14\"><span class=\"s6\"><span class=\"bumpedFont15\">L<\/span><\/span><span class=\"s6\"><span class=\"bumpedFont15\">a legisladora destac\u00f3 que actualmente la Ciudad de M\u00e9xico cuenta con una legislaci\u00f3n que permite avanzar hacia una verdadera dem<\/span><\/span><span class=\"s6\"><span class=\"bumpedFont15\">ocracia e integraci\u00f3n paritaria. S<\/span><\/span><span class=\"s6\"><span class=\"bumpedFont15\">in embargo \u201clas disposiciones normativas no son garant\u00eda de un empoderamiento pol\u00edtico real, ni de mejores condiciones de vida, por lo que es necesario transformar el esp\u00edritu normativo de las leyes en acciones y hechos visibles\u201d. <\/span><\/span><\/p>\n<p class=\"s14\"><span class=\"s6\"><span class=\"bumpedFont15\">\u201cLa capital del pa\u00eds ha trazado su propia ruta progresista y creemos que los principios y mandatos conquistados deben extenderse y garantizarse en el \u00e1mbito de la legislaci\u00f3n federal, que trascienda hacia toda la geograf\u00eda nacional y se cristalice en una verdadera paridad y una participaci\u00f3n efectiva de las mujeres\u201d, destac\u00f3 la diputada. <\/span><\/span><\/p>\n<p class=\"s14\"><span class=\"s6\"><span class=\"bumpedFont15\">Finalmente, la congresista asegur\u00f3 que con la aprobaci\u00f3n de este dictamen <\/span><\/span><span class=\"s6\"><span class=\"bumpedFont15\">\u201c<\/span><\/span><span class=\"s6\"><span class=\"bumpedFont15\">estamos marcando la ruta para que nuestras ni\u00f1as y ni\u00f1os se reconozcan y coexistan igualitariamente. Adem\u00e1s de exponer nuestras ideas a favor de un pa\u00eds m\u00e1s justo e igualitario y acreditar el ejemplo de nuestro congreso paritario, el primero de M\u00e9xico que ha demostrado la calidad y capacidad del trabajo de las mujeres<\/span><\/span><span class=\"s6\"><span class=\"bumpedFont15\">\u201d, dijo.<\/span><\/span><\/p>\n","protected":false},"excerpt":{"rendered":"<p>El Legislativo local presentar\u00e1 iniciativas ante el Congreso de la Uni\u00f3n para garantizar la paridad y erradicar la violencia pol\u00edtica de g\u00e9nero<br \/>\nPor Redacci\u00f3n QP<\/p>\n","protected":false},"author":2,"featured_media":27494,"comment_status":"open","ping_status":"open","sticky":false,"template":"","format":"standard","meta":{"_monsterinsights_skip_tracking":false,"_monsterinsights_sitenote_active":false,"_monsterinsights_sitenote_note":"","_monsterinsights_sitenote_category":0,"footnotes":""},"categories":[55],"tags":[],"class_list":["post-27495","post","type-post","status-publish","format-standard","has-post-thumbnail","hentry","category-cdmx"],"yoast_head":"<!-- This site is optimized with the Yoast SEO plugin v27.3 - https:\/\/yoast.com\/product\/yoast-seo-wordpress\/ -->\n<title>Desde el Curul\/\/\/El Legislativo local presentar\u00e1 iniciativas ante el Congreso de la Uni\u00f3n para garantizar la paridad y erradicar la violencia pol\u00edtica de g\u00e9nero -<\/title>\n<meta name=\"robots\" content=\"index, follow, max-snippet:-1, max-image-preview:large, max-video-preview:-1\" \/>\n<link rel=\"canonical\" href=\"https:\/\/quehacerpolitico.mx\/?p=27495\" \/>\n<meta property=\"og:locale\" content=\"es_MX\" \/>\n<meta property=\"og:type\" content=\"article\" \/>\n<meta property=\"og:title\" content=\"Desde el Curul\/\/\/El Legislativo local presentar\u00e1 iniciativas ante el Congreso de la Uni\u00f3n para garantizar la paridad y erradicar la violencia pol\u00edtica de g\u00e9nero -\" \/>\n<meta property=\"og:description\" content=\"El Legislativo local presentar\u00e1 iniciativas ante el Congreso de la Uni\u00f3n para garantizar la paridad y erradicar la violencia pol\u00edtica de g\u00e9nero Por Redacci\u00f3n QP\" \/>\n<meta property=\"og:url\" content=\"https:\/\/quehacerpolitico.mx\/?p=27495\" \/>\n<meta property=\"article:published_time\" content=\"2019-05-31T00:51:01+00:00\" \/>\n<meta name=\"author\" content=\"Redacci\u00f3n QP\" \/>\n<meta name=\"twitter:card\" content=\"summary_large_image\" \/>\n<meta name=\"twitter:label1\" content=\"Escrito por\" \/>\n\t<meta name=\"twitter:data1\" content=\"Redacci\u00f3n QP\" \/>\n\t<meta name=\"twitter:label2\" content=\"Tiempo de lectura\" \/>\n\t<meta name=\"twitter:data2\" content=\"3 minutos\" \/>\n<script type=\"application\/ld+json\" class=\"yoast-schema-graph\">{\"@context\":\"https:\\\/\\\/schema.org\",\"@graph\":[{\"@type\":\"Article\",\"@id\":\"https:\\\/\\\/quehacerpolitico.mx\\\/?p=27495#article\",\"isPartOf\":{\"@id\":\"https:\\\/\\\/quehacerpolitico.mx\\\/?p=27495\"},\"author\":{\"name\":\"Redacci\u00f3n QP\",\"@id\":\"https:\\\/\\\/quehacerpolitico.mx\\\/#\\\/schema\\\/person\\\/496d8ad2d1d3f8036101dca7ee39e585\"},\"headline\":\"Desde el Curul\\\/\\\/\\\/El Legislativo local presentar\u00e1 iniciativas ante el Congreso de la Uni\u00f3n para garantizar la paridad y erradicar la violencia pol\u00edtica de g\u00e9nero\",\"datePublished\":\"2019-05-31T00:51:01+00:00\",\"mainEntityOfPage\":{\"@id\":\"https:\\\/\\\/quehacerpolitico.mx\\\/?p=27495\"},\"wordCount\":619,\"commentCount\":0,\"image\":{\"@id\":\"https:\\\/\\\/quehacerpolitico.mx\\\/?p=27495#primaryimage\"},\"thumbnailUrl\":\"\",\"articleSection\":[\"CDMX\"],\"inLanguage\":\"es\",\"potentialAction\":[{\"@type\":\"CommentAction\",\"name\":\"Comment\",\"target\":[\"https:\\\/\\\/quehacerpolitico.mx\\\/?p=27495#respond\"]}]},{\"@type\":\"WebPage\",\"@id\":\"https:\\\/\\\/quehacerpolitico.mx\\\/?p=27495\",\"url\":\"https:\\\/\\\/quehacerpolitico.mx\\\/?p=27495\",\"name\":\"Desde el Curul\\\/\\\/\\\/El Legislativo local presentar\u00e1 iniciativas ante el Congreso de la Uni\u00f3n para garantizar la paridad y erradicar la violencia pol\u00edtica de g\u00e9nero -\",\"isPartOf\":{\"@id\":\"https:\\\/\\\/quehacerpolitico.mx\\\/#website\"},\"primaryImageOfPage\":{\"@id\":\"https:\\\/\\\/quehacerpolitico.mx\\\/?p=27495#primaryimage\"},\"image\":{\"@id\":\"https:\\\/\\\/quehacerpolitico.mx\\\/?p=27495#primaryimage\"},\"thumbnailUrl\":\"\",\"datePublished\":\"2019-05-31T00:51:01+00:00\",\"author\":{\"@id\":\"https:\\\/\\\/quehacerpolitico.mx\\\/#\\\/schema\\\/person\\\/496d8ad2d1d3f8036101dca7ee39e585\"},\"breadcrumb\":{\"@id\":\"https:\\\/\\\/quehacerpolitico.mx\\\/?p=27495#breadcrumb\"},\"inLanguage\":\"es\",\"potentialAction\":[{\"@type\":\"ReadAction\",\"target\":[\"https:\\\/\\\/quehacerpolitico.mx\\\/?p=27495\"]}]},{\"@type\":\"ImageObject\",\"inLanguage\":\"es\",\"@id\":\"https:\\\/\\\/quehacerpolitico.mx\\\/?p=27495#primaryimage\",\"url\":\"\",\"contentUrl\":\"\"},{\"@type\":\"BreadcrumbList\",\"@id\":\"https:\\\/\\\/quehacerpolitico.mx\\\/?p=27495#breadcrumb\",\"itemListElement\":[{\"@type\":\"ListItem\",\"position\":1,\"name\":\"Inicio\",\"item\":\"https:\\\/\\\/quehacerpolitico.mx\\\/\"},{\"@type\":\"ListItem\",\"position\":2,\"name\":\"Desde el Curul\\\/\\\/\\\/El Legislativo local presentar\u00e1 iniciativas ante el Congreso de la Uni\u00f3n para garantizar la paridad y erradicar la violencia pol\u00edtica de g\u00e9nero\"}]},{\"@type\":\"WebSite\",\"@id\":\"https:\\\/\\\/quehacerpolitico.mx\\\/#website\",\"url\":\"https:\\\/\\\/quehacerpolitico.mx\\\/\",\"name\":\"\",\"description\":\"\",\"potentialAction\":[{\"@type\":\"SearchAction\",\"target\":{\"@type\":\"EntryPoint\",\"urlTemplate\":\"https:\\\/\\\/quehacerpolitico.mx\\\/?s={search_term_string}\"},\"query-input\":{\"@type\":\"PropertyValueSpecification\",\"valueRequired\":true,\"valueName\":\"search_term_string\"}}],\"inLanguage\":\"es\"},{\"@type\":\"Person\",\"@id\":\"https:\\\/\\\/quehacerpolitico.mx\\\/#\\\/schema\\\/person\\\/496d8ad2d1d3f8036101dca7ee39e585\",\"name\":\"Redacci\u00f3n QP\",\"image\":{\"@type\":\"ImageObject\",\"inLanguage\":\"es\",\"@id\":\"https:\\\/\\\/secure.gravatar.com\\\/avatar\\\/c7164ed6fdec453195284ad24a5ae5b6e1eed2b848477fa2a4787ba9adf39a41?s=96&d=mm&r=g\",\"url\":\"https:\\\/\\\/secure.gravatar.com\\\/avatar\\\/c7164ed6fdec453195284ad24a5ae5b6e1eed2b848477fa2a4787ba9adf39a41?s=96&d=mm&r=g\",\"contentUrl\":\"https:\\\/\\\/secure.gravatar.com\\\/avatar\\\/c7164ed6fdec453195284ad24a5ae5b6e1eed2b848477fa2a4787ba9adf39a41?s=96&d=mm&r=g\",\"caption\":\"Redacci\u00f3n QP\"},\"url\":\"https:\\\/\\\/quehacerpolitico.mx\\\/?author=2\"}]}<\/script>\n<!-- \/ Yoast SEO plugin. -->","yoast_head_json":{"title":"Desde el Curul\/\/\/El Legislativo local presentar\u00e1 iniciativas ante el Congreso de la Uni\u00f3n para garantizar la paridad y erradicar la violencia pol\u00edtica de g\u00e9nero -","robots":{"index":"index","follow":"follow","max-snippet":"max-snippet:-1","max-image-preview":"max-image-preview:large","max-video-preview":"max-video-preview:-1"},"canonical":"https:\/\/quehacerpolitico.mx\/?p=27495","og_locale":"es_MX","og_type":"article","og_title":"Desde el Curul\/\/\/El Legislativo local presentar\u00e1 iniciativas ante el Congreso de la Uni\u00f3n para garantizar la paridad y erradicar la violencia pol\u00edtica de g\u00e9nero -","og_description":"El Legislativo local presentar\u00e1 iniciativas ante el Congreso de la Uni\u00f3n para garantizar la paridad y erradicar la violencia pol\u00edtica de g\u00e9nero Por Redacci\u00f3n QP","og_url":"https:\/\/quehacerpolitico.mx\/?p=27495","article_published_time":"2019-05-31T00:51:01+00:00","author":"Redacci\u00f3n QP","twitter_card":"summary_large_image","twitter_misc":{"Escrito por":"Redacci\u00f3n QP","Tiempo de lectura":"3 minutos"},"schema":{"@context":"https:\/\/schema.org","@graph":[{"@type":"Article","@id":"https:\/\/quehacerpolitico.mx\/?p=27495#article","isPartOf":{"@id":"https:\/\/quehacerpolitico.mx\/?p=27495"},"author":{"name":"Redacci\u00f3n QP","@id":"https:\/\/quehacerpolitico.mx\/#\/schema\/person\/496d8ad2d1d3f8036101dca7ee39e585"},"headline":"Desde el Curul\/\/\/El Legislativo local presentar\u00e1 iniciativas ante el Congreso de la Uni\u00f3n para garantizar la paridad y erradicar la violencia pol\u00edtica de g\u00e9nero","datePublished":"2019-05-31T00:51:01+00:00","mainEntityOfPage":{"@id":"https:\/\/quehacerpolitico.mx\/?p=27495"},"wordCount":619,"commentCount":0,"image":{"@id":"https:\/\/quehacerpolitico.mx\/?p=27495#primaryimage"},"thumbnailUrl":"","articleSection":["CDMX"],"inLanguage":"es","potentialAction":[{"@type":"CommentAction","name":"Comment","target":["https:\/\/quehacerpolitico.mx\/?p=27495#respond"]}]},{"@type":"WebPage","@id":"https:\/\/quehacerpolitico.mx\/?p=27495","url":"https:\/\/quehacerpolitico.mx\/?p=27495","name":"Desde el Curul\/\/\/El Legislativo local presentar\u00e1 iniciativas ante el Congreso de la Uni\u00f3n para garantizar la paridad y erradicar la violencia pol\u00edtica de g\u00e9nero -","isPartOf":{"@id":"https:\/\/quehacerpolitico.mx\/#website"},"primaryImageOfPage":{"@id":"https:\/\/quehacerpolitico.mx\/?p=27495#primaryimage"},"image":{"@id":"https:\/\/quehacerpolitico.mx\/?p=27495#primaryimage"},"thumbnailUrl":"","datePublished":"2019-05-31T00:51:01+00:00","author":{"@id":"https:\/\/quehacerpolitico.mx\/#\/schema\/person\/496d8ad2d1d3f8036101dca7ee39e585"},"breadcrumb":{"@id":"https:\/\/quehacerpolitico.mx\/?p=27495#breadcrumb"},"inLanguage":"es","potentialAction":[{"@type":"ReadAction","target":["https:\/\/quehacerpolitico.mx\/?p=27495"]}]},{"@type":"ImageObject","inLanguage":"es","@id":"https:\/\/quehacerpolitico.mx\/?p=27495#primaryimage","url":"","contentUrl":""},{"@type":"BreadcrumbList","@id":"https:\/\/quehacerpolitico.mx\/?p=27495#breadcrumb","itemListElement":[{"@type":"ListItem","position":1,"name":"Inicio","item":"https:\/\/quehacerpolitico.mx\/"},{"@type":"ListItem","position":2,"name":"Desde el Curul\/\/\/El Legislativo local presentar\u00e1 iniciativas ante el Congreso de la Uni\u00f3n para garantizar la paridad y erradicar la violencia pol\u00edtica de g\u00e9nero"}]},{"@type":"WebSite","@id":"https:\/\/quehacerpolitico.mx\/#website","url":"https:\/\/quehacerpolitico.mx\/","name":"","description":"","potentialAction":[{"@type":"SearchAction","target":{"@type":"EntryPoint","urlTemplate":"https:\/\/quehacerpolitico.mx\/?s={search_term_string}"},"query-input":{"@type":"PropertyValueSpecification","valueRequired":true,"valueName":"search_term_string"}}],"inLanguage":"es"},{"@type":"Person","@id":"https:\/\/quehacerpolitico.mx\/#\/schema\/person\/496d8ad2d1d3f8036101dca7ee39e585","name":"Redacci\u00f3n QP","image":{"@type":"ImageObject","inLanguage":"es","@id":"https:\/\/secure.gravatar.com\/avatar\/c7164ed6fdec453195284ad24a5ae5b6e1eed2b848477fa2a4787ba9adf39a41?s=96&d=mm&r=g","url":"https:\/\/secure.gravatar.com\/avatar\/c7164ed6fdec453195284ad24a5ae5b6e1eed2b848477fa2a4787ba9adf39a41?s=96&d=mm&r=g","contentUrl":"https:\/\/secure.gravatar.com\/avatar\/c7164ed6fdec453195284ad24a5ae5b6e1eed2b848477fa2a4787ba9adf39a41?s=96&d=mm&r=g","caption":"Redacci\u00f3n QP"},"url":"https:\/\/quehacerpolitico.mx\/?author=2"}]}},"featured_image_urls":{"full":"","thumbnail":"","medium":"","medium_large":"","large":"","1536x1536":"","2048x2048":"","covernews-featured":"","covernews-medium":""},"author_info":{"display_name":"Redacci\u00f3n QP","author_link":"https:\/\/quehacerpolitico.mx\/?author=2"},"category_info":"<a href=\"https:\/\/quehacerpolitico.mx\/?cat=55\" rel=\"category\">CDMX<\/a>","tag_info":"CDMX","comment_count":"0","_links":{"self":[{"href":"https:\/\/quehacerpolitico.mx\/index.php?rest_route=\/wp\/v2\/posts\/27495","targetHints":{"allow":["GET"]}}],"collection":[{"href":"https:\/\/quehacerpolitico.mx\/index.php?rest_route=\/wp\/v2\/posts"}],"about":[{"href":"https:\/\/quehacerpolitico.mx\/index.php?rest_route=\/wp\/v2\/types\/post"}],"author":[{"embeddable":true,"href":"https:\/\/quehacerpolitico.mx\/index.php?rest_route=\/wp\/v2\/users\/2"}],"replies":[{"embeddable":true,"href":"https:\/\/quehacerpolitico.mx\/index.php?rest_route=%2Fwp%2Fv2%2Fcomments&post=27495"}],"version-history":[{"count":0,"href":"https:\/\/quehacerpolitico.mx\/index.php?rest_route=\/wp\/v2\/posts\/27495\/revisions"}],"wp:featuredmedia":[{"embeddable":true,"href":"https:\/\/quehacerpolitico.mx\/index.php?rest_route=\/"}],"wp:attachment":[{"href":"https:\/\/quehacerpolitico.mx\/index.php?rest_route=%2Fwp%2Fv2%2Fmedia&parent=27495"}],"wp:term":[{"taxonomy":"category","embeddable":true,"href":"https:\/\/quehacerpolitico.mx\/index.php?rest_route=%2Fwp%2Fv2%2Fcategories&post=27495"},{"taxonomy":"post_tag","embeddable":true,"href":"https:\/\/quehacerpolitico.mx\/index.php?rest_route=%2Fwp%2Fv2%2Ftags&post=27495"}],"curies":[{"name":"wp","href":"https:\/\/api.w.org\/{rel}","templated":true}]}}