{"id":27492,"date":"2019-05-31T00:44:11","date_gmt":"2019-05-31T00:44:11","guid":{"rendered":"http:\/\/quehacerpolitico.mx\/inicia-la-camara-de-senadores-proceso-de-ratificacion-del-t-mec\/"},"modified":"2019-05-31T00:44:11","modified_gmt":"2019-05-31T00:44:11","slug":"inicia-la-camara-de-senadores-proceso-de-ratificacion-del-t-mec","status":"publish","type":"post","link":"https:\/\/quehacerpolitico.mx\/?p=27492","title":{"rendered":"Inicia la C\u00e1mara de Senadores proceso de ratificaci\u00f3n del T-MEC"},"content":{"rendered":"<p>Inicia la C\u00e1mara de Senadores proceso de ratificaci\u00f3n del T-MEC<\/p>\n<p>Por Redacci\u00f3n QP<\/p>\n<ol>\n<li><span lang=\"es-419\">Las comisiones encargadas de revisarlo iniciar\u00e1n de inmediato el escrutinio del documento para desahogarlo a la brevedad. \u00a0 \u00a0<\/span><\/li>\n<\/ol>\n<p class=\"x_MsoNormal\"><span lang=\"es-419\">En sesi\u00f3n extraordinaria, la Junta de Coordinaci\u00f3n Pol\u00edtica (Jucopo) recibi\u00f3 de parte del Ejecutivo Federal <\/span>los documentos d<span lang=\"es-419\">el Tratado M\u00e9xico, Estados Unidos, Canad\u00e1 (T-MEC), cuyo proceso de ratificaci\u00f3n inici\u00f3 este jueves.<\/span><\/p>\n<p class=\"x_MsoNormal\"><span lang=\"es-419\">El presidente de la Jucopo, Ricardo Monreal \u00c1vila, dijo que con esta entrega inicia el proceso de ratificaci\u00f3n del T-MEC en M\u00e9xico, por lo que, inform\u00f3, los coordinadores de todos los grupos parlamentarios del Senado acordaron dar prioridad a este tema e iniciar el pr\u00f3ximo periodo extraordinario de sesiones el 17 y 18 de Junio.<\/span><\/p>\n<p class=\"x_MsoNormal\"><span lang=\"es-419\">Reconoci\u00f3 la actitud y voluntad de los coordinadores de los dem\u00e1s grupos parlamentarios. Indic\u00f3 que tambi\u00e9n se acord\u00f3, de manera conjunta, que las comisiones dictaminadoras sean la de Econom\u00eda, Relaciones Exteriores y Puntos Constitucionales, con opini\u00f3n de las comisiones de Relaciones Exteriores Am\u00e9rica del Norte y de Hacienda y Cr\u00e9dito P\u00fablico.<\/span><\/p>\n<p class=\"x_MsoNormal\"><span lang=\"es-419\">El procedimiento que vamos a seguir es que hoy mismo enviaremos a la Mesa Directiva de la Comisi\u00f3n Permanente el acuerdo comercial para que lo formalice y lo env\u00ede de inmediato a las comisiones dictaminadoras. A partir de ma\u00f1ana podr\u00e1n reunirse para tener el dictamen lo antes posible, precis\u00f3 el legislador de Morena.\u00a0<\/span><span lang=\"es-419\">\u00a0<\/span><\/p>\n<p class=\"x_MsoNormal\"><span lang=\"es-419\">La ratificaci\u00f3n del T-MEC, enfatiz\u00f3, confirma la importancia que el gobierno del presidente Andr\u00e9s Manuel L\u00f3pez Obrador atribuye a la integraci\u00f3n comercial y productiva de M\u00e9xico en Am\u00e9rica del Norte y reconoce su importancia como un pilar de certidumbre para la inversi\u00f3n en el pa\u00eds.<\/span><\/p>\n<p class=\"x_MsoNormal\"><span lang=\"es-419\">Julio Scherer Ibarra, Consejero Jur\u00eddico del Ejecutivo Federal, realiz\u00f3 la entrega formal del documento del T-MEC al Senado de la Rep\u00fablica para iniciar el proceso legislativo para su ratificaci\u00f3n o no. \u201cPara que se lleve a cabo su revisi\u00f3n y, en su caso, ratificaci\u00f3n\u201d. \u00a0<\/span><\/p>\n<p class=\"x_MsoNormal\"><span lang=\"es-419\">Graciela M\u00e1rquez Col\u00edn, secretaria de Econom\u00eda, se\u00f1al\u00f3 que M\u00e9xico pertenece a una regi\u00f3n donde el comercio de las tres econom\u00edas que conforman el tratado, supera 1.2 billones de d\u00f3lares, y en conjunto, el PIB de <\/span>e<span lang=\"es-419\">stas tres alcanza 22 mil billones de d\u00f3lares.<\/span><\/p>\n<p class=\"x_MsoNormal\"><span lang=\"es-419\">A\u00f1adi\u00f3 que la inversi\u00f3n extranjera de Estados Unidos y Canad\u00e1 que lleg\u00f3 a M\u00e9xico entre 1999 y 2018, supera los 250 mil billones de d\u00f3lares. Para M\u00e9xico, el tratado representa la oportunidad de crear m\u00e1s y mejores empleos, refiri\u00f3.<\/span><\/p>\n<p class=\"x_MsoNormal\"><span lang=\"es-419\">Afirm\u00f3 que tambi\u00e9n ayudar\u00e1 al pa\u00eds a transitar hacia una econom\u00eda en la que podamos producir bienes industriales y agr\u00edcolas con mayor contenido nacional. \u201cQue podamos contribuir que junto con nuestros socios, tengamos una mayor presencia en la econom\u00eda mundial\u201d, coment\u00f3.<\/span><\/p>\n<p class=\"x_MsoNormal\"><span lang=\"es-419\">Por su parte, Jes\u00fas Seade, subsecretario para Am\u00e9rica del Norte de la Secretar\u00eda de Relaciones Exteriores, dijo que el T-MEC viene a corregir los grandes problemas que presentaba el Tratado de Libre Comercio. \u00a0\u00a0\u00a0\u00a0\u00a0\u00a0<\/span><\/p>\n<p class=\"x_MsoNormal\">Se\u00f1al\u00f3<span lang=\"es-419\"> que el tratado tiene contenido social, en \u201cpor lo menos cinco cap\u00edtulos muy importantes, que son pr\u00e1cticamente in\u00e9ditos en tratados comerciales. Es un avance hacia los tratados comerciales del futuro\u201d, apunt\u00f3. Detall\u00f3 que contiene cap\u00edtulos con contenido social, en los rubros: laboral, ambiental, anticorrupci\u00f3n y apoyo a la peque\u00f1a y mediana industria.<\/span><\/p>\n<p class=\"x_MsoNormal\"><span lang=\"es-419\">Marcelo Ebrard Casaubon, secretario de Relaciones Exteriores, subray\u00f3 que Estados Unidos ha manifestado que de ninguna manera aceptar\u00e1 que se abran cap\u00edtulos del tratado, por lo tanto, \u201cal hacerse la ratificaci\u00f3n de manera simult\u00e1nea, <\/span>o<span lang=\"es-419\">incluso si ustedes lo determinan, no hay espacio para modificaciones al tratado, producto de negociaciones en otros pa\u00edses, porque ser\u00eda una desventaja importante para M\u00e9xico, que no es de aceptarse, y as\u00ed nos lo expres\u00f3 el senador Monreal desde la primera conversaci\u00f3n que tuvimos, manifest\u00e1ndonos el consenso de ustedes\u201d.<\/span><\/p>\n<p class=\"x_MsoNormal\"><span lang=\"es-419\">Expuso que supone que este a\u00f1o podr\u00eda llegar a duplicarse la inversi\u00f3n extranjera, porque muchas decisiones est\u00e1n esperando la ratificaci\u00f3n del tratado, y se reducir\u00eda dr\u00e1sticamente la incertidumbre respecto a la imposici\u00f3n de aranceles unilaterales.<\/span><\/p>\n<p class=\"x_MsoNormal\"><span lang=\"es-419\">En su turno, Olga S\u00e1nchez Cordero, secretar\u00eda de Gobernaci\u00f3n, dijo que este es el \u00faltimo tramo de un largo y complicado proceso de negociaci\u00f3n, y que el Ejecutivo Federal espera el respaldo del Senado de la Rep\u00fablica.<\/span><\/p>\n<p class=\"x_MsoNormal\"><span lang=\"es-419\">Durante la ronda de posicionamientos de los Grupos Parlamentarios, el presidente de la Comisi\u00f3n de Relaciones Exteriores, H\u00e9ctor Vasconcelos celebr\u00f3 el inicio del an\u00e1lisis del acuerdo comercial al considerar que \u00e9ste es un elemento fundamental para el desarrollo econ\u00f3mico y social del pa\u00eds.<\/span><\/p>\n<p class=\"x_MsoNormal\"><span lang=\"es-419\">Vasconcelos se comprometi\u00f3 a que las comisiones encargadas de revisarlo, iniciar\u00e1n de inmediato con un profundo y detallado escrutinio del documento para desahogarlo a la brevedad. <\/span><\/p>\n<p class=\"x_MsoNormal\"><span lang=\"es-419\">En nombre del PAN, el senador Gustavo Madero Mu\u00f1oz indic\u00f3 que hoy es un d\u00eda hist\u00f3rico, de gran trascendencia en la b\u00fasqueda de oportunidades, crecimiento regional, inversi\u00f3n, empleo y desarrollo. Es importante contar con un instrumento de esta naturaleza porque dotar\u00e1 a M\u00e9xico y a nuestra econom\u00eda de un marco extraordinario para impulsar su desarrollo, dijo<\/span><span lang=\"es-419\">\u00a0<\/span><\/p>\n<p class=\"x_MsoNormal\"><span lang=\"es-419\">El coordinador parlamentario de Movimiento Ciudadano, Dante Delgado, anticip\u00f3 que esta fuerza pol\u00edtica respaldar\u00e1 el acuerdo comercial, porque \u201cqueremos que le vaya bien al pa\u00eds y eso est\u00e1 por encima de las decisiones de partidos\u201d. Destac\u00f3 que como parte del tratado, \u201cdebemos de cumplir compromisos anticorrupci\u00f3n, principalmente en la protecci\u00f3n de testigos\u201d.<\/span><\/p>\n<p class=\"x_MsoNormal\"><span lang=\"es-419\">La coordinadora del Grupo Parlamentario de Encuentro Social, Sasil de Le\u00f3n Villard, expres\u00f3 su benepl\u00e1cito y reconocimiento al trabajo realizado por las secretar\u00edas, durante el proceso de negociaci\u00f3n. \u201cEstamos convencidos de que el acuerdo comercial va a favorecer a nuestro pa\u00eds. En el Senado analizaremos y aprobaremos el tratado\u201d, subray\u00f3.<\/span><\/p>\n<p class=\"x_MsoNormal\"><span lang=\"es-419\">En nombre del Grupo Parlamentario del PRI, el senador Manuel A\u00f1orve Ba\u00f1os dijo que conocen la prisa e importancia para aprobar y ratificar el tratado, pero esa prisa se debe traducir en responsabilidad, trabajo parlamentario y acuerdos. \u201cVamos a actuar con responsabilidad y como le hemos demostrado al Ejecutivo Federal, que cuando hay voluntad y apertura, podemos tener muy buenos resultados en beneficio de los mexicanos\u201d, puntualiz\u00f3.<\/span><\/p>\n<p class=\"x_MsoNormal\"><span lang=\"es-419\">La senadora Ver\u00f3nica Camino Farjat, del PVEM, resalt\u00f3 que ir\u00e1n en favor del tratado y celebr\u00f3 que cuente con un cap\u00edtulo referente al medio ambiente, con una competencia sana. Y que en materia laboral abone con la reforma recientemente aprobada, hacia el cumplimiento con la clase trabajadora.<\/span><\/p>\n<p class=\"x_MsoNormal\"><span lang=\"es-419\">Miguel \u00c1ngel Mancera, coordinador del Grupo Parlamentario del PRD, felicit\u00f3 al grupo de trabajo del Ejecutivo Federal por la coordinaci\u00f3n lograda entre todas las partes y que repercuti\u00f3 en un resultado satisfactorio.<\/span><\/p>\n<p class=\"x_MsoNormal\"><span lang=\"es-419\">Calific\u00f3 como muy importante el cap\u00edtulo de soluci\u00f3n de controversias, para no dejar a M\u00e9xico en desventaja o como el pa\u00eds d\u00e9bil, frente a una econom\u00eda tan poderosa como es la norteamericana; sino que se le coloque, dijo,\u00a0 en una situaci\u00f3n de igualdad.<\/span><\/p>\n<blockquote class=\"twitter-tweet\" data-width=\"550\" data-dnt=\"true\">\n<p lang=\"es\" dir=\"ltr\">\ud83d\udccc <a href=\"https:\/\/twitter.com\/hashtag\/HoyEnElSenado?src=hash&amp;ref_src=twsrc%5Etfw\">#HoyEnElSenado<\/a> se recibieron los documentos para la ratificaci\u00f3n del <a href=\"https:\/\/twitter.com\/hashtag\/TMEC?src=hash&amp;ref_src=twsrc%5Etfw\">#TMEC<\/a>, \u00bfsabes en qu\u00e9 consiste? <a href=\"https:\/\/t.co\/rVD9QcL5Oj\">pic.twitter.com\/rVD9QcL5Oj<\/a><\/p>\n<p>&mdash; Senado de M\u00e9xico (@senadomexicano) <a href=\"https:\/\/twitter.com\/senadomexicano\/status\/1134256696514269185?ref_src=twsrc%5Etfw\">May 31, 2019<\/a><\/p><\/blockquote>\n<p><script async src=\"https:\/\/platform.twitter.com\/widgets.js\" charset=\"utf-8\"><\/script><\/p>\n","protected":false},"excerpt":{"rendered":"<p>Inicia la C\u00e1mara de Senadores proceso de ratificaci\u00f3n del T-MEC<br \/>\nPor Redacci\u00f3n QP<\/p>\n","protected":false},"author":2,"featured_media":27491,"comment_status":"open","ping_status":"open","sticky":false,"template":"","format":"standard","meta":{"_monsterinsights_skip_tracking":false,"_monsterinsights_sitenote_active":false,"_monsterinsights_sitenote_note":"","_monsterinsights_sitenote_category":0,"footnotes":""},"categories":[2],"tags":[],"class_list":["post-27492","post","type-post","status-publish","format-standard","has-post-thumbnail","hentry","category-noticias"],"yoast_head":"<!-- This site is optimized with the Yoast SEO plugin v27.3 - https:\/\/yoast.com\/product\/yoast-seo-wordpress\/ -->\n<title>Inicia la C\u00e1mara de Senadores proceso de ratificaci\u00f3n del T-MEC -<\/title>\n<meta name=\"robots\" content=\"index, follow, max-snippet:-1, max-image-preview:large, max-video-preview:-1\" \/>\n<link rel=\"canonical\" href=\"https:\/\/quehacerpolitico.mx\/?p=27492\" \/>\n<meta property=\"og:locale\" content=\"es_MX\" \/>\n<meta property=\"og:type\" content=\"article\" \/>\n<meta property=\"og:title\" content=\"Inicia la C\u00e1mara de Senadores proceso de ratificaci\u00f3n del T-MEC -\" \/>\n<meta property=\"og:description\" content=\"Inicia la C\u00e1mara de Senadores proceso de ratificaci\u00f3n del T-MEC Por Redacci\u00f3n QP\" \/>\n<meta property=\"og:url\" content=\"https:\/\/quehacerpolitico.mx\/?p=27492\" \/>\n<meta property=\"article:published_time\" content=\"2019-05-31T00:44:11+00:00\" \/>\n<meta name=\"author\" content=\"Redacci\u00f3n QP\" \/>\n<meta name=\"twitter:card\" content=\"summary_large_image\" \/>\n<meta name=\"twitter:label1\" content=\"Escrito por\" \/>\n\t<meta name=\"twitter:data1\" content=\"Redacci\u00f3n QP\" \/>\n\t<meta name=\"twitter:label2\" content=\"Tiempo de lectura\" \/>\n\t<meta name=\"twitter:data2\" content=\"6 minutos\" \/>\n<script type=\"application\/ld+json\" class=\"yoast-schema-graph\">{\"@context\":\"https:\\\/\\\/schema.org\",\"@graph\":[{\"@type\":\"Article\",\"@id\":\"https:\\\/\\\/quehacerpolitico.mx\\\/?p=27492#article\",\"isPartOf\":{\"@id\":\"https:\\\/\\\/quehacerpolitico.mx\\\/?p=27492\"},\"author\":{\"name\":\"Redacci\u00f3n QP\",\"@id\":\"https:\\\/\\\/quehacerpolitico.mx\\\/#\\\/schema\\\/person\\\/496d8ad2d1d3f8036101dca7ee39e585\"},\"headline\":\"Inicia la C\u00e1mara de Senadores proceso de ratificaci\u00f3n del T-MEC\",\"datePublished\":\"2019-05-31T00:44:11+00:00\",\"mainEntityOfPage\":{\"@id\":\"https:\\\/\\\/quehacerpolitico.mx\\\/?p=27492\"},\"wordCount\":1222,\"commentCount\":0,\"image\":{\"@id\":\"https:\\\/\\\/quehacerpolitico.mx\\\/?p=27492#primaryimage\"},\"thumbnailUrl\":\"\",\"articleSection\":[\"Noticias\"],\"inLanguage\":\"es\",\"potentialAction\":[{\"@type\":\"CommentAction\",\"name\":\"Comment\",\"target\":[\"https:\\\/\\\/quehacerpolitico.mx\\\/?p=27492#respond\"]}]},{\"@type\":\"WebPage\",\"@id\":\"https:\\\/\\\/quehacerpolitico.mx\\\/?p=27492\",\"url\":\"https:\\\/\\\/quehacerpolitico.mx\\\/?p=27492\",\"name\":\"Inicia la C\u00e1mara de Senadores proceso de ratificaci\u00f3n del T-MEC -\",\"isPartOf\":{\"@id\":\"https:\\\/\\\/quehacerpolitico.mx\\\/#website\"},\"primaryImageOfPage\":{\"@id\":\"https:\\\/\\\/quehacerpolitico.mx\\\/?p=27492#primaryimage\"},\"image\":{\"@id\":\"https:\\\/\\\/quehacerpolitico.mx\\\/?p=27492#primaryimage\"},\"thumbnailUrl\":\"\",\"datePublished\":\"2019-05-31T00:44:11+00:00\",\"author\":{\"@id\":\"https:\\\/\\\/quehacerpolitico.mx\\\/#\\\/schema\\\/person\\\/496d8ad2d1d3f8036101dca7ee39e585\"},\"breadcrumb\":{\"@id\":\"https:\\\/\\\/quehacerpolitico.mx\\\/?p=27492#breadcrumb\"},\"inLanguage\":\"es\",\"potentialAction\":[{\"@type\":\"ReadAction\",\"target\":[\"https:\\\/\\\/quehacerpolitico.mx\\\/?p=27492\"]}]},{\"@type\":\"ImageObject\",\"inLanguage\":\"es\",\"@id\":\"https:\\\/\\\/quehacerpolitico.mx\\\/?p=27492#primaryimage\",\"url\":\"\",\"contentUrl\":\"\"},{\"@type\":\"BreadcrumbList\",\"@id\":\"https:\\\/\\\/quehacerpolitico.mx\\\/?p=27492#breadcrumb\",\"itemListElement\":[{\"@type\":\"ListItem\",\"position\":1,\"name\":\"Inicio\",\"item\":\"https:\\\/\\\/quehacerpolitico.mx\\\/\"},{\"@type\":\"ListItem\",\"position\":2,\"name\":\"Inicia la C\u00e1mara de Senadores proceso de ratificaci\u00f3n del T-MEC\"}]},{\"@type\":\"WebSite\",\"@id\":\"https:\\\/\\\/quehacerpolitico.mx\\\/#website\",\"url\":\"https:\\\/\\\/quehacerpolitico.mx\\\/\",\"name\":\"\",\"description\":\"\",\"potentialAction\":[{\"@type\":\"SearchAction\",\"target\":{\"@type\":\"EntryPoint\",\"urlTemplate\":\"https:\\\/\\\/quehacerpolitico.mx\\\/?s={search_term_string}\"},\"query-input\":{\"@type\":\"PropertyValueSpecification\",\"valueRequired\":true,\"valueName\":\"search_term_string\"}}],\"inLanguage\":\"es\"},{\"@type\":\"Person\",\"@id\":\"https:\\\/\\\/quehacerpolitico.mx\\\/#\\\/schema\\\/person\\\/496d8ad2d1d3f8036101dca7ee39e585\",\"name\":\"Redacci\u00f3n QP\",\"image\":{\"@type\":\"ImageObject\",\"inLanguage\":\"es\",\"@id\":\"https:\\\/\\\/secure.gravatar.com\\\/avatar\\\/c7164ed6fdec453195284ad24a5ae5b6e1eed2b848477fa2a4787ba9adf39a41?s=96&d=mm&r=g\",\"url\":\"https:\\\/\\\/secure.gravatar.com\\\/avatar\\\/c7164ed6fdec453195284ad24a5ae5b6e1eed2b848477fa2a4787ba9adf39a41?s=96&d=mm&r=g\",\"contentUrl\":\"https:\\\/\\\/secure.gravatar.com\\\/avatar\\\/c7164ed6fdec453195284ad24a5ae5b6e1eed2b848477fa2a4787ba9adf39a41?s=96&d=mm&r=g\",\"caption\":\"Redacci\u00f3n QP\"},\"url\":\"https:\\\/\\\/quehacerpolitico.mx\\\/?author=2\"}]}<\/script>\n<!-- \/ Yoast SEO plugin. -->","yoast_head_json":{"title":"Inicia la C\u00e1mara de Senadores proceso de ratificaci\u00f3n del T-MEC -","robots":{"index":"index","follow":"follow","max-snippet":"max-snippet:-1","max-image-preview":"max-image-preview:large","max-video-preview":"max-video-preview:-1"},"canonical":"https:\/\/quehacerpolitico.mx\/?p=27492","og_locale":"es_MX","og_type":"article","og_title":"Inicia la C\u00e1mara de Senadores proceso de ratificaci\u00f3n del T-MEC -","og_description":"Inicia la C\u00e1mara de Senadores proceso de ratificaci\u00f3n del T-MEC Por Redacci\u00f3n QP","og_url":"https:\/\/quehacerpolitico.mx\/?p=27492","article_published_time":"2019-05-31T00:44:11+00:00","author":"Redacci\u00f3n QP","twitter_card":"summary_large_image","twitter_misc":{"Escrito por":"Redacci\u00f3n QP","Tiempo de lectura":"6 minutos"},"schema":{"@context":"https:\/\/schema.org","@graph":[{"@type":"Article","@id":"https:\/\/quehacerpolitico.mx\/?p=27492#article","isPartOf":{"@id":"https:\/\/quehacerpolitico.mx\/?p=27492"},"author":{"name":"Redacci\u00f3n QP","@id":"https:\/\/quehacerpolitico.mx\/#\/schema\/person\/496d8ad2d1d3f8036101dca7ee39e585"},"headline":"Inicia la C\u00e1mara de Senadores proceso de ratificaci\u00f3n del T-MEC","datePublished":"2019-05-31T00:44:11+00:00","mainEntityOfPage":{"@id":"https:\/\/quehacerpolitico.mx\/?p=27492"},"wordCount":1222,"commentCount":0,"image":{"@id":"https:\/\/quehacerpolitico.mx\/?p=27492#primaryimage"},"thumbnailUrl":"","articleSection":["Noticias"],"inLanguage":"es","potentialAction":[{"@type":"CommentAction","name":"Comment","target":["https:\/\/quehacerpolitico.mx\/?p=27492#respond"]}]},{"@type":"WebPage","@id":"https:\/\/quehacerpolitico.mx\/?p=27492","url":"https:\/\/quehacerpolitico.mx\/?p=27492","name":"Inicia la C\u00e1mara de Senadores proceso de ratificaci\u00f3n del T-MEC -","isPartOf":{"@id":"https:\/\/quehacerpolitico.mx\/#website"},"primaryImageOfPage":{"@id":"https:\/\/quehacerpolitico.mx\/?p=27492#primaryimage"},"image":{"@id":"https:\/\/quehacerpolitico.mx\/?p=27492#primaryimage"},"thumbnailUrl":"","datePublished":"2019-05-31T00:44:11+00:00","author":{"@id":"https:\/\/quehacerpolitico.mx\/#\/schema\/person\/496d8ad2d1d3f8036101dca7ee39e585"},"breadcrumb":{"@id":"https:\/\/quehacerpolitico.mx\/?p=27492#breadcrumb"},"inLanguage":"es","potentialAction":[{"@type":"ReadAction","target":["https:\/\/quehacerpolitico.mx\/?p=27492"]}]},{"@type":"ImageObject","inLanguage":"es","@id":"https:\/\/quehacerpolitico.mx\/?p=27492#primaryimage","url":"","contentUrl":""},{"@type":"BreadcrumbList","@id":"https:\/\/quehacerpolitico.mx\/?p=27492#breadcrumb","itemListElement":[{"@type":"ListItem","position":1,"name":"Inicio","item":"https:\/\/quehacerpolitico.mx\/"},{"@type":"ListItem","position":2,"name":"Inicia la C\u00e1mara de Senadores proceso de ratificaci\u00f3n del T-MEC"}]},{"@type":"WebSite","@id":"https:\/\/quehacerpolitico.mx\/#website","url":"https:\/\/quehacerpolitico.mx\/","name":"","description":"","potentialAction":[{"@type":"SearchAction","target":{"@type":"EntryPoint","urlTemplate":"https:\/\/quehacerpolitico.mx\/?s={search_term_string}"},"query-input":{"@type":"PropertyValueSpecification","valueRequired":true,"valueName":"search_term_string"}}],"inLanguage":"es"},{"@type":"Person","@id":"https:\/\/quehacerpolitico.mx\/#\/schema\/person\/496d8ad2d1d3f8036101dca7ee39e585","name":"Redacci\u00f3n QP","image":{"@type":"ImageObject","inLanguage":"es","@id":"https:\/\/secure.gravatar.com\/avatar\/c7164ed6fdec453195284ad24a5ae5b6e1eed2b848477fa2a4787ba9adf39a41?s=96&d=mm&r=g","url":"https:\/\/secure.gravatar.com\/avatar\/c7164ed6fdec453195284ad24a5ae5b6e1eed2b848477fa2a4787ba9adf39a41?s=96&d=mm&r=g","contentUrl":"https:\/\/secure.gravatar.com\/avatar\/c7164ed6fdec453195284ad24a5ae5b6e1eed2b848477fa2a4787ba9adf39a41?s=96&d=mm&r=g","caption":"Redacci\u00f3n QP"},"url":"https:\/\/quehacerpolitico.mx\/?author=2"}]}},"featured_image_urls":{"full":"","thumbnail":"","medium":"","medium_large":"","large":"","1536x1536":"","2048x2048":"","covernews-featured":"","covernews-medium":""},"author_info":{"display_name":"Redacci\u00f3n QP","author_link":"https:\/\/quehacerpolitico.mx\/?author=2"},"category_info":"<a href=\"https:\/\/quehacerpolitico.mx\/?cat=2\" rel=\"category\">Noticias<\/a>","tag_info":"Noticias","comment_count":"0","_links":{"self":[{"href":"https:\/\/quehacerpolitico.mx\/index.php?rest_route=\/wp\/v2\/posts\/27492","targetHints":{"allow":["GET"]}}],"collection":[{"href":"https:\/\/quehacerpolitico.mx\/index.php?rest_route=\/wp\/v2\/posts"}],"about":[{"href":"https:\/\/quehacerpolitico.mx\/index.php?rest_route=\/wp\/v2\/types\/post"}],"author":[{"embeddable":true,"href":"https:\/\/quehacerpolitico.mx\/index.php?rest_route=\/wp\/v2\/users\/2"}],"replies":[{"embeddable":true,"href":"https:\/\/quehacerpolitico.mx\/index.php?rest_route=%2Fwp%2Fv2%2Fcomments&post=27492"}],"version-history":[{"count":0,"href":"https:\/\/quehacerpolitico.mx\/index.php?rest_route=\/wp\/v2\/posts\/27492\/revisions"}],"wp:featuredmedia":[{"embeddable":true,"href":"https:\/\/quehacerpolitico.mx\/index.php?rest_route=\/"}],"wp:attachment":[{"href":"https:\/\/quehacerpolitico.mx\/index.php?rest_route=%2Fwp%2Fv2%2Fmedia&parent=27492"}],"wp:term":[{"taxonomy":"category","embeddable":true,"href":"https:\/\/quehacerpolitico.mx\/index.php?rest_route=%2Fwp%2Fv2%2Fcategories&post=27492"},{"taxonomy":"post_tag","embeddable":true,"href":"https:\/\/quehacerpolitico.mx\/index.php?rest_route=%2Fwp%2Fv2%2Ftags&post=27492"}],"curies":[{"name":"wp","href":"https:\/\/api.w.org\/{rel}","templated":true}]}}