{"id":27483,"date":"2019-05-31T00:20:49","date_gmt":"2019-05-31T00:20:49","guid":{"rendered":"http:\/\/quehacerpolitico.mx\/el-pri-confirma-la-expulsion-de-cesar-duarte\/"},"modified":"2019-05-31T00:20:49","modified_gmt":"2019-05-31T00:20:49","slug":"el-pri-confirma-la-expulsion-de-cesar-duarte","status":"publish","type":"post","link":"https:\/\/quehacerpolitico.mx\/?p=27483","title":{"rendered":"El PRI confirma la expulsi\u00f3n de C\u00e9sar Duarte"},"content":{"rendered":"<h1 class=\"news-title\">El PRI confirma la expulsi\u00f3n de C\u00e9sar Duarte<\/h1>\n<p>Por Redacci\u00f3n QP<\/p>\n<header class=\"news-header\">\n<div class=\"news-subtitle\">\n<p>El partido reexamina el caso del exgobernador de Chihuahua, acusado de corrupci\u00f3n<\/p>\n<\/div>\n<\/header>\n<div class=\"news-content\">\n<div class=\"news-body row\">\n<p>La Comisi\u00f3n Nacional de Justicia Partidaria del PRI\u00a0confirm\u00f3 este jueves la expulsi\u00f3n de Cesar Duarte J\u00e1quez\u00a0exgobernador de Chihuahua, acusado de haber creado una red de corrupci\u00f3n para malversar fondos p\u00fablicos.<\/p>\n<p>El PRI asegur\u00f3 en un oficio de siete puntos que el exmandatario chihuahuense (2010-2016) <strong>no podr\u00e1 volver a afiliarse al partido &#8220;por ning\u00fan motivo&#8221;<\/strong>.<\/p>\n<p>Adem\u00e1s, en el comunicado de la Comisi\u00f3n de Justicia Partidaria se solicita que se transmita esta decisi\u00f3n a la Secretar\u00eda de Organizaci\u00f3n del partido para que &#8220;proceda a dar de baja del padr\u00f3n de militantes al ciudadano C\u00e9sar Horacio Duarte J\u00e1quez&#8221;.<\/p>\n<p>Una medida que, de acuerdo a las palabras de la Comisi\u00f3n de Justicia Partidaria, se ha tomado de acuerdo a &#8220;razones jur\u00eddicas debidamente fundamentadas&#8221;.<\/p>\n<p>El PRI <strong>ya hab\u00eda suspendido\u00a0-en noviembre de 2018- todos los derechos<\/strong> como afiliado a C\u00e9sar Duarte, pero el afectado present\u00f3 una <strong>impugnaci\u00f3n<\/strong> ante el Tribunal Electoral del Poder Judicial de la Federaci\u00f3n, entidad que el 20 de marzo de 2019 oblig\u00f3 a la formaci\u00f3n pol\u00edtica a revisar el proceso.<\/p>\n<p>Tras ello, la Comisi\u00f3n Nacional de Justicia Partidaria reexamin\u00f3 el caso y cit\u00f3 a Duarte J\u00e1quez, pero finalmente ni el afectado ni su representante legal se presentaron a dicho llamamiento.<\/p>\n<p>C\u00e9sar Duarte enfrenta <strong>cargos de malversaci\u00f3n de fondos p\u00fablicos y corrupci\u00f3n<\/strong>, contando con una quincena de \u00f3rdenes de aprehensi\u00f3n en su contra. A d\u00eda de hoy, contin\u00faa huido de la justicia mexicana.<\/p>\n<p>Sin embargo, el actual gobernador de Chihuahua, Javier Corral Jurado, del PAN, destac\u00f3 este mi\u00e9rcoles la buena coordinaci\u00f3n existente entre los Gobiernos estatal y federal para conseguir la extradici\u00f3n a M\u00e9xico del exmandatario pr\u00f3fugo, de quien se asume que est\u00e1 en Estados Unidos.<\/p>\n<p>&#8220;A C\u00e9sar Duarte J\u00e1quez le lleg\u00f3 la Cuarta Transformaci\u00f3n, porque ahora s\u00ed hay <strong>buena coordinaci\u00f3n y voluntad pol\u00edtica del Gobierno federal para extraditarlo<\/strong>&#8220;, asegur\u00f3 Corral durante un acto oficial.<\/p>\n<p>La expulsi\u00f3n de C\u00e9sar Duarte del PRI se une a otras noticias vinculadas a la lucha contra la corrupci\u00f3n en M\u00e9xico, como la detenci\u00f3n este martes en Mallorca (Espa\u00f1a) del empresario Alonso Ancira, due\u00f1o de la sider\u00fargica Altos Hornos de M\u00e9xico (AHMSA).<\/p>\n<p>La Fiscal\u00eda General de la Rep\u00fablica (FGR) inform\u00f3 que se aprehendi\u00f3 a Ancira a causa de delitos que causaron &#8220;grave da\u00f1o patrimonial&#8221; a la compa\u00f1\u00eda estatal Petr\u00f3leos Mexicanos (Pemex).\u00a0<\/p>\n<\/div>\n<\/div>\n","protected":false},"excerpt":{"rendered":"<p>El PRI confirma la expulsi\u00f3n de C\u00e9sar Duarte<br \/>\nPor Redacci\u00f3n QP<\/p>\n","protected":false},"author":2,"featured_media":27482,"comment_status":"open","ping_status":"open","sticky":false,"template":"","format":"standard","meta":{"_monsterinsights_skip_tracking":false,"_monsterinsights_sitenote_active":false,"_monsterinsights_sitenote_note":"","_monsterinsights_sitenote_category":0,"footnotes":""},"categories":[2],"tags":[],"class_list":["post-27483","post","type-post","status-publish","format-standard","has-post-thumbnail","hentry","category-noticias"],"yoast_head":"<!-- This site is optimized with the Yoast SEO plugin v27.3 - https:\/\/yoast.com\/product\/yoast-seo-wordpress\/ -->\n<title>El PRI confirma la expulsi\u00f3n de C\u00e9sar Duarte -<\/title>\n<meta name=\"robots\" content=\"index, follow, max-snippet:-1, max-image-preview:large, max-video-preview:-1\" \/>\n<link rel=\"canonical\" href=\"https:\/\/quehacerpolitico.mx\/?p=27483\" \/>\n<meta property=\"og:locale\" content=\"es_MX\" \/>\n<meta property=\"og:type\" content=\"article\" \/>\n<meta property=\"og:title\" content=\"El PRI confirma la expulsi\u00f3n de C\u00e9sar Duarte -\" \/>\n<meta property=\"og:description\" content=\"El PRI confirma la expulsi\u00f3n de C\u00e9sar Duarte Por Redacci\u00f3n QP\" \/>\n<meta property=\"og:url\" content=\"https:\/\/quehacerpolitico.mx\/?p=27483\" \/>\n<meta property=\"article:published_time\" content=\"2019-05-31T00:20:49+00:00\" \/>\n<meta name=\"author\" content=\"Redacci\u00f3n QP\" \/>\n<meta name=\"twitter:card\" content=\"summary_large_image\" \/>\n<meta name=\"twitter:label1\" content=\"Escrito por\" \/>\n\t<meta name=\"twitter:data1\" content=\"Redacci\u00f3n QP\" \/>\n\t<meta name=\"twitter:label2\" content=\"Tiempo de lectura\" \/>\n\t<meta name=\"twitter:data2\" content=\"2 minutos\" \/>\n<script type=\"application\/ld+json\" class=\"yoast-schema-graph\">{\"@context\":\"https:\\\/\\\/schema.org\",\"@graph\":[{\"@type\":\"Article\",\"@id\":\"https:\\\/\\\/quehacerpolitico.mx\\\/?p=27483#article\",\"isPartOf\":{\"@id\":\"https:\\\/\\\/quehacerpolitico.mx\\\/?p=27483\"},\"author\":{\"name\":\"Redacci\u00f3n QP\",\"@id\":\"https:\\\/\\\/quehacerpolitico.mx\\\/#\\\/schema\\\/person\\\/496d8ad2d1d3f8036101dca7ee39e585\"},\"headline\":\"El PRI confirma la expulsi\u00f3n de C\u00e9sar Duarte\",\"datePublished\":\"2019-05-31T00:20:49+00:00\",\"mainEntityOfPage\":{\"@id\":\"https:\\\/\\\/quehacerpolitico.mx\\\/?p=27483\"},\"wordCount\":466,\"commentCount\":0,\"image\":{\"@id\":\"https:\\\/\\\/quehacerpolitico.mx\\\/?p=27483#primaryimage\"},\"thumbnailUrl\":\"\",\"articleSection\":[\"Noticias\"],\"inLanguage\":\"es\",\"potentialAction\":[{\"@type\":\"CommentAction\",\"name\":\"Comment\",\"target\":[\"https:\\\/\\\/quehacerpolitico.mx\\\/?p=27483#respond\"]}]},{\"@type\":\"WebPage\",\"@id\":\"https:\\\/\\\/quehacerpolitico.mx\\\/?p=27483\",\"url\":\"https:\\\/\\\/quehacerpolitico.mx\\\/?p=27483\",\"name\":\"El PRI confirma la expulsi\u00f3n de C\u00e9sar Duarte -\",\"isPartOf\":{\"@id\":\"https:\\\/\\\/quehacerpolitico.mx\\\/#website\"},\"primaryImageOfPage\":{\"@id\":\"https:\\\/\\\/quehacerpolitico.mx\\\/?p=27483#primaryimage\"},\"image\":{\"@id\":\"https:\\\/\\\/quehacerpolitico.mx\\\/?p=27483#primaryimage\"},\"thumbnailUrl\":\"\",\"datePublished\":\"2019-05-31T00:20:49+00:00\",\"author\":{\"@id\":\"https:\\\/\\\/quehacerpolitico.mx\\\/#\\\/schema\\\/person\\\/496d8ad2d1d3f8036101dca7ee39e585\"},\"breadcrumb\":{\"@id\":\"https:\\\/\\\/quehacerpolitico.mx\\\/?p=27483#breadcrumb\"},\"inLanguage\":\"es\",\"potentialAction\":[{\"@type\":\"ReadAction\",\"target\":[\"https:\\\/\\\/quehacerpolitico.mx\\\/?p=27483\"]}]},{\"@type\":\"ImageObject\",\"inLanguage\":\"es\",\"@id\":\"https:\\\/\\\/quehacerpolitico.mx\\\/?p=27483#primaryimage\",\"url\":\"\",\"contentUrl\":\"\"},{\"@type\":\"BreadcrumbList\",\"@id\":\"https:\\\/\\\/quehacerpolitico.mx\\\/?p=27483#breadcrumb\",\"itemListElement\":[{\"@type\":\"ListItem\",\"position\":1,\"name\":\"Inicio\",\"item\":\"https:\\\/\\\/quehacerpolitico.mx\\\/\"},{\"@type\":\"ListItem\",\"position\":2,\"name\":\"El PRI confirma la expulsi\u00f3n de C\u00e9sar Duarte\"}]},{\"@type\":\"WebSite\",\"@id\":\"https:\\\/\\\/quehacerpolitico.mx\\\/#website\",\"url\":\"https:\\\/\\\/quehacerpolitico.mx\\\/\",\"name\":\"\",\"description\":\"\",\"potentialAction\":[{\"@type\":\"SearchAction\",\"target\":{\"@type\":\"EntryPoint\",\"urlTemplate\":\"https:\\\/\\\/quehacerpolitico.mx\\\/?s={search_term_string}\"},\"query-input\":{\"@type\":\"PropertyValueSpecification\",\"valueRequired\":true,\"valueName\":\"search_term_string\"}}],\"inLanguage\":\"es\"},{\"@type\":\"Person\",\"@id\":\"https:\\\/\\\/quehacerpolitico.mx\\\/#\\\/schema\\\/person\\\/496d8ad2d1d3f8036101dca7ee39e585\",\"name\":\"Redacci\u00f3n QP\",\"image\":{\"@type\":\"ImageObject\",\"inLanguage\":\"es\",\"@id\":\"https:\\\/\\\/secure.gravatar.com\\\/avatar\\\/c7164ed6fdec453195284ad24a5ae5b6e1eed2b848477fa2a4787ba9adf39a41?s=96&d=mm&r=g\",\"url\":\"https:\\\/\\\/secure.gravatar.com\\\/avatar\\\/c7164ed6fdec453195284ad24a5ae5b6e1eed2b848477fa2a4787ba9adf39a41?s=96&d=mm&r=g\",\"contentUrl\":\"https:\\\/\\\/secure.gravatar.com\\\/avatar\\\/c7164ed6fdec453195284ad24a5ae5b6e1eed2b848477fa2a4787ba9adf39a41?s=96&d=mm&r=g\",\"caption\":\"Redacci\u00f3n QP\"},\"url\":\"https:\\\/\\\/quehacerpolitico.mx\\\/?author=2\"}]}<\/script>\n<!-- \/ Yoast SEO plugin. -->","yoast_head_json":{"title":"El PRI confirma la expulsi\u00f3n de C\u00e9sar Duarte -","robots":{"index":"index","follow":"follow","max-snippet":"max-snippet:-1","max-image-preview":"max-image-preview:large","max-video-preview":"max-video-preview:-1"},"canonical":"https:\/\/quehacerpolitico.mx\/?p=27483","og_locale":"es_MX","og_type":"article","og_title":"El PRI confirma la expulsi\u00f3n de C\u00e9sar Duarte -","og_description":"El PRI confirma la expulsi\u00f3n de C\u00e9sar Duarte Por Redacci\u00f3n QP","og_url":"https:\/\/quehacerpolitico.mx\/?p=27483","article_published_time":"2019-05-31T00:20:49+00:00","author":"Redacci\u00f3n QP","twitter_card":"summary_large_image","twitter_misc":{"Escrito por":"Redacci\u00f3n QP","Tiempo de lectura":"2 minutos"},"schema":{"@context":"https:\/\/schema.org","@graph":[{"@type":"Article","@id":"https:\/\/quehacerpolitico.mx\/?p=27483#article","isPartOf":{"@id":"https:\/\/quehacerpolitico.mx\/?p=27483"},"author":{"name":"Redacci\u00f3n QP","@id":"https:\/\/quehacerpolitico.mx\/#\/schema\/person\/496d8ad2d1d3f8036101dca7ee39e585"},"headline":"El PRI confirma la expulsi\u00f3n de C\u00e9sar Duarte","datePublished":"2019-05-31T00:20:49+00:00","mainEntityOfPage":{"@id":"https:\/\/quehacerpolitico.mx\/?p=27483"},"wordCount":466,"commentCount":0,"image":{"@id":"https:\/\/quehacerpolitico.mx\/?p=27483#primaryimage"},"thumbnailUrl":"","articleSection":["Noticias"],"inLanguage":"es","potentialAction":[{"@type":"CommentAction","name":"Comment","target":["https:\/\/quehacerpolitico.mx\/?p=27483#respond"]}]},{"@type":"WebPage","@id":"https:\/\/quehacerpolitico.mx\/?p=27483","url":"https:\/\/quehacerpolitico.mx\/?p=27483","name":"El PRI confirma la expulsi\u00f3n de C\u00e9sar Duarte -","isPartOf":{"@id":"https:\/\/quehacerpolitico.mx\/#website"},"primaryImageOfPage":{"@id":"https:\/\/quehacerpolitico.mx\/?p=27483#primaryimage"},"image":{"@id":"https:\/\/quehacerpolitico.mx\/?p=27483#primaryimage"},"thumbnailUrl":"","datePublished":"2019-05-31T00:20:49+00:00","author":{"@id":"https:\/\/quehacerpolitico.mx\/#\/schema\/person\/496d8ad2d1d3f8036101dca7ee39e585"},"breadcrumb":{"@id":"https:\/\/quehacerpolitico.mx\/?p=27483#breadcrumb"},"inLanguage":"es","potentialAction":[{"@type":"ReadAction","target":["https:\/\/quehacerpolitico.mx\/?p=27483"]}]},{"@type":"ImageObject","inLanguage":"es","@id":"https:\/\/quehacerpolitico.mx\/?p=27483#primaryimage","url":"","contentUrl":""},{"@type":"BreadcrumbList","@id":"https:\/\/quehacerpolitico.mx\/?p=27483#breadcrumb","itemListElement":[{"@type":"ListItem","position":1,"name":"Inicio","item":"https:\/\/quehacerpolitico.mx\/"},{"@type":"ListItem","position":2,"name":"El PRI confirma la expulsi\u00f3n de C\u00e9sar Duarte"}]},{"@type":"WebSite","@id":"https:\/\/quehacerpolitico.mx\/#website","url":"https:\/\/quehacerpolitico.mx\/","name":"","description":"","potentialAction":[{"@type":"SearchAction","target":{"@type":"EntryPoint","urlTemplate":"https:\/\/quehacerpolitico.mx\/?s={search_term_string}"},"query-input":{"@type":"PropertyValueSpecification","valueRequired":true,"valueName":"search_term_string"}}],"inLanguage":"es"},{"@type":"Person","@id":"https:\/\/quehacerpolitico.mx\/#\/schema\/person\/496d8ad2d1d3f8036101dca7ee39e585","name":"Redacci\u00f3n QP","image":{"@type":"ImageObject","inLanguage":"es","@id":"https:\/\/secure.gravatar.com\/avatar\/c7164ed6fdec453195284ad24a5ae5b6e1eed2b848477fa2a4787ba9adf39a41?s=96&d=mm&r=g","url":"https:\/\/secure.gravatar.com\/avatar\/c7164ed6fdec453195284ad24a5ae5b6e1eed2b848477fa2a4787ba9adf39a41?s=96&d=mm&r=g","contentUrl":"https:\/\/secure.gravatar.com\/avatar\/c7164ed6fdec453195284ad24a5ae5b6e1eed2b848477fa2a4787ba9adf39a41?s=96&d=mm&r=g","caption":"Redacci\u00f3n QP"},"url":"https:\/\/quehacerpolitico.mx\/?author=2"}]}},"featured_image_urls":{"full":"","thumbnail":"","medium":"","medium_large":"","large":"","1536x1536":"","2048x2048":"","covernews-featured":"","covernews-medium":""},"author_info":{"display_name":"Redacci\u00f3n QP","author_link":"https:\/\/quehacerpolitico.mx\/?author=2"},"category_info":"<a href=\"https:\/\/quehacerpolitico.mx\/?cat=2\" rel=\"category\">Noticias<\/a>","tag_info":"Noticias","comment_count":"0","_links":{"self":[{"href":"https:\/\/quehacerpolitico.mx\/index.php?rest_route=\/wp\/v2\/posts\/27483","targetHints":{"allow":["GET"]}}],"collection":[{"href":"https:\/\/quehacerpolitico.mx\/index.php?rest_route=\/wp\/v2\/posts"}],"about":[{"href":"https:\/\/quehacerpolitico.mx\/index.php?rest_route=\/wp\/v2\/types\/post"}],"author":[{"embeddable":true,"href":"https:\/\/quehacerpolitico.mx\/index.php?rest_route=\/wp\/v2\/users\/2"}],"replies":[{"embeddable":true,"href":"https:\/\/quehacerpolitico.mx\/index.php?rest_route=%2Fwp%2Fv2%2Fcomments&post=27483"}],"version-history":[{"count":0,"href":"https:\/\/quehacerpolitico.mx\/index.php?rest_route=\/wp\/v2\/posts\/27483\/revisions"}],"wp:featuredmedia":[{"embeddable":true,"href":"https:\/\/quehacerpolitico.mx\/index.php?rest_route=\/"}],"wp:attachment":[{"href":"https:\/\/quehacerpolitico.mx\/index.php?rest_route=%2Fwp%2Fv2%2Fmedia&parent=27483"}],"wp:term":[{"taxonomy":"category","embeddable":true,"href":"https:\/\/quehacerpolitico.mx\/index.php?rest_route=%2Fwp%2Fv2%2Fcategories&post=27483"},{"taxonomy":"post_tag","embeddable":true,"href":"https:\/\/quehacerpolitico.mx\/index.php?rest_route=%2Fwp%2Fv2%2Ftags&post=27483"}],"curies":[{"name":"wp","href":"https:\/\/api.w.org\/{rel}","templated":true}]}}