{"id":27395,"date":"2019-05-30T15:36:53","date_gmt":"2019-05-30T15:36:53","guid":{"rendered":"http:\/\/quehacerpolitico.mx\/cristina-rascon-sale-de-la-coordinacion-de-literatura-del-inbal\/"},"modified":"2019-05-30T15:36:53","modified_gmt":"2019-05-30T15:36:53","slug":"cristina-rascon-sale-de-la-coordinacion-de-literatura-del-inbal","status":"publish","type":"post","link":"https:\/\/quehacerpolitico.mx\/?p=27395","title":{"rendered":"Cristina Rasc\u00f3n sale de la Coordinaci\u00f3n de Literatura del INBAL"},"content":{"rendered":"<h1 class=\"news-title\">Cristina Rasc\u00f3n sale de la Coordinaci\u00f3n de Literatura del INBAL<\/h1>\n<p>Por Redacci\u00f3n QP<\/p>\n<header class=\"news-header\">\n<div class=\"news-subtitle\">\n<p>Renuncia para facilitar para facilitar el proceso de los Premios Bellas Artes de Literatura, cuatro de los cuales deber\u00e1n ser invalidados y repuestos por no garantizar legalidad en la elecci\u00f3n del ganador<\/p>\n<\/div>\n<\/header>\n<div class=\"news-content\">\n<div class=\"news-body row\">\n<p>El Instituto Nacional de Bellas Artes y Literatura inform\u00f3 la noche de ayer que la titular de la Coordinaci\u00f3n de Literatura del INBAL, Cristina Rasc\u00f3n, renunci\u00f3 a su cargo.<\/p>\n<p>Esta baja se da luego de que EL UNIVERSAL <strong>dio a conocer que el Premio Bellas Artes de Novela Jos\u00e9 Rub\u00e9n Romero 2019 fue vulnerado porque se abrieron las plicas de manera ilegal y se conocieron los nombres de alrededor de 40 autores que aspiraban a obtener el galard\u00f3n<\/strong> que premia a la mejor novela no publicada, cuya convocatoria sigue abierta y cierra el pr\u00f3ximo 8 de junio.<\/p>\n<p>Adem\u00e1s, a trav\u00e9s de un comunicado, el INBAL reconoci\u00f3 que tras realizar &#8220;una verificaci\u00f3n exhaustiva con cada sede estatal sobre la situaci\u00f3n de confidencialidad de las plicas recibidas&#8221; <strong>se detect\u00f3 que en cuatro de los premios dedicados para obra in\u00e9dita s\u00ed existi\u00f3 apertura de plicas y justificaron el hecho debido a que &#8220;no se cont\u00f3 con la suficiente comunicaci\u00f3n e informaci\u00f3n entre las partes&#8221;.<\/strong><\/p>\n<p>Tambi\u00e9n se inform\u00f3 que de las 16 convocatorias vigentes, seis premios no utilizan plica por ser por trayectoria y obra publicada, y en seis de obra in\u00e9dita se confirm\u00f3 que no hubo apertura de plicas.<\/p>\n<p>Ante esta situaci\u00f3n, dijo el INBAL, Cristina Rasc\u00f3n &#8220;tom\u00f3 la decisi\u00f3n de apartarse de la Coordinaci\u00f3n para facilitar el proceso de los premios&#8221;, y anunci\u00f3 que en los pr\u00f3ximos d\u00edas dar\u00e1 a conocer los cambios en la Coordinaci\u00f3n Nacional de Literatura.<\/p>\n<p>En entrevista la tarde de este mi\u00e9rcoles con EL UNIVERSAL, Claudio M\u00e9ndez Fern\u00e1ndez, secretario de Cultura en Michoac\u00e1n, revel\u00f3 que <strong>fue la Coordinaci\u00f3n Nacional de Literatura del INBAL solicit\u00f3 a al menos cinco estados de la Rep\u00fablica que proporcionaran informaci\u00f3n y datos de los concursantes de Premios Nacionales de Literatura, que s\u00f3lo es posible obtener si se abren las plicas.<\/strong><\/p>\n<p>&#8220;Nosotros lo que hicimos fue solamente seguir las instrucciones y recabar la informaci\u00f3n como lo solicitaron&#8221;, dijo.<\/p>\n<p>En d\u00edas pasados medios de circulaci\u00f3n nacional denunciaron que <strong>otros dos premios nacionales de literatura, el de Ensayo Literario Jos\u00e9 Revueltas y el de Cuento San Luis Potos\u00ed Amparo D\u00e1vila, habr\u00edan sido tambi\u00e9n vulnerados<\/strong> luego de que un concursante asegur\u00f3 que envi\u00f3 dos obras a uno de estos galardones y le notificaron que no pod\u00eda concursar con dos obras, y que su nombre s\u00f3lo pudo conocerse con la apertura de plicas.<\/p>\n<p>En su momento el INBAL asegur\u00f3 en un comunicado que &#8220;en ning\u00fan caso se han abierto plicas de cualquiera de los Premios&#8221;, pero esta noche ha rectificado esta informaci\u00f3n, aceptando que <strong>cuatro premios no garantizan legalidad ni transparencia y tendr\u00e1n que ser invalidados y se repondr\u00e1 el procedimiento de recepci\u00f3n de trabajos.<\/strong><\/p>\n<p>Durante la gesti\u00f3n de Cristina Rasc\u00f3n al frente de la direcci\u00f3n de la Coordinaci\u00f3n Nacional de Literatura del INBA se dieron otras situaciones pol\u00e9micas, como la reducci\u00f3n en 50 % del monto del Premio Internacional Alfonso Reyes, para quedar en 300 mil pesos, mientras que el Premio Bellas Artes de Ensayo Literario Malcolm Lowry fue desaparecido tras considerar que ya existe otro dedicado al g\u00e9nero, por lo que s\u00f3lo mantendr\u00e1 el Premio Bellas Artes de Ensayo Literario Jos\u00e9 Revueltas.<\/p>\n<p>M\u00e1s informaci\u00f3n sobre la invalidaci\u00f3n que INBAL har\u00e1 de cuatro premios nacionales de literatura, en unos minutos.<\/p>\n<\/div>\n<\/div>\n","protected":false},"excerpt":{"rendered":"<p>Cristina Rasc\u00f3n sale de la Coordinaci\u00f3n de Literatura del INBAL<br \/>\nPor Redacci\u00f3n QP<\/p>\n","protected":false},"author":2,"featured_media":27394,"comment_status":"open","ping_status":"open","sticky":false,"template":"","format":"standard","meta":{"_monsterinsights_skip_tracking":false,"_monsterinsights_sitenote_active":false,"_monsterinsights_sitenote_note":"","_monsterinsights_sitenote_category":0,"footnotes":""},"categories":[58],"tags":[],"class_list":["post-27395","post","type-post","status-publish","format-standard","has-post-thumbnail","hentry","category-cultura"],"yoast_head":"<!-- This site is optimized with the Yoast SEO plugin v27.3 - https:\/\/yoast.com\/product\/yoast-seo-wordpress\/ -->\n<title>Cristina Rasc\u00f3n sale de la Coordinaci\u00f3n de Literatura del INBAL -<\/title>\n<meta name=\"robots\" content=\"index, follow, max-snippet:-1, max-image-preview:large, max-video-preview:-1\" \/>\n<link rel=\"canonical\" href=\"https:\/\/quehacerpolitico.mx\/?p=27395\" \/>\n<meta property=\"og:locale\" content=\"es_MX\" \/>\n<meta property=\"og:type\" content=\"article\" \/>\n<meta property=\"og:title\" content=\"Cristina Rasc\u00f3n sale de la Coordinaci\u00f3n de Literatura del INBAL -\" \/>\n<meta property=\"og:description\" content=\"Cristina Rasc\u00f3n sale de la Coordinaci\u00f3n de Literatura del INBAL Por Redacci\u00f3n QP\" \/>\n<meta property=\"og:url\" content=\"https:\/\/quehacerpolitico.mx\/?p=27395\" \/>\n<meta property=\"article:published_time\" content=\"2019-05-30T15:36:53+00:00\" \/>\n<meta name=\"author\" content=\"Redacci\u00f3n QP\" \/>\n<meta name=\"twitter:card\" content=\"summary_large_image\" \/>\n<meta name=\"twitter:label1\" content=\"Escrito por\" \/>\n\t<meta name=\"twitter:data1\" content=\"Redacci\u00f3n QP\" \/>\n\t<meta name=\"twitter:label2\" content=\"Tiempo de lectura\" \/>\n\t<meta name=\"twitter:data2\" content=\"3 minutos\" \/>\n<script type=\"application\/ld+json\" class=\"yoast-schema-graph\">{\"@context\":\"https:\\\/\\\/schema.org\",\"@graph\":[{\"@type\":\"Article\",\"@id\":\"https:\\\/\\\/quehacerpolitico.mx\\\/?p=27395#article\",\"isPartOf\":{\"@id\":\"https:\\\/\\\/quehacerpolitico.mx\\\/?p=27395\"},\"author\":{\"name\":\"Redacci\u00f3n QP\",\"@id\":\"https:\\\/\\\/quehacerpolitico.mx\\\/#\\\/schema\\\/person\\\/496d8ad2d1d3f8036101dca7ee39e585\"},\"headline\":\"Cristina Rasc\u00f3n sale de la Coordinaci\u00f3n de Literatura del INBAL\",\"datePublished\":\"2019-05-30T15:36:53+00:00\",\"mainEntityOfPage\":{\"@id\":\"https:\\\/\\\/quehacerpolitico.mx\\\/?p=27395\"},\"wordCount\":640,\"commentCount\":0,\"image\":{\"@id\":\"https:\\\/\\\/quehacerpolitico.mx\\\/?p=27395#primaryimage\"},\"thumbnailUrl\":\"\",\"articleSection\":[\"Cultura y Entretenimiento\"],\"inLanguage\":\"es\",\"potentialAction\":[{\"@type\":\"CommentAction\",\"name\":\"Comment\",\"target\":[\"https:\\\/\\\/quehacerpolitico.mx\\\/?p=27395#respond\"]}]},{\"@type\":\"WebPage\",\"@id\":\"https:\\\/\\\/quehacerpolitico.mx\\\/?p=27395\",\"url\":\"https:\\\/\\\/quehacerpolitico.mx\\\/?p=27395\",\"name\":\"Cristina Rasc\u00f3n sale de la Coordinaci\u00f3n de Literatura del INBAL -\",\"isPartOf\":{\"@id\":\"https:\\\/\\\/quehacerpolitico.mx\\\/#website\"},\"primaryImageOfPage\":{\"@id\":\"https:\\\/\\\/quehacerpolitico.mx\\\/?p=27395#primaryimage\"},\"image\":{\"@id\":\"https:\\\/\\\/quehacerpolitico.mx\\\/?p=27395#primaryimage\"},\"thumbnailUrl\":\"\",\"datePublished\":\"2019-05-30T15:36:53+00:00\",\"author\":{\"@id\":\"https:\\\/\\\/quehacerpolitico.mx\\\/#\\\/schema\\\/person\\\/496d8ad2d1d3f8036101dca7ee39e585\"},\"breadcrumb\":{\"@id\":\"https:\\\/\\\/quehacerpolitico.mx\\\/?p=27395#breadcrumb\"},\"inLanguage\":\"es\",\"potentialAction\":[{\"@type\":\"ReadAction\",\"target\":[\"https:\\\/\\\/quehacerpolitico.mx\\\/?p=27395\"]}]},{\"@type\":\"ImageObject\",\"inLanguage\":\"es\",\"@id\":\"https:\\\/\\\/quehacerpolitico.mx\\\/?p=27395#primaryimage\",\"url\":\"\",\"contentUrl\":\"\"},{\"@type\":\"BreadcrumbList\",\"@id\":\"https:\\\/\\\/quehacerpolitico.mx\\\/?p=27395#breadcrumb\",\"itemListElement\":[{\"@type\":\"ListItem\",\"position\":1,\"name\":\"Inicio\",\"item\":\"https:\\\/\\\/quehacerpolitico.mx\\\/\"},{\"@type\":\"ListItem\",\"position\":2,\"name\":\"Cristina Rasc\u00f3n sale de la Coordinaci\u00f3n de Literatura del INBAL\"}]},{\"@type\":\"WebSite\",\"@id\":\"https:\\\/\\\/quehacerpolitico.mx\\\/#website\",\"url\":\"https:\\\/\\\/quehacerpolitico.mx\\\/\",\"name\":\"\",\"description\":\"\",\"potentialAction\":[{\"@type\":\"SearchAction\",\"target\":{\"@type\":\"EntryPoint\",\"urlTemplate\":\"https:\\\/\\\/quehacerpolitico.mx\\\/?s={search_term_string}\"},\"query-input\":{\"@type\":\"PropertyValueSpecification\",\"valueRequired\":true,\"valueName\":\"search_term_string\"}}],\"inLanguage\":\"es\"},{\"@type\":\"Person\",\"@id\":\"https:\\\/\\\/quehacerpolitico.mx\\\/#\\\/schema\\\/person\\\/496d8ad2d1d3f8036101dca7ee39e585\",\"name\":\"Redacci\u00f3n QP\",\"image\":{\"@type\":\"ImageObject\",\"inLanguage\":\"es\",\"@id\":\"https:\\\/\\\/secure.gravatar.com\\\/avatar\\\/c7164ed6fdec453195284ad24a5ae5b6e1eed2b848477fa2a4787ba9adf39a41?s=96&d=mm&r=g\",\"url\":\"https:\\\/\\\/secure.gravatar.com\\\/avatar\\\/c7164ed6fdec453195284ad24a5ae5b6e1eed2b848477fa2a4787ba9adf39a41?s=96&d=mm&r=g\",\"contentUrl\":\"https:\\\/\\\/secure.gravatar.com\\\/avatar\\\/c7164ed6fdec453195284ad24a5ae5b6e1eed2b848477fa2a4787ba9adf39a41?s=96&d=mm&r=g\",\"caption\":\"Redacci\u00f3n QP\"},\"url\":\"https:\\\/\\\/quehacerpolitico.mx\\\/?author=2\"}]}<\/script>\n<!-- \/ Yoast SEO plugin. -->","yoast_head_json":{"title":"Cristina Rasc\u00f3n sale de la Coordinaci\u00f3n de Literatura del INBAL -","robots":{"index":"index","follow":"follow","max-snippet":"max-snippet:-1","max-image-preview":"max-image-preview:large","max-video-preview":"max-video-preview:-1"},"canonical":"https:\/\/quehacerpolitico.mx\/?p=27395","og_locale":"es_MX","og_type":"article","og_title":"Cristina Rasc\u00f3n sale de la Coordinaci\u00f3n de Literatura del INBAL -","og_description":"Cristina Rasc\u00f3n sale de la Coordinaci\u00f3n de Literatura del INBAL Por Redacci\u00f3n QP","og_url":"https:\/\/quehacerpolitico.mx\/?p=27395","article_published_time":"2019-05-30T15:36:53+00:00","author":"Redacci\u00f3n QP","twitter_card":"summary_large_image","twitter_misc":{"Escrito por":"Redacci\u00f3n QP","Tiempo de lectura":"3 minutos"},"schema":{"@context":"https:\/\/schema.org","@graph":[{"@type":"Article","@id":"https:\/\/quehacerpolitico.mx\/?p=27395#article","isPartOf":{"@id":"https:\/\/quehacerpolitico.mx\/?p=27395"},"author":{"name":"Redacci\u00f3n QP","@id":"https:\/\/quehacerpolitico.mx\/#\/schema\/person\/496d8ad2d1d3f8036101dca7ee39e585"},"headline":"Cristina Rasc\u00f3n sale de la Coordinaci\u00f3n de Literatura del INBAL","datePublished":"2019-05-30T15:36:53+00:00","mainEntityOfPage":{"@id":"https:\/\/quehacerpolitico.mx\/?p=27395"},"wordCount":640,"commentCount":0,"image":{"@id":"https:\/\/quehacerpolitico.mx\/?p=27395#primaryimage"},"thumbnailUrl":"","articleSection":["Cultura y Entretenimiento"],"inLanguage":"es","potentialAction":[{"@type":"CommentAction","name":"Comment","target":["https:\/\/quehacerpolitico.mx\/?p=27395#respond"]}]},{"@type":"WebPage","@id":"https:\/\/quehacerpolitico.mx\/?p=27395","url":"https:\/\/quehacerpolitico.mx\/?p=27395","name":"Cristina Rasc\u00f3n sale de la Coordinaci\u00f3n de Literatura del INBAL -","isPartOf":{"@id":"https:\/\/quehacerpolitico.mx\/#website"},"primaryImageOfPage":{"@id":"https:\/\/quehacerpolitico.mx\/?p=27395#primaryimage"},"image":{"@id":"https:\/\/quehacerpolitico.mx\/?p=27395#primaryimage"},"thumbnailUrl":"","datePublished":"2019-05-30T15:36:53+00:00","author":{"@id":"https:\/\/quehacerpolitico.mx\/#\/schema\/person\/496d8ad2d1d3f8036101dca7ee39e585"},"breadcrumb":{"@id":"https:\/\/quehacerpolitico.mx\/?p=27395#breadcrumb"},"inLanguage":"es","potentialAction":[{"@type":"ReadAction","target":["https:\/\/quehacerpolitico.mx\/?p=27395"]}]},{"@type":"ImageObject","inLanguage":"es","@id":"https:\/\/quehacerpolitico.mx\/?p=27395#primaryimage","url":"","contentUrl":""},{"@type":"BreadcrumbList","@id":"https:\/\/quehacerpolitico.mx\/?p=27395#breadcrumb","itemListElement":[{"@type":"ListItem","position":1,"name":"Inicio","item":"https:\/\/quehacerpolitico.mx\/"},{"@type":"ListItem","position":2,"name":"Cristina Rasc\u00f3n sale de la Coordinaci\u00f3n de Literatura del INBAL"}]},{"@type":"WebSite","@id":"https:\/\/quehacerpolitico.mx\/#website","url":"https:\/\/quehacerpolitico.mx\/","name":"","description":"","potentialAction":[{"@type":"SearchAction","target":{"@type":"EntryPoint","urlTemplate":"https:\/\/quehacerpolitico.mx\/?s={search_term_string}"},"query-input":{"@type":"PropertyValueSpecification","valueRequired":true,"valueName":"search_term_string"}}],"inLanguage":"es"},{"@type":"Person","@id":"https:\/\/quehacerpolitico.mx\/#\/schema\/person\/496d8ad2d1d3f8036101dca7ee39e585","name":"Redacci\u00f3n QP","image":{"@type":"ImageObject","inLanguage":"es","@id":"https:\/\/secure.gravatar.com\/avatar\/c7164ed6fdec453195284ad24a5ae5b6e1eed2b848477fa2a4787ba9adf39a41?s=96&d=mm&r=g","url":"https:\/\/secure.gravatar.com\/avatar\/c7164ed6fdec453195284ad24a5ae5b6e1eed2b848477fa2a4787ba9adf39a41?s=96&d=mm&r=g","contentUrl":"https:\/\/secure.gravatar.com\/avatar\/c7164ed6fdec453195284ad24a5ae5b6e1eed2b848477fa2a4787ba9adf39a41?s=96&d=mm&r=g","caption":"Redacci\u00f3n QP"},"url":"https:\/\/quehacerpolitico.mx\/?author=2"}]}},"featured_image_urls":{"full":"","thumbnail":"","medium":"","medium_large":"","large":"","1536x1536":"","2048x2048":"","covernews-featured":"","covernews-medium":""},"author_info":{"display_name":"Redacci\u00f3n QP","author_link":"https:\/\/quehacerpolitico.mx\/?author=2"},"category_info":"<a href=\"https:\/\/quehacerpolitico.mx\/?cat=58\" rel=\"category\">Cultura y Entretenimiento<\/a>","tag_info":"Cultura y Entretenimiento","comment_count":"0","_links":{"self":[{"href":"https:\/\/quehacerpolitico.mx\/index.php?rest_route=\/wp\/v2\/posts\/27395","targetHints":{"allow":["GET"]}}],"collection":[{"href":"https:\/\/quehacerpolitico.mx\/index.php?rest_route=\/wp\/v2\/posts"}],"about":[{"href":"https:\/\/quehacerpolitico.mx\/index.php?rest_route=\/wp\/v2\/types\/post"}],"author":[{"embeddable":true,"href":"https:\/\/quehacerpolitico.mx\/index.php?rest_route=\/wp\/v2\/users\/2"}],"replies":[{"embeddable":true,"href":"https:\/\/quehacerpolitico.mx\/index.php?rest_route=%2Fwp%2Fv2%2Fcomments&post=27395"}],"version-history":[{"count":0,"href":"https:\/\/quehacerpolitico.mx\/index.php?rest_route=\/wp\/v2\/posts\/27395\/revisions"}],"wp:featuredmedia":[{"embeddable":true,"href":"https:\/\/quehacerpolitico.mx\/index.php?rest_route=\/"}],"wp:attachment":[{"href":"https:\/\/quehacerpolitico.mx\/index.php?rest_route=%2Fwp%2Fv2%2Fmedia&parent=27395"}],"wp:term":[{"taxonomy":"category","embeddable":true,"href":"https:\/\/quehacerpolitico.mx\/index.php?rest_route=%2Fwp%2Fv2%2Fcategories&post=27395"},{"taxonomy":"post_tag","embeddable":true,"href":"https:\/\/quehacerpolitico.mx\/index.php?rest_route=%2Fwp%2Fv2%2Ftags&post=27395"}],"curies":[{"name":"wp","href":"https:\/\/api.w.org\/{rel}","templated":true}]}}