{"id":27371,"date":"2019-05-30T14:11:49","date_gmt":"2019-05-30T14:11:49","guid":{"rendered":"http:\/\/quehacerpolitico.mx\/internacionales-carolina-alonso-romei-las-conexiones-espanolas-del-caso-odebrecht\/"},"modified":"2019-05-30T14:11:49","modified_gmt":"2019-05-30T14:11:49","slug":"internacionales-carolina-alonso-romei-las-conexiones-espanolas-del-caso-odebrecht","status":"publish","type":"post","link":"https:\/\/quehacerpolitico.mx\/?p=27371","title":{"rendered":"Internacionales\/\/\/Carolina Alonso Romei\/\/\/Las conexiones espa\u00f1olas del caso Odebrecht"},"content":{"rendered":"<p>Las conexiones espa\u00f1olas del caso Odebrecht<\/p>\n<p>Por Carolina Alonso Romei\u00a0<\/p>\n<p>Internacionalista\u00a0<\/p>\n<p>A Espa\u00f1a tambi\u00e9n le salpica, y mucho, el esc\u00e1ndalo Odebrecht. De hecho, varias empresas espa\u00f1olas, de poca monta en apariencia, fueron clave para transferir el dinero de los sobornos de Oderbrecht.<\/p>\n<p>Unas cuantas multinacionales del pa\u00eds participaron en la trama de sobornos junto con la constructora brasile\u00f1a para hacerse con contratos p\u00fablicos en al menos 12 pa\u00edses de Am\u00e9rica Latina.<\/p>\n<p>La investigaci\u00f3n que realiza la Fiscal\u00eda Anticorrupci\u00f3n espa\u00f1ola desde noviembre de 2016 sobre la implicaci\u00f3n de constructoras nacionales en el esc\u00e1ndalo Odebrecht es muy lenta y se est\u00e1 cruzando con otros casos de corrupci\u00f3n.<\/p>\n<p>Uno es el llamado Caso Lezo, en el que est\u00e1 implicada la constructora OHL (participada mayoritariamente por el Grupo de Villar Mir) y el expresidente del gobierno regional de Madrid, Ignacio Gonz\u00e1lez.<\/p>\n<p>Las pesquisas avanzan lentamente, pese a que los jueces espa\u00f1oles cuentan con un testigo de excepci\u00f3n: el exabogado de la constructora brasile\u00f1a Rodrigo Tacla Dur\u00e1n, de 45 a\u00f1os y nacionalidad espa\u00f1ola-brasile\u00f1a.<\/p>\n<p>El testimonio del exletrado de Odebrecht sit\u00faa a tres grandes constructoras espa\u00f1olas, Acciona, FCC y OHL, en la trama de sobornos para conseguir obra p\u00fablica en diversos pa\u00edses de Am\u00e9rica Latina, en confabulaci\u00f3n con el gigante brasile\u00f1o.<\/p>\n<p>Seg\u00fan Tacla Dur\u00e1n, Fomento de Construcciones y Contratas (FCC), que particip\u00f3 en sociedad con Oderbrecht en la construcci\u00f3n de dos l\u00edneas del metro de Ciudad de Panam\u00e1, habr\u00eda repartido sobornos a la familia del expresidente paname\u00f1o Ricardo Martinelli, a cambio de la adjudicaci\u00f3n de esa obra, que supuso mil 650 millones de d\u00f3lares.<\/p>\n<p>Tambi\u00e9n inform\u00f3 el exabogado de Odebrecht a la fiscal\u00eda espa\u00f1ola que Acciona particip\u00f3 en la construcci\u00f3n del metro de Quito, Ecuador, en consorcio con la constructora brasile\u00f1a usando el sistema de sobornos a las autoridades del pa\u00eds. Esa obra tuvo un costo de mil 400 millones de d\u00f3lares.<\/p>\n<p>Rodrigo Tacla Dur\u00e1n huy\u00f3 de Brasil cuando era investigado por el presunto blanqueo de dinero de la petrolera p\u00fablica Petrobras y el desv\u00edo de 15 millones de d\u00f3lares a diversos pol\u00edticos, entre ellos, el expresidente Lula Da Silva.<\/p>\n<p>A diferencia de otros 77 directivos del gigante Odebrecht, Tacla no quiso acogerse a los beneficios penitenciarios a cambio de su delaci\u00f3n en Brasil. Prefiri\u00f3 instalarse en Espa\u00f1a y someterse a un juicio en el pa\u00eds de nacimiento de su fallecido padre.<\/p>\n<p>El 22 de noviembre de 2016, reci\u00e9n llegado de Miami, cuando se relajaba en el hotel Intercontinental de Madrid, donde en el pasado hab\u00eda tenido varias citas con directivos de Oderbrecht, fue detenido por la Guardia Civil.<\/p>\n<p>Sobre \u00e9l pesaba una orden de captura por blanqueo de capitales, soborno de funcionarios y pertenencia a organizaci\u00f3n criminal.<\/p>\n<p>Los cargos contra el abogado de Odebrecht puntualizaban que Tacla Dur\u00e1n hab\u00eda sido el responsable del pago de comisiones para adjudicaciones de obras en Brasil y otros pa\u00edses americanos, entre ellos M\u00e9xico, por valor de cientos de millones de d\u00f3lares.<\/p>\n<p>Sin embargo, las autoridades espa\u00f1olas no aceptaron la petici\u00f3n de extradici\u00f3n de Brasil, al ser Tacla Dur\u00e1n ciudadano espa\u00f1ol, y decretaron que ser\u00e1 juzgado en Espa\u00f1a con las pruebas y cargos procedentes del pa\u00eds sudamericano.<\/p>\n<p>El juicio a\u00fan no se ha celebrado y el abogado, que pas\u00f3 72 d\u00edas en una prisi\u00f3n madrile\u00f1a, disfruta de libertad provisional y reside en una urbanizaci\u00f3n al norte de Madrid.<\/p>\n<p>Dinero de chinos en mano<\/p>\n<p>El exabogado de Odebrecht explic\u00f3 a los fiscales espa\u00f1oles c\u00f3mo actu\u00f3 de testaferro para blanquear el dinero destinado a los sobornos, a trav\u00e9s de dos de sus empresas en Espa\u00f1a, Gvtel Corporation y Vivosant Corporation, ambas radicadas en la provincia de Pontevedra, en Galicia.<\/p>\n<p>&#8220;Ced\u00ed las cuentas bancarias de mis empresas porque en un momento dado Oderbrecht tuvo problemas para mover el dinero a trav\u00e9s de para\u00edsos fiscales&#8221;, dijo.<\/p>\n<p>Seg\u00fan su declaraci\u00f3n, el dinero para los sobornos sal\u00eda de Odebrecht a trav\u00e9s de transferencias a las cuentas de sus empresas offshore, como Smith &amp; Nash con cuenta en Banif y en PKB Suiza. De ah\u00ed, el dinero pasaba a otras cuentas en Portugal o Espa\u00f1a, por ejemplo.<\/p>\n<p>&#8220;Gvtel mandaba el dinero mediante transferencias a China o Hong Kong y a cambio los chinos me daban dinero en efectivo en Espa\u00f1a o donde quisiera Odebrecht&#8221;, explic\u00f3 Tacla. La justificaci\u00f3n de esas transferencias de la empresa de Galicia a China se hac\u00eda a trav\u00e9s de facturas falsas.<\/p>\n<p>Con este sistema, Tacla ha confesado que se blanquearon las mordidas para FCC y para la constructora portuguesa Bento Pedroso.<\/p>\n<p>Tacla Dur\u00e1n con Lozoya<\/p>\n<p>El abogado hispano-brasile\u00f1o tambi\u00e9n actu\u00f3 en M\u00e9xico. Lo revel\u00f3 Hilberto da Silva, responsable de la estructura de sobornos de Odebrecht, ante los fiscales brasile\u00f1os.<\/p>\n<p>En un momento dado, Emilio Lozoya Austin, entonces director general de Petr\u00f3leos Mexicanos (Pemex), no quiso seguir recibiendo el dinero de los sobornos a trav\u00e9s de sus cuentas en las Islas V\u00edrgenes Brit\u00e1nicas.<\/p>\n<p>Era ya mucho lo que acumulaba sin justificaci\u00f3n alguna. Hilberto da Silva llam\u00f3 a Rodrigo Tacla, uno de los mejores testaferros que ten\u00eda la constructora.<\/p>\n<p>En un reuni\u00f3n en la residencia de Lozoya, se acord\u00f3 que Tacla abrir\u00eda una cuenta en M\u00f3naco y all\u00ed se transfirieron cinco millones de d\u00f3lares, seg\u00fan Hilberto da Silva, como pago por haber conseguido Odebrecht la obra de ampliaci\u00f3n de la refiner\u00eda Miguel Hidalgo, en Tula. Un contrato de 115 millones.<\/p>\n<p>Empresas insignificantes<\/p>\n<p>La investigaci\u00f3n espa\u00f1ola descubri\u00f3 que el gigante brasile\u00f1o, que desembols\u00f3 600 millones de d\u00f3lares en mordidas a pol\u00edticos y funcionarios, us\u00f3 un peque\u00f1o estudio de arquitectura madrile\u00f1o para transferir dinero a Andorra, donde una jueza investiga la conexi\u00f3n Odebrecht en la banca del Principado.<\/p>\n<p>DSC Workshop, estudio dirigido por el arquitecto Juan Lago-Nov\u00e1s, pas\u00f3 de facturar apenas 12 mil euros a 28 millones de euros.<\/p>\n<p>La Polic\u00eda de Andorra descubri\u00f3 que esta empresa actu\u00f3 de pasarela instrumental entre 2010 y 2012 para camuflar el dinero il\u00edcito de Oderbrecht, a trav\u00e9s de una cuenta de BPA en Andorra.<\/p>\n<p>El propietario de la sociedad habr\u00eda cobrado una comisi\u00f3n del 3.0 por ciento. Pero Juan Lago-Nov\u00e1s lo niega. &#8220;El estudio ha actuado de puente sin saber lo que hab\u00eda detr\u00e1s de esos pagos. Nadie sospechaba de Odebrecht&#8221;, declar\u00f3 al diario El Pa\u00eds.<\/p>\n<p>Otra empresa espa\u00f1ola, cuyos responsables se hacen los sorprendidos al destaparse el esc\u00e1ndalo, que presuntamente us\u00f3 la constructora brasile\u00f1a es Detecci\u00f3n de Riesgos T\u00e9cnicos, Control de Calidad de Supervisi\u00f3n de Obras de Edificaci\u00f3n, S.A.<\/p>\n<p>Esta sociedad habr\u00eda servido para enmascarar 10.9 millones de d\u00f3lares en comisiones ilegales en Colombia.<\/p>\n<p>Esta mercantil aparece en un contrato suscrito con Constructora Norberto Odebrecht S.A. en julio de 2009 en Bogot\u00e1 para construir m\u00e1s de mil kil\u00f3metros de carretera entre la capital colombiana y El Caribe.<\/p>\n<p>El administrador de esta empresa, Javier D\u00edaz Vecino, asegur\u00f3 que si bien firm\u00f3 un contrato con la brasile\u00f1a, no recuerda para qu\u00e9 era y que en ning\u00fan caso percibi\u00f3 una gran suma de dinero.<\/p>\n<p>Otros nueve millones de d\u00f3lares para sobornos, esta vez a funcionarios del gobierno de Ecuador y de Per\u00fa, fueron camuflados a trav\u00e9s de las cuentas de la peque\u00f1a sociedad espa\u00f1ola Eathisa, S. A., radicada en Zaragoza.<\/p>\n<p>Los pagos de Odebrecht a esta empresa de ingenier\u00eda fueron en concepto de asistencia t\u00e9cnica de obras p\u00fablicas, por ejemplo, para el poliducto Pascuales-Cuenca de Ecuador.<\/p>\n<p>El descomunal ingreso de dinero de la peque\u00f1a sociedad levant\u00f3 las sospechas de la Agencia Tributaria espa\u00f1ola. Creada en 2012, en dos a\u00f1os alcanz\u00f3 un volumen de negocio de 20 millones de d\u00f3lares.<\/p>\n<p>La Audiencia Nacional investiga a Eathisa como un tent\u00e1culo de Odebrecht. Aitor Elexpe, el socio \u00fanico de esta empresa, ha preferido no contestar a las preguntas de este medio. Dice que le puede perjudicar en la investigaci\u00f3n.<\/p>\n<p>Con Informaci\u00f3n de NTX\u00a0<\/p>\n","protected":false},"excerpt":{"rendered":"<p>Las conexiones espa\u00f1olas del caso Odebrecht<br \/>\nPor Carolina Alonso Romei<br \/>\nInternacionalista<\/p>\n","protected":false},"author":2,"featured_media":27370,"comment_status":"open","ping_status":"open","sticky":false,"template":"","format":"standard","meta":{"_monsterinsights_skip_tracking":false,"_monsterinsights_sitenote_active":false,"_monsterinsights_sitenote_note":"","_monsterinsights_sitenote_category":0,"footnotes":""},"categories":[1],"tags":[],"class_list":["post-27371","post","type-post","status-publish","format-standard","has-post-thumbnail","hentry","category-sin-categoria"],"yoast_head":"<!-- This site is optimized with the Yoast SEO plugin v27.3 - https:\/\/yoast.com\/product\/yoast-seo-wordpress\/ -->\n<title>Internacionales\/\/\/Carolina Alonso Romei\/\/\/Las conexiones espa\u00f1olas del caso Odebrecht -<\/title>\n<meta name=\"robots\" content=\"index, follow, max-snippet:-1, max-image-preview:large, max-video-preview:-1\" \/>\n<link rel=\"canonical\" href=\"https:\/\/quehacerpolitico.mx\/?p=27371\" \/>\n<meta property=\"og:locale\" content=\"es_MX\" \/>\n<meta property=\"og:type\" content=\"article\" \/>\n<meta property=\"og:title\" content=\"Internacionales\/\/\/Carolina Alonso Romei\/\/\/Las conexiones espa\u00f1olas del caso Odebrecht -\" \/>\n<meta property=\"og:description\" content=\"Las conexiones espa\u00f1olas del caso Odebrecht Por Carolina Alonso Romei Internacionalista\" \/>\n<meta property=\"og:url\" content=\"https:\/\/quehacerpolitico.mx\/?p=27371\" \/>\n<meta property=\"article:published_time\" content=\"2019-05-30T14:11:49+00:00\" \/>\n<meta name=\"author\" content=\"Redacci\u00f3n QP\" \/>\n<meta name=\"twitter:card\" content=\"summary_large_image\" \/>\n<meta name=\"twitter:label1\" content=\"Escrito por\" \/>\n\t<meta name=\"twitter:data1\" content=\"Redacci\u00f3n QP\" \/>\n\t<meta name=\"twitter:label2\" content=\"Tiempo de lectura\" \/>\n\t<meta name=\"twitter:data2\" content=\"7 minutos\" \/>\n<script type=\"application\/ld+json\" class=\"yoast-schema-graph\">{\"@context\":\"https:\\\/\\\/schema.org\",\"@graph\":[{\"@type\":\"Article\",\"@id\":\"https:\\\/\\\/quehacerpolitico.mx\\\/?p=27371#article\",\"isPartOf\":{\"@id\":\"https:\\\/\\\/quehacerpolitico.mx\\\/?p=27371\"},\"author\":{\"name\":\"Redacci\u00f3n QP\",\"@id\":\"https:\\\/\\\/quehacerpolitico.mx\\\/#\\\/schema\\\/person\\\/496d8ad2d1d3f8036101dca7ee39e585\"},\"headline\":\"Internacionales\\\/\\\/\\\/Carolina Alonso Romei\\\/\\\/\\\/Las conexiones espa\u00f1olas del caso Odebrecht\",\"datePublished\":\"2019-05-30T14:11:49+00:00\",\"mainEntityOfPage\":{\"@id\":\"https:\\\/\\\/quehacerpolitico.mx\\\/?p=27371\"},\"wordCount\":1414,\"commentCount\":0,\"image\":{\"@id\":\"https:\\\/\\\/quehacerpolitico.mx\\\/?p=27371#primaryimage\"},\"thumbnailUrl\":\"\",\"articleSection\":[\"Internacionales\"],\"inLanguage\":\"es\",\"potentialAction\":[{\"@type\":\"CommentAction\",\"name\":\"Comment\",\"target\":[\"https:\\\/\\\/quehacerpolitico.mx\\\/?p=27371#respond\"]}]},{\"@type\":\"WebPage\",\"@id\":\"https:\\\/\\\/quehacerpolitico.mx\\\/?p=27371\",\"url\":\"https:\\\/\\\/quehacerpolitico.mx\\\/?p=27371\",\"name\":\"Internacionales\\\/\\\/\\\/Carolina Alonso Romei\\\/\\\/\\\/Las conexiones espa\u00f1olas del caso Odebrecht -\",\"isPartOf\":{\"@id\":\"https:\\\/\\\/quehacerpolitico.mx\\\/#website\"},\"primaryImageOfPage\":{\"@id\":\"https:\\\/\\\/quehacerpolitico.mx\\\/?p=27371#primaryimage\"},\"image\":{\"@id\":\"https:\\\/\\\/quehacerpolitico.mx\\\/?p=27371#primaryimage\"},\"thumbnailUrl\":\"\",\"datePublished\":\"2019-05-30T14:11:49+00:00\",\"author\":{\"@id\":\"https:\\\/\\\/quehacerpolitico.mx\\\/#\\\/schema\\\/person\\\/496d8ad2d1d3f8036101dca7ee39e585\"},\"breadcrumb\":{\"@id\":\"https:\\\/\\\/quehacerpolitico.mx\\\/?p=27371#breadcrumb\"},\"inLanguage\":\"es\",\"potentialAction\":[{\"@type\":\"ReadAction\",\"target\":[\"https:\\\/\\\/quehacerpolitico.mx\\\/?p=27371\"]}]},{\"@type\":\"ImageObject\",\"inLanguage\":\"es\",\"@id\":\"https:\\\/\\\/quehacerpolitico.mx\\\/?p=27371#primaryimage\",\"url\":\"\",\"contentUrl\":\"\"},{\"@type\":\"BreadcrumbList\",\"@id\":\"https:\\\/\\\/quehacerpolitico.mx\\\/?p=27371#breadcrumb\",\"itemListElement\":[{\"@type\":\"ListItem\",\"position\":1,\"name\":\"Inicio\",\"item\":\"https:\\\/\\\/quehacerpolitico.mx\\\/\"},{\"@type\":\"ListItem\",\"position\":2,\"name\":\"Internacionales\\\/\\\/\\\/Carolina Alonso Romei\\\/\\\/\\\/Las conexiones espa\u00f1olas del caso Odebrecht\"}]},{\"@type\":\"WebSite\",\"@id\":\"https:\\\/\\\/quehacerpolitico.mx\\\/#website\",\"url\":\"https:\\\/\\\/quehacerpolitico.mx\\\/\",\"name\":\"\",\"description\":\"\",\"potentialAction\":[{\"@type\":\"SearchAction\",\"target\":{\"@type\":\"EntryPoint\",\"urlTemplate\":\"https:\\\/\\\/quehacerpolitico.mx\\\/?s={search_term_string}\"},\"query-input\":{\"@type\":\"PropertyValueSpecification\",\"valueRequired\":true,\"valueName\":\"search_term_string\"}}],\"inLanguage\":\"es\"},{\"@type\":\"Person\",\"@id\":\"https:\\\/\\\/quehacerpolitico.mx\\\/#\\\/schema\\\/person\\\/496d8ad2d1d3f8036101dca7ee39e585\",\"name\":\"Redacci\u00f3n QP\",\"image\":{\"@type\":\"ImageObject\",\"inLanguage\":\"es\",\"@id\":\"https:\\\/\\\/secure.gravatar.com\\\/avatar\\\/c7164ed6fdec453195284ad24a5ae5b6e1eed2b848477fa2a4787ba9adf39a41?s=96&d=mm&r=g\",\"url\":\"https:\\\/\\\/secure.gravatar.com\\\/avatar\\\/c7164ed6fdec453195284ad24a5ae5b6e1eed2b848477fa2a4787ba9adf39a41?s=96&d=mm&r=g\",\"contentUrl\":\"https:\\\/\\\/secure.gravatar.com\\\/avatar\\\/c7164ed6fdec453195284ad24a5ae5b6e1eed2b848477fa2a4787ba9adf39a41?s=96&d=mm&r=g\",\"caption\":\"Redacci\u00f3n QP\"},\"url\":\"https:\\\/\\\/quehacerpolitico.mx\\\/?author=2\"}]}<\/script>\n<!-- \/ Yoast SEO plugin. -->","yoast_head_json":{"title":"Internacionales\/\/\/Carolina Alonso Romei\/\/\/Las conexiones espa\u00f1olas del caso Odebrecht -","robots":{"index":"index","follow":"follow","max-snippet":"max-snippet:-1","max-image-preview":"max-image-preview:large","max-video-preview":"max-video-preview:-1"},"canonical":"https:\/\/quehacerpolitico.mx\/?p=27371","og_locale":"es_MX","og_type":"article","og_title":"Internacionales\/\/\/Carolina Alonso Romei\/\/\/Las conexiones espa\u00f1olas del caso Odebrecht -","og_description":"Las conexiones espa\u00f1olas del caso Odebrecht Por Carolina Alonso Romei Internacionalista","og_url":"https:\/\/quehacerpolitico.mx\/?p=27371","article_published_time":"2019-05-30T14:11:49+00:00","author":"Redacci\u00f3n QP","twitter_card":"summary_large_image","twitter_misc":{"Escrito por":"Redacci\u00f3n QP","Tiempo de lectura":"7 minutos"},"schema":{"@context":"https:\/\/schema.org","@graph":[{"@type":"Article","@id":"https:\/\/quehacerpolitico.mx\/?p=27371#article","isPartOf":{"@id":"https:\/\/quehacerpolitico.mx\/?p=27371"},"author":{"name":"Redacci\u00f3n QP","@id":"https:\/\/quehacerpolitico.mx\/#\/schema\/person\/496d8ad2d1d3f8036101dca7ee39e585"},"headline":"Internacionales\/\/\/Carolina Alonso Romei\/\/\/Las conexiones espa\u00f1olas del caso Odebrecht","datePublished":"2019-05-30T14:11:49+00:00","mainEntityOfPage":{"@id":"https:\/\/quehacerpolitico.mx\/?p=27371"},"wordCount":1414,"commentCount":0,"image":{"@id":"https:\/\/quehacerpolitico.mx\/?p=27371#primaryimage"},"thumbnailUrl":"","articleSection":["Internacionales"],"inLanguage":"es","potentialAction":[{"@type":"CommentAction","name":"Comment","target":["https:\/\/quehacerpolitico.mx\/?p=27371#respond"]}]},{"@type":"WebPage","@id":"https:\/\/quehacerpolitico.mx\/?p=27371","url":"https:\/\/quehacerpolitico.mx\/?p=27371","name":"Internacionales\/\/\/Carolina Alonso Romei\/\/\/Las conexiones espa\u00f1olas del caso Odebrecht -","isPartOf":{"@id":"https:\/\/quehacerpolitico.mx\/#website"},"primaryImageOfPage":{"@id":"https:\/\/quehacerpolitico.mx\/?p=27371#primaryimage"},"image":{"@id":"https:\/\/quehacerpolitico.mx\/?p=27371#primaryimage"},"thumbnailUrl":"","datePublished":"2019-05-30T14:11:49+00:00","author":{"@id":"https:\/\/quehacerpolitico.mx\/#\/schema\/person\/496d8ad2d1d3f8036101dca7ee39e585"},"breadcrumb":{"@id":"https:\/\/quehacerpolitico.mx\/?p=27371#breadcrumb"},"inLanguage":"es","potentialAction":[{"@type":"ReadAction","target":["https:\/\/quehacerpolitico.mx\/?p=27371"]}]},{"@type":"ImageObject","inLanguage":"es","@id":"https:\/\/quehacerpolitico.mx\/?p=27371#primaryimage","url":"","contentUrl":""},{"@type":"BreadcrumbList","@id":"https:\/\/quehacerpolitico.mx\/?p=27371#breadcrumb","itemListElement":[{"@type":"ListItem","position":1,"name":"Inicio","item":"https:\/\/quehacerpolitico.mx\/"},{"@type":"ListItem","position":2,"name":"Internacionales\/\/\/Carolina Alonso Romei\/\/\/Las conexiones espa\u00f1olas del caso Odebrecht"}]},{"@type":"WebSite","@id":"https:\/\/quehacerpolitico.mx\/#website","url":"https:\/\/quehacerpolitico.mx\/","name":"","description":"","potentialAction":[{"@type":"SearchAction","target":{"@type":"EntryPoint","urlTemplate":"https:\/\/quehacerpolitico.mx\/?s={search_term_string}"},"query-input":{"@type":"PropertyValueSpecification","valueRequired":true,"valueName":"search_term_string"}}],"inLanguage":"es"},{"@type":"Person","@id":"https:\/\/quehacerpolitico.mx\/#\/schema\/person\/496d8ad2d1d3f8036101dca7ee39e585","name":"Redacci\u00f3n QP","image":{"@type":"ImageObject","inLanguage":"es","@id":"https:\/\/secure.gravatar.com\/avatar\/c7164ed6fdec453195284ad24a5ae5b6e1eed2b848477fa2a4787ba9adf39a41?s=96&d=mm&r=g","url":"https:\/\/secure.gravatar.com\/avatar\/c7164ed6fdec453195284ad24a5ae5b6e1eed2b848477fa2a4787ba9adf39a41?s=96&d=mm&r=g","contentUrl":"https:\/\/secure.gravatar.com\/avatar\/c7164ed6fdec453195284ad24a5ae5b6e1eed2b848477fa2a4787ba9adf39a41?s=96&d=mm&r=g","caption":"Redacci\u00f3n QP"},"url":"https:\/\/quehacerpolitico.mx\/?author=2"}]}},"featured_image_urls":{"full":"","thumbnail":"","medium":"","medium_large":"","large":"","1536x1536":"","2048x2048":"","covernews-featured":"","covernews-medium":""},"author_info":{"display_name":"Redacci\u00f3n QP","author_link":"https:\/\/quehacerpolitico.mx\/?author=2"},"category_info":"<a href=\"https:\/\/quehacerpolitico.mx\/?cat=1\" rel=\"category\">Internacionales<\/a>","tag_info":"Internacionales","comment_count":"0","_links":{"self":[{"href":"https:\/\/quehacerpolitico.mx\/index.php?rest_route=\/wp\/v2\/posts\/27371","targetHints":{"allow":["GET"]}}],"collection":[{"href":"https:\/\/quehacerpolitico.mx\/index.php?rest_route=\/wp\/v2\/posts"}],"about":[{"href":"https:\/\/quehacerpolitico.mx\/index.php?rest_route=\/wp\/v2\/types\/post"}],"author":[{"embeddable":true,"href":"https:\/\/quehacerpolitico.mx\/index.php?rest_route=\/wp\/v2\/users\/2"}],"replies":[{"embeddable":true,"href":"https:\/\/quehacerpolitico.mx\/index.php?rest_route=%2Fwp%2Fv2%2Fcomments&post=27371"}],"version-history":[{"count":0,"href":"https:\/\/quehacerpolitico.mx\/index.php?rest_route=\/wp\/v2\/posts\/27371\/revisions"}],"wp:featuredmedia":[{"embeddable":true,"href":"https:\/\/quehacerpolitico.mx\/index.php?rest_route=\/"}],"wp:attachment":[{"href":"https:\/\/quehacerpolitico.mx\/index.php?rest_route=%2Fwp%2Fv2%2Fmedia&parent=27371"}],"wp:term":[{"taxonomy":"category","embeddable":true,"href":"https:\/\/quehacerpolitico.mx\/index.php?rest_route=%2Fwp%2Fv2%2Fcategories&post=27371"},{"taxonomy":"post_tag","embeddable":true,"href":"https:\/\/quehacerpolitico.mx\/index.php?rest_route=%2Fwp%2Fv2%2Ftags&post=27371"}],"curies":[{"name":"wp","href":"https:\/\/api.w.org\/{rel}","templated":true}]}}