{"id":2734,"date":"2018-08-19T00:03:35","date_gmt":"2018-08-19T00:03:35","guid":{"rendered":"http:\/\/quehacerpolitico.mx\/muere-kofi-annan-ex-secretario-de-la-onu-y-nobel-de-la-paz-2001\/"},"modified":"2018-08-19T00:03:35","modified_gmt":"2018-08-19T00:03:35","slug":"muere-kofi-annan-ex-secretario-de-la-onu-y-nobel-de-la-paz-2001","status":"publish","type":"post","link":"https:\/\/quehacerpolitico.mx\/?p=2734","title":{"rendered":"Muere Kofi Annan, ex secretario de la ONU y Nobel de la Paz 2001"},"content":{"rendered":"<p><b>Kofi Annan<\/b><span class=\"amp-wp-inline-f62a86b1328cd4134bec55ddf6de989a\">, \u00a0ex secretario general de la Organizaci\u00f3n de las Naciones Unidas (<\/span><b>ONU<\/b><span class=\"amp-wp-inline-f62a86b1328cd4134bec55ddf6de989a\">), muri\u00f3 este s\u00e1bado en Suiza a los 80 a\u00f1os luego de presentar una corta enfermedad.<\/span><\/p>\n<blockquote>\n<p><span class=\"amp-wp-inline-f62a86b1328cd4134bec55ddf6de989a\">\u2018Con gran tristeza, la familia Annan y la Fundaci\u00f3n Kofi Annan anuncian que Kofi Annan, antiguo secretario general de la ONU y premio Nobel de la Paz, se fue en paz este s\u00e1bado, 18 de agosto, tras una corta enfermedad\u2019, expres\u00f3 la fundaci\u00f3n que encabez\u00f3 en su cuenta de twitter<\/span><\/p>\n<\/blockquote>\n<blockquote>\n<p><span class=\"amp-wp-inline-f62a86b1328cd4134bec55ddf6de989a\">\u2018En todo lugar donde hubiera sufrimiento o necesidad, \u00e9l acudi\u00f3 y tuvo un impacto en muchas personas con su profunda compasi\u00f3n y empat\u00eda\u2019, afirm\u00f3 la fundaci\u00f3n.<\/span><\/p>\n<\/blockquote>\n<p><span class=\"amp-wp-inline-f62a86b1328cd4134bec55ddf6de989a\">La familia <\/span><b>no ha querido revelar<\/b><span class=\"amp-wp-inline-f62a86b1328cd4134bec55ddf6de989a\"> la enfermedad que sufr\u00eda el ex mandatario de las Naciones Unidas y <\/span><b>pidi\u00f3 privacidad<\/b><span class=\"amp-wp-inline-f62a86b1328cd4134bec55ddf6de989a\">.<\/span><\/p>\n<blockquote>\n<p><span class=\"amp-wp-inline-f62a86b1328cd4134bec55ddf6de989a\">\u2018Su esposa, Nane, y sus hijos, Kojo, Ama y Nina, estuvieron a su lado durante sus \u00faltimos d\u00edas\u2019, precis\u00f3 el mensaje.<\/span><\/p>\n<p><span class=\"amp-wp-inline-f62a86b1328cd4134bec55ddf6de989a\">Annan naci\u00f3 en <\/span><b>Kumasi<\/b><span class=\"amp-wp-inline-f62a86b1328cd4134bec55ddf6de989a\">, Ghana, el 8 de abril de 1938 fue uno de los m\u00e1s c\u00e9lebres diplom\u00e1ticos del mundo y un carism\u00e1tico s\u00edmbolo de <\/span><b>la ONU<\/b><span class=\"amp-wp-inline-f62a86b1328cd4134bec55ddf6de989a\"> que lleg\u00f3 a convertirse en el primer secretario general africano de <\/span><b>raza negra<\/b><span class=\"amp-wp-inline-f62a86b1328cd4134bec55ddf6de989a\">.<\/span><\/p>\n<p><span class=\"amp-wp-inline-f62a86b1328cd4134bec55ddf6de989a\">El ghan\u00e9s tuvo dos periodos como secretario general del <\/span><b>1 de enero de 1997 al 31 de diciembre de 2006<\/b><span class=\"amp-wp-inline-f62a86b1328cd4134bec55ddf6de989a\">, y su desempe\u00f1o fue reconocido cuando \u00e9l y la ONU recibieron el <\/span><b>Premio Nobel de la Paz en 2001<\/b><span class=\"amp-wp-inline-f62a86b1328cd4134bec55ddf6de989a\">.<\/span><\/p>\n<\/blockquote>\n","protected":false},"excerpt":{"rendered":"<p>Muere Kofi Annan, ex secretario de la ONU y Nobel de la Paz 2001<br \/>\nPor Redacci\u00f3n QP<\/p>\n","protected":false},"author":2,"featured_media":2733,"comment_status":"open","ping_status":"open","sticky":false,"template":"","format":"standard","meta":{"_monsterinsights_skip_tracking":false,"_monsterinsights_sitenote_active":false,"_monsterinsights_sitenote_note":"","_monsterinsights_sitenote_category":0,"footnotes":""},"categories":[2],"tags":[],"class_list":["post-2734","post","type-post","status-publish","format-standard","has-post-thumbnail","hentry","category-noticias"],"yoast_head":"<!-- This site is optimized with the Yoast SEO plugin v27.3 - https:\/\/yoast.com\/product\/yoast-seo-wordpress\/ -->\n<title>Muere Kofi Annan, ex secretario de la ONU y Nobel de la Paz 2001 -<\/title>\n<meta name=\"robots\" content=\"index, follow, max-snippet:-1, max-image-preview:large, max-video-preview:-1\" \/>\n<link rel=\"canonical\" href=\"https:\/\/quehacerpolitico.mx\/?p=2734\" \/>\n<meta property=\"og:locale\" content=\"es_MX\" \/>\n<meta property=\"og:type\" content=\"article\" \/>\n<meta property=\"og:title\" content=\"Muere Kofi Annan, ex secretario de la ONU y Nobel de la Paz 2001 -\" \/>\n<meta property=\"og:description\" content=\"Muere Kofi Annan, ex secretario de la ONU y Nobel de la Paz 2001 Por Redacci\u00f3n QP\" \/>\n<meta property=\"og:url\" content=\"https:\/\/quehacerpolitico.mx\/?p=2734\" \/>\n<meta property=\"article:published_time\" content=\"2018-08-19T00:03:35+00:00\" \/>\n<meta name=\"author\" content=\"Redacci\u00f3n QP\" \/>\n<meta name=\"twitter:card\" content=\"summary_large_image\" \/>\n<meta name=\"twitter:label1\" content=\"Escrito por\" \/>\n\t<meta name=\"twitter:data1\" content=\"Redacci\u00f3n QP\" \/>\n\t<meta name=\"twitter:label2\" content=\"Tiempo de lectura\" \/>\n\t<meta name=\"twitter:data2\" content=\"1 minuto\" \/>\n<script type=\"application\/ld+json\" class=\"yoast-schema-graph\">{\"@context\":\"https:\\\/\\\/schema.org\",\"@graph\":[{\"@type\":\"Article\",\"@id\":\"https:\\\/\\\/quehacerpolitico.mx\\\/?p=2734#article\",\"isPartOf\":{\"@id\":\"https:\\\/\\\/quehacerpolitico.mx\\\/?p=2734\"},\"author\":{\"name\":\"Redacci\u00f3n QP\",\"@id\":\"https:\\\/\\\/quehacerpolitico.mx\\\/#\\\/schema\\\/person\\\/496d8ad2d1d3f8036101dca7ee39e585\"},\"headline\":\"Muere Kofi Annan, ex secretario de la ONU y Nobel de la Paz 2001\",\"datePublished\":\"2018-08-19T00:03:35+00:00\",\"mainEntityOfPage\":{\"@id\":\"https:\\\/\\\/quehacerpolitico.mx\\\/?p=2734\"},\"wordCount\":246,\"commentCount\":0,\"image\":{\"@id\":\"https:\\\/\\\/quehacerpolitico.mx\\\/?p=2734#primaryimage\"},\"thumbnailUrl\":\"\",\"articleSection\":[\"Noticias\"],\"inLanguage\":\"es\",\"potentialAction\":[{\"@type\":\"CommentAction\",\"name\":\"Comment\",\"target\":[\"https:\\\/\\\/quehacerpolitico.mx\\\/?p=2734#respond\"]}]},{\"@type\":\"WebPage\",\"@id\":\"https:\\\/\\\/quehacerpolitico.mx\\\/?p=2734\",\"url\":\"https:\\\/\\\/quehacerpolitico.mx\\\/?p=2734\",\"name\":\"Muere Kofi Annan, ex secretario de la ONU y Nobel de la Paz 2001 -\",\"isPartOf\":{\"@id\":\"https:\\\/\\\/quehacerpolitico.mx\\\/#website\"},\"primaryImageOfPage\":{\"@id\":\"https:\\\/\\\/quehacerpolitico.mx\\\/?p=2734#primaryimage\"},\"image\":{\"@id\":\"https:\\\/\\\/quehacerpolitico.mx\\\/?p=2734#primaryimage\"},\"thumbnailUrl\":\"\",\"datePublished\":\"2018-08-19T00:03:35+00:00\",\"author\":{\"@id\":\"https:\\\/\\\/quehacerpolitico.mx\\\/#\\\/schema\\\/person\\\/496d8ad2d1d3f8036101dca7ee39e585\"},\"breadcrumb\":{\"@id\":\"https:\\\/\\\/quehacerpolitico.mx\\\/?p=2734#breadcrumb\"},\"inLanguage\":\"es\",\"potentialAction\":[{\"@type\":\"ReadAction\",\"target\":[\"https:\\\/\\\/quehacerpolitico.mx\\\/?p=2734\"]}]},{\"@type\":\"ImageObject\",\"inLanguage\":\"es\",\"@id\":\"https:\\\/\\\/quehacerpolitico.mx\\\/?p=2734#primaryimage\",\"url\":\"\",\"contentUrl\":\"\"},{\"@type\":\"BreadcrumbList\",\"@id\":\"https:\\\/\\\/quehacerpolitico.mx\\\/?p=2734#breadcrumb\",\"itemListElement\":[{\"@type\":\"ListItem\",\"position\":1,\"name\":\"Inicio\",\"item\":\"https:\\\/\\\/quehacerpolitico.mx\\\/\"},{\"@type\":\"ListItem\",\"position\":2,\"name\":\"Muere Kofi Annan, ex secretario de la ONU y Nobel de la Paz 2001\"}]},{\"@type\":\"WebSite\",\"@id\":\"https:\\\/\\\/quehacerpolitico.mx\\\/#website\",\"url\":\"https:\\\/\\\/quehacerpolitico.mx\\\/\",\"name\":\"\",\"description\":\"\",\"potentialAction\":[{\"@type\":\"SearchAction\",\"target\":{\"@type\":\"EntryPoint\",\"urlTemplate\":\"https:\\\/\\\/quehacerpolitico.mx\\\/?s={search_term_string}\"},\"query-input\":{\"@type\":\"PropertyValueSpecification\",\"valueRequired\":true,\"valueName\":\"search_term_string\"}}],\"inLanguage\":\"es\"},{\"@type\":\"Person\",\"@id\":\"https:\\\/\\\/quehacerpolitico.mx\\\/#\\\/schema\\\/person\\\/496d8ad2d1d3f8036101dca7ee39e585\",\"name\":\"Redacci\u00f3n QP\",\"image\":{\"@type\":\"ImageObject\",\"inLanguage\":\"es\",\"@id\":\"https:\\\/\\\/secure.gravatar.com\\\/avatar\\\/c7164ed6fdec453195284ad24a5ae5b6e1eed2b848477fa2a4787ba9adf39a41?s=96&d=mm&r=g\",\"url\":\"https:\\\/\\\/secure.gravatar.com\\\/avatar\\\/c7164ed6fdec453195284ad24a5ae5b6e1eed2b848477fa2a4787ba9adf39a41?s=96&d=mm&r=g\",\"contentUrl\":\"https:\\\/\\\/secure.gravatar.com\\\/avatar\\\/c7164ed6fdec453195284ad24a5ae5b6e1eed2b848477fa2a4787ba9adf39a41?s=96&d=mm&r=g\",\"caption\":\"Redacci\u00f3n QP\"},\"url\":\"https:\\\/\\\/quehacerpolitico.mx\\\/?author=2\"}]}<\/script>\n<!-- \/ Yoast SEO plugin. -->","yoast_head_json":{"title":"Muere Kofi Annan, ex secretario de la ONU y Nobel de la Paz 2001 -","robots":{"index":"index","follow":"follow","max-snippet":"max-snippet:-1","max-image-preview":"max-image-preview:large","max-video-preview":"max-video-preview:-1"},"canonical":"https:\/\/quehacerpolitico.mx\/?p=2734","og_locale":"es_MX","og_type":"article","og_title":"Muere Kofi Annan, ex secretario de la ONU y Nobel de la Paz 2001 -","og_description":"Muere Kofi Annan, ex secretario de la ONU y Nobel de la Paz 2001 Por Redacci\u00f3n QP","og_url":"https:\/\/quehacerpolitico.mx\/?p=2734","article_published_time":"2018-08-19T00:03:35+00:00","author":"Redacci\u00f3n QP","twitter_card":"summary_large_image","twitter_misc":{"Escrito por":"Redacci\u00f3n QP","Tiempo de lectura":"1 minuto"},"schema":{"@context":"https:\/\/schema.org","@graph":[{"@type":"Article","@id":"https:\/\/quehacerpolitico.mx\/?p=2734#article","isPartOf":{"@id":"https:\/\/quehacerpolitico.mx\/?p=2734"},"author":{"name":"Redacci\u00f3n QP","@id":"https:\/\/quehacerpolitico.mx\/#\/schema\/person\/496d8ad2d1d3f8036101dca7ee39e585"},"headline":"Muere Kofi Annan, ex secretario de la ONU y Nobel de la Paz 2001","datePublished":"2018-08-19T00:03:35+00:00","mainEntityOfPage":{"@id":"https:\/\/quehacerpolitico.mx\/?p=2734"},"wordCount":246,"commentCount":0,"image":{"@id":"https:\/\/quehacerpolitico.mx\/?p=2734#primaryimage"},"thumbnailUrl":"","articleSection":["Noticias"],"inLanguage":"es","potentialAction":[{"@type":"CommentAction","name":"Comment","target":["https:\/\/quehacerpolitico.mx\/?p=2734#respond"]}]},{"@type":"WebPage","@id":"https:\/\/quehacerpolitico.mx\/?p=2734","url":"https:\/\/quehacerpolitico.mx\/?p=2734","name":"Muere Kofi Annan, ex secretario de la ONU y Nobel de la Paz 2001 -","isPartOf":{"@id":"https:\/\/quehacerpolitico.mx\/#website"},"primaryImageOfPage":{"@id":"https:\/\/quehacerpolitico.mx\/?p=2734#primaryimage"},"image":{"@id":"https:\/\/quehacerpolitico.mx\/?p=2734#primaryimage"},"thumbnailUrl":"","datePublished":"2018-08-19T00:03:35+00:00","author":{"@id":"https:\/\/quehacerpolitico.mx\/#\/schema\/person\/496d8ad2d1d3f8036101dca7ee39e585"},"breadcrumb":{"@id":"https:\/\/quehacerpolitico.mx\/?p=2734#breadcrumb"},"inLanguage":"es","potentialAction":[{"@type":"ReadAction","target":["https:\/\/quehacerpolitico.mx\/?p=2734"]}]},{"@type":"ImageObject","inLanguage":"es","@id":"https:\/\/quehacerpolitico.mx\/?p=2734#primaryimage","url":"","contentUrl":""},{"@type":"BreadcrumbList","@id":"https:\/\/quehacerpolitico.mx\/?p=2734#breadcrumb","itemListElement":[{"@type":"ListItem","position":1,"name":"Inicio","item":"https:\/\/quehacerpolitico.mx\/"},{"@type":"ListItem","position":2,"name":"Muere Kofi Annan, ex secretario de la ONU y Nobel de la Paz 2001"}]},{"@type":"WebSite","@id":"https:\/\/quehacerpolitico.mx\/#website","url":"https:\/\/quehacerpolitico.mx\/","name":"","description":"","potentialAction":[{"@type":"SearchAction","target":{"@type":"EntryPoint","urlTemplate":"https:\/\/quehacerpolitico.mx\/?s={search_term_string}"},"query-input":{"@type":"PropertyValueSpecification","valueRequired":true,"valueName":"search_term_string"}}],"inLanguage":"es"},{"@type":"Person","@id":"https:\/\/quehacerpolitico.mx\/#\/schema\/person\/496d8ad2d1d3f8036101dca7ee39e585","name":"Redacci\u00f3n QP","image":{"@type":"ImageObject","inLanguage":"es","@id":"https:\/\/secure.gravatar.com\/avatar\/c7164ed6fdec453195284ad24a5ae5b6e1eed2b848477fa2a4787ba9adf39a41?s=96&d=mm&r=g","url":"https:\/\/secure.gravatar.com\/avatar\/c7164ed6fdec453195284ad24a5ae5b6e1eed2b848477fa2a4787ba9adf39a41?s=96&d=mm&r=g","contentUrl":"https:\/\/secure.gravatar.com\/avatar\/c7164ed6fdec453195284ad24a5ae5b6e1eed2b848477fa2a4787ba9adf39a41?s=96&d=mm&r=g","caption":"Redacci\u00f3n QP"},"url":"https:\/\/quehacerpolitico.mx\/?author=2"}]}},"featured_image_urls":{"full":"","thumbnail":"","medium":"","medium_large":"","large":"","1536x1536":"","2048x2048":"","covernews-featured":"","covernews-medium":""},"author_info":{"display_name":"Redacci\u00f3n QP","author_link":"https:\/\/quehacerpolitico.mx\/?author=2"},"category_info":"<a href=\"https:\/\/quehacerpolitico.mx\/?cat=2\" rel=\"category\">Noticias<\/a>","tag_info":"Noticias","comment_count":"0","_links":{"self":[{"href":"https:\/\/quehacerpolitico.mx\/index.php?rest_route=\/wp\/v2\/posts\/2734","targetHints":{"allow":["GET"]}}],"collection":[{"href":"https:\/\/quehacerpolitico.mx\/index.php?rest_route=\/wp\/v2\/posts"}],"about":[{"href":"https:\/\/quehacerpolitico.mx\/index.php?rest_route=\/wp\/v2\/types\/post"}],"author":[{"embeddable":true,"href":"https:\/\/quehacerpolitico.mx\/index.php?rest_route=\/wp\/v2\/users\/2"}],"replies":[{"embeddable":true,"href":"https:\/\/quehacerpolitico.mx\/index.php?rest_route=%2Fwp%2Fv2%2Fcomments&post=2734"}],"version-history":[{"count":0,"href":"https:\/\/quehacerpolitico.mx\/index.php?rest_route=\/wp\/v2\/posts\/2734\/revisions"}],"wp:featuredmedia":[{"embeddable":true,"href":"https:\/\/quehacerpolitico.mx\/index.php?rest_route=\/"}],"wp:attachment":[{"href":"https:\/\/quehacerpolitico.mx\/index.php?rest_route=%2Fwp%2Fv2%2Fmedia&parent=2734"}],"wp:term":[{"taxonomy":"category","embeddable":true,"href":"https:\/\/quehacerpolitico.mx\/index.php?rest_route=%2Fwp%2Fv2%2Fcategories&post=2734"},{"taxonomy":"post_tag","embeddable":true,"href":"https:\/\/quehacerpolitico.mx\/index.php?rest_route=%2Fwp%2Fv2%2Ftags&post=2734"}],"curies":[{"name":"wp","href":"https:\/\/api.w.org\/{rel}","templated":true}]}}