{"id":2715,"date":"2018-08-18T01:27:23","date_gmt":"2018-08-18T01:27:23","guid":{"rendered":"http:\/\/quehacerpolitico.mx\/criminales-secuestran-18-dias-y-mutilan-el-dedo-a-un-nino-de-9-anos-en-edomex-los-detuvieron\/"},"modified":"2018-08-18T01:27:23","modified_gmt":"2018-08-18T01:27:23","slug":"criminales-secuestran-18-dias-y-mutilan-el-dedo-a-un-nino-de-9-anos-en-edomex-los-detuvieron","status":"publish","type":"post","link":"https:\/\/quehacerpolitico.mx\/?p=2715","title":{"rendered":"Criminales secuestran 18 d\u00edas y mutilan el dedo a un ni\u00f1o de 9 a\u00f1os en Edomex; los detuvieron"},"content":{"rendered":"<h3>Uno de los presuntos secuestradores, quien fue detenido mientras viajaba en una motocicleta, dio informaci\u00f3n relevante para hallar al peque\u00f1o. Cuando los polic\u00edas al fin llegaron al lugar, encontraron que el menor ten\u00eda la mano izquierda vendada: los captores habr\u00edan enviado el dedo me\u00f1ique del ni\u00f1o a su familia como amenaza para que pagaran el rescate.<\/h3>\n<p>La <strong>Fiscal\u00eda de Justicia del Estado de M\u00e9xico<\/strong> dio a conocer que\u00a0agentes ministeriales liberaron a un <strong>ni\u00f1o de 9 a\u00f1os<\/strong>, quien fue\u00a0<strong>secuestrado durante 18 d\u00edas, <\/strong>y detuvieron a un hombre por su probable responsabilidad.<\/p>\n<p>De acuerdo con <em>Afondoedomex<\/em>, la autoridades mexiquenses informaron que los presuntos secuestradores mutilaron un dedo al menor de edad.<\/p>\n<p>El rescate se di gracias a que los agentes de investigaci\u00f3n del Estado de M\u00e9xico recibieron una denuncia\u00a0sobre el plagio de una mam\u00e1 y su hijo en un centro religioso.<\/p>\n<p>Personal de seguridad despleg\u00f3 un operativo luego de que la familia empez\u00f3 a recibir llamadas para pedirles el rescate y no hacerle da\u00f1o al peque\u00f1o.<\/p>\n<p>De acuerdo con este diario mexiquense, los presuntos plagiadores liberaron a la madre d\u00edas antes del incidente.<\/p>\n<p>las indagatorias continuaron en la colonia de San Crist\u00f3bal y, tras un despliegue en la carretera M\u00e9xico Pachuca, se detuvo a dos individuos que viajaban abordo de una motocicleta y quienes estar\u00edan relacionados con el secuestro.<\/p>\n<p>Las autoridades pidieron a los delincuentes que se detuvieran, sin embargo estos trataron de huir, incluso accionaron sus armas de fuego.<\/p>\n<p>Los polic\u00edas lograron detener a uno los dos presuntos secuestradores, quien dar\u00eda informaci\u00f3n\u00a0del lugar donde se hallaba el menor.<\/p>\n<p>Los agentes se trasladaron al lugar indicado por el reci\u00e9n aprehendido y encontraron al peque\u00f1o, muy cerca de una estaci\u00f3n del metrob\u00fas, en la v\u00eda L\u00f3pez Portillo. Al momento de su rescate, el ni\u00f1os de nueve a\u00f1os ten\u00eda la mano izquierda vendada debido a que sus captores le habr\u00edan cortado su dedo me\u00f1ique, seg\u00fan Afondoedomex<\/p>\n<p>La persona detenida fue identificada como Heriberto \u201cN\u201d, de 37 a\u00f1os de edad, y qued\u00f3 a disposici\u00f3n del Ministerio P\u00fablico para que un juez pueda determinar su situaci\u00f3n jur\u00eddica en los pr\u00f3ximos d\u00edas, indic\u00f3 el fiscal de la entidad.<\/p>\n<p><em>Con informaci\u00f3n de A Fondo Edomex<\/em><\/p>\n","protected":false},"excerpt":{"rendered":"<p>Criminales secuestran 18 d\u00edas y mutilan el dedo a un ni\u00f1o de 9 a\u00f1os en Edomex; los detuvieron<br \/>\nPor Redacci\u00f3n QP<\/p>\n","protected":false},"author":2,"featured_media":2714,"comment_status":"open","ping_status":"open","sticky":false,"template":"","format":"standard","meta":{"_monsterinsights_skip_tracking":false,"_monsterinsights_sitenote_active":false,"_monsterinsights_sitenote_note":"","_monsterinsights_sitenote_category":0,"footnotes":""},"categories":[2],"tags":[],"class_list":["post-2715","post","type-post","status-publish","format-standard","has-post-thumbnail","hentry","category-noticias"],"yoast_head":"<!-- This site is optimized with the Yoast SEO plugin v27.3 - https:\/\/yoast.com\/product\/yoast-seo-wordpress\/ -->\n<title>Criminales secuestran 18 d\u00edas y mutilan el dedo a un ni\u00f1o de 9 a\u00f1os en Edomex; los detuvieron -<\/title>\n<meta name=\"robots\" content=\"index, follow, max-snippet:-1, max-image-preview:large, max-video-preview:-1\" \/>\n<link rel=\"canonical\" href=\"https:\/\/quehacerpolitico.mx\/?p=2715\" \/>\n<meta property=\"og:locale\" content=\"es_MX\" \/>\n<meta property=\"og:type\" content=\"article\" \/>\n<meta property=\"og:title\" content=\"Criminales secuestran 18 d\u00edas y mutilan el dedo a un ni\u00f1o de 9 a\u00f1os en Edomex; los detuvieron -\" \/>\n<meta property=\"og:description\" content=\"Criminales secuestran 18 d\u00edas y mutilan el dedo a un ni\u00f1o de 9 a\u00f1os en Edomex; los detuvieron Por Redacci\u00f3n QP\" \/>\n<meta property=\"og:url\" content=\"https:\/\/quehacerpolitico.mx\/?p=2715\" \/>\n<meta property=\"article:published_time\" content=\"2018-08-18T01:27:23+00:00\" \/>\n<meta name=\"author\" content=\"Redacci\u00f3n QP\" \/>\n<meta name=\"twitter:card\" content=\"summary_large_image\" \/>\n<meta name=\"twitter:label1\" content=\"Escrito por\" \/>\n\t<meta name=\"twitter:data1\" content=\"Redacci\u00f3n QP\" \/>\n\t<meta name=\"twitter:label2\" content=\"Tiempo de lectura\" \/>\n\t<meta name=\"twitter:data2\" content=\"2 minutos\" \/>\n<script type=\"application\/ld+json\" class=\"yoast-schema-graph\">{\"@context\":\"https:\\\/\\\/schema.org\",\"@graph\":[{\"@type\":\"Article\",\"@id\":\"https:\\\/\\\/quehacerpolitico.mx\\\/?p=2715#article\",\"isPartOf\":{\"@id\":\"https:\\\/\\\/quehacerpolitico.mx\\\/?p=2715\"},\"author\":{\"name\":\"Redacci\u00f3n QP\",\"@id\":\"https:\\\/\\\/quehacerpolitico.mx\\\/#\\\/schema\\\/person\\\/496d8ad2d1d3f8036101dca7ee39e585\"},\"headline\":\"Criminales secuestran 18 d\u00edas y mutilan el dedo a un ni\u00f1o de 9 a\u00f1os en Edomex; los detuvieron\",\"datePublished\":\"2018-08-18T01:27:23+00:00\",\"mainEntityOfPage\":{\"@id\":\"https:\\\/\\\/quehacerpolitico.mx\\\/?p=2715\"},\"wordCount\":420,\"commentCount\":0,\"image\":{\"@id\":\"https:\\\/\\\/quehacerpolitico.mx\\\/?p=2715#primaryimage\"},\"thumbnailUrl\":\"\",\"articleSection\":[\"Noticias\"],\"inLanguage\":\"es\",\"potentialAction\":[{\"@type\":\"CommentAction\",\"name\":\"Comment\",\"target\":[\"https:\\\/\\\/quehacerpolitico.mx\\\/?p=2715#respond\"]}]},{\"@type\":\"WebPage\",\"@id\":\"https:\\\/\\\/quehacerpolitico.mx\\\/?p=2715\",\"url\":\"https:\\\/\\\/quehacerpolitico.mx\\\/?p=2715\",\"name\":\"Criminales secuestran 18 d\u00edas y mutilan el dedo a un ni\u00f1o de 9 a\u00f1os en Edomex; los detuvieron -\",\"isPartOf\":{\"@id\":\"https:\\\/\\\/quehacerpolitico.mx\\\/#website\"},\"primaryImageOfPage\":{\"@id\":\"https:\\\/\\\/quehacerpolitico.mx\\\/?p=2715#primaryimage\"},\"image\":{\"@id\":\"https:\\\/\\\/quehacerpolitico.mx\\\/?p=2715#primaryimage\"},\"thumbnailUrl\":\"\",\"datePublished\":\"2018-08-18T01:27:23+00:00\",\"author\":{\"@id\":\"https:\\\/\\\/quehacerpolitico.mx\\\/#\\\/schema\\\/person\\\/496d8ad2d1d3f8036101dca7ee39e585\"},\"breadcrumb\":{\"@id\":\"https:\\\/\\\/quehacerpolitico.mx\\\/?p=2715#breadcrumb\"},\"inLanguage\":\"es\",\"potentialAction\":[{\"@type\":\"ReadAction\",\"target\":[\"https:\\\/\\\/quehacerpolitico.mx\\\/?p=2715\"]}]},{\"@type\":\"ImageObject\",\"inLanguage\":\"es\",\"@id\":\"https:\\\/\\\/quehacerpolitico.mx\\\/?p=2715#primaryimage\",\"url\":\"\",\"contentUrl\":\"\"},{\"@type\":\"BreadcrumbList\",\"@id\":\"https:\\\/\\\/quehacerpolitico.mx\\\/?p=2715#breadcrumb\",\"itemListElement\":[{\"@type\":\"ListItem\",\"position\":1,\"name\":\"Inicio\",\"item\":\"https:\\\/\\\/quehacerpolitico.mx\\\/\"},{\"@type\":\"ListItem\",\"position\":2,\"name\":\"Criminales secuestran 18 d\u00edas y mutilan el dedo a un ni\u00f1o de 9 a\u00f1os en Edomex; los detuvieron\"}]},{\"@type\":\"WebSite\",\"@id\":\"https:\\\/\\\/quehacerpolitico.mx\\\/#website\",\"url\":\"https:\\\/\\\/quehacerpolitico.mx\\\/\",\"name\":\"\",\"description\":\"\",\"potentialAction\":[{\"@type\":\"SearchAction\",\"target\":{\"@type\":\"EntryPoint\",\"urlTemplate\":\"https:\\\/\\\/quehacerpolitico.mx\\\/?s={search_term_string}\"},\"query-input\":{\"@type\":\"PropertyValueSpecification\",\"valueRequired\":true,\"valueName\":\"search_term_string\"}}],\"inLanguage\":\"es\"},{\"@type\":\"Person\",\"@id\":\"https:\\\/\\\/quehacerpolitico.mx\\\/#\\\/schema\\\/person\\\/496d8ad2d1d3f8036101dca7ee39e585\",\"name\":\"Redacci\u00f3n QP\",\"image\":{\"@type\":\"ImageObject\",\"inLanguage\":\"es\",\"@id\":\"https:\\\/\\\/secure.gravatar.com\\\/avatar\\\/c7164ed6fdec453195284ad24a5ae5b6e1eed2b848477fa2a4787ba9adf39a41?s=96&d=mm&r=g\",\"url\":\"https:\\\/\\\/secure.gravatar.com\\\/avatar\\\/c7164ed6fdec453195284ad24a5ae5b6e1eed2b848477fa2a4787ba9adf39a41?s=96&d=mm&r=g\",\"contentUrl\":\"https:\\\/\\\/secure.gravatar.com\\\/avatar\\\/c7164ed6fdec453195284ad24a5ae5b6e1eed2b848477fa2a4787ba9adf39a41?s=96&d=mm&r=g\",\"caption\":\"Redacci\u00f3n QP\"},\"url\":\"https:\\\/\\\/quehacerpolitico.mx\\\/?author=2\"}]}<\/script>\n<!-- \/ Yoast SEO plugin. -->","yoast_head_json":{"title":"Criminales secuestran 18 d\u00edas y mutilan el dedo a un ni\u00f1o de 9 a\u00f1os en Edomex; los detuvieron -","robots":{"index":"index","follow":"follow","max-snippet":"max-snippet:-1","max-image-preview":"max-image-preview:large","max-video-preview":"max-video-preview:-1"},"canonical":"https:\/\/quehacerpolitico.mx\/?p=2715","og_locale":"es_MX","og_type":"article","og_title":"Criminales secuestran 18 d\u00edas y mutilan el dedo a un ni\u00f1o de 9 a\u00f1os en Edomex; los detuvieron -","og_description":"Criminales secuestran 18 d\u00edas y mutilan el dedo a un ni\u00f1o de 9 a\u00f1os en Edomex; los detuvieron Por Redacci\u00f3n QP","og_url":"https:\/\/quehacerpolitico.mx\/?p=2715","article_published_time":"2018-08-18T01:27:23+00:00","author":"Redacci\u00f3n QP","twitter_card":"summary_large_image","twitter_misc":{"Escrito por":"Redacci\u00f3n QP","Tiempo de lectura":"2 minutos"},"schema":{"@context":"https:\/\/schema.org","@graph":[{"@type":"Article","@id":"https:\/\/quehacerpolitico.mx\/?p=2715#article","isPartOf":{"@id":"https:\/\/quehacerpolitico.mx\/?p=2715"},"author":{"name":"Redacci\u00f3n QP","@id":"https:\/\/quehacerpolitico.mx\/#\/schema\/person\/496d8ad2d1d3f8036101dca7ee39e585"},"headline":"Criminales secuestran 18 d\u00edas y mutilan el dedo a un ni\u00f1o de 9 a\u00f1os en Edomex; los detuvieron","datePublished":"2018-08-18T01:27:23+00:00","mainEntityOfPage":{"@id":"https:\/\/quehacerpolitico.mx\/?p=2715"},"wordCount":420,"commentCount":0,"image":{"@id":"https:\/\/quehacerpolitico.mx\/?p=2715#primaryimage"},"thumbnailUrl":"","articleSection":["Noticias"],"inLanguage":"es","potentialAction":[{"@type":"CommentAction","name":"Comment","target":["https:\/\/quehacerpolitico.mx\/?p=2715#respond"]}]},{"@type":"WebPage","@id":"https:\/\/quehacerpolitico.mx\/?p=2715","url":"https:\/\/quehacerpolitico.mx\/?p=2715","name":"Criminales secuestran 18 d\u00edas y mutilan el dedo a un ni\u00f1o de 9 a\u00f1os en Edomex; los detuvieron -","isPartOf":{"@id":"https:\/\/quehacerpolitico.mx\/#website"},"primaryImageOfPage":{"@id":"https:\/\/quehacerpolitico.mx\/?p=2715#primaryimage"},"image":{"@id":"https:\/\/quehacerpolitico.mx\/?p=2715#primaryimage"},"thumbnailUrl":"","datePublished":"2018-08-18T01:27:23+00:00","author":{"@id":"https:\/\/quehacerpolitico.mx\/#\/schema\/person\/496d8ad2d1d3f8036101dca7ee39e585"},"breadcrumb":{"@id":"https:\/\/quehacerpolitico.mx\/?p=2715#breadcrumb"},"inLanguage":"es","potentialAction":[{"@type":"ReadAction","target":["https:\/\/quehacerpolitico.mx\/?p=2715"]}]},{"@type":"ImageObject","inLanguage":"es","@id":"https:\/\/quehacerpolitico.mx\/?p=2715#primaryimage","url":"","contentUrl":""},{"@type":"BreadcrumbList","@id":"https:\/\/quehacerpolitico.mx\/?p=2715#breadcrumb","itemListElement":[{"@type":"ListItem","position":1,"name":"Inicio","item":"https:\/\/quehacerpolitico.mx\/"},{"@type":"ListItem","position":2,"name":"Criminales secuestran 18 d\u00edas y mutilan el dedo a un ni\u00f1o de 9 a\u00f1os en Edomex; los detuvieron"}]},{"@type":"WebSite","@id":"https:\/\/quehacerpolitico.mx\/#website","url":"https:\/\/quehacerpolitico.mx\/","name":"","description":"","potentialAction":[{"@type":"SearchAction","target":{"@type":"EntryPoint","urlTemplate":"https:\/\/quehacerpolitico.mx\/?s={search_term_string}"},"query-input":{"@type":"PropertyValueSpecification","valueRequired":true,"valueName":"search_term_string"}}],"inLanguage":"es"},{"@type":"Person","@id":"https:\/\/quehacerpolitico.mx\/#\/schema\/person\/496d8ad2d1d3f8036101dca7ee39e585","name":"Redacci\u00f3n QP","image":{"@type":"ImageObject","inLanguage":"es","@id":"https:\/\/secure.gravatar.com\/avatar\/c7164ed6fdec453195284ad24a5ae5b6e1eed2b848477fa2a4787ba9adf39a41?s=96&d=mm&r=g","url":"https:\/\/secure.gravatar.com\/avatar\/c7164ed6fdec453195284ad24a5ae5b6e1eed2b848477fa2a4787ba9adf39a41?s=96&d=mm&r=g","contentUrl":"https:\/\/secure.gravatar.com\/avatar\/c7164ed6fdec453195284ad24a5ae5b6e1eed2b848477fa2a4787ba9adf39a41?s=96&d=mm&r=g","caption":"Redacci\u00f3n QP"},"url":"https:\/\/quehacerpolitico.mx\/?author=2"}]}},"featured_image_urls":{"full":"","thumbnail":"","medium":"","medium_large":"","large":"","1536x1536":"","2048x2048":"","covernews-featured":"","covernews-medium":""},"author_info":{"display_name":"Redacci\u00f3n QP","author_link":"https:\/\/quehacerpolitico.mx\/?author=2"},"category_info":"<a href=\"https:\/\/quehacerpolitico.mx\/?cat=2\" rel=\"category\">Noticias<\/a>","tag_info":"Noticias","comment_count":"0","_links":{"self":[{"href":"https:\/\/quehacerpolitico.mx\/index.php?rest_route=\/wp\/v2\/posts\/2715","targetHints":{"allow":["GET"]}}],"collection":[{"href":"https:\/\/quehacerpolitico.mx\/index.php?rest_route=\/wp\/v2\/posts"}],"about":[{"href":"https:\/\/quehacerpolitico.mx\/index.php?rest_route=\/wp\/v2\/types\/post"}],"author":[{"embeddable":true,"href":"https:\/\/quehacerpolitico.mx\/index.php?rest_route=\/wp\/v2\/users\/2"}],"replies":[{"embeddable":true,"href":"https:\/\/quehacerpolitico.mx\/index.php?rest_route=%2Fwp%2Fv2%2Fcomments&post=2715"}],"version-history":[{"count":0,"href":"https:\/\/quehacerpolitico.mx\/index.php?rest_route=\/wp\/v2\/posts\/2715\/revisions"}],"wp:featuredmedia":[{"embeddable":true,"href":"https:\/\/quehacerpolitico.mx\/index.php?rest_route=\/"}],"wp:attachment":[{"href":"https:\/\/quehacerpolitico.mx\/index.php?rest_route=%2Fwp%2Fv2%2Fmedia&parent=2715"}],"wp:term":[{"taxonomy":"category","embeddable":true,"href":"https:\/\/quehacerpolitico.mx\/index.php?rest_route=%2Fwp%2Fv2%2Fcategories&post=2715"},{"taxonomy":"post_tag","embeddable":true,"href":"https:\/\/quehacerpolitico.mx\/index.php?rest_route=%2Fwp%2Fv2%2Ftags&post=2715"}],"curies":[{"name":"wp","href":"https:\/\/api.w.org\/{rel}","templated":true}]}}