{"id":2713,"date":"2018-08-18T01:21:06","date_gmt":"2018-08-18T01:21:06","guid":{"rendered":"http:\/\/quehacerpolitico.mx\/amlo-y-ebrard-se-reunen-con-el-ministro-de-relaciones-exteriores-de-japon-promete-invertir-mas-en-mexico\/"},"modified":"2018-08-18T01:21:06","modified_gmt":"2018-08-18T01:21:06","slug":"amlo-y-ebrard-se-reunen-con-el-ministro-de-relaciones-exteriores-de-japon-promete-invertir-mas-en-mexico","status":"publish","type":"post","link":"https:\/\/quehacerpolitico.mx\/?p=2713","title":{"rendered":"AMLO y Ebrard se re\u00fanen con el Ministro de Relaciones Exteriores de Jap\u00f3n; promete invertir m\u00e1s en M\u00e9xico"},"content":{"rendered":"<h3>Tras el encuentro, el pr\u00f3ximo titular de Relaciones Exteriores, Marcelo Ebrard Casaub\u00f3n, inform\u00f3 que el funcionario asi\u00e1tico expuso que su pa\u00eds tiene previsto aumentar sus inversiones en M\u00e9xico en la industria automotriz y que se podr\u00eda extender a otros ramos.<\/h3>\n<p>El Presidente electo, <strong>Andr\u00e9s Manuel L\u00f3pez Obrador<\/strong>, se reuni\u00f3 este d\u00eda con el <strong>Ministro de Asuntos Exteriores de Jap\u00f3n,\u00a0Taro Kono<\/strong>.<\/p>\n<p>Tras el encuentro, el pr\u00f3ximo titular de Relaciones Exteriores,<strong> Marcelo Ebrard Casaub\u00f3n<\/strong>, inform\u00f3 que el funcionario asi\u00e1tico expuso que su pa\u00eds tiene previsto <strong>aumentar sus inversiones en M\u00e9xico<\/strong>.<\/p>\n<p>Ebrard se\u00f1al\u00f3 que en especifico se habl\u00f3 de la<strong>industria automotriz<\/strong>: \u201cEl porcentaje de autopartes y de componentes de la industria automotriz que se va a hacer en Norteam\u00e9rica y espec\u00edficamente en M\u00e9xico van a crecer m\u00e1s en los pr\u00f3ximos cinco a\u00f1os\u201d, sostuvo en un breve mensaje que dio afuera de la casa de campa\u00f1a de L\u00f3pez Obrador en la Ciudad de M\u00e9xico.<\/p>\n<p>Aunque dijo que s\u00f3lo se hablo de este caso, el futuro Canciller de M\u00e9xico se\u00f1al\u00f3 que el Primer Ministro japon\u00e9s dijo que su pa\u00eds \u201cest\u00e1 en la mejor disposici\u00f3n de aumentar la inversi\u00f3n en M\u00e9xico, es m\u00e1s ya lo tenemos previsto en lo que hace en la industria automotriz, pero lo podemos hacer en otras ramas&#8217;\u201d.<\/p>\n<p>Agreg\u00f3 que no presentaron cifras y que en octubre dar\u00e1n seguimiento a este encuentro.<\/p>\n<p>Se\u00f1al\u00f3 adem\u00e1s que el pr\u00f3ximo Gobierno pretende \u201creducir el desbalance comercial que existe en favor de Jap\u00f3n\u201d.<\/p>\n","protected":false},"excerpt":{"rendered":"<p>AMLO y Ebrard se re\u00fanen con el Ministro de Relaciones Exteriores de Jap\u00f3n; promete invertir m\u00e1s en M\u00e9xico<br \/>\nPor Redacci\u00f3n QP<\/p>\n","protected":false},"author":2,"featured_media":2712,"comment_status":"open","ping_status":"open","sticky":false,"template":"","format":"standard","meta":{"_monsterinsights_skip_tracking":false,"_monsterinsights_sitenote_active":false,"_monsterinsights_sitenote_note":"","_monsterinsights_sitenote_category":0,"footnotes":""},"categories":[2],"tags":[],"class_list":["post-2713","post","type-post","status-publish","format-standard","has-post-thumbnail","hentry","category-noticias"],"yoast_head":"<!-- This site is optimized with the Yoast SEO plugin v27.3 - https:\/\/yoast.com\/product\/yoast-seo-wordpress\/ -->\n<title>AMLO y Ebrard se re\u00fanen con el Ministro de Relaciones Exteriores de Jap\u00f3n; promete invertir m\u00e1s en M\u00e9xico -<\/title>\n<meta name=\"robots\" content=\"index, follow, max-snippet:-1, max-image-preview:large, max-video-preview:-1\" \/>\n<link rel=\"canonical\" href=\"https:\/\/quehacerpolitico.mx\/?p=2713\" \/>\n<meta property=\"og:locale\" content=\"es_MX\" \/>\n<meta property=\"og:type\" content=\"article\" \/>\n<meta property=\"og:title\" content=\"AMLO y Ebrard se re\u00fanen con el Ministro de Relaciones Exteriores de Jap\u00f3n; promete invertir m\u00e1s en M\u00e9xico -\" \/>\n<meta property=\"og:description\" content=\"AMLO y Ebrard se re\u00fanen con el Ministro de Relaciones Exteriores de Jap\u00f3n; promete invertir m\u00e1s en M\u00e9xico Por Redacci\u00f3n QP\" \/>\n<meta property=\"og:url\" content=\"https:\/\/quehacerpolitico.mx\/?p=2713\" \/>\n<meta property=\"article:published_time\" content=\"2018-08-18T01:21:06+00:00\" \/>\n<meta name=\"author\" content=\"Redacci\u00f3n QP\" \/>\n<meta name=\"twitter:card\" content=\"summary_large_image\" \/>\n<meta name=\"twitter:label1\" content=\"Escrito por\" \/>\n\t<meta name=\"twitter:data1\" content=\"Redacci\u00f3n QP\" \/>\n\t<meta name=\"twitter:label2\" content=\"Tiempo de lectura\" \/>\n\t<meta name=\"twitter:data2\" content=\"1 minuto\" \/>\n<script type=\"application\/ld+json\" class=\"yoast-schema-graph\">{\"@context\":\"https:\\\/\\\/schema.org\",\"@graph\":[{\"@type\":\"Article\",\"@id\":\"https:\\\/\\\/quehacerpolitico.mx\\\/?p=2713#article\",\"isPartOf\":{\"@id\":\"https:\\\/\\\/quehacerpolitico.mx\\\/?p=2713\"},\"author\":{\"name\":\"Redacci\u00f3n QP\",\"@id\":\"https:\\\/\\\/quehacerpolitico.mx\\\/#\\\/schema\\\/person\\\/496d8ad2d1d3f8036101dca7ee39e585\"},\"headline\":\"AMLO y Ebrard se re\u00fanen con el Ministro de Relaciones Exteriores de Jap\u00f3n; promete invertir m\u00e1s en M\u00e9xico\",\"datePublished\":\"2018-08-18T01:21:06+00:00\",\"mainEntityOfPage\":{\"@id\":\"https:\\\/\\\/quehacerpolitico.mx\\\/?p=2713\"},\"wordCount\":299,\"commentCount\":0,\"image\":{\"@id\":\"https:\\\/\\\/quehacerpolitico.mx\\\/?p=2713#primaryimage\"},\"thumbnailUrl\":\"\",\"articleSection\":[\"Noticias\"],\"inLanguage\":\"es\",\"potentialAction\":[{\"@type\":\"CommentAction\",\"name\":\"Comment\",\"target\":[\"https:\\\/\\\/quehacerpolitico.mx\\\/?p=2713#respond\"]}]},{\"@type\":\"WebPage\",\"@id\":\"https:\\\/\\\/quehacerpolitico.mx\\\/?p=2713\",\"url\":\"https:\\\/\\\/quehacerpolitico.mx\\\/?p=2713\",\"name\":\"AMLO y Ebrard se re\u00fanen con el Ministro de Relaciones Exteriores de Jap\u00f3n; promete invertir m\u00e1s en M\u00e9xico -\",\"isPartOf\":{\"@id\":\"https:\\\/\\\/quehacerpolitico.mx\\\/#website\"},\"primaryImageOfPage\":{\"@id\":\"https:\\\/\\\/quehacerpolitico.mx\\\/?p=2713#primaryimage\"},\"image\":{\"@id\":\"https:\\\/\\\/quehacerpolitico.mx\\\/?p=2713#primaryimage\"},\"thumbnailUrl\":\"\",\"datePublished\":\"2018-08-18T01:21:06+00:00\",\"author\":{\"@id\":\"https:\\\/\\\/quehacerpolitico.mx\\\/#\\\/schema\\\/person\\\/496d8ad2d1d3f8036101dca7ee39e585\"},\"breadcrumb\":{\"@id\":\"https:\\\/\\\/quehacerpolitico.mx\\\/?p=2713#breadcrumb\"},\"inLanguage\":\"es\",\"potentialAction\":[{\"@type\":\"ReadAction\",\"target\":[\"https:\\\/\\\/quehacerpolitico.mx\\\/?p=2713\"]}]},{\"@type\":\"ImageObject\",\"inLanguage\":\"es\",\"@id\":\"https:\\\/\\\/quehacerpolitico.mx\\\/?p=2713#primaryimage\",\"url\":\"\",\"contentUrl\":\"\"},{\"@type\":\"BreadcrumbList\",\"@id\":\"https:\\\/\\\/quehacerpolitico.mx\\\/?p=2713#breadcrumb\",\"itemListElement\":[{\"@type\":\"ListItem\",\"position\":1,\"name\":\"Inicio\",\"item\":\"https:\\\/\\\/quehacerpolitico.mx\\\/\"},{\"@type\":\"ListItem\",\"position\":2,\"name\":\"AMLO y Ebrard se re\u00fanen con el Ministro de Relaciones Exteriores de Jap\u00f3n; promete invertir m\u00e1s en M\u00e9xico\"}]},{\"@type\":\"WebSite\",\"@id\":\"https:\\\/\\\/quehacerpolitico.mx\\\/#website\",\"url\":\"https:\\\/\\\/quehacerpolitico.mx\\\/\",\"name\":\"\",\"description\":\"\",\"potentialAction\":[{\"@type\":\"SearchAction\",\"target\":{\"@type\":\"EntryPoint\",\"urlTemplate\":\"https:\\\/\\\/quehacerpolitico.mx\\\/?s={search_term_string}\"},\"query-input\":{\"@type\":\"PropertyValueSpecification\",\"valueRequired\":true,\"valueName\":\"search_term_string\"}}],\"inLanguage\":\"es\"},{\"@type\":\"Person\",\"@id\":\"https:\\\/\\\/quehacerpolitico.mx\\\/#\\\/schema\\\/person\\\/496d8ad2d1d3f8036101dca7ee39e585\",\"name\":\"Redacci\u00f3n QP\",\"image\":{\"@type\":\"ImageObject\",\"inLanguage\":\"es\",\"@id\":\"https:\\\/\\\/secure.gravatar.com\\\/avatar\\\/c7164ed6fdec453195284ad24a5ae5b6e1eed2b848477fa2a4787ba9adf39a41?s=96&d=mm&r=g\",\"url\":\"https:\\\/\\\/secure.gravatar.com\\\/avatar\\\/c7164ed6fdec453195284ad24a5ae5b6e1eed2b848477fa2a4787ba9adf39a41?s=96&d=mm&r=g\",\"contentUrl\":\"https:\\\/\\\/secure.gravatar.com\\\/avatar\\\/c7164ed6fdec453195284ad24a5ae5b6e1eed2b848477fa2a4787ba9adf39a41?s=96&d=mm&r=g\",\"caption\":\"Redacci\u00f3n QP\"},\"url\":\"https:\\\/\\\/quehacerpolitico.mx\\\/?author=2\"}]}<\/script>\n<!-- \/ Yoast SEO plugin. -->","yoast_head_json":{"title":"AMLO y Ebrard se re\u00fanen con el Ministro de Relaciones Exteriores de Jap\u00f3n; promete invertir m\u00e1s en M\u00e9xico -","robots":{"index":"index","follow":"follow","max-snippet":"max-snippet:-1","max-image-preview":"max-image-preview:large","max-video-preview":"max-video-preview:-1"},"canonical":"https:\/\/quehacerpolitico.mx\/?p=2713","og_locale":"es_MX","og_type":"article","og_title":"AMLO y Ebrard se re\u00fanen con el Ministro de Relaciones Exteriores de Jap\u00f3n; promete invertir m\u00e1s en M\u00e9xico -","og_description":"AMLO y Ebrard se re\u00fanen con el Ministro de Relaciones Exteriores de Jap\u00f3n; promete invertir m\u00e1s en M\u00e9xico Por Redacci\u00f3n QP","og_url":"https:\/\/quehacerpolitico.mx\/?p=2713","article_published_time":"2018-08-18T01:21:06+00:00","author":"Redacci\u00f3n QP","twitter_card":"summary_large_image","twitter_misc":{"Escrito por":"Redacci\u00f3n QP","Tiempo de lectura":"1 minuto"},"schema":{"@context":"https:\/\/schema.org","@graph":[{"@type":"Article","@id":"https:\/\/quehacerpolitico.mx\/?p=2713#article","isPartOf":{"@id":"https:\/\/quehacerpolitico.mx\/?p=2713"},"author":{"name":"Redacci\u00f3n QP","@id":"https:\/\/quehacerpolitico.mx\/#\/schema\/person\/496d8ad2d1d3f8036101dca7ee39e585"},"headline":"AMLO y Ebrard se re\u00fanen con el Ministro de Relaciones Exteriores de Jap\u00f3n; promete invertir m\u00e1s en M\u00e9xico","datePublished":"2018-08-18T01:21:06+00:00","mainEntityOfPage":{"@id":"https:\/\/quehacerpolitico.mx\/?p=2713"},"wordCount":299,"commentCount":0,"image":{"@id":"https:\/\/quehacerpolitico.mx\/?p=2713#primaryimage"},"thumbnailUrl":"","articleSection":["Noticias"],"inLanguage":"es","potentialAction":[{"@type":"CommentAction","name":"Comment","target":["https:\/\/quehacerpolitico.mx\/?p=2713#respond"]}]},{"@type":"WebPage","@id":"https:\/\/quehacerpolitico.mx\/?p=2713","url":"https:\/\/quehacerpolitico.mx\/?p=2713","name":"AMLO y Ebrard se re\u00fanen con el Ministro de Relaciones Exteriores de Jap\u00f3n; promete invertir m\u00e1s en M\u00e9xico -","isPartOf":{"@id":"https:\/\/quehacerpolitico.mx\/#website"},"primaryImageOfPage":{"@id":"https:\/\/quehacerpolitico.mx\/?p=2713#primaryimage"},"image":{"@id":"https:\/\/quehacerpolitico.mx\/?p=2713#primaryimage"},"thumbnailUrl":"","datePublished":"2018-08-18T01:21:06+00:00","author":{"@id":"https:\/\/quehacerpolitico.mx\/#\/schema\/person\/496d8ad2d1d3f8036101dca7ee39e585"},"breadcrumb":{"@id":"https:\/\/quehacerpolitico.mx\/?p=2713#breadcrumb"},"inLanguage":"es","potentialAction":[{"@type":"ReadAction","target":["https:\/\/quehacerpolitico.mx\/?p=2713"]}]},{"@type":"ImageObject","inLanguage":"es","@id":"https:\/\/quehacerpolitico.mx\/?p=2713#primaryimage","url":"","contentUrl":""},{"@type":"BreadcrumbList","@id":"https:\/\/quehacerpolitico.mx\/?p=2713#breadcrumb","itemListElement":[{"@type":"ListItem","position":1,"name":"Inicio","item":"https:\/\/quehacerpolitico.mx\/"},{"@type":"ListItem","position":2,"name":"AMLO y Ebrard se re\u00fanen con el Ministro de Relaciones Exteriores de Jap\u00f3n; promete invertir m\u00e1s en M\u00e9xico"}]},{"@type":"WebSite","@id":"https:\/\/quehacerpolitico.mx\/#website","url":"https:\/\/quehacerpolitico.mx\/","name":"","description":"","potentialAction":[{"@type":"SearchAction","target":{"@type":"EntryPoint","urlTemplate":"https:\/\/quehacerpolitico.mx\/?s={search_term_string}"},"query-input":{"@type":"PropertyValueSpecification","valueRequired":true,"valueName":"search_term_string"}}],"inLanguage":"es"},{"@type":"Person","@id":"https:\/\/quehacerpolitico.mx\/#\/schema\/person\/496d8ad2d1d3f8036101dca7ee39e585","name":"Redacci\u00f3n QP","image":{"@type":"ImageObject","inLanguage":"es","@id":"https:\/\/secure.gravatar.com\/avatar\/c7164ed6fdec453195284ad24a5ae5b6e1eed2b848477fa2a4787ba9adf39a41?s=96&d=mm&r=g","url":"https:\/\/secure.gravatar.com\/avatar\/c7164ed6fdec453195284ad24a5ae5b6e1eed2b848477fa2a4787ba9adf39a41?s=96&d=mm&r=g","contentUrl":"https:\/\/secure.gravatar.com\/avatar\/c7164ed6fdec453195284ad24a5ae5b6e1eed2b848477fa2a4787ba9adf39a41?s=96&d=mm&r=g","caption":"Redacci\u00f3n QP"},"url":"https:\/\/quehacerpolitico.mx\/?author=2"}]}},"featured_image_urls":{"full":"","thumbnail":"","medium":"","medium_large":"","large":"","1536x1536":"","2048x2048":"","covernews-featured":"","covernews-medium":""},"author_info":{"display_name":"Redacci\u00f3n QP","author_link":"https:\/\/quehacerpolitico.mx\/?author=2"},"category_info":"<a href=\"https:\/\/quehacerpolitico.mx\/?cat=2\" rel=\"category\">Noticias<\/a>","tag_info":"Noticias","comment_count":"0","_links":{"self":[{"href":"https:\/\/quehacerpolitico.mx\/index.php?rest_route=\/wp\/v2\/posts\/2713","targetHints":{"allow":["GET"]}}],"collection":[{"href":"https:\/\/quehacerpolitico.mx\/index.php?rest_route=\/wp\/v2\/posts"}],"about":[{"href":"https:\/\/quehacerpolitico.mx\/index.php?rest_route=\/wp\/v2\/types\/post"}],"author":[{"embeddable":true,"href":"https:\/\/quehacerpolitico.mx\/index.php?rest_route=\/wp\/v2\/users\/2"}],"replies":[{"embeddable":true,"href":"https:\/\/quehacerpolitico.mx\/index.php?rest_route=%2Fwp%2Fv2%2Fcomments&post=2713"}],"version-history":[{"count":0,"href":"https:\/\/quehacerpolitico.mx\/index.php?rest_route=\/wp\/v2\/posts\/2713\/revisions"}],"wp:featuredmedia":[{"embeddable":true,"href":"https:\/\/quehacerpolitico.mx\/index.php?rest_route=\/"}],"wp:attachment":[{"href":"https:\/\/quehacerpolitico.mx\/index.php?rest_route=%2Fwp%2Fv2%2Fmedia&parent=2713"}],"wp:term":[{"taxonomy":"category","embeddable":true,"href":"https:\/\/quehacerpolitico.mx\/index.php?rest_route=%2Fwp%2Fv2%2Fcategories&post=2713"},{"taxonomy":"post_tag","embeddable":true,"href":"https:\/\/quehacerpolitico.mx\/index.php?rest_route=%2Fwp%2Fv2%2Ftags&post=2713"}],"curies":[{"name":"wp","href":"https:\/\/api.w.org\/{rel}","templated":true}]}}