{"id":2707,"date":"2018-08-18T01:04:25","date_gmt":"2018-08-18T01:04:25","guid":{"rendered":"http:\/\/quehacerpolitico.mx\/el-cce-pide-tomar-en-cuenta-el-costo-de-cancelar-el-naim-la-consulta-es-ocurrencia-de-amlo-pan\/"},"modified":"2018-08-18T01:04:25","modified_gmt":"2018-08-18T01:04:25","slug":"el-cce-pide-tomar-en-cuenta-el-costo-de-cancelar-el-naim-la-consulta-es-ocurrencia-de-amlo-pan","status":"publish","type":"post","link":"https:\/\/quehacerpolitico.mx\/?p=2707","title":{"rendered":"El CCE pide tomar en cuenta el costo de cancelar el NAIM; la consulta es ocurrencia de AMLO: PAN"},"content":{"rendered":"<h3>Esta ma\u00f1ana el Presidente Electo reiter\u00f3 que pondr\u00e1 a consulta la decisi\u00f3n de continuar la construcci\u00f3n del Nuevo Aeropuerto (NAIM).\u00a0Asimismo, Javier Jim\u00e9nez Espri\u00fa, quien se perfila como pr\u00f3ximo Secretario de Comunicaciones, detall\u00f3 los pros y los contras de ambas opciones e inform\u00f3 que se entregar\u00e1 la informaci\u00f3n recabada a todas las asociaciones de ingenieros y asociaciones civiles.<\/h3>\n<h3>Al respecto, el dirigente nacional del PAN, Dami\u00e1n Zepeda, calific\u00f3 a la propuesta de someter a consulta la construcci\u00f3n del NAIM como una \u201cburla\u201d. Por su parte, el Consejo Coordinador Empresarial pide al tabasque\u00f1o que\u00a0 se eval\u00faen los costos de suspender esta obra.<\/h3>\n<p><strong>Dami\u00e1n Zepeda Vidales<\/strong>, presidente nacional del <strong>Partido Acci\u00f3n Nacional (PAN)<\/strong>, calific\u00f3 como <strong>\u201cuna burla\u201d<\/strong> la consulta ciudadana que plantea el <strong>Presidente electo Andr\u00e9s Manuel L\u00f3pez Obrador<\/strong> para decidir el futuro del\u00a0<strong>Nuevo Aeropuerto Internacional de M\u00e9xico (NAIM).<\/strong><\/p>\n<blockquote>\n<p>\u201cNosotros creemos que usar esquemas de participaci\u00f3n ciudadana como la consulta popular, es positivo siempre y cuando se haga como un mecanismo real para que el ciudadano participe y tome una decisi\u00f3n y no como una medida populista para ratificar una decisi\u00f3n ya tomada. Todos recordamos que cuando [AMLO] fue gobernante en la Ciudad de M\u00e9xico se hicieron varios esquemas de supuestas consultas populares que eran una verdadera burla. Eso no representa una verdadera consulta popular\u201d, expres\u00f3 el l\u00edder panista en una entrevista con medios de comunicaci\u00f3n previo a una reuni\u00f3n con los Presidentes Municipales electos que se integran a la Asociaci\u00f3n Nacional de Alcaldes.<\/p>\n<\/blockquote>\n<p>Javier Jim\u00e9nez Espri\u00fa, pr\u00f3ximo Secretario de Comunicaciones y Transportes, inform\u00f3 hoy que el dictamen t\u00e9cnico del NAIM establece dos opciones para definir el futuro del proyecto: continuar con la construcci\u00f3n en Texcoco o crear dos pistas en el Aeropuerto de Santa Luc\u00eda. Al respecto, el Presidente electo, Andr\u00e9s Manuel L\u00f3pez Obrador anunci\u00f3 que se llevar\u00e1 a cabo una \u201campl\u00eda consulta\u201d p\u00fablica para decidir entre ambas opciones, la cual se llevar\u00e1 a cabo a finales de octubre.<\/p>\n<p>Dami\u00e1n Zepeda se\u00f1al\u00f3 que hay una gran cantidad de inversi\u00f3n en el proyecto de NAIM y que \u201cest\u00e1 documentado t\u00e9cnicamente que es necesario. \u201cEs el centro de operaciones m\u00e1s grande del pa\u00eds, en t\u00e9rminos de aeropuertos hay una cantidad de pasajeros y de log\u00edsticas\u201d.<\/p>\n<p>El dirigente albiazul tild\u00f3 de burla y una ocurrencia el planteamiento de Andr\u00e9s Manuel pues asegur\u00f3 que la Consulta Popular en M\u00e9xico est\u00e1 regulada el art\u00edculo 35 constitucional, \u201cpara que no sean un elemento representativo que sirvan ratificar o respaldar una ocurrencia o idea de un gobernante. Se establecen reglas\u201d.<\/p>\n<p>El l\u00edder albiazul sostuvo que la consulta popular pueda efectuarse, primero tiene que ser solicitada por el Presidente en funciones o por la propia C\u00e1mara de diputados, y la organiza el Instituto Nacional Electoral y para sea vinculatoria la consulta debe de participar al menos el 40 por ciento de los ciudadanos, y debe de ser de asuntos de trascendencia nacional.<\/p>\n<p>El l\u00edder del PAN lanz\u00f3 un mensaje y exhorto al Presidente electo para que si lanza una consulta que sea establecida con base a lo que dice la Ley.<\/p>\n<p><strong>CCE PIDE EVAL\u00daAR COSTOS<\/strong><\/p>\n<div class=\"ad_center ad-in-content\">\u00a0<\/div>\n<p>Tras la presentaci\u00f3n del dictamen sobre el NAIM, el <strong>Consejo Coordinador Empresarial (CCE)<\/strong>, a trav\u00e9s de su presidente, <strong>Juan Pablo Casta\u00f1\u00f3n<\/strong>, pidi\u00f3 evaluar los costos que implicar\u00eda suspender la obra y construir dos pistas en la base \u00e1rea de Santa Luc\u00eda.<\/p>\n<p>El l\u00edder empresarial se\u00f1al\u00f3 que la IP est\u00e1 dispuesta a analizar los costos de suspender la construcci\u00f3n del NAIM en Texcoco y seguir la opci\u00f3n propuesta por el Presidente electo, siempre y cuando se haga una revisi\u00f3n profunda del impacto de los costos.<\/p>\n<p>En declaraciones a medios, Casta\u00f1\u00f3n indic\u00f3 que no har\u00eda ning\u00fan posicionamiento sobre la propuesta del pol\u00edtico tabasque\u00f1o, sobre someter a consulta la construcci\u00f3n de una nueva terminal \u00e1rea.<\/p>\n<p>El presidente del CCE indic\u00f3 que el pr\u00f3ximo martes sostendr\u00e1 una reuni\u00f3n con el Presidente electo y su equipo, a la que tambi\u00e9n acudir\u00e1 la Confederaci\u00f3n de C\u00e1maras Industriales (Concamin), la C\u00e1mara Nacional de Aerotransporte, la Asociaci\u00f3n Internacional de Transporte A\u00e9reo (IATA), y la C\u00e1mara Mexicana de la Industria de la Construcci\u00f3n (CMIC), as\u00ed como otras c\u00e1maras especializadas.<\/p>\n<p>Casta\u00f1\u00f3n indic\u00f3 que como organismo empresarial, el CCE ha analizado el asunto desde el punto de vista privado, e indic\u00f3 que han identificado retos y oportunidades, pero est\u00e1n dispuestos a revisar una opci\u00f3n distinta.<\/p>\n<p>Sobre el costo de 170 mil millones de d\u00f3lares que tendr\u00eda cancelar la actual construcci\u00f3n y edificar dos pistas en Santa Luc\u00eda, el presidente del CCE se\u00f1al\u00f3 que se debe analizar la rentabilidad y funcionalidad.<\/p>\n<p>Hoy, AMLO present\u00f3 el dictamen t\u00e9cnico del NAIM, y reafirm\u00f3 que hay dos opciones para definir el futuro del proyecto: continuar con la construcci\u00f3n en Texcoco o crear dos pistas en el Aeropuerto de Santa Luc\u00eda. El Presidente electo llam\u00f3 al pueblo de M\u00e9xico a que ayude al pr\u00f3ximo Gobierno a tomar la decisi\u00f3n.<\/p>\n<blockquote>\n<p>\u201cPara que todos decidamos sobre este importante asunto de inter\u00e9s nacional. Lo puedo resumir con las palabras del Quijote [Don Quijote de la Mancha], parafraseando al Quijote, llamo al pueblo de M\u00e9xico a que nos ayuden a deshacer entuertos, que nos ayuden a resolver sobre este asunto, complicado, dif\u00edcil. Que heredamos pero que tenemos que enfrentar de la mejor manera posible\u201d, dijo.<\/p>\n<\/blockquote>\n","protected":false},"excerpt":{"rendered":"<p>El CCE pide tomar en cuenta el costo de cancelar el NAIM; la consulta es ocurrencia de AMLO: PAN<br \/>\nPor Redacci\u00f3n QP<\/p>\n","protected":false},"author":2,"featured_media":2706,"comment_status":"open","ping_status":"open","sticky":false,"template":"","format":"standard","meta":{"_monsterinsights_skip_tracking":false,"_monsterinsights_sitenote_active":false,"_monsterinsights_sitenote_note":"","_monsterinsights_sitenote_category":0,"footnotes":""},"categories":[2],"tags":[],"class_list":["post-2707","post","type-post","status-publish","format-standard","has-post-thumbnail","hentry","category-noticias"],"yoast_head":"<!-- This site is optimized with the Yoast SEO plugin v27.3 - https:\/\/yoast.com\/product\/yoast-seo-wordpress\/ -->\n<title>El CCE pide tomar en cuenta el costo de cancelar el NAIM; la consulta es ocurrencia de AMLO: PAN -<\/title>\n<meta name=\"robots\" content=\"index, follow, max-snippet:-1, max-image-preview:large, max-video-preview:-1\" \/>\n<link rel=\"canonical\" href=\"https:\/\/quehacerpolitico.mx\/?p=2707\" \/>\n<meta property=\"og:locale\" content=\"es_MX\" \/>\n<meta property=\"og:type\" content=\"article\" \/>\n<meta property=\"og:title\" content=\"El CCE pide tomar en cuenta el costo de cancelar el NAIM; la consulta es ocurrencia de AMLO: PAN -\" \/>\n<meta property=\"og:description\" content=\"El CCE pide tomar en cuenta el costo de cancelar el NAIM; la consulta es ocurrencia de AMLO: PAN Por Redacci\u00f3n QP\" \/>\n<meta property=\"og:url\" content=\"https:\/\/quehacerpolitico.mx\/?p=2707\" \/>\n<meta property=\"article:published_time\" content=\"2018-08-18T01:04:25+00:00\" \/>\n<meta name=\"author\" content=\"Redacci\u00f3n QP\" \/>\n<meta name=\"twitter:card\" content=\"summary_large_image\" \/>\n<meta name=\"twitter:label1\" content=\"Escrito por\" \/>\n\t<meta name=\"twitter:data1\" content=\"Redacci\u00f3n QP\" \/>\n\t<meta name=\"twitter:label2\" content=\"Tiempo de lectura\" \/>\n\t<meta name=\"twitter:data2\" content=\"5 minutos\" \/>\n<script type=\"application\/ld+json\" class=\"yoast-schema-graph\">{\"@context\":\"https:\\\/\\\/schema.org\",\"@graph\":[{\"@type\":\"Article\",\"@id\":\"https:\\\/\\\/quehacerpolitico.mx\\\/?p=2707#article\",\"isPartOf\":{\"@id\":\"https:\\\/\\\/quehacerpolitico.mx\\\/?p=2707\"},\"author\":{\"name\":\"Redacci\u00f3n QP\",\"@id\":\"https:\\\/\\\/quehacerpolitico.mx\\\/#\\\/schema\\\/person\\\/496d8ad2d1d3f8036101dca7ee39e585\"},\"headline\":\"El CCE pide tomar en cuenta el costo de cancelar el NAIM; la consulta es ocurrencia de AMLO: PAN\",\"datePublished\":\"2018-08-18T01:04:25+00:00\",\"mainEntityOfPage\":{\"@id\":\"https:\\\/\\\/quehacerpolitico.mx\\\/?p=2707\"},\"wordCount\":969,\"commentCount\":0,\"image\":{\"@id\":\"https:\\\/\\\/quehacerpolitico.mx\\\/?p=2707#primaryimage\"},\"thumbnailUrl\":\"\",\"articleSection\":[\"Noticias\"],\"inLanguage\":\"es\",\"potentialAction\":[{\"@type\":\"CommentAction\",\"name\":\"Comment\",\"target\":[\"https:\\\/\\\/quehacerpolitico.mx\\\/?p=2707#respond\"]}]},{\"@type\":\"WebPage\",\"@id\":\"https:\\\/\\\/quehacerpolitico.mx\\\/?p=2707\",\"url\":\"https:\\\/\\\/quehacerpolitico.mx\\\/?p=2707\",\"name\":\"El CCE pide tomar en cuenta el costo de cancelar el NAIM; la consulta es ocurrencia de AMLO: PAN -\",\"isPartOf\":{\"@id\":\"https:\\\/\\\/quehacerpolitico.mx\\\/#website\"},\"primaryImageOfPage\":{\"@id\":\"https:\\\/\\\/quehacerpolitico.mx\\\/?p=2707#primaryimage\"},\"image\":{\"@id\":\"https:\\\/\\\/quehacerpolitico.mx\\\/?p=2707#primaryimage\"},\"thumbnailUrl\":\"\",\"datePublished\":\"2018-08-18T01:04:25+00:00\",\"author\":{\"@id\":\"https:\\\/\\\/quehacerpolitico.mx\\\/#\\\/schema\\\/person\\\/496d8ad2d1d3f8036101dca7ee39e585\"},\"breadcrumb\":{\"@id\":\"https:\\\/\\\/quehacerpolitico.mx\\\/?p=2707#breadcrumb\"},\"inLanguage\":\"es\",\"potentialAction\":[{\"@type\":\"ReadAction\",\"target\":[\"https:\\\/\\\/quehacerpolitico.mx\\\/?p=2707\"]}]},{\"@type\":\"ImageObject\",\"inLanguage\":\"es\",\"@id\":\"https:\\\/\\\/quehacerpolitico.mx\\\/?p=2707#primaryimage\",\"url\":\"\",\"contentUrl\":\"\"},{\"@type\":\"BreadcrumbList\",\"@id\":\"https:\\\/\\\/quehacerpolitico.mx\\\/?p=2707#breadcrumb\",\"itemListElement\":[{\"@type\":\"ListItem\",\"position\":1,\"name\":\"Inicio\",\"item\":\"https:\\\/\\\/quehacerpolitico.mx\\\/\"},{\"@type\":\"ListItem\",\"position\":2,\"name\":\"El CCE pide tomar en cuenta el costo de cancelar el NAIM; la consulta es ocurrencia de AMLO: PAN\"}]},{\"@type\":\"WebSite\",\"@id\":\"https:\\\/\\\/quehacerpolitico.mx\\\/#website\",\"url\":\"https:\\\/\\\/quehacerpolitico.mx\\\/\",\"name\":\"\",\"description\":\"\",\"potentialAction\":[{\"@type\":\"SearchAction\",\"target\":{\"@type\":\"EntryPoint\",\"urlTemplate\":\"https:\\\/\\\/quehacerpolitico.mx\\\/?s={search_term_string}\"},\"query-input\":{\"@type\":\"PropertyValueSpecification\",\"valueRequired\":true,\"valueName\":\"search_term_string\"}}],\"inLanguage\":\"es\"},{\"@type\":\"Person\",\"@id\":\"https:\\\/\\\/quehacerpolitico.mx\\\/#\\\/schema\\\/person\\\/496d8ad2d1d3f8036101dca7ee39e585\",\"name\":\"Redacci\u00f3n QP\",\"image\":{\"@type\":\"ImageObject\",\"inLanguage\":\"es\",\"@id\":\"https:\\\/\\\/secure.gravatar.com\\\/avatar\\\/c7164ed6fdec453195284ad24a5ae5b6e1eed2b848477fa2a4787ba9adf39a41?s=96&d=mm&r=g\",\"url\":\"https:\\\/\\\/secure.gravatar.com\\\/avatar\\\/c7164ed6fdec453195284ad24a5ae5b6e1eed2b848477fa2a4787ba9adf39a41?s=96&d=mm&r=g\",\"contentUrl\":\"https:\\\/\\\/secure.gravatar.com\\\/avatar\\\/c7164ed6fdec453195284ad24a5ae5b6e1eed2b848477fa2a4787ba9adf39a41?s=96&d=mm&r=g\",\"caption\":\"Redacci\u00f3n QP\"},\"url\":\"https:\\\/\\\/quehacerpolitico.mx\\\/?author=2\"}]}<\/script>\n<!-- \/ Yoast SEO plugin. -->","yoast_head_json":{"title":"El CCE pide tomar en cuenta el costo de cancelar el NAIM; la consulta es ocurrencia de AMLO: PAN -","robots":{"index":"index","follow":"follow","max-snippet":"max-snippet:-1","max-image-preview":"max-image-preview:large","max-video-preview":"max-video-preview:-1"},"canonical":"https:\/\/quehacerpolitico.mx\/?p=2707","og_locale":"es_MX","og_type":"article","og_title":"El CCE pide tomar en cuenta el costo de cancelar el NAIM; la consulta es ocurrencia de AMLO: PAN -","og_description":"El CCE pide tomar en cuenta el costo de cancelar el NAIM; la consulta es ocurrencia de AMLO: PAN Por Redacci\u00f3n QP","og_url":"https:\/\/quehacerpolitico.mx\/?p=2707","article_published_time":"2018-08-18T01:04:25+00:00","author":"Redacci\u00f3n QP","twitter_card":"summary_large_image","twitter_misc":{"Escrito por":"Redacci\u00f3n QP","Tiempo de lectura":"5 minutos"},"schema":{"@context":"https:\/\/schema.org","@graph":[{"@type":"Article","@id":"https:\/\/quehacerpolitico.mx\/?p=2707#article","isPartOf":{"@id":"https:\/\/quehacerpolitico.mx\/?p=2707"},"author":{"name":"Redacci\u00f3n QP","@id":"https:\/\/quehacerpolitico.mx\/#\/schema\/person\/496d8ad2d1d3f8036101dca7ee39e585"},"headline":"El CCE pide tomar en cuenta el costo de cancelar el NAIM; la consulta es ocurrencia de AMLO: PAN","datePublished":"2018-08-18T01:04:25+00:00","mainEntityOfPage":{"@id":"https:\/\/quehacerpolitico.mx\/?p=2707"},"wordCount":969,"commentCount":0,"image":{"@id":"https:\/\/quehacerpolitico.mx\/?p=2707#primaryimage"},"thumbnailUrl":"","articleSection":["Noticias"],"inLanguage":"es","potentialAction":[{"@type":"CommentAction","name":"Comment","target":["https:\/\/quehacerpolitico.mx\/?p=2707#respond"]}]},{"@type":"WebPage","@id":"https:\/\/quehacerpolitico.mx\/?p=2707","url":"https:\/\/quehacerpolitico.mx\/?p=2707","name":"El CCE pide tomar en cuenta el costo de cancelar el NAIM; la consulta es ocurrencia de AMLO: PAN -","isPartOf":{"@id":"https:\/\/quehacerpolitico.mx\/#website"},"primaryImageOfPage":{"@id":"https:\/\/quehacerpolitico.mx\/?p=2707#primaryimage"},"image":{"@id":"https:\/\/quehacerpolitico.mx\/?p=2707#primaryimage"},"thumbnailUrl":"","datePublished":"2018-08-18T01:04:25+00:00","author":{"@id":"https:\/\/quehacerpolitico.mx\/#\/schema\/person\/496d8ad2d1d3f8036101dca7ee39e585"},"breadcrumb":{"@id":"https:\/\/quehacerpolitico.mx\/?p=2707#breadcrumb"},"inLanguage":"es","potentialAction":[{"@type":"ReadAction","target":["https:\/\/quehacerpolitico.mx\/?p=2707"]}]},{"@type":"ImageObject","inLanguage":"es","@id":"https:\/\/quehacerpolitico.mx\/?p=2707#primaryimage","url":"","contentUrl":""},{"@type":"BreadcrumbList","@id":"https:\/\/quehacerpolitico.mx\/?p=2707#breadcrumb","itemListElement":[{"@type":"ListItem","position":1,"name":"Inicio","item":"https:\/\/quehacerpolitico.mx\/"},{"@type":"ListItem","position":2,"name":"El CCE pide tomar en cuenta el costo de cancelar el NAIM; la consulta es ocurrencia de AMLO: PAN"}]},{"@type":"WebSite","@id":"https:\/\/quehacerpolitico.mx\/#website","url":"https:\/\/quehacerpolitico.mx\/","name":"","description":"","potentialAction":[{"@type":"SearchAction","target":{"@type":"EntryPoint","urlTemplate":"https:\/\/quehacerpolitico.mx\/?s={search_term_string}"},"query-input":{"@type":"PropertyValueSpecification","valueRequired":true,"valueName":"search_term_string"}}],"inLanguage":"es"},{"@type":"Person","@id":"https:\/\/quehacerpolitico.mx\/#\/schema\/person\/496d8ad2d1d3f8036101dca7ee39e585","name":"Redacci\u00f3n QP","image":{"@type":"ImageObject","inLanguage":"es","@id":"https:\/\/secure.gravatar.com\/avatar\/c7164ed6fdec453195284ad24a5ae5b6e1eed2b848477fa2a4787ba9adf39a41?s=96&d=mm&r=g","url":"https:\/\/secure.gravatar.com\/avatar\/c7164ed6fdec453195284ad24a5ae5b6e1eed2b848477fa2a4787ba9adf39a41?s=96&d=mm&r=g","contentUrl":"https:\/\/secure.gravatar.com\/avatar\/c7164ed6fdec453195284ad24a5ae5b6e1eed2b848477fa2a4787ba9adf39a41?s=96&d=mm&r=g","caption":"Redacci\u00f3n QP"},"url":"https:\/\/quehacerpolitico.mx\/?author=2"}]}},"featured_image_urls":{"full":"","thumbnail":"","medium":"","medium_large":"","large":"","1536x1536":"","2048x2048":"","covernews-featured":"","covernews-medium":""},"author_info":{"display_name":"Redacci\u00f3n QP","author_link":"https:\/\/quehacerpolitico.mx\/?author=2"},"category_info":"<a href=\"https:\/\/quehacerpolitico.mx\/?cat=2\" rel=\"category\">Noticias<\/a>","tag_info":"Noticias","comment_count":"0","_links":{"self":[{"href":"https:\/\/quehacerpolitico.mx\/index.php?rest_route=\/wp\/v2\/posts\/2707","targetHints":{"allow":["GET"]}}],"collection":[{"href":"https:\/\/quehacerpolitico.mx\/index.php?rest_route=\/wp\/v2\/posts"}],"about":[{"href":"https:\/\/quehacerpolitico.mx\/index.php?rest_route=\/wp\/v2\/types\/post"}],"author":[{"embeddable":true,"href":"https:\/\/quehacerpolitico.mx\/index.php?rest_route=\/wp\/v2\/users\/2"}],"replies":[{"embeddable":true,"href":"https:\/\/quehacerpolitico.mx\/index.php?rest_route=%2Fwp%2Fv2%2Fcomments&post=2707"}],"version-history":[{"count":0,"href":"https:\/\/quehacerpolitico.mx\/index.php?rest_route=\/wp\/v2\/posts\/2707\/revisions"}],"wp:featuredmedia":[{"embeddable":true,"href":"https:\/\/quehacerpolitico.mx\/index.php?rest_route=\/"}],"wp:attachment":[{"href":"https:\/\/quehacerpolitico.mx\/index.php?rest_route=%2Fwp%2Fv2%2Fmedia&parent=2707"}],"wp:term":[{"taxonomy":"category","embeddable":true,"href":"https:\/\/quehacerpolitico.mx\/index.php?rest_route=%2Fwp%2Fv2%2Fcategories&post=2707"},{"taxonomy":"post_tag","embeddable":true,"href":"https:\/\/quehacerpolitico.mx\/index.php?rest_route=%2Fwp%2Fv2%2Ftags&post=2707"}],"curies":[{"name":"wp","href":"https:\/\/api.w.org\/{rel}","templated":true}]}}