{"id":2697,"date":"2018-08-17T22:14:39","date_gmt":"2018-08-17T22:14:39","guid":{"rendered":"http:\/\/quehacerpolitico.mx\/damian-zepeda-descarta-coordinar-a-senadores-del-pan\/"},"modified":"2018-08-17T22:14:39","modified_gmt":"2018-08-17T22:14:39","slug":"damian-zepeda-descarta-coordinar-a-senadores-del-pan","status":"publish","type":"post","link":"https:\/\/quehacerpolitico.mx\/?p=2697","title":{"rendered":"Dami\u00e1n Zepeda descarta coordinar a senadores del PAN"},"content":{"rendered":"<p>El presidente del Partido Acci\u00f3n Nacional (<strong><a href=\"https:\/\/www.informador.mx\/pan-t149\" target=\"_blank\" rel=\"noopener\">PAN<\/a><\/strong>), <strong><a href=\"https:\/\/www.informador.mx\/damian-zepeda-t10638\" target=\"_blank\" rel=\"noopener\">Dami\u00e1n Zepeda<\/a><\/strong>, asegur\u00f3 que <strong>no intervendr\u00e1 en el proceso de renovaci\u00f3n de la dirigencia<\/strong> m\u00e1s all\u00e1 que en lo que le corresponde de acuerdo a los estatutos, y descart\u00f3 autonombrarse coordinador de la bancada blanquiazul en el Senado de la Rep\u00fablica.<\/p>\n<div id=\"div-gpt-ad-1524682842930-0\" data-google-query-id=\"CObRl8CN9dwCFQeCAQodM2UA4A\">\n<div id=\"google_ads_iframe_\/40135427\/informador_mx_Video_Outstream_0__container__\">&#8220;S\u00ed, espero que podamos darnos el espacio para un di\u00e1logo que d\u00e9 consenso, y que los militantes decidan qui\u00e9n quieren que sea su pr\u00f3xima dirigencia&#8221;, sostuvo.<\/div>\n<\/div>\n<p>En conferencia de prensa tambi\u00e9n aclar\u00f3 que, a pesar de estar en poder de esta dirigencia, en la elecci\u00f3n de los coordinadores parlamentarios, los lineamientos le permitir\u00e1n consultar a los pr\u00f3ximos legisladores, en cuanto a qui\u00e9n deseen que sea su l\u00edder de bancada en el Congreso.<\/p>\n<p>&#8220;<strong>En su momento se har\u00e1 la valoraci\u00f3n de los legisladores electos y de sus perfiles<\/strong>. Hoy yo tengo la facultad por ser el dirigente nacional, la tengo hasta el \u00faltimo d\u00eda que sea dirigente y de mi parte habr\u00e1 siempre respeto absoluto porque creo en esta facultad que tiene la dirigencia nacional&#8221;, indic\u00f3.<\/p>\n<div>\n<div id=\"twitter-40\" class=\"ck-twitter\">https:\/\/twitter.com\/damianzepeda\/status\/1030512017487015936?s=21<\/div>\n<div>\n<p>Respald\u00f3 que los temas que comparte Acci\u00f3n Nacional con el Partido de la Revoluci\u00f3n Democr\u00e1tica (<strong><a href=\"https:\/\/www.informador.mx\/prd-t303\" target=\"_blank\" rel=\"noopener\">PRD<\/a><\/strong>) y Movimiento Ciudadano, deber\u00edan continuar en coalici\u00f3n en los trabajos del <strong><a href=\"https:\/\/www.informador.mx\/poder-legislativo-t482\" target=\"_blank\" rel=\"noopener\">Poder Legislativo<\/a><\/strong>, pero <strong>resalt\u00f3 que cada grupo parlamentario trabajar\u00e1 de manera independiente<\/strong>.<\/p>\n<p>Respecto a la mayor\u00eda calificada que tendr\u00e1 el Movimiento Regeneraci\u00f3n Nacional (<strong><a href=\"https:\/\/www.informador.mx\/morena-%28partido-politico%29-t8783\" target=\"_blank\" rel=\"noopener\">Morena<\/a><\/strong>) en el Congreso de la Uni\u00f3n y al pacto legislativo que ayer firm\u00f3 la coalici\u00f3n Juntos Haremos Historia (Morena, <strong><a href=\"https:\/\/www.informador.mx\/partido-encuentro-social-t9039\" target=\"_blank\" rel=\"noopener\">Partido Encuentro Social<\/a><\/strong> y <strong><a href=\"https:\/\/www.informador.mx\/partido-del-trabajo-t1451\" target=\"_blank\" rel=\"noopener\">Partido del Trabajo<\/a><\/strong>) para asegurar esta mayor\u00eda, Zepeda <strong>advirti\u00f3 que existe una impugnaci\u00f3n por sobre representaci\u00f3n de estos \u00f3rganos pol\u00edticos<\/strong>.<\/p>\n<p>Entrando en el tema del nuevo gobierno, <strong>aplaudi\u00f3 el &#8220;inter\u00e9s genuino&#8221; del presidente electo<\/strong>, <strong><a href=\"https:\/\/www.informador.mx\/andres-manuel-lopez-obrador-t10921\" target=\"_blank\" rel=\"noopener\">Andr\u00e9s Manuel L\u00f3pez Obrador<\/a><\/strong>, <strong>por generar un ambiente de estabilidad econ\u00f3mica<\/strong>, as\u00ed como los esfuerzos de los pr\u00f3ximos secretarios, tanto de Gobernaci\u00f3n, <strong><a href=\"https:\/\/www.informador.mx\/olga-sanchez-cordero-t11798\" target=\"_blank\" rel=\"noopener\">Olga S\u00e1nchez Cordero<\/a>,<\/strong> como de Seguridad P\u00fablica, <strong><a href=\"https:\/\/www.informador.mx\/alfonso-durazo-montano-t13034\" target=\"_blank\" rel=\"noopener\">Alfonso Durazo<\/a><\/strong>, por restablecer la paz.<\/p>\n<p>En el tema de seguridad, Enrique Vargas del Villar, presidente de la Asociaci\u00f3n Nacional de Alcaldes y alcalde de Huixquilucan, Estado de M\u00e9xico, adelant\u00f3 que presentar\u00e1n una propuesta de seguridad a la ministra en retiro, Olga S\u00e1nchez Cordero.<\/p>\n<div>\n<div id=\"twitter-89\" class=\"ck-twitter\">https:\/\/twitter.com\/damianzepeda\/status\/1030517198463201282?s=21<\/div>\n<div>\n<p>&#8220;A partir del 2019 vamos a gobernar m\u00e1s de 419 municipios, m\u00e1s de 29 millones de habitantes y la relaci\u00f3n con el gobierno federal tiene que ser una relaci\u00f3n de respeto, tenemos que ser una oposici\u00f3n cr\u00edtica, pero siempre tomados de la mano&#8221;, sostuvo.<\/p>\n<p><strong>La propuesta consiste en impulsar el mando mixto en las alcald\u00edas, y tener un tel\u00e9fono directo con la Secretar\u00eda de Gobernaci\u00f3n<\/strong>(<strong><a href=\"https:\/\/www.informador.mx\/segob-t224\" target=\"_blank\" rel=\"noopener\">Segob<\/a><\/strong>) y se utilice en el caso de que el alcalde sea amenazado en su seguridad.<\/p>\n<\/div>\n<\/div>\n<\/div>\n<\/div>\n","protected":false},"excerpt":{"rendered":"<p>El presidente del Partido Acci\u00f3n Nacional asegura que no intervendr\u00e1 en el proceso de renovaci\u00f3n de la dirigencia<br \/>\nPor Redacci\u00f3n QP<\/p>\n","protected":false},"author":2,"featured_media":2696,"comment_status":"open","ping_status":"open","sticky":false,"template":"","format":"standard","meta":{"_monsterinsights_skip_tracking":false,"_monsterinsights_sitenote_active":false,"_monsterinsights_sitenote_note":"","_monsterinsights_sitenote_category":0,"footnotes":""},"categories":[2],"tags":[],"class_list":["post-2697","post","type-post","status-publish","format-standard","has-post-thumbnail","hentry","category-noticias"],"yoast_head":"<!-- This site is optimized with the Yoast SEO plugin v27.3 - https:\/\/yoast.com\/product\/yoast-seo-wordpress\/ -->\n<title>Dami\u00e1n Zepeda descarta coordinar a senadores del PAN -<\/title>\n<meta name=\"robots\" content=\"index, follow, max-snippet:-1, max-image-preview:large, max-video-preview:-1\" \/>\n<link rel=\"canonical\" href=\"https:\/\/quehacerpolitico.mx\/?p=2697\" \/>\n<meta property=\"og:locale\" content=\"es_MX\" \/>\n<meta property=\"og:type\" content=\"article\" \/>\n<meta property=\"og:title\" content=\"Dami\u00e1n Zepeda descarta coordinar a senadores del PAN -\" \/>\n<meta property=\"og:description\" content=\"El presidente del Partido Acci\u00f3n Nacional asegura que no intervendr\u00e1 en el proceso de renovaci\u00f3n de la dirigencia Por Redacci\u00f3n QP\" \/>\n<meta property=\"og:url\" content=\"https:\/\/quehacerpolitico.mx\/?p=2697\" \/>\n<meta property=\"article:published_time\" content=\"2018-08-17T22:14:39+00:00\" \/>\n<meta name=\"author\" content=\"Redacci\u00f3n QP\" \/>\n<meta name=\"twitter:card\" content=\"summary_large_image\" \/>\n<meta name=\"twitter:label1\" content=\"Escrito por\" \/>\n\t<meta name=\"twitter:data1\" content=\"Redacci\u00f3n QP\" \/>\n\t<meta name=\"twitter:label2\" content=\"Tiempo de lectura\" \/>\n\t<meta name=\"twitter:data2\" content=\"2 minutos\" \/>\n<script type=\"application\/ld+json\" class=\"yoast-schema-graph\">{\"@context\":\"https:\\\/\\\/schema.org\",\"@graph\":[{\"@type\":\"Article\",\"@id\":\"https:\\\/\\\/quehacerpolitico.mx\\\/?p=2697#article\",\"isPartOf\":{\"@id\":\"https:\\\/\\\/quehacerpolitico.mx\\\/?p=2697\"},\"author\":{\"name\":\"Redacci\u00f3n QP\",\"@id\":\"https:\\\/\\\/quehacerpolitico.mx\\\/#\\\/schema\\\/person\\\/496d8ad2d1d3f8036101dca7ee39e585\"},\"headline\":\"Dami\u00e1n Zepeda descarta coordinar a senadores del PAN\",\"datePublished\":\"2018-08-17T22:14:39+00:00\",\"mainEntityOfPage\":{\"@id\":\"https:\\\/\\\/quehacerpolitico.mx\\\/?p=2697\"},\"wordCount\":504,\"commentCount\":0,\"image\":{\"@id\":\"https:\\\/\\\/quehacerpolitico.mx\\\/?p=2697#primaryimage\"},\"thumbnailUrl\":\"\",\"articleSection\":[\"Noticias\"],\"inLanguage\":\"es\",\"potentialAction\":[{\"@type\":\"CommentAction\",\"name\":\"Comment\",\"target\":[\"https:\\\/\\\/quehacerpolitico.mx\\\/?p=2697#respond\"]}]},{\"@type\":\"WebPage\",\"@id\":\"https:\\\/\\\/quehacerpolitico.mx\\\/?p=2697\",\"url\":\"https:\\\/\\\/quehacerpolitico.mx\\\/?p=2697\",\"name\":\"Dami\u00e1n Zepeda descarta coordinar a senadores del PAN -\",\"isPartOf\":{\"@id\":\"https:\\\/\\\/quehacerpolitico.mx\\\/#website\"},\"primaryImageOfPage\":{\"@id\":\"https:\\\/\\\/quehacerpolitico.mx\\\/?p=2697#primaryimage\"},\"image\":{\"@id\":\"https:\\\/\\\/quehacerpolitico.mx\\\/?p=2697#primaryimage\"},\"thumbnailUrl\":\"\",\"datePublished\":\"2018-08-17T22:14:39+00:00\",\"author\":{\"@id\":\"https:\\\/\\\/quehacerpolitico.mx\\\/#\\\/schema\\\/person\\\/496d8ad2d1d3f8036101dca7ee39e585\"},\"breadcrumb\":{\"@id\":\"https:\\\/\\\/quehacerpolitico.mx\\\/?p=2697#breadcrumb\"},\"inLanguage\":\"es\",\"potentialAction\":[{\"@type\":\"ReadAction\",\"target\":[\"https:\\\/\\\/quehacerpolitico.mx\\\/?p=2697\"]}]},{\"@type\":\"ImageObject\",\"inLanguage\":\"es\",\"@id\":\"https:\\\/\\\/quehacerpolitico.mx\\\/?p=2697#primaryimage\",\"url\":\"\",\"contentUrl\":\"\"},{\"@type\":\"BreadcrumbList\",\"@id\":\"https:\\\/\\\/quehacerpolitico.mx\\\/?p=2697#breadcrumb\",\"itemListElement\":[{\"@type\":\"ListItem\",\"position\":1,\"name\":\"Inicio\",\"item\":\"https:\\\/\\\/quehacerpolitico.mx\\\/\"},{\"@type\":\"ListItem\",\"position\":2,\"name\":\"Dami\u00e1n Zepeda descarta coordinar a senadores del PAN\"}]},{\"@type\":\"WebSite\",\"@id\":\"https:\\\/\\\/quehacerpolitico.mx\\\/#website\",\"url\":\"https:\\\/\\\/quehacerpolitico.mx\\\/\",\"name\":\"\",\"description\":\"\",\"potentialAction\":[{\"@type\":\"SearchAction\",\"target\":{\"@type\":\"EntryPoint\",\"urlTemplate\":\"https:\\\/\\\/quehacerpolitico.mx\\\/?s={search_term_string}\"},\"query-input\":{\"@type\":\"PropertyValueSpecification\",\"valueRequired\":true,\"valueName\":\"search_term_string\"}}],\"inLanguage\":\"es\"},{\"@type\":\"Person\",\"@id\":\"https:\\\/\\\/quehacerpolitico.mx\\\/#\\\/schema\\\/person\\\/496d8ad2d1d3f8036101dca7ee39e585\",\"name\":\"Redacci\u00f3n QP\",\"image\":{\"@type\":\"ImageObject\",\"inLanguage\":\"es\",\"@id\":\"https:\\\/\\\/secure.gravatar.com\\\/avatar\\\/c7164ed6fdec453195284ad24a5ae5b6e1eed2b848477fa2a4787ba9adf39a41?s=96&d=mm&r=g\",\"url\":\"https:\\\/\\\/secure.gravatar.com\\\/avatar\\\/c7164ed6fdec453195284ad24a5ae5b6e1eed2b848477fa2a4787ba9adf39a41?s=96&d=mm&r=g\",\"contentUrl\":\"https:\\\/\\\/secure.gravatar.com\\\/avatar\\\/c7164ed6fdec453195284ad24a5ae5b6e1eed2b848477fa2a4787ba9adf39a41?s=96&d=mm&r=g\",\"caption\":\"Redacci\u00f3n QP\"},\"url\":\"https:\\\/\\\/quehacerpolitico.mx\\\/?author=2\"}]}<\/script>\n<!-- \/ Yoast SEO plugin. -->","yoast_head_json":{"title":"Dami\u00e1n Zepeda descarta coordinar a senadores del PAN -","robots":{"index":"index","follow":"follow","max-snippet":"max-snippet:-1","max-image-preview":"max-image-preview:large","max-video-preview":"max-video-preview:-1"},"canonical":"https:\/\/quehacerpolitico.mx\/?p=2697","og_locale":"es_MX","og_type":"article","og_title":"Dami\u00e1n Zepeda descarta coordinar a senadores del PAN -","og_description":"El presidente del Partido Acci\u00f3n Nacional asegura que no intervendr\u00e1 en el proceso de renovaci\u00f3n de la dirigencia Por Redacci\u00f3n QP","og_url":"https:\/\/quehacerpolitico.mx\/?p=2697","article_published_time":"2018-08-17T22:14:39+00:00","author":"Redacci\u00f3n QP","twitter_card":"summary_large_image","twitter_misc":{"Escrito por":"Redacci\u00f3n QP","Tiempo de lectura":"2 minutos"},"schema":{"@context":"https:\/\/schema.org","@graph":[{"@type":"Article","@id":"https:\/\/quehacerpolitico.mx\/?p=2697#article","isPartOf":{"@id":"https:\/\/quehacerpolitico.mx\/?p=2697"},"author":{"name":"Redacci\u00f3n QP","@id":"https:\/\/quehacerpolitico.mx\/#\/schema\/person\/496d8ad2d1d3f8036101dca7ee39e585"},"headline":"Dami\u00e1n Zepeda descarta coordinar a senadores del PAN","datePublished":"2018-08-17T22:14:39+00:00","mainEntityOfPage":{"@id":"https:\/\/quehacerpolitico.mx\/?p=2697"},"wordCount":504,"commentCount":0,"image":{"@id":"https:\/\/quehacerpolitico.mx\/?p=2697#primaryimage"},"thumbnailUrl":"","articleSection":["Noticias"],"inLanguage":"es","potentialAction":[{"@type":"CommentAction","name":"Comment","target":["https:\/\/quehacerpolitico.mx\/?p=2697#respond"]}]},{"@type":"WebPage","@id":"https:\/\/quehacerpolitico.mx\/?p=2697","url":"https:\/\/quehacerpolitico.mx\/?p=2697","name":"Dami\u00e1n Zepeda descarta coordinar a senadores del PAN -","isPartOf":{"@id":"https:\/\/quehacerpolitico.mx\/#website"},"primaryImageOfPage":{"@id":"https:\/\/quehacerpolitico.mx\/?p=2697#primaryimage"},"image":{"@id":"https:\/\/quehacerpolitico.mx\/?p=2697#primaryimage"},"thumbnailUrl":"","datePublished":"2018-08-17T22:14:39+00:00","author":{"@id":"https:\/\/quehacerpolitico.mx\/#\/schema\/person\/496d8ad2d1d3f8036101dca7ee39e585"},"breadcrumb":{"@id":"https:\/\/quehacerpolitico.mx\/?p=2697#breadcrumb"},"inLanguage":"es","potentialAction":[{"@type":"ReadAction","target":["https:\/\/quehacerpolitico.mx\/?p=2697"]}]},{"@type":"ImageObject","inLanguage":"es","@id":"https:\/\/quehacerpolitico.mx\/?p=2697#primaryimage","url":"","contentUrl":""},{"@type":"BreadcrumbList","@id":"https:\/\/quehacerpolitico.mx\/?p=2697#breadcrumb","itemListElement":[{"@type":"ListItem","position":1,"name":"Inicio","item":"https:\/\/quehacerpolitico.mx\/"},{"@type":"ListItem","position":2,"name":"Dami\u00e1n Zepeda descarta coordinar a senadores del PAN"}]},{"@type":"WebSite","@id":"https:\/\/quehacerpolitico.mx\/#website","url":"https:\/\/quehacerpolitico.mx\/","name":"","description":"","potentialAction":[{"@type":"SearchAction","target":{"@type":"EntryPoint","urlTemplate":"https:\/\/quehacerpolitico.mx\/?s={search_term_string}"},"query-input":{"@type":"PropertyValueSpecification","valueRequired":true,"valueName":"search_term_string"}}],"inLanguage":"es"},{"@type":"Person","@id":"https:\/\/quehacerpolitico.mx\/#\/schema\/person\/496d8ad2d1d3f8036101dca7ee39e585","name":"Redacci\u00f3n QP","image":{"@type":"ImageObject","inLanguage":"es","@id":"https:\/\/secure.gravatar.com\/avatar\/c7164ed6fdec453195284ad24a5ae5b6e1eed2b848477fa2a4787ba9adf39a41?s=96&d=mm&r=g","url":"https:\/\/secure.gravatar.com\/avatar\/c7164ed6fdec453195284ad24a5ae5b6e1eed2b848477fa2a4787ba9adf39a41?s=96&d=mm&r=g","contentUrl":"https:\/\/secure.gravatar.com\/avatar\/c7164ed6fdec453195284ad24a5ae5b6e1eed2b848477fa2a4787ba9adf39a41?s=96&d=mm&r=g","caption":"Redacci\u00f3n QP"},"url":"https:\/\/quehacerpolitico.mx\/?author=2"}]}},"featured_image_urls":{"full":"","thumbnail":"","medium":"","medium_large":"","large":"","1536x1536":"","2048x2048":"","covernews-featured":"","covernews-medium":""},"author_info":{"display_name":"Redacci\u00f3n QP","author_link":"https:\/\/quehacerpolitico.mx\/?author=2"},"category_info":"<a href=\"https:\/\/quehacerpolitico.mx\/?cat=2\" rel=\"category\">Noticias<\/a>","tag_info":"Noticias","comment_count":"0","_links":{"self":[{"href":"https:\/\/quehacerpolitico.mx\/index.php?rest_route=\/wp\/v2\/posts\/2697","targetHints":{"allow":["GET"]}}],"collection":[{"href":"https:\/\/quehacerpolitico.mx\/index.php?rest_route=\/wp\/v2\/posts"}],"about":[{"href":"https:\/\/quehacerpolitico.mx\/index.php?rest_route=\/wp\/v2\/types\/post"}],"author":[{"embeddable":true,"href":"https:\/\/quehacerpolitico.mx\/index.php?rest_route=\/wp\/v2\/users\/2"}],"replies":[{"embeddable":true,"href":"https:\/\/quehacerpolitico.mx\/index.php?rest_route=%2Fwp%2Fv2%2Fcomments&post=2697"}],"version-history":[{"count":0,"href":"https:\/\/quehacerpolitico.mx\/index.php?rest_route=\/wp\/v2\/posts\/2697\/revisions"}],"wp:featuredmedia":[{"embeddable":true,"href":"https:\/\/quehacerpolitico.mx\/index.php?rest_route=\/"}],"wp:attachment":[{"href":"https:\/\/quehacerpolitico.mx\/index.php?rest_route=%2Fwp%2Fv2%2Fmedia&parent=2697"}],"wp:term":[{"taxonomy":"category","embeddable":true,"href":"https:\/\/quehacerpolitico.mx\/index.php?rest_route=%2Fwp%2Fv2%2Fcategories&post=2697"},{"taxonomy":"post_tag","embeddable":true,"href":"https:\/\/quehacerpolitico.mx\/index.php?rest_route=%2Fwp%2Fv2%2Ftags&post=2697"}],"curies":[{"name":"wp","href":"https:\/\/api.w.org\/{rel}","templated":true}]}}