{"id":2691,"date":"2018-08-17T21:59:59","date_gmt":"2018-08-17T21:59:59","guid":{"rendered":"http:\/\/quehacerpolitico.mx\/no-aspiramos-a-una-dictadura-asegura-lopez-obrador\/"},"modified":"2018-08-17T21:59:59","modified_gmt":"2018-08-17T21:59:59","slug":"no-aspiramos-a-una-dictadura-asegura-lopez-obrador","status":"publish","type":"post","link":"https:\/\/quehacerpolitico.mx\/?p=2691","title":{"rendered":"No aspiramos a una dictadura, asegura L\u00f3pez Obrador"},"content":{"rendered":"<p>El presidente electo, Andr\u00e9s Manuel L\u00f3pez Obrador, asegur\u00f3 que no aspira a una dictadura en su Gobierno y por lo tanto realizar\u00e1 el primer ejercicio democr\u00e1tico de la pr\u00f3xima administraci\u00f3n para someter a consulta el futuro del Nuevo Aeropuerto Internacional de la Ciudad de M\u00e9xico (NAICM), que se realizar\u00e1 en octubre.<\/p>\n<div id=\"div-gpt-ad-1524682842930-0\" data-google-query-id=\"CLmj9L6K9dwCFRyxTwod67QLvg\">\n<div id=\"google_ads_iframe_\/40135427\/informador_mx_Video_Outstream_0__container__\">Al dar a conocer el dictamen t\u00e9cnico del NAICM, <strong>L\u00f3pez Obrador detall\u00f3 que a partir del lunes, el informe ser\u00e1 entregado al Presidente Enrique Pe\u00f1a Nieto, as\u00ed como a expertos e ingenieros mexicanos para que revisen la documentaci\u00f3n<\/strong>.<\/div>\n<\/div>\n<p>Asimismo, el pr\u00f3ximo lunes, el tabasque\u00f1o tambi\u00e9n solicitar\u00e1 a los due\u00f1os de medios de comunicaci\u00f3n que se realice la difusi\u00f3n de informaci\u00f3n en radio, televisi\u00f3n, prensa y redes sociales.<\/p>\n<p>El 8 de septiembre comenzar\u00e1n a llevarse a cabo los foros en todos los medios de comunicaci\u00f3n.<\/p>\n<p>De acuerdo L\u00f3pez Obrador, los recursos para la elaboraci\u00f3n de la consulta podr\u00edan salir del fondo de transici\u00f3n.<\/p>\n<p>La consulta o encuesta la realizar\u00e1 el equipo de L\u00f3pez Obrador bajo supervisi\u00f3n de Javier Jim\u00e9nez Espri\u00fa, pr\u00f3ximo titular de la Secretar\u00eda de Comunicaciones y Transportes, y requerir\u00e1 el apoyo de los ciudadanos, indic\u00f3 el presidente electo.<\/p>\n<p>&#8220;Consulta directa se integrar\u00e1 comisi\u00f3n y se organizan los ciudadanos para recibir votos. Y otra podr\u00eda ser por medio de encuestas nacional con vigilancia ciudadana.<\/p>\n<p>&#8220;<strong>Lo que no aceptamos es una camisa de fuerza, sabemos que es muy compleja la obra. No estamos sometidos a intereses creados<\/strong>. La consulta ser\u00e1 para todos, no aspiramos a una dictadura pues no inclinaremos la balanza&#8221;, expuso.<\/p>\n<p>En la consulta, se preguntar\u00e1 a la poblaci\u00f3n qu\u00e9 hacer con la obra del Nuevo Aeropuerto; si cancelar el proyecto en el Lago de Texcoco y construir dos pistas en Santa Luc\u00eda, o continuar con las obras que ya llevan un 31% de avance.<\/p>\n<p>L\u00f3pez Obrador pidi\u00f3 a medios de comunicaci\u00f3n actuar con objetividad para informar sobre el tema.<\/p>\n<p>Durante la conferencia de prensa realizada en el sal\u00f3n de Luz, en la colonia Roma, una mujer que trabaj\u00f3 en Mexicana de Aviaci\u00f3n interrumpi\u00f3 la sesi\u00f3n de preguntas y respuestas confrontando a L\u00f3pez Obrador sobre si buscar\u00e1 ayudar a esa empresa.<\/p>\n<p>Al respecto, el presidente electo respondi\u00f3 que se incluir\u00e1 en el proceso de informaci\u00f3n y consulta a todos.<\/p>\n","protected":false},"excerpt":{"rendered":"<p>El presidente electo asegura que entregar\u00e1 un informe al Presidente Pe\u00f1a Nieto, as\u00ed como a expertos e ingenieros mexicanos para que revisen la documentaci\u00f3n<br \/>\nPor Redacci\u00f3n QP<\/p>\n","protected":false},"author":2,"featured_media":2690,"comment_status":"open","ping_status":"open","sticky":false,"template":"","format":"standard","meta":{"_monsterinsights_skip_tracking":false,"_monsterinsights_sitenote_active":false,"_monsterinsights_sitenote_note":"","_monsterinsights_sitenote_category":0,"footnotes":""},"categories":[2],"tags":[],"class_list":["post-2691","post","type-post","status-publish","format-standard","has-post-thumbnail","hentry","category-noticias"],"yoast_head":"<!-- This site is optimized with the Yoast SEO plugin v27.3 - https:\/\/yoast.com\/product\/yoast-seo-wordpress\/ -->\n<title>No aspiramos a una dictadura, asegura L\u00f3pez Obrador -<\/title>\n<meta name=\"robots\" content=\"index, follow, max-snippet:-1, max-image-preview:large, max-video-preview:-1\" \/>\n<link rel=\"canonical\" href=\"https:\/\/quehacerpolitico.mx\/?p=2691\" \/>\n<meta property=\"og:locale\" content=\"es_MX\" \/>\n<meta property=\"og:type\" content=\"article\" \/>\n<meta property=\"og:title\" content=\"No aspiramos a una dictadura, asegura L\u00f3pez Obrador -\" \/>\n<meta property=\"og:description\" content=\"El presidente electo asegura que entregar\u00e1 un informe al Presidente Pe\u00f1a Nieto, as\u00ed como a expertos e ingenieros mexicanos para que revisen la documentaci\u00f3n     Por Redacci\u00f3n QP\" \/>\n<meta property=\"og:url\" content=\"https:\/\/quehacerpolitico.mx\/?p=2691\" \/>\n<meta property=\"article:published_time\" content=\"2018-08-17T21:59:59+00:00\" \/>\n<meta name=\"author\" content=\"Redacci\u00f3n QP\" \/>\n<meta name=\"twitter:card\" content=\"summary_large_image\" \/>\n<meta name=\"twitter:label1\" content=\"Escrito por\" \/>\n\t<meta name=\"twitter:data1\" content=\"Redacci\u00f3n QP\" \/>\n\t<meta name=\"twitter:label2\" content=\"Tiempo de lectura\" \/>\n\t<meta name=\"twitter:data2\" content=\"2 minutos\" \/>\n<script type=\"application\/ld+json\" class=\"yoast-schema-graph\">{\"@context\":\"https:\\\/\\\/schema.org\",\"@graph\":[{\"@type\":\"Article\",\"@id\":\"https:\\\/\\\/quehacerpolitico.mx\\\/?p=2691#article\",\"isPartOf\":{\"@id\":\"https:\\\/\\\/quehacerpolitico.mx\\\/?p=2691\"},\"author\":{\"name\":\"Redacci\u00f3n QP\",\"@id\":\"https:\\\/\\\/quehacerpolitico.mx\\\/#\\\/schema\\\/person\\\/496d8ad2d1d3f8036101dca7ee39e585\"},\"headline\":\"No aspiramos a una dictadura, asegura L\u00f3pez Obrador\",\"datePublished\":\"2018-08-17T21:59:59+00:00\",\"mainEntityOfPage\":{\"@id\":\"https:\\\/\\\/quehacerpolitico.mx\\\/?p=2691\"},\"wordCount\":418,\"commentCount\":0,\"image\":{\"@id\":\"https:\\\/\\\/quehacerpolitico.mx\\\/?p=2691#primaryimage\"},\"thumbnailUrl\":\"\",\"articleSection\":[\"Noticias\"],\"inLanguage\":\"es\",\"potentialAction\":[{\"@type\":\"CommentAction\",\"name\":\"Comment\",\"target\":[\"https:\\\/\\\/quehacerpolitico.mx\\\/?p=2691#respond\"]}]},{\"@type\":\"WebPage\",\"@id\":\"https:\\\/\\\/quehacerpolitico.mx\\\/?p=2691\",\"url\":\"https:\\\/\\\/quehacerpolitico.mx\\\/?p=2691\",\"name\":\"No aspiramos a una dictadura, asegura L\u00f3pez Obrador -\",\"isPartOf\":{\"@id\":\"https:\\\/\\\/quehacerpolitico.mx\\\/#website\"},\"primaryImageOfPage\":{\"@id\":\"https:\\\/\\\/quehacerpolitico.mx\\\/?p=2691#primaryimage\"},\"image\":{\"@id\":\"https:\\\/\\\/quehacerpolitico.mx\\\/?p=2691#primaryimage\"},\"thumbnailUrl\":\"\",\"datePublished\":\"2018-08-17T21:59:59+00:00\",\"author\":{\"@id\":\"https:\\\/\\\/quehacerpolitico.mx\\\/#\\\/schema\\\/person\\\/496d8ad2d1d3f8036101dca7ee39e585\"},\"breadcrumb\":{\"@id\":\"https:\\\/\\\/quehacerpolitico.mx\\\/?p=2691#breadcrumb\"},\"inLanguage\":\"es\",\"potentialAction\":[{\"@type\":\"ReadAction\",\"target\":[\"https:\\\/\\\/quehacerpolitico.mx\\\/?p=2691\"]}]},{\"@type\":\"ImageObject\",\"inLanguage\":\"es\",\"@id\":\"https:\\\/\\\/quehacerpolitico.mx\\\/?p=2691#primaryimage\",\"url\":\"\",\"contentUrl\":\"\"},{\"@type\":\"BreadcrumbList\",\"@id\":\"https:\\\/\\\/quehacerpolitico.mx\\\/?p=2691#breadcrumb\",\"itemListElement\":[{\"@type\":\"ListItem\",\"position\":1,\"name\":\"Inicio\",\"item\":\"https:\\\/\\\/quehacerpolitico.mx\\\/\"},{\"@type\":\"ListItem\",\"position\":2,\"name\":\"No aspiramos a una dictadura, asegura L\u00f3pez Obrador\"}]},{\"@type\":\"WebSite\",\"@id\":\"https:\\\/\\\/quehacerpolitico.mx\\\/#website\",\"url\":\"https:\\\/\\\/quehacerpolitico.mx\\\/\",\"name\":\"\",\"description\":\"\",\"potentialAction\":[{\"@type\":\"SearchAction\",\"target\":{\"@type\":\"EntryPoint\",\"urlTemplate\":\"https:\\\/\\\/quehacerpolitico.mx\\\/?s={search_term_string}\"},\"query-input\":{\"@type\":\"PropertyValueSpecification\",\"valueRequired\":true,\"valueName\":\"search_term_string\"}}],\"inLanguage\":\"es\"},{\"@type\":\"Person\",\"@id\":\"https:\\\/\\\/quehacerpolitico.mx\\\/#\\\/schema\\\/person\\\/496d8ad2d1d3f8036101dca7ee39e585\",\"name\":\"Redacci\u00f3n QP\",\"image\":{\"@type\":\"ImageObject\",\"inLanguage\":\"es\",\"@id\":\"https:\\\/\\\/secure.gravatar.com\\\/avatar\\\/c7164ed6fdec453195284ad24a5ae5b6e1eed2b848477fa2a4787ba9adf39a41?s=96&d=mm&r=g\",\"url\":\"https:\\\/\\\/secure.gravatar.com\\\/avatar\\\/c7164ed6fdec453195284ad24a5ae5b6e1eed2b848477fa2a4787ba9adf39a41?s=96&d=mm&r=g\",\"contentUrl\":\"https:\\\/\\\/secure.gravatar.com\\\/avatar\\\/c7164ed6fdec453195284ad24a5ae5b6e1eed2b848477fa2a4787ba9adf39a41?s=96&d=mm&r=g\",\"caption\":\"Redacci\u00f3n QP\"},\"url\":\"https:\\\/\\\/quehacerpolitico.mx\\\/?author=2\"}]}<\/script>\n<!-- \/ Yoast SEO plugin. -->","yoast_head_json":{"title":"No aspiramos a una dictadura, asegura L\u00f3pez Obrador -","robots":{"index":"index","follow":"follow","max-snippet":"max-snippet:-1","max-image-preview":"max-image-preview:large","max-video-preview":"max-video-preview:-1"},"canonical":"https:\/\/quehacerpolitico.mx\/?p=2691","og_locale":"es_MX","og_type":"article","og_title":"No aspiramos a una dictadura, asegura L\u00f3pez Obrador -","og_description":"El presidente electo asegura que entregar\u00e1 un informe al Presidente Pe\u00f1a Nieto, as\u00ed como a expertos e ingenieros mexicanos para que revisen la documentaci\u00f3n     Por Redacci\u00f3n QP","og_url":"https:\/\/quehacerpolitico.mx\/?p=2691","article_published_time":"2018-08-17T21:59:59+00:00","author":"Redacci\u00f3n QP","twitter_card":"summary_large_image","twitter_misc":{"Escrito por":"Redacci\u00f3n QP","Tiempo de lectura":"2 minutos"},"schema":{"@context":"https:\/\/schema.org","@graph":[{"@type":"Article","@id":"https:\/\/quehacerpolitico.mx\/?p=2691#article","isPartOf":{"@id":"https:\/\/quehacerpolitico.mx\/?p=2691"},"author":{"name":"Redacci\u00f3n QP","@id":"https:\/\/quehacerpolitico.mx\/#\/schema\/person\/496d8ad2d1d3f8036101dca7ee39e585"},"headline":"No aspiramos a una dictadura, asegura L\u00f3pez Obrador","datePublished":"2018-08-17T21:59:59+00:00","mainEntityOfPage":{"@id":"https:\/\/quehacerpolitico.mx\/?p=2691"},"wordCount":418,"commentCount":0,"image":{"@id":"https:\/\/quehacerpolitico.mx\/?p=2691#primaryimage"},"thumbnailUrl":"","articleSection":["Noticias"],"inLanguage":"es","potentialAction":[{"@type":"CommentAction","name":"Comment","target":["https:\/\/quehacerpolitico.mx\/?p=2691#respond"]}]},{"@type":"WebPage","@id":"https:\/\/quehacerpolitico.mx\/?p=2691","url":"https:\/\/quehacerpolitico.mx\/?p=2691","name":"No aspiramos a una dictadura, asegura L\u00f3pez Obrador -","isPartOf":{"@id":"https:\/\/quehacerpolitico.mx\/#website"},"primaryImageOfPage":{"@id":"https:\/\/quehacerpolitico.mx\/?p=2691#primaryimage"},"image":{"@id":"https:\/\/quehacerpolitico.mx\/?p=2691#primaryimage"},"thumbnailUrl":"","datePublished":"2018-08-17T21:59:59+00:00","author":{"@id":"https:\/\/quehacerpolitico.mx\/#\/schema\/person\/496d8ad2d1d3f8036101dca7ee39e585"},"breadcrumb":{"@id":"https:\/\/quehacerpolitico.mx\/?p=2691#breadcrumb"},"inLanguage":"es","potentialAction":[{"@type":"ReadAction","target":["https:\/\/quehacerpolitico.mx\/?p=2691"]}]},{"@type":"ImageObject","inLanguage":"es","@id":"https:\/\/quehacerpolitico.mx\/?p=2691#primaryimage","url":"","contentUrl":""},{"@type":"BreadcrumbList","@id":"https:\/\/quehacerpolitico.mx\/?p=2691#breadcrumb","itemListElement":[{"@type":"ListItem","position":1,"name":"Inicio","item":"https:\/\/quehacerpolitico.mx\/"},{"@type":"ListItem","position":2,"name":"No aspiramos a una dictadura, asegura L\u00f3pez Obrador"}]},{"@type":"WebSite","@id":"https:\/\/quehacerpolitico.mx\/#website","url":"https:\/\/quehacerpolitico.mx\/","name":"","description":"","potentialAction":[{"@type":"SearchAction","target":{"@type":"EntryPoint","urlTemplate":"https:\/\/quehacerpolitico.mx\/?s={search_term_string}"},"query-input":{"@type":"PropertyValueSpecification","valueRequired":true,"valueName":"search_term_string"}}],"inLanguage":"es"},{"@type":"Person","@id":"https:\/\/quehacerpolitico.mx\/#\/schema\/person\/496d8ad2d1d3f8036101dca7ee39e585","name":"Redacci\u00f3n QP","image":{"@type":"ImageObject","inLanguage":"es","@id":"https:\/\/secure.gravatar.com\/avatar\/c7164ed6fdec453195284ad24a5ae5b6e1eed2b848477fa2a4787ba9adf39a41?s=96&d=mm&r=g","url":"https:\/\/secure.gravatar.com\/avatar\/c7164ed6fdec453195284ad24a5ae5b6e1eed2b848477fa2a4787ba9adf39a41?s=96&d=mm&r=g","contentUrl":"https:\/\/secure.gravatar.com\/avatar\/c7164ed6fdec453195284ad24a5ae5b6e1eed2b848477fa2a4787ba9adf39a41?s=96&d=mm&r=g","caption":"Redacci\u00f3n QP"},"url":"https:\/\/quehacerpolitico.mx\/?author=2"}]}},"featured_image_urls":{"full":"","thumbnail":"","medium":"","medium_large":"","large":"","1536x1536":"","2048x2048":"","covernews-featured":"","covernews-medium":""},"author_info":{"display_name":"Redacci\u00f3n QP","author_link":"https:\/\/quehacerpolitico.mx\/?author=2"},"category_info":"<a href=\"https:\/\/quehacerpolitico.mx\/?cat=2\" rel=\"category\">Noticias<\/a>","tag_info":"Noticias","comment_count":"0","_links":{"self":[{"href":"https:\/\/quehacerpolitico.mx\/index.php?rest_route=\/wp\/v2\/posts\/2691","targetHints":{"allow":["GET"]}}],"collection":[{"href":"https:\/\/quehacerpolitico.mx\/index.php?rest_route=\/wp\/v2\/posts"}],"about":[{"href":"https:\/\/quehacerpolitico.mx\/index.php?rest_route=\/wp\/v2\/types\/post"}],"author":[{"embeddable":true,"href":"https:\/\/quehacerpolitico.mx\/index.php?rest_route=\/wp\/v2\/users\/2"}],"replies":[{"embeddable":true,"href":"https:\/\/quehacerpolitico.mx\/index.php?rest_route=%2Fwp%2Fv2%2Fcomments&post=2691"}],"version-history":[{"count":0,"href":"https:\/\/quehacerpolitico.mx\/index.php?rest_route=\/wp\/v2\/posts\/2691\/revisions"}],"wp:featuredmedia":[{"embeddable":true,"href":"https:\/\/quehacerpolitico.mx\/index.php?rest_route=\/"}],"wp:attachment":[{"href":"https:\/\/quehacerpolitico.mx\/index.php?rest_route=%2Fwp%2Fv2%2Fmedia&parent=2691"}],"wp:term":[{"taxonomy":"category","embeddable":true,"href":"https:\/\/quehacerpolitico.mx\/index.php?rest_route=%2Fwp%2Fv2%2Fcategories&post=2691"},{"taxonomy":"post_tag","embeddable":true,"href":"https:\/\/quehacerpolitico.mx\/index.php?rest_route=%2Fwp%2Fv2%2Ftags&post=2691"}],"curies":[{"name":"wp","href":"https:\/\/api.w.org\/{rel}","templated":true}]}}