{"id":2687,"date":"2018-08-17T21:47:05","date_gmt":"2018-08-17T21:47:05","guid":{"rendered":"http:\/\/quehacerpolitico.mx\/las-guardias-presidenciales-se-iran-a-dos-brigadas-de-la-policia-militar-esa-es-la-orden-parece\/"},"modified":"2018-08-17T21:47:05","modified_gmt":"2018-08-17T21:47:05","slug":"las-guardias-presidenciales-se-iran-a-dos-brigadas-de-la-policia-militar-esa-es-la-orden-parece","status":"publish","type":"post","link":"https:\/\/quehacerpolitico.mx\/?p=2687","title":{"rendered":"Las Guardias Presidenciales se ir\u00e1n a dos brigadas de la Polic\u00eda Militar; esa es la orden, parece"},"content":{"rendered":"<h3>El Presidente electo Andr\u00e9s Manuel L\u00f3pez Obrador inform\u00f3 que entre sus primeras acciones estar\u00e1 enviar una iniciativa a la Ley correspondiente para trasladar el Estado Mayor Presidencial a la Secretar\u00eda de la Defensa.<\/h3>\n<h3>El Estado Mayor, \u00f3rgano con un car\u00e1cter t\u00e9cnico-militar, est\u00e1 conformado por dos mil 021 personas, de las cuales 84 por ciento son hombres. Adem\u00e1s el Cuerpo de Guardias Presidenciales est\u00e1 integrado por otros 4 mil efectivos.<\/h3>\n<p>Una misiva del Estado Mayor Presidencial, difundida hoy por medios nacionales, informa una orden de formar dos brigadas de la Polic\u00eda Militar con elementos del Cuerpo de Guardias Presidenciales.<\/p>\n<blockquote>\n<p>\u201cEn virtud de haber recibido instrucciones del alto mando para organizar dos brigadas de polic\u00eda militar con los efectivos que cuenta el C.G.P.; adjunto se remite a usted, impreso y en archivo digital citado Estado de Fuerza por jerarqu\u00edas y direcciones a que pertenecen los integrantes de este organismo\u201d, se lee en la misiva difundida por el periodista Ciro G\u00f3mez Leyva.<\/p>\n<blockquote class=\"twitter-tweet\" data-width=\"550\" data-dnt=\"true\">\n<p lang=\"es\" dir=\"ltr\">De acuerdo con un documento en poder de <a href=\"https:\/\/twitter.com\/hashtag\/PorLaMa%C3%B1ana?src=hash&amp;ref_src=twsrc%5Etfw\">#PorLaMa\u00f1ana<\/a>, obtenido por <a href=\"https:\/\/twitter.com\/HumbertoPadgett?ref_src=twsrc%5Etfw\">@HumbertoPadgett<\/a>, al menos una parte del cuerpo de guardias presidenciales desaparecer\u00e1 como tal y se integrar\u00e1 a la polic\u00eda militar en medio del anuncio de <a href=\"https:\/\/twitter.com\/lopezobrador_?ref_src=twsrc%5Etfw\">@lopezobrador_<\/a> de prescindir de custodia castrense. <a href=\"https:\/\/t.co\/M8E0SHkhEf\">pic.twitter.com\/M8E0SHkhEf<\/a><\/p>\n<p>&mdash; Ciro G\u00f3mez Leyva (@CiroGomezL) <a href=\"https:\/\/twitter.com\/CiroGomezL\/status\/1030446581164793858?ref_src=twsrc%5Etfw\">August 17, 2018<\/a><\/p><\/blockquote>\n<p><script async src=\"https:\/\/platform.twitter.com\/widgets.js\" charset=\"utf-8\"><\/script><\/p>\n<p>De acuerdo con\u00a0<em>Reforma<\/em>, la minuta del <strong>Cuerpo de Guardias Presidenciales,\u00a0<\/strong>fechada el 13 de agosto, informa de la reincorporaci\u00f3n de sus elementos a la Polic\u00eda Militar.<\/p>\n<p>El\u00a0<strong>Estado Mayor Presidencial<\/strong>\u00a0es un organismo adscrito a la Presidencia de la Rep\u00fablica, es el \u00fanico cuerpo militar compuesto por integrantes de la Defensa Nacional, Marina y Fuerza A\u00e9rea.<\/p>\n<p>El Presidente electo, Andr\u00e9s Manuel L\u00f3pez Obrador, anunci\u00f3 que su seguridad no estar\u00e1 a cargo del Estado Mayor Presidencial, cuerpo que ha cuidado a los presidentes mexicanos durante los \u00faltimos 70 a\u00f1os.<\/p>\n<p>El Estado Mayor, \u00f3rgano con un car\u00e1cter t\u00e9cnico-militar, est\u00e1 conformado por dos mil 021 personas, de las cuales 84 por ciento son hombres. Adem\u00e1s, el Cuerpo de Guardias Presidenciales est\u00e1 integrado por otros 4 mil efectivos.<\/p>\n<div class=\"ad_center ad-in-content\">\u00a0<\/div>\n<div id=\"attachment_3458494\" class=\"wp-caption alignnone\"><img loading=\"lazy\" decoding=\"async\" class=\"size-full wp-image-3458494\" src=\"http:\/\/www.sinembargo.mx\/wp-content\/uploads\/2018\/08\/emp.jpg\" sizes=\"auto, (max-width: 700px) 100vw, 700px\" srcset=\"http:\/\/www.sinembargo.mx\/wp-content\/uploads\/2018\/08\/emp.jpg 700w, http:\/\/www.sinembargo.mx\/wp-content\/uploads\/2018\/08\/emp-300x117.jpg 300w\" alt=\"\" width=\"700\" height=\"272\" \/><\/p>\n<p class=\"wp-caption-text\">El Estado Mayor, \u00f3rgano con un car\u00e1cter t\u00e9cnico-militar. Foto: Cuartoscuro<\/p>\n<\/div>\n<p>De estos efectivos, mil 586 forman parte de las Fuerzas Armadas -82 por ciento provenientes del Ej\u00e9rcito, nueve por ciento de la Armada y nueve por ciento de la Fuerza A\u00e9rea-, 52 son polic\u00edas federales y 383 son civiles, los cuales realizan b\u00e1sicamente funciones administrativas.<\/p>\n<p>Su m\u00e1xima responsabilidad es cuidar las espaldas del Presidente del pa\u00eds, pero tambi\u00e9n se encargan de la seguridad de su familia, de los secretarios de Estado y candidatos presidenciales, entre otras personas.<\/p>\n<p>Tambi\u00e9n son los responsables de coordinar la seguridad y log\u00edstica de aquellas visitas que realicen jefes de Estado y de Gobierno extranjeros a M\u00e9xico.<\/p>\n<p><strong>LOS 20 MAGNIFICOS DE AMLO<\/strong><\/p>\n<p>El pasado 11 de julio, el Presidente electo inform\u00f3 que entre sus primeras acciones estar\u00e1 enviar una iniciativa a la Ley correspondiente para trasladar el Estado Mayor Presidencial a la Secretar\u00eda de la Defensa.<\/p>\n<p>L\u00f3pez Obrador tambi\u00e9n ha anunciado que para resguardar su seguridad tendr\u00e1 un equipo conformado por 20 profesionales, 10 mujeres y 10 hombres con nivel de estudios de licenciatura, quienes se desempe\u00f1ar\u00e1n como sus ayudantes.<\/p>\n<p>\u201cRespeto mucho al Estado Mayor Presidencial y de ninguna manera quiero faltarles al respeto, es una instituci\u00f3n que se ha mantenido por mucho a\u00f1os, sin embargo, son otros tiempos\u201d, apunt\u00f3 el morenista tras su reuni\u00f3n con el Presidente Enrique Pe\u00f1a Nieto en Palacio Nacional, el pasado 10 de agosto.<\/p>\n<p>En esa ocasi\u00f3n dijo que su nuevo grupo de escolta o acompa\u00f1amiento, el cual estar\u00e1 desarmado, ejercer\u00e1 a partir del 16 de septiembre, d\u00eda en que iniciar\u00e1 una gira por todo M\u00e9xico.<\/p>\n<p>L\u00f3pez Obrador indic\u00f3 que entre esos profesionales habr\u00e1 abogados, m\u00e9dicos e ingenieros que seguramente van a tomar un curso de capacitaci\u00f3n, pero no de manejo de armas, para que haya una protecci\u00f3n m\u00ednima.<\/p>\n<p>\u201cEllos me van a cuidar junto con todos los mexicanos y entre todos los mexicanos est\u00e1n tambi\u00e9n los soldados, que son pueblo uniformado. S\u00e9 que existe preocupaci\u00f3n [por mi seguridad] pero a donde vaya me van cuidar polic\u00edas locales, soldados, marinos y los ciudadanos\u201d, finaliz\u00f3.<\/p>\n<p><em>Con informaci\u00f3n de EFE<\/em><\/p>\n<\/blockquote>\n","protected":false},"excerpt":{"rendered":"<p>Las Guardias Presidenciales se ir\u00e1n a dos brigadas de la Polic\u00eda Militar; esa es la orden, parece<br \/>\nPor Redacci\u00f3n QP<\/p>\n","protected":false},"author":2,"featured_media":2686,"comment_status":"open","ping_status":"open","sticky":false,"template":"","format":"standard","meta":{"_monsterinsights_skip_tracking":false,"_monsterinsights_sitenote_active":false,"_monsterinsights_sitenote_note":"","_monsterinsights_sitenote_category":0,"footnotes":""},"categories":[2],"tags":[],"class_list":["post-2687","post","type-post","status-publish","format-standard","has-post-thumbnail","hentry","category-noticias"],"yoast_head":"<!-- This site is optimized with the Yoast SEO plugin v27.3 - https:\/\/yoast.com\/product\/yoast-seo-wordpress\/ -->\n<title>Las Guardias Presidenciales se ir\u00e1n a dos brigadas de la Polic\u00eda Militar; esa es la orden, parece -<\/title>\n<meta name=\"robots\" content=\"index, follow, max-snippet:-1, max-image-preview:large, max-video-preview:-1\" \/>\n<link rel=\"canonical\" href=\"https:\/\/quehacerpolitico.mx\/?p=2687\" \/>\n<meta property=\"og:locale\" content=\"es_MX\" \/>\n<meta property=\"og:type\" content=\"article\" \/>\n<meta property=\"og:title\" content=\"Las Guardias Presidenciales se ir\u00e1n a dos brigadas de la Polic\u00eda Militar; esa es la orden, parece -\" \/>\n<meta property=\"og:description\" content=\"Las Guardias Presidenciales se ir\u00e1n a dos brigadas de la Polic\u00eda Militar; esa es la orden, parece Por Redacci\u00f3n QP\" \/>\n<meta property=\"og:url\" content=\"https:\/\/quehacerpolitico.mx\/?p=2687\" \/>\n<meta property=\"article:published_time\" content=\"2018-08-17T21:47:05+00:00\" \/>\n<meta name=\"author\" content=\"Redacci\u00f3n QP\" \/>\n<meta name=\"twitter:card\" content=\"summary_large_image\" \/>\n<meta name=\"twitter:label1\" content=\"Escrito por\" \/>\n\t<meta name=\"twitter:data1\" content=\"Redacci\u00f3n QP\" \/>\n\t<meta name=\"twitter:label2\" content=\"Tiempo de lectura\" \/>\n\t<meta name=\"twitter:data2\" content=\"3 minutos\" \/>\n<script type=\"application\/ld+json\" class=\"yoast-schema-graph\">{\"@context\":\"https:\\\/\\\/schema.org\",\"@graph\":[{\"@type\":\"Article\",\"@id\":\"https:\\\/\\\/quehacerpolitico.mx\\\/?p=2687#article\",\"isPartOf\":{\"@id\":\"https:\\\/\\\/quehacerpolitico.mx\\\/?p=2687\"},\"author\":{\"name\":\"Redacci\u00f3n QP\",\"@id\":\"https:\\\/\\\/quehacerpolitico.mx\\\/#\\\/schema\\\/person\\\/496d8ad2d1d3f8036101dca7ee39e585\"},\"headline\":\"Las Guardias Presidenciales se ir\u00e1n a dos brigadas de la Polic\u00eda Militar; esa es la orden, parece\",\"datePublished\":\"2018-08-17T21:47:05+00:00\",\"mainEntityOfPage\":{\"@id\":\"https:\\\/\\\/quehacerpolitico.mx\\\/?p=2687\"},\"wordCount\":695,\"commentCount\":0,\"image\":{\"@id\":\"https:\\\/\\\/quehacerpolitico.mx\\\/?p=2687#primaryimage\"},\"thumbnailUrl\":\"\",\"articleSection\":[\"Noticias\"],\"inLanguage\":\"es\",\"potentialAction\":[{\"@type\":\"CommentAction\",\"name\":\"Comment\",\"target\":[\"https:\\\/\\\/quehacerpolitico.mx\\\/?p=2687#respond\"]}]},{\"@type\":\"WebPage\",\"@id\":\"https:\\\/\\\/quehacerpolitico.mx\\\/?p=2687\",\"url\":\"https:\\\/\\\/quehacerpolitico.mx\\\/?p=2687\",\"name\":\"Las Guardias Presidenciales se ir\u00e1n a dos brigadas de la Polic\u00eda Militar; esa es la orden, parece -\",\"isPartOf\":{\"@id\":\"https:\\\/\\\/quehacerpolitico.mx\\\/#website\"},\"primaryImageOfPage\":{\"@id\":\"https:\\\/\\\/quehacerpolitico.mx\\\/?p=2687#primaryimage\"},\"image\":{\"@id\":\"https:\\\/\\\/quehacerpolitico.mx\\\/?p=2687#primaryimage\"},\"thumbnailUrl\":\"\",\"datePublished\":\"2018-08-17T21:47:05+00:00\",\"author\":{\"@id\":\"https:\\\/\\\/quehacerpolitico.mx\\\/#\\\/schema\\\/person\\\/496d8ad2d1d3f8036101dca7ee39e585\"},\"breadcrumb\":{\"@id\":\"https:\\\/\\\/quehacerpolitico.mx\\\/?p=2687#breadcrumb\"},\"inLanguage\":\"es\",\"potentialAction\":[{\"@type\":\"ReadAction\",\"target\":[\"https:\\\/\\\/quehacerpolitico.mx\\\/?p=2687\"]}]},{\"@type\":\"ImageObject\",\"inLanguage\":\"es\",\"@id\":\"https:\\\/\\\/quehacerpolitico.mx\\\/?p=2687#primaryimage\",\"url\":\"\",\"contentUrl\":\"\"},{\"@type\":\"BreadcrumbList\",\"@id\":\"https:\\\/\\\/quehacerpolitico.mx\\\/?p=2687#breadcrumb\",\"itemListElement\":[{\"@type\":\"ListItem\",\"position\":1,\"name\":\"Inicio\",\"item\":\"https:\\\/\\\/quehacerpolitico.mx\\\/\"},{\"@type\":\"ListItem\",\"position\":2,\"name\":\"Las Guardias Presidenciales se ir\u00e1n a dos brigadas de la Polic\u00eda Militar; esa es la orden, parece\"}]},{\"@type\":\"WebSite\",\"@id\":\"https:\\\/\\\/quehacerpolitico.mx\\\/#website\",\"url\":\"https:\\\/\\\/quehacerpolitico.mx\\\/\",\"name\":\"\",\"description\":\"\",\"potentialAction\":[{\"@type\":\"SearchAction\",\"target\":{\"@type\":\"EntryPoint\",\"urlTemplate\":\"https:\\\/\\\/quehacerpolitico.mx\\\/?s={search_term_string}\"},\"query-input\":{\"@type\":\"PropertyValueSpecification\",\"valueRequired\":true,\"valueName\":\"search_term_string\"}}],\"inLanguage\":\"es\"},{\"@type\":\"Person\",\"@id\":\"https:\\\/\\\/quehacerpolitico.mx\\\/#\\\/schema\\\/person\\\/496d8ad2d1d3f8036101dca7ee39e585\",\"name\":\"Redacci\u00f3n QP\",\"image\":{\"@type\":\"ImageObject\",\"inLanguage\":\"es\",\"@id\":\"https:\\\/\\\/secure.gravatar.com\\\/avatar\\\/c7164ed6fdec453195284ad24a5ae5b6e1eed2b848477fa2a4787ba9adf39a41?s=96&d=mm&r=g\",\"url\":\"https:\\\/\\\/secure.gravatar.com\\\/avatar\\\/c7164ed6fdec453195284ad24a5ae5b6e1eed2b848477fa2a4787ba9adf39a41?s=96&d=mm&r=g\",\"contentUrl\":\"https:\\\/\\\/secure.gravatar.com\\\/avatar\\\/c7164ed6fdec453195284ad24a5ae5b6e1eed2b848477fa2a4787ba9adf39a41?s=96&d=mm&r=g\",\"caption\":\"Redacci\u00f3n QP\"},\"url\":\"https:\\\/\\\/quehacerpolitico.mx\\\/?author=2\"}]}<\/script>\n<!-- \/ Yoast SEO plugin. -->","yoast_head_json":{"title":"Las Guardias Presidenciales se ir\u00e1n a dos brigadas de la Polic\u00eda Militar; esa es la orden, parece -","robots":{"index":"index","follow":"follow","max-snippet":"max-snippet:-1","max-image-preview":"max-image-preview:large","max-video-preview":"max-video-preview:-1"},"canonical":"https:\/\/quehacerpolitico.mx\/?p=2687","og_locale":"es_MX","og_type":"article","og_title":"Las Guardias Presidenciales se ir\u00e1n a dos brigadas de la Polic\u00eda Militar; esa es la orden, parece -","og_description":"Las Guardias Presidenciales se ir\u00e1n a dos brigadas de la Polic\u00eda Militar; esa es la orden, parece Por Redacci\u00f3n QP","og_url":"https:\/\/quehacerpolitico.mx\/?p=2687","article_published_time":"2018-08-17T21:47:05+00:00","author":"Redacci\u00f3n QP","twitter_card":"summary_large_image","twitter_misc":{"Escrito por":"Redacci\u00f3n QP","Tiempo de lectura":"3 minutos"},"schema":{"@context":"https:\/\/schema.org","@graph":[{"@type":"Article","@id":"https:\/\/quehacerpolitico.mx\/?p=2687#article","isPartOf":{"@id":"https:\/\/quehacerpolitico.mx\/?p=2687"},"author":{"name":"Redacci\u00f3n QP","@id":"https:\/\/quehacerpolitico.mx\/#\/schema\/person\/496d8ad2d1d3f8036101dca7ee39e585"},"headline":"Las Guardias Presidenciales se ir\u00e1n a dos brigadas de la Polic\u00eda Militar; esa es la orden, parece","datePublished":"2018-08-17T21:47:05+00:00","mainEntityOfPage":{"@id":"https:\/\/quehacerpolitico.mx\/?p=2687"},"wordCount":695,"commentCount":0,"image":{"@id":"https:\/\/quehacerpolitico.mx\/?p=2687#primaryimage"},"thumbnailUrl":"","articleSection":["Noticias"],"inLanguage":"es","potentialAction":[{"@type":"CommentAction","name":"Comment","target":["https:\/\/quehacerpolitico.mx\/?p=2687#respond"]}]},{"@type":"WebPage","@id":"https:\/\/quehacerpolitico.mx\/?p=2687","url":"https:\/\/quehacerpolitico.mx\/?p=2687","name":"Las Guardias Presidenciales se ir\u00e1n a dos brigadas de la Polic\u00eda Militar; esa es la orden, parece -","isPartOf":{"@id":"https:\/\/quehacerpolitico.mx\/#website"},"primaryImageOfPage":{"@id":"https:\/\/quehacerpolitico.mx\/?p=2687#primaryimage"},"image":{"@id":"https:\/\/quehacerpolitico.mx\/?p=2687#primaryimage"},"thumbnailUrl":"","datePublished":"2018-08-17T21:47:05+00:00","author":{"@id":"https:\/\/quehacerpolitico.mx\/#\/schema\/person\/496d8ad2d1d3f8036101dca7ee39e585"},"breadcrumb":{"@id":"https:\/\/quehacerpolitico.mx\/?p=2687#breadcrumb"},"inLanguage":"es","potentialAction":[{"@type":"ReadAction","target":["https:\/\/quehacerpolitico.mx\/?p=2687"]}]},{"@type":"ImageObject","inLanguage":"es","@id":"https:\/\/quehacerpolitico.mx\/?p=2687#primaryimage","url":"","contentUrl":""},{"@type":"BreadcrumbList","@id":"https:\/\/quehacerpolitico.mx\/?p=2687#breadcrumb","itemListElement":[{"@type":"ListItem","position":1,"name":"Inicio","item":"https:\/\/quehacerpolitico.mx\/"},{"@type":"ListItem","position":2,"name":"Las Guardias Presidenciales se ir\u00e1n a dos brigadas de la Polic\u00eda Militar; esa es la orden, parece"}]},{"@type":"WebSite","@id":"https:\/\/quehacerpolitico.mx\/#website","url":"https:\/\/quehacerpolitico.mx\/","name":"","description":"","potentialAction":[{"@type":"SearchAction","target":{"@type":"EntryPoint","urlTemplate":"https:\/\/quehacerpolitico.mx\/?s={search_term_string}"},"query-input":{"@type":"PropertyValueSpecification","valueRequired":true,"valueName":"search_term_string"}}],"inLanguage":"es"},{"@type":"Person","@id":"https:\/\/quehacerpolitico.mx\/#\/schema\/person\/496d8ad2d1d3f8036101dca7ee39e585","name":"Redacci\u00f3n QP","image":{"@type":"ImageObject","inLanguage":"es","@id":"https:\/\/secure.gravatar.com\/avatar\/c7164ed6fdec453195284ad24a5ae5b6e1eed2b848477fa2a4787ba9adf39a41?s=96&d=mm&r=g","url":"https:\/\/secure.gravatar.com\/avatar\/c7164ed6fdec453195284ad24a5ae5b6e1eed2b848477fa2a4787ba9adf39a41?s=96&d=mm&r=g","contentUrl":"https:\/\/secure.gravatar.com\/avatar\/c7164ed6fdec453195284ad24a5ae5b6e1eed2b848477fa2a4787ba9adf39a41?s=96&d=mm&r=g","caption":"Redacci\u00f3n QP"},"url":"https:\/\/quehacerpolitico.mx\/?author=2"}]}},"featured_image_urls":{"full":"","thumbnail":"","medium":"","medium_large":"","large":"","1536x1536":"","2048x2048":"","covernews-featured":"","covernews-medium":""},"author_info":{"display_name":"Redacci\u00f3n QP","author_link":"https:\/\/quehacerpolitico.mx\/?author=2"},"category_info":"<a href=\"https:\/\/quehacerpolitico.mx\/?cat=2\" rel=\"category\">Noticias<\/a>","tag_info":"Noticias","comment_count":"0","_links":{"self":[{"href":"https:\/\/quehacerpolitico.mx\/index.php?rest_route=\/wp\/v2\/posts\/2687","targetHints":{"allow":["GET"]}}],"collection":[{"href":"https:\/\/quehacerpolitico.mx\/index.php?rest_route=\/wp\/v2\/posts"}],"about":[{"href":"https:\/\/quehacerpolitico.mx\/index.php?rest_route=\/wp\/v2\/types\/post"}],"author":[{"embeddable":true,"href":"https:\/\/quehacerpolitico.mx\/index.php?rest_route=\/wp\/v2\/users\/2"}],"replies":[{"embeddable":true,"href":"https:\/\/quehacerpolitico.mx\/index.php?rest_route=%2Fwp%2Fv2%2Fcomments&post=2687"}],"version-history":[{"count":0,"href":"https:\/\/quehacerpolitico.mx\/index.php?rest_route=\/wp\/v2\/posts\/2687\/revisions"}],"wp:featuredmedia":[{"embeddable":true,"href":"https:\/\/quehacerpolitico.mx\/index.php?rest_route=\/"}],"wp:attachment":[{"href":"https:\/\/quehacerpolitico.mx\/index.php?rest_route=%2Fwp%2Fv2%2Fmedia&parent=2687"}],"wp:term":[{"taxonomy":"category","embeddable":true,"href":"https:\/\/quehacerpolitico.mx\/index.php?rest_route=%2Fwp%2Fv2%2Fcategories&post=2687"},{"taxonomy":"post_tag","embeddable":true,"href":"https:\/\/quehacerpolitico.mx\/index.php?rest_route=%2Fwp%2Fv2%2Ftags&post=2687"}],"curies":[{"name":"wp","href":"https:\/\/api.w.org\/{rel}","templated":true}]}}