{"id":2685,"date":"2018-08-17T21:32:36","date_gmt":"2018-08-17T21:32:36","guid":{"rendered":"http:\/\/quehacerpolitico.mx\/video-jovencita-es-humillada-y-atacada-por-otras-en-escuela-de-la-cdmx-lo-denuncia-susana-zavaleta\/"},"modified":"2018-08-17T21:32:36","modified_gmt":"2018-08-17T21:32:36","slug":"video-jovencita-es-humillada-y-atacada-por-otras-en-escuela-de-la-cdmx-lo-denuncia-susana-zavaleta","status":"publish","type":"post","link":"https:\/\/quehacerpolitico.mx\/?p=2685","title":{"rendered":"VIDEO: Jovencita es humillada y atacada por otras en escuela de la CdMx; lo denuncia Susana Zavaleta"},"content":{"rendered":"<h3>La grabaci\u00f3n fue compartida en Twitter por la actriz Susana Zavaleta, quien dijo que se desconoce a qu\u00e9 colegio pertenecen las j\u00f3venes y calific\u00f3 los hechos como una verg\u00fcenza.<\/h3>\n<p>https:\/\/www.facebook.com\/MexicoSinCensuraMx\/videos\/1864809856939760\/<\/p>\n<p>Un video exhibe la golpiza que un grupo de adolescentes le da a otra en calles de la\u00a0colonia Romero de Terreros, en la delegaci\u00f3n <strong>Coyoac\u00e1n, <\/strong>en la Ciudad de M\u00e9xico. Las im\u00e1genes, captadas por los testigos de la pelea, registran el momento en el que una joven es agredida f\u00edsica y verbalmente, y adem\u00e1s humillada, por al menos otras dos estudiantes.<\/p>\n<p>La menor, de aproximadamente 17 a\u00f1os de edad, es agredida mientras se encuentra tirada en el suelo.\u00a0Se observa c\u00f3mo una joven, vestida con chamarra de mezclilla y pantal\u00f3n negro, le da patadas y otra m\u00e1s comienza a cachetearla.<\/p>\n<p>Despu\u00e9s, una de las agresora quiere obligarla a que se disculpe. Como se niega, le vuelven a dar una tunda. La agredida, que viste leggins negros y una blusa roja de rayas, trata de esquivar las patadas mientras las otras j\u00f3venes no le permiten levantarse.<\/p>\n<p>Las \u00faltimas cifras de la OCDE indican que M\u00e9xico es uno de los pa\u00edses con el peor problema de bullying en el mundo. Algunos 18 millones de estudiantes menores de edad sufren de ataques de otros. La Comisi\u00f3n Nacional de Derechos Humanos (CNDH) calcula un incremento anual de 10 por ciento de casos cada a\u00f1o.<\/p>\n<p>La CNDH escribi\u00f3 en redes a la actriz Susana Zavaleta, quien denunci\u00f3 el hecho en redes:<\/p>\n<blockquote>\n<p>\u201cGracias por fomentar la cultura de la denuncia. Hemos dado aviso a las autoridades correspondientes. Si t\u00fa o tu amiga tienen m\u00e1s datos sobre este hecho te pedimos que nos llames al <strong><a href=\"tel:5681 8125\">5681 8125<\/a> o al <a href=\"tel:01 800 715 2000\">01 800 715 2000<\/a>, ext. 1123, 1127, 1129, 1218, 1242<\/strong>\u201d.<\/p>\n<section class=\"post-content\">\n<p>Minutos despu\u00e9s del ataque, la menor es obligada a hincarse\u00a0en el pavimento, y una de sus agresoras le exige que se disculpe, mientras las otras comienzan a llamarla \u201czorra\u201d. La grabaci\u00f3n fue compartida en Twitter por la actriz Susana Zavaleta, quien dijo que se desconoce a qu\u00e9 colegio pertenecen las j\u00f3venes y calific\u00f3 los hechos como una verg\u00fcenza.<\/p>\n<blockquote>\n<p>\u201cDa verg\u00fcenza ver esto, encima de la complicidad colectiva de todos los dem\u00e1s. \u00bfNo les parece triste? \u00bfLos pap\u00e1s sabr\u00e1n lo que hacen sus hijos?\u201d, escribi\u00f3.<\/p>\n<\/blockquote>\n<p>Trascendi\u00f3 que podr\u00eda tratarse de alumnos de la Escuela Moderna Americana ubicada sobre la calle Cerro del Hombre.<\/p>\n<\/section>\n<\/blockquote>\n","protected":false},"excerpt":{"rendered":"<p>VIDEO: Jovencita es humillada y atacada por otras en escuela de la CdMx; lo denuncia Susana Zavaleta<br \/>\nPor Redacci\u00f3n QP<\/p>\n","protected":false},"author":2,"featured_media":2684,"comment_status":"open","ping_status":"open","sticky":false,"template":"","format":"standard","meta":{"_monsterinsights_skip_tracking":false,"_monsterinsights_sitenote_active":false,"_monsterinsights_sitenote_note":"","_monsterinsights_sitenote_category":0,"footnotes":""},"categories":[55],"tags":[],"class_list":["post-2685","post","type-post","status-publish","format-standard","has-post-thumbnail","hentry","category-cdmx"],"yoast_head":"<!-- This site is optimized with the Yoast SEO plugin v27.3 - https:\/\/yoast.com\/product\/yoast-seo-wordpress\/ -->\n<title>VIDEO: Jovencita es humillada y atacada por otras en escuela de la CdMx; lo denuncia Susana Zavaleta -<\/title>\n<meta name=\"robots\" content=\"index, follow, max-snippet:-1, max-image-preview:large, max-video-preview:-1\" \/>\n<link rel=\"canonical\" href=\"https:\/\/quehacerpolitico.mx\/?p=2685\" \/>\n<meta property=\"og:locale\" content=\"es_MX\" \/>\n<meta property=\"og:type\" content=\"article\" \/>\n<meta property=\"og:title\" content=\"VIDEO: Jovencita es humillada y atacada por otras en escuela de la CdMx; lo denuncia Susana Zavaleta -\" \/>\n<meta property=\"og:description\" content=\"VIDEO: Jovencita es humillada y atacada por otras en escuela de la CdMx; lo denuncia Susana Zavaleta Por Redacci\u00f3n QP\" \/>\n<meta property=\"og:url\" content=\"https:\/\/quehacerpolitico.mx\/?p=2685\" \/>\n<meta property=\"article:published_time\" content=\"2018-08-17T21:32:36+00:00\" \/>\n<meta name=\"author\" content=\"Redacci\u00f3n QP\" \/>\n<meta name=\"twitter:card\" content=\"summary_large_image\" \/>\n<meta name=\"twitter:label1\" content=\"Escrito por\" \/>\n\t<meta name=\"twitter:data1\" content=\"Redacci\u00f3n QP\" \/>\n\t<meta name=\"twitter:label2\" content=\"Tiempo de lectura\" \/>\n\t<meta name=\"twitter:data2\" content=\"2 minutos\" \/>\n<script type=\"application\/ld+json\" class=\"yoast-schema-graph\">{\"@context\":\"https:\\\/\\\/schema.org\",\"@graph\":[{\"@type\":\"Article\",\"@id\":\"https:\\\/\\\/quehacerpolitico.mx\\\/?p=2685#article\",\"isPartOf\":{\"@id\":\"https:\\\/\\\/quehacerpolitico.mx\\\/?p=2685\"},\"author\":{\"name\":\"Redacci\u00f3n QP\",\"@id\":\"https:\\\/\\\/quehacerpolitico.mx\\\/#\\\/schema\\\/person\\\/496d8ad2d1d3f8036101dca7ee39e585\"},\"headline\":\"VIDEO: Jovencita es humillada y atacada por otras en escuela de la CdMx; lo denuncia Susana Zavaleta\",\"datePublished\":\"2018-08-17T21:32:36+00:00\",\"mainEntityOfPage\":{\"@id\":\"https:\\\/\\\/quehacerpolitico.mx\\\/?p=2685\"},\"wordCount\":433,\"commentCount\":0,\"image\":{\"@id\":\"https:\\\/\\\/quehacerpolitico.mx\\\/?p=2685#primaryimage\"},\"thumbnailUrl\":\"\",\"articleSection\":[\"CDMX\"],\"inLanguage\":\"es\",\"potentialAction\":[{\"@type\":\"CommentAction\",\"name\":\"Comment\",\"target\":[\"https:\\\/\\\/quehacerpolitico.mx\\\/?p=2685#respond\"]}]},{\"@type\":\"WebPage\",\"@id\":\"https:\\\/\\\/quehacerpolitico.mx\\\/?p=2685\",\"url\":\"https:\\\/\\\/quehacerpolitico.mx\\\/?p=2685\",\"name\":\"VIDEO: Jovencita es humillada y atacada por otras en escuela de la CdMx; lo denuncia Susana Zavaleta -\",\"isPartOf\":{\"@id\":\"https:\\\/\\\/quehacerpolitico.mx\\\/#website\"},\"primaryImageOfPage\":{\"@id\":\"https:\\\/\\\/quehacerpolitico.mx\\\/?p=2685#primaryimage\"},\"image\":{\"@id\":\"https:\\\/\\\/quehacerpolitico.mx\\\/?p=2685#primaryimage\"},\"thumbnailUrl\":\"\",\"datePublished\":\"2018-08-17T21:32:36+00:00\",\"author\":{\"@id\":\"https:\\\/\\\/quehacerpolitico.mx\\\/#\\\/schema\\\/person\\\/496d8ad2d1d3f8036101dca7ee39e585\"},\"breadcrumb\":{\"@id\":\"https:\\\/\\\/quehacerpolitico.mx\\\/?p=2685#breadcrumb\"},\"inLanguage\":\"es\",\"potentialAction\":[{\"@type\":\"ReadAction\",\"target\":[\"https:\\\/\\\/quehacerpolitico.mx\\\/?p=2685\"]}]},{\"@type\":\"ImageObject\",\"inLanguage\":\"es\",\"@id\":\"https:\\\/\\\/quehacerpolitico.mx\\\/?p=2685#primaryimage\",\"url\":\"\",\"contentUrl\":\"\"},{\"@type\":\"BreadcrumbList\",\"@id\":\"https:\\\/\\\/quehacerpolitico.mx\\\/?p=2685#breadcrumb\",\"itemListElement\":[{\"@type\":\"ListItem\",\"position\":1,\"name\":\"Inicio\",\"item\":\"https:\\\/\\\/quehacerpolitico.mx\\\/\"},{\"@type\":\"ListItem\",\"position\":2,\"name\":\"VIDEO: Jovencita es humillada y atacada por otras en escuela de la CdMx; lo denuncia Susana Zavaleta\"}]},{\"@type\":\"WebSite\",\"@id\":\"https:\\\/\\\/quehacerpolitico.mx\\\/#website\",\"url\":\"https:\\\/\\\/quehacerpolitico.mx\\\/\",\"name\":\"\",\"description\":\"\",\"potentialAction\":[{\"@type\":\"SearchAction\",\"target\":{\"@type\":\"EntryPoint\",\"urlTemplate\":\"https:\\\/\\\/quehacerpolitico.mx\\\/?s={search_term_string}\"},\"query-input\":{\"@type\":\"PropertyValueSpecification\",\"valueRequired\":true,\"valueName\":\"search_term_string\"}}],\"inLanguage\":\"es\"},{\"@type\":\"Person\",\"@id\":\"https:\\\/\\\/quehacerpolitico.mx\\\/#\\\/schema\\\/person\\\/496d8ad2d1d3f8036101dca7ee39e585\",\"name\":\"Redacci\u00f3n QP\",\"image\":{\"@type\":\"ImageObject\",\"inLanguage\":\"es\",\"@id\":\"https:\\\/\\\/secure.gravatar.com\\\/avatar\\\/c7164ed6fdec453195284ad24a5ae5b6e1eed2b848477fa2a4787ba9adf39a41?s=96&d=mm&r=g\",\"url\":\"https:\\\/\\\/secure.gravatar.com\\\/avatar\\\/c7164ed6fdec453195284ad24a5ae5b6e1eed2b848477fa2a4787ba9adf39a41?s=96&d=mm&r=g\",\"contentUrl\":\"https:\\\/\\\/secure.gravatar.com\\\/avatar\\\/c7164ed6fdec453195284ad24a5ae5b6e1eed2b848477fa2a4787ba9adf39a41?s=96&d=mm&r=g\",\"caption\":\"Redacci\u00f3n QP\"},\"url\":\"https:\\\/\\\/quehacerpolitico.mx\\\/?author=2\"}]}<\/script>\n<!-- \/ Yoast SEO plugin. -->","yoast_head_json":{"title":"VIDEO: Jovencita es humillada y atacada por otras en escuela de la CdMx; lo denuncia Susana Zavaleta -","robots":{"index":"index","follow":"follow","max-snippet":"max-snippet:-1","max-image-preview":"max-image-preview:large","max-video-preview":"max-video-preview:-1"},"canonical":"https:\/\/quehacerpolitico.mx\/?p=2685","og_locale":"es_MX","og_type":"article","og_title":"VIDEO: Jovencita es humillada y atacada por otras en escuela de la CdMx; lo denuncia Susana Zavaleta -","og_description":"VIDEO: Jovencita es humillada y atacada por otras en escuela de la CdMx; lo denuncia Susana Zavaleta Por Redacci\u00f3n QP","og_url":"https:\/\/quehacerpolitico.mx\/?p=2685","article_published_time":"2018-08-17T21:32:36+00:00","author":"Redacci\u00f3n QP","twitter_card":"summary_large_image","twitter_misc":{"Escrito por":"Redacci\u00f3n QP","Tiempo de lectura":"2 minutos"},"schema":{"@context":"https:\/\/schema.org","@graph":[{"@type":"Article","@id":"https:\/\/quehacerpolitico.mx\/?p=2685#article","isPartOf":{"@id":"https:\/\/quehacerpolitico.mx\/?p=2685"},"author":{"name":"Redacci\u00f3n QP","@id":"https:\/\/quehacerpolitico.mx\/#\/schema\/person\/496d8ad2d1d3f8036101dca7ee39e585"},"headline":"VIDEO: Jovencita es humillada y atacada por otras en escuela de la CdMx; lo denuncia Susana Zavaleta","datePublished":"2018-08-17T21:32:36+00:00","mainEntityOfPage":{"@id":"https:\/\/quehacerpolitico.mx\/?p=2685"},"wordCount":433,"commentCount":0,"image":{"@id":"https:\/\/quehacerpolitico.mx\/?p=2685#primaryimage"},"thumbnailUrl":"","articleSection":["CDMX"],"inLanguage":"es","potentialAction":[{"@type":"CommentAction","name":"Comment","target":["https:\/\/quehacerpolitico.mx\/?p=2685#respond"]}]},{"@type":"WebPage","@id":"https:\/\/quehacerpolitico.mx\/?p=2685","url":"https:\/\/quehacerpolitico.mx\/?p=2685","name":"VIDEO: Jovencita es humillada y atacada por otras en escuela de la CdMx; lo denuncia Susana Zavaleta -","isPartOf":{"@id":"https:\/\/quehacerpolitico.mx\/#website"},"primaryImageOfPage":{"@id":"https:\/\/quehacerpolitico.mx\/?p=2685#primaryimage"},"image":{"@id":"https:\/\/quehacerpolitico.mx\/?p=2685#primaryimage"},"thumbnailUrl":"","datePublished":"2018-08-17T21:32:36+00:00","author":{"@id":"https:\/\/quehacerpolitico.mx\/#\/schema\/person\/496d8ad2d1d3f8036101dca7ee39e585"},"breadcrumb":{"@id":"https:\/\/quehacerpolitico.mx\/?p=2685#breadcrumb"},"inLanguage":"es","potentialAction":[{"@type":"ReadAction","target":["https:\/\/quehacerpolitico.mx\/?p=2685"]}]},{"@type":"ImageObject","inLanguage":"es","@id":"https:\/\/quehacerpolitico.mx\/?p=2685#primaryimage","url":"","contentUrl":""},{"@type":"BreadcrumbList","@id":"https:\/\/quehacerpolitico.mx\/?p=2685#breadcrumb","itemListElement":[{"@type":"ListItem","position":1,"name":"Inicio","item":"https:\/\/quehacerpolitico.mx\/"},{"@type":"ListItem","position":2,"name":"VIDEO: Jovencita es humillada y atacada por otras en escuela de la CdMx; lo denuncia Susana Zavaleta"}]},{"@type":"WebSite","@id":"https:\/\/quehacerpolitico.mx\/#website","url":"https:\/\/quehacerpolitico.mx\/","name":"","description":"","potentialAction":[{"@type":"SearchAction","target":{"@type":"EntryPoint","urlTemplate":"https:\/\/quehacerpolitico.mx\/?s={search_term_string}"},"query-input":{"@type":"PropertyValueSpecification","valueRequired":true,"valueName":"search_term_string"}}],"inLanguage":"es"},{"@type":"Person","@id":"https:\/\/quehacerpolitico.mx\/#\/schema\/person\/496d8ad2d1d3f8036101dca7ee39e585","name":"Redacci\u00f3n QP","image":{"@type":"ImageObject","inLanguage":"es","@id":"https:\/\/secure.gravatar.com\/avatar\/c7164ed6fdec453195284ad24a5ae5b6e1eed2b848477fa2a4787ba9adf39a41?s=96&d=mm&r=g","url":"https:\/\/secure.gravatar.com\/avatar\/c7164ed6fdec453195284ad24a5ae5b6e1eed2b848477fa2a4787ba9adf39a41?s=96&d=mm&r=g","contentUrl":"https:\/\/secure.gravatar.com\/avatar\/c7164ed6fdec453195284ad24a5ae5b6e1eed2b848477fa2a4787ba9adf39a41?s=96&d=mm&r=g","caption":"Redacci\u00f3n QP"},"url":"https:\/\/quehacerpolitico.mx\/?author=2"}]}},"featured_image_urls":{"full":"","thumbnail":"","medium":"","medium_large":"","large":"","1536x1536":"","2048x2048":"","covernews-featured":"","covernews-medium":""},"author_info":{"display_name":"Redacci\u00f3n QP","author_link":"https:\/\/quehacerpolitico.mx\/?author=2"},"category_info":"<a href=\"https:\/\/quehacerpolitico.mx\/?cat=55\" rel=\"category\">CDMX<\/a>","tag_info":"CDMX","comment_count":"0","_links":{"self":[{"href":"https:\/\/quehacerpolitico.mx\/index.php?rest_route=\/wp\/v2\/posts\/2685","targetHints":{"allow":["GET"]}}],"collection":[{"href":"https:\/\/quehacerpolitico.mx\/index.php?rest_route=\/wp\/v2\/posts"}],"about":[{"href":"https:\/\/quehacerpolitico.mx\/index.php?rest_route=\/wp\/v2\/types\/post"}],"author":[{"embeddable":true,"href":"https:\/\/quehacerpolitico.mx\/index.php?rest_route=\/wp\/v2\/users\/2"}],"replies":[{"embeddable":true,"href":"https:\/\/quehacerpolitico.mx\/index.php?rest_route=%2Fwp%2Fv2%2Fcomments&post=2685"}],"version-history":[{"count":0,"href":"https:\/\/quehacerpolitico.mx\/index.php?rest_route=\/wp\/v2\/posts\/2685\/revisions"}],"wp:featuredmedia":[{"embeddable":true,"href":"https:\/\/quehacerpolitico.mx\/index.php?rest_route=\/"}],"wp:attachment":[{"href":"https:\/\/quehacerpolitico.mx\/index.php?rest_route=%2Fwp%2Fv2%2Fmedia&parent=2685"}],"wp:term":[{"taxonomy":"category","embeddable":true,"href":"https:\/\/quehacerpolitico.mx\/index.php?rest_route=%2Fwp%2Fv2%2Fcategories&post=2685"},{"taxonomy":"post_tag","embeddable":true,"href":"https:\/\/quehacerpolitico.mx\/index.php?rest_route=%2Fwp%2Fv2%2Ftags&post=2685"}],"curies":[{"name":"wp","href":"https:\/\/api.w.org\/{rel}","templated":true}]}}