{"id":26719,"date":"2019-05-23T02:27:00","date_gmt":"2019-05-23T02:27:00","guid":{"rendered":"http:\/\/quehacerpolitico.mx\/morena-frena-comparecencia-de-carlos-urzua-en-el-congreso\/"},"modified":"2019-05-23T02:27:00","modified_gmt":"2019-05-23T02:27:00","slug":"morena-frena-comparecencia-de-carlos-urzua-en-el-congreso","status":"publish","type":"post","link":"https:\/\/quehacerpolitico.mx\/?p=26719","title":{"rendered":"Morena frena comparecencia de Carlos Urz\u00faa en el Congreso"},"content":{"rendered":"<h1 class=\"news-title\">Morena frena comparecencia de Carlos Urz\u00faa en el Congreso<\/h1>\n<p>Por Redacci\u00f3n QP<\/p>\n<header class=\"news-header\">\n<div class=\"news-subtitle\">\n<p>La mayor\u00eda se impone en el Senado, y no avalan una cita al titular de la SHCP; turnan el punto de acuerdo a comisiones<\/p>\n<\/div>\n<\/header>\n<div class=\"news-content\">\n<div class=\"news-body row\">\n<p>Morena ech\u00f3 andar su mayor\u00eda en la sesi\u00f3n de la Comisi\u00f3n Permanente del Congreso, para frenar un punto de acuerdo impulsado por la oposici\u00f3n para que acudiera de manera urgente, el titular de la Secretar\u00eda de Hacienda y Cr\u00e9dito P\u00fablico (SHCP), Carlos Manuel Urz\u00faa Mac\u00edas, a comparecer por el recorte presupuestal al sector salud.<\/p>\n<blockquote>\n<p>&#8220;Necesitamos conocer el impacto que est\u00e1 teniendo la injerencia perniciosa de la Secretar\u00eda de Hacienda a la que hace referencia el ex director del IMSS&#8221;<\/p>\n<\/blockquote>\n<p>Al presentar el punto de acuerdo, la senadora Kenia L\u00f3pez (PAN), afirm\u00f3 que la carta de renuncia del ahora ex director del IMSS, Germ\u00e1n Mart\u00ednez C\u00e1zares, comprueba que <strong>los recortes realizados por el gobierno federal ponen en riesgo los derechos humanos de los mexicanos.<\/strong><\/p>\n<p>&#8220;A este gobierno se le olvida que los ahorros no se dan con recortes, sino con licitaciones p\u00fablicas transparentes y eficiencia en el gasto. Los mexicanos tenemos derecho a recibir servicios de salud oportunos, profesionales, responsables e id\u00f3neos, por lo que los recortes realizados para cubrir los caprichos del se\u00f1or Presidente son perniciosos&#8221;, expres\u00f3.<\/p>\n<p>Desde la tribuna, Kenia Rabad\u00e1n se\u00f1al\u00f3 que &#8220;es necesario reunirnos con el secretario Carlos Urz\u00faa, para conocer el impacto que est\u00e1n teniendo los recortes en los servicios de salud y en el sistema de pensiones y jubilaciones&#8221;; y para conocer, si la Secretar\u00eda de Hacienda est\u00e1 &#8220;desviando&#8221; los ahorros e ingresos del IMSS\u00a0incluidas las cuotas obrero-patronales.<\/p>\n<p>&#8220;Necesitamos conocer el impacto que est\u00e1 teniendo la injerencia perniciosa de la Secretar\u00eda de Hacienda a la que hace referencia el ex director del IMSS en otras \u00e1reas del gobierno federal, ya que a\u00fan existe el problema de los recortes en temas tan sensibles, como lo son las estancias infantiles, los refugios para mujeres que sufren violencia, el programa Proequidad, los enfermos de VIH y c\u00e1ncer cervicouterino o mama, las pruebas de tamiz, entre muchos otros&#8221;, precis\u00f3.<\/p>\n<p>Ante <strong>la negativa de Morena, PES, PT y PVEM, de avalar la comparecencia de Urz\u00faa, y turnar el punto de acuerdo a comisiones<\/strong>, la senadora Beatriz Paredes (PRI), extern\u00f3 que si bien no se va a citar de manera inmediata al funcionario, lo m\u00ednimo que podr\u00eda hacer la Mesa Directiva es solicitarle a la Comisi\u00f3n atenderlo lo m\u00e1s pronto posible.<\/p>\n<p>&#8220;Es dram\u00e1tico lo que est\u00e1 sucediendo en el sector salud, el problema es que al turnarlo a comisiones, cuando tengamos el dictamen, probablemente tambi\u00e9n tengamos la noticia de algunos muertos en los institutos nacionales de salud, porque el recorte est\u00e1 afectando a instituciones de gran importancia&#8221;, sostuvo.<\/p>\n<\/div>\n<\/div>\n","protected":false},"excerpt":{"rendered":"<p>Morena frena comparecencia de Carlos Urz\u00faa en el Congreso<br \/>\nPor Redacci\u00f3n QP<\/p>\n","protected":false},"author":2,"featured_media":26718,"comment_status":"open","ping_status":"open","sticky":false,"template":"","format":"standard","meta":{"_monsterinsights_skip_tracking":false,"_monsterinsights_sitenote_active":false,"_monsterinsights_sitenote_note":"","_monsterinsights_sitenote_category":0,"footnotes":""},"categories":[2],"tags":[],"class_list":["post-26719","post","type-post","status-publish","format-standard","has-post-thumbnail","hentry","category-noticias"],"yoast_head":"<!-- This site is optimized with the Yoast SEO plugin v27.3 - https:\/\/yoast.com\/product\/yoast-seo-wordpress\/ -->\n<title>Morena frena comparecencia de Carlos Urz\u00faa en el Congreso -<\/title>\n<meta name=\"robots\" content=\"index, follow, max-snippet:-1, max-image-preview:large, max-video-preview:-1\" \/>\n<link rel=\"canonical\" href=\"https:\/\/quehacerpolitico.mx\/?p=26719\" \/>\n<meta property=\"og:locale\" content=\"es_MX\" \/>\n<meta property=\"og:type\" content=\"article\" \/>\n<meta property=\"og:title\" content=\"Morena frena comparecencia de Carlos Urz\u00faa en el Congreso -\" \/>\n<meta property=\"og:description\" content=\"Morena frena comparecencia de Carlos Urz\u00faa en el Congreso Por Redacci\u00f3n QP\" \/>\n<meta property=\"og:url\" content=\"https:\/\/quehacerpolitico.mx\/?p=26719\" \/>\n<meta property=\"article:published_time\" content=\"2019-05-23T02:27:00+00:00\" \/>\n<meta name=\"author\" content=\"Redacci\u00f3n QP\" \/>\n<meta name=\"twitter:card\" content=\"summary_large_image\" \/>\n<meta name=\"twitter:label1\" content=\"Escrito por\" \/>\n\t<meta name=\"twitter:data1\" content=\"Redacci\u00f3n QP\" \/>\n\t<meta name=\"twitter:label2\" content=\"Tiempo de lectura\" \/>\n\t<meta name=\"twitter:data2\" content=\"2 minutos\" \/>\n<script type=\"application\/ld+json\" class=\"yoast-schema-graph\">{\"@context\":\"https:\\\/\\\/schema.org\",\"@graph\":[{\"@type\":\"Article\",\"@id\":\"https:\\\/\\\/quehacerpolitico.mx\\\/?p=26719#article\",\"isPartOf\":{\"@id\":\"https:\\\/\\\/quehacerpolitico.mx\\\/?p=26719\"},\"author\":{\"name\":\"Redacci\u00f3n QP\",\"@id\":\"https:\\\/\\\/quehacerpolitico.mx\\\/#\\\/schema\\\/person\\\/496d8ad2d1d3f8036101dca7ee39e585\"},\"headline\":\"Morena frena comparecencia de Carlos Urz\u00faa en el Congreso\",\"datePublished\":\"2019-05-23T02:27:00+00:00\",\"mainEntityOfPage\":{\"@id\":\"https:\\\/\\\/quehacerpolitico.mx\\\/?p=26719\"},\"wordCount\":499,\"commentCount\":0,\"image\":{\"@id\":\"https:\\\/\\\/quehacerpolitico.mx\\\/?p=26719#primaryimage\"},\"thumbnailUrl\":\"\",\"articleSection\":[\"Noticias\"],\"inLanguage\":\"es\",\"potentialAction\":[{\"@type\":\"CommentAction\",\"name\":\"Comment\",\"target\":[\"https:\\\/\\\/quehacerpolitico.mx\\\/?p=26719#respond\"]}]},{\"@type\":\"WebPage\",\"@id\":\"https:\\\/\\\/quehacerpolitico.mx\\\/?p=26719\",\"url\":\"https:\\\/\\\/quehacerpolitico.mx\\\/?p=26719\",\"name\":\"Morena frena comparecencia de Carlos Urz\u00faa en el Congreso -\",\"isPartOf\":{\"@id\":\"https:\\\/\\\/quehacerpolitico.mx\\\/#website\"},\"primaryImageOfPage\":{\"@id\":\"https:\\\/\\\/quehacerpolitico.mx\\\/?p=26719#primaryimage\"},\"image\":{\"@id\":\"https:\\\/\\\/quehacerpolitico.mx\\\/?p=26719#primaryimage\"},\"thumbnailUrl\":\"\",\"datePublished\":\"2019-05-23T02:27:00+00:00\",\"author\":{\"@id\":\"https:\\\/\\\/quehacerpolitico.mx\\\/#\\\/schema\\\/person\\\/496d8ad2d1d3f8036101dca7ee39e585\"},\"breadcrumb\":{\"@id\":\"https:\\\/\\\/quehacerpolitico.mx\\\/?p=26719#breadcrumb\"},\"inLanguage\":\"es\",\"potentialAction\":[{\"@type\":\"ReadAction\",\"target\":[\"https:\\\/\\\/quehacerpolitico.mx\\\/?p=26719\"]}]},{\"@type\":\"ImageObject\",\"inLanguage\":\"es\",\"@id\":\"https:\\\/\\\/quehacerpolitico.mx\\\/?p=26719#primaryimage\",\"url\":\"\",\"contentUrl\":\"\"},{\"@type\":\"BreadcrumbList\",\"@id\":\"https:\\\/\\\/quehacerpolitico.mx\\\/?p=26719#breadcrumb\",\"itemListElement\":[{\"@type\":\"ListItem\",\"position\":1,\"name\":\"Inicio\",\"item\":\"https:\\\/\\\/quehacerpolitico.mx\\\/\"},{\"@type\":\"ListItem\",\"position\":2,\"name\":\"Morena frena comparecencia de Carlos Urz\u00faa en el Congreso\"}]},{\"@type\":\"WebSite\",\"@id\":\"https:\\\/\\\/quehacerpolitico.mx\\\/#website\",\"url\":\"https:\\\/\\\/quehacerpolitico.mx\\\/\",\"name\":\"\",\"description\":\"\",\"potentialAction\":[{\"@type\":\"SearchAction\",\"target\":{\"@type\":\"EntryPoint\",\"urlTemplate\":\"https:\\\/\\\/quehacerpolitico.mx\\\/?s={search_term_string}\"},\"query-input\":{\"@type\":\"PropertyValueSpecification\",\"valueRequired\":true,\"valueName\":\"search_term_string\"}}],\"inLanguage\":\"es\"},{\"@type\":\"Person\",\"@id\":\"https:\\\/\\\/quehacerpolitico.mx\\\/#\\\/schema\\\/person\\\/496d8ad2d1d3f8036101dca7ee39e585\",\"name\":\"Redacci\u00f3n QP\",\"image\":{\"@type\":\"ImageObject\",\"inLanguage\":\"es\",\"@id\":\"https:\\\/\\\/secure.gravatar.com\\\/avatar\\\/c7164ed6fdec453195284ad24a5ae5b6e1eed2b848477fa2a4787ba9adf39a41?s=96&d=mm&r=g\",\"url\":\"https:\\\/\\\/secure.gravatar.com\\\/avatar\\\/c7164ed6fdec453195284ad24a5ae5b6e1eed2b848477fa2a4787ba9adf39a41?s=96&d=mm&r=g\",\"contentUrl\":\"https:\\\/\\\/secure.gravatar.com\\\/avatar\\\/c7164ed6fdec453195284ad24a5ae5b6e1eed2b848477fa2a4787ba9adf39a41?s=96&d=mm&r=g\",\"caption\":\"Redacci\u00f3n QP\"},\"url\":\"https:\\\/\\\/quehacerpolitico.mx\\\/?author=2\"}]}<\/script>\n<!-- \/ Yoast SEO plugin. -->","yoast_head_json":{"title":"Morena frena comparecencia de Carlos Urz\u00faa en el Congreso -","robots":{"index":"index","follow":"follow","max-snippet":"max-snippet:-1","max-image-preview":"max-image-preview:large","max-video-preview":"max-video-preview:-1"},"canonical":"https:\/\/quehacerpolitico.mx\/?p=26719","og_locale":"es_MX","og_type":"article","og_title":"Morena frena comparecencia de Carlos Urz\u00faa en el Congreso -","og_description":"Morena frena comparecencia de Carlos Urz\u00faa en el Congreso Por Redacci\u00f3n QP","og_url":"https:\/\/quehacerpolitico.mx\/?p=26719","article_published_time":"2019-05-23T02:27:00+00:00","author":"Redacci\u00f3n QP","twitter_card":"summary_large_image","twitter_misc":{"Escrito por":"Redacci\u00f3n QP","Tiempo de lectura":"2 minutos"},"schema":{"@context":"https:\/\/schema.org","@graph":[{"@type":"Article","@id":"https:\/\/quehacerpolitico.mx\/?p=26719#article","isPartOf":{"@id":"https:\/\/quehacerpolitico.mx\/?p=26719"},"author":{"name":"Redacci\u00f3n QP","@id":"https:\/\/quehacerpolitico.mx\/#\/schema\/person\/496d8ad2d1d3f8036101dca7ee39e585"},"headline":"Morena frena comparecencia de Carlos Urz\u00faa en el Congreso","datePublished":"2019-05-23T02:27:00+00:00","mainEntityOfPage":{"@id":"https:\/\/quehacerpolitico.mx\/?p=26719"},"wordCount":499,"commentCount":0,"image":{"@id":"https:\/\/quehacerpolitico.mx\/?p=26719#primaryimage"},"thumbnailUrl":"","articleSection":["Noticias"],"inLanguage":"es","potentialAction":[{"@type":"CommentAction","name":"Comment","target":["https:\/\/quehacerpolitico.mx\/?p=26719#respond"]}]},{"@type":"WebPage","@id":"https:\/\/quehacerpolitico.mx\/?p=26719","url":"https:\/\/quehacerpolitico.mx\/?p=26719","name":"Morena frena comparecencia de Carlos Urz\u00faa en el Congreso -","isPartOf":{"@id":"https:\/\/quehacerpolitico.mx\/#website"},"primaryImageOfPage":{"@id":"https:\/\/quehacerpolitico.mx\/?p=26719#primaryimage"},"image":{"@id":"https:\/\/quehacerpolitico.mx\/?p=26719#primaryimage"},"thumbnailUrl":"","datePublished":"2019-05-23T02:27:00+00:00","author":{"@id":"https:\/\/quehacerpolitico.mx\/#\/schema\/person\/496d8ad2d1d3f8036101dca7ee39e585"},"breadcrumb":{"@id":"https:\/\/quehacerpolitico.mx\/?p=26719#breadcrumb"},"inLanguage":"es","potentialAction":[{"@type":"ReadAction","target":["https:\/\/quehacerpolitico.mx\/?p=26719"]}]},{"@type":"ImageObject","inLanguage":"es","@id":"https:\/\/quehacerpolitico.mx\/?p=26719#primaryimage","url":"","contentUrl":""},{"@type":"BreadcrumbList","@id":"https:\/\/quehacerpolitico.mx\/?p=26719#breadcrumb","itemListElement":[{"@type":"ListItem","position":1,"name":"Inicio","item":"https:\/\/quehacerpolitico.mx\/"},{"@type":"ListItem","position":2,"name":"Morena frena comparecencia de Carlos Urz\u00faa en el Congreso"}]},{"@type":"WebSite","@id":"https:\/\/quehacerpolitico.mx\/#website","url":"https:\/\/quehacerpolitico.mx\/","name":"","description":"","potentialAction":[{"@type":"SearchAction","target":{"@type":"EntryPoint","urlTemplate":"https:\/\/quehacerpolitico.mx\/?s={search_term_string}"},"query-input":{"@type":"PropertyValueSpecification","valueRequired":true,"valueName":"search_term_string"}}],"inLanguage":"es"},{"@type":"Person","@id":"https:\/\/quehacerpolitico.mx\/#\/schema\/person\/496d8ad2d1d3f8036101dca7ee39e585","name":"Redacci\u00f3n QP","image":{"@type":"ImageObject","inLanguage":"es","@id":"https:\/\/secure.gravatar.com\/avatar\/c7164ed6fdec453195284ad24a5ae5b6e1eed2b848477fa2a4787ba9adf39a41?s=96&d=mm&r=g","url":"https:\/\/secure.gravatar.com\/avatar\/c7164ed6fdec453195284ad24a5ae5b6e1eed2b848477fa2a4787ba9adf39a41?s=96&d=mm&r=g","contentUrl":"https:\/\/secure.gravatar.com\/avatar\/c7164ed6fdec453195284ad24a5ae5b6e1eed2b848477fa2a4787ba9adf39a41?s=96&d=mm&r=g","caption":"Redacci\u00f3n QP"},"url":"https:\/\/quehacerpolitico.mx\/?author=2"}]}},"featured_image_urls":{"full":"","thumbnail":"","medium":"","medium_large":"","large":"","1536x1536":"","2048x2048":"","covernews-featured":"","covernews-medium":""},"author_info":{"display_name":"Redacci\u00f3n QP","author_link":"https:\/\/quehacerpolitico.mx\/?author=2"},"category_info":"<a href=\"https:\/\/quehacerpolitico.mx\/?cat=2\" rel=\"category\">Noticias<\/a>","tag_info":"Noticias","comment_count":"0","_links":{"self":[{"href":"https:\/\/quehacerpolitico.mx\/index.php?rest_route=\/wp\/v2\/posts\/26719","targetHints":{"allow":["GET"]}}],"collection":[{"href":"https:\/\/quehacerpolitico.mx\/index.php?rest_route=\/wp\/v2\/posts"}],"about":[{"href":"https:\/\/quehacerpolitico.mx\/index.php?rest_route=\/wp\/v2\/types\/post"}],"author":[{"embeddable":true,"href":"https:\/\/quehacerpolitico.mx\/index.php?rest_route=\/wp\/v2\/users\/2"}],"replies":[{"embeddable":true,"href":"https:\/\/quehacerpolitico.mx\/index.php?rest_route=%2Fwp%2Fv2%2Fcomments&post=26719"}],"version-history":[{"count":0,"href":"https:\/\/quehacerpolitico.mx\/index.php?rest_route=\/wp\/v2\/posts\/26719\/revisions"}],"wp:featuredmedia":[{"embeddable":true,"href":"https:\/\/quehacerpolitico.mx\/index.php?rest_route=\/"}],"wp:attachment":[{"href":"https:\/\/quehacerpolitico.mx\/index.php?rest_route=%2Fwp%2Fv2%2Fmedia&parent=26719"}],"wp:term":[{"taxonomy":"category","embeddable":true,"href":"https:\/\/quehacerpolitico.mx\/index.php?rest_route=%2Fwp%2Fv2%2Fcategories&post=26719"},{"taxonomy":"post_tag","embeddable":true,"href":"https:\/\/quehacerpolitico.mx\/index.php?rest_route=%2Fwp%2Fv2%2Ftags&post=26719"}],"curies":[{"name":"wp","href":"https:\/\/api.w.org\/{rel}","templated":true}]}}