{"id":2665,"date":"2018-08-17T17:56:44","date_gmt":"2018-08-17T17:56:44","guid":{"rendered":"http:\/\/quehacerpolitico.mx\/hacer-politica-que-acerque-al-pri-a-la-gente-pide-ruiz-massieu\/"},"modified":"2018-08-17T17:56:44","modified_gmt":"2018-08-17T17:56:44","slug":"hacer-politica-que-acerque-al-pri-a-la-gente-pide-ruiz-massieu","status":"publish","type":"post","link":"https:\/\/quehacerpolitico.mx\/?p=2665","title":{"rendered":"Hacer pol\u00edtica que acerque al PRI a la gente, pide Ruiz Massieu"},"content":{"rendered":"<p>La presidenta del Comit\u00e9 Ejecutivo Nacional (<strong><a href=\"https:\/\/wwww.informador.mx\/cen-t6539\" target=\"_blank\" rel=\"noopener\">CEN<\/a><\/strong>) del PRI, <strong><a href=\"https:\/\/www.informador.mx\/claudia-ruiz-massieu-t8843\" target=\"_blank\" rel=\"noopener\">Claudia Ruiz Massieu<\/a><\/strong>, consider\u00f3 que ante el veredicto en las urnas el pasado 1 de julio, es momento de &#8220;hacer pol\u00edtica que nos acerque a la gente&#8221;.<\/p>\n<div id=\"div-gpt-ad-1524682842930-0\" data-google-query-id=\"CP3Mr4XU9NwCFVSvTwodLjIJFA\">\n<div id=\"google_ads_iframe_\/40135427\/informador_mx_Video_Outstream_0__container__\">Al encabezar una reuni\u00f3n con el Foro Nacional Permanente de Legisladores, que dirige Luis Antonio Mu\u00f1oz Mosqueda, invit\u00f3 a los integrantes de ese organismo a sumarse al proceso de reflexi\u00f3n con miras a fortalecer a este instituto pol\u00edtico.<\/div>\n<\/div>\n<p>En el Sal\u00f3n Presidentes de la sede nacional del Revolucionario Institucional, <strong>Ruiz Massieusubray\u00f3 que este partido debe ser un espacio para articular las preocupaciones y causas de la ciudadan\u00eda.<\/strong><\/p>\n<p>Destac\u00f3 que esta coyuntura es propicia para realizar un trabajo de vuelta al origen, reconstruir la confianza ciudadana y ganar elecciones sin sacrificar los principios partidistas.<\/p>\n<p>Al referirse al proceso de reflexi\u00f3n al interior del Partido Revolucionario Institucional (<a href=\"https:\/\/www.informador.mx\/pri-t783\" target=\"_blank\" rel=\"noopener\"><strong>PRI<\/strong><\/a>), destac\u00f3 que <strong>&#8220;hay que abrir cauces institucionales para fortalecer al partido y no para minarlo&#8221;.<\/strong><\/p>\n<p>Ruiz Massieu precis\u00f3 que este partido pol\u00edtico perdi\u00f3 una elecci\u00f3n, pero vienen m\u00e1s procesos electorales y debe prepararse para estar en condiciones de enfrentarlos.<\/p>\n<p>Durante el encuentro, tanto el dirigente del Foro Nacional Permanente de Legisladores, Luis Antonio Mu\u00f1oz Mosqueda, como los miembros de esa agrupaci\u00f3n expresaron su respaldo a la dirigencia priista que encabeza Claudia Ruiz Massieu.<\/p>\n<p>De igual manera <strong>manifestaron su disposici\u00f3n para sumarse y participar activamente en el proceso de an\u00e1lisis y reflexi\u00f3n que lleva a cabo el RPI de cara a su trasformaci\u00f3n.\u00a0<\/strong><\/p>\n<p>Ruiz Massieu invit\u00f3, mediante su cuenta de Twitter, a &#8220;definir la reforma que necesita el partido pol\u00edtico&#8221;, donde invita a env\u00edar sus propuestas y reflexiones en cuanto al partido mediante un v\u00eddeo, texto o audio.\u00a0<\/p>\n<blockquote class=\"twitter-tweet\" data-width=\"550\" data-dnt=\"true\">\n<p lang=\"es\" dir=\"ltr\">El <a href=\"https:\/\/twitter.com\/PRI_Nacional?ref_src=twsrc%5Etfw\">@PRI_Nacional<\/a> es de todos los militantes que queremos al partido. Entre todos lo tenemos que fortalecer, la voz de cada militante tiene el mismo valor. Visita <a href=\"https:\/\/t.co\/Z4A48DgeA6\">https:\/\/t.co\/Z4A48DgeA6<\/a>, queremos escucharlos. <a href=\"https:\/\/twitter.com\/hashtag\/ConsultaPRI2018?src=hash&amp;ref_src=twsrc%5Etfw\">#ConsultaPRI2018<\/a> <a href=\"https:\/\/t.co\/1eEKNvagiu\">pic.twitter.com\/1eEKNvagiu<\/a><\/p>\n<p>&mdash; Claudia Ruiz Massieu (@ruizmassieu) <a href=\"https:\/\/twitter.com\/ruizmassieu\/status\/1026612474106327040?ref_src=twsrc%5Etfw\">August 6, 2018<\/a><\/p><\/blockquote>\n<p><script async src=\"https:\/\/platform.twitter.com\/widgets.js\" charset=\"utf-8\"><\/script><\/p>\n","protected":false},"excerpt":{"rendered":"<p>La presidenta del CEN invita a proponer y reflexionar en el proceso que lleva a cabo el partido de cara a su transformaci\u00f3n mediante un texto, video o audiO<br \/>\nPor Redacci\u00f3n QP<\/p>\n","protected":false},"author":2,"featured_media":2664,"comment_status":"open","ping_status":"open","sticky":false,"template":"","format":"standard","meta":{"_monsterinsights_skip_tracking":false,"_monsterinsights_sitenote_active":false,"_monsterinsights_sitenote_note":"","_monsterinsights_sitenote_category":0,"footnotes":""},"categories":[2],"tags":[],"class_list":["post-2665","post","type-post","status-publish","format-standard","has-post-thumbnail","hentry","category-noticias"],"yoast_head":"<!-- This site is optimized with the Yoast SEO plugin v27.3 - https:\/\/yoast.com\/product\/yoast-seo-wordpress\/ -->\n<title>Hacer pol\u00edtica que acerque al PRI a la gente, pide Ruiz Massieu -<\/title>\n<meta name=\"robots\" content=\"index, follow, max-snippet:-1, max-image-preview:large, max-video-preview:-1\" \/>\n<link rel=\"canonical\" href=\"https:\/\/quehacerpolitico.mx\/?p=2665\" \/>\n<meta property=\"og:locale\" content=\"es_MX\" \/>\n<meta property=\"og:type\" content=\"article\" \/>\n<meta property=\"og:title\" content=\"Hacer pol\u00edtica que acerque al PRI a la gente, pide Ruiz Massieu -\" \/>\n<meta property=\"og:description\" content=\"La presidenta del CEN invita a proponer y reflexionar en el proceso que lleva a cabo el partido de cara a su transformaci\u00f3n mediante un texto, video o audiO Por Redacci\u00f3n QP\" \/>\n<meta property=\"og:url\" content=\"https:\/\/quehacerpolitico.mx\/?p=2665\" \/>\n<meta property=\"article:published_time\" content=\"2018-08-17T17:56:44+00:00\" \/>\n<meta name=\"author\" content=\"Redacci\u00f3n QP\" \/>\n<meta name=\"twitter:card\" content=\"summary_large_image\" \/>\n<meta name=\"twitter:label1\" content=\"Escrito por\" \/>\n\t<meta name=\"twitter:data1\" content=\"Redacci\u00f3n QP\" \/>\n\t<meta name=\"twitter:label2\" content=\"Tiempo de lectura\" \/>\n\t<meta name=\"twitter:data2\" content=\"2 minutos\" \/>\n<script type=\"application\/ld+json\" class=\"yoast-schema-graph\">{\"@context\":\"https:\\\/\\\/schema.org\",\"@graph\":[{\"@type\":\"Article\",\"@id\":\"https:\\\/\\\/quehacerpolitico.mx\\\/?p=2665#article\",\"isPartOf\":{\"@id\":\"https:\\\/\\\/quehacerpolitico.mx\\\/?p=2665\"},\"author\":{\"name\":\"Redacci\u00f3n QP\",\"@id\":\"https:\\\/\\\/quehacerpolitico.mx\\\/#\\\/schema\\\/person\\\/496d8ad2d1d3f8036101dca7ee39e585\"},\"headline\":\"Hacer pol\u00edtica que acerque al PRI a la gente, pide Ruiz Massieu\",\"datePublished\":\"2018-08-17T17:56:44+00:00\",\"mainEntityOfPage\":{\"@id\":\"https:\\\/\\\/quehacerpolitico.mx\\\/?p=2665\"},\"wordCount\":317,\"commentCount\":0,\"image\":{\"@id\":\"https:\\\/\\\/quehacerpolitico.mx\\\/?p=2665#primaryimage\"},\"thumbnailUrl\":\"\",\"articleSection\":[\"Noticias\"],\"inLanguage\":\"es\",\"potentialAction\":[{\"@type\":\"CommentAction\",\"name\":\"Comment\",\"target\":[\"https:\\\/\\\/quehacerpolitico.mx\\\/?p=2665#respond\"]}]},{\"@type\":\"WebPage\",\"@id\":\"https:\\\/\\\/quehacerpolitico.mx\\\/?p=2665\",\"url\":\"https:\\\/\\\/quehacerpolitico.mx\\\/?p=2665\",\"name\":\"Hacer pol\u00edtica que acerque al PRI a la gente, pide Ruiz Massieu -\",\"isPartOf\":{\"@id\":\"https:\\\/\\\/quehacerpolitico.mx\\\/#website\"},\"primaryImageOfPage\":{\"@id\":\"https:\\\/\\\/quehacerpolitico.mx\\\/?p=2665#primaryimage\"},\"image\":{\"@id\":\"https:\\\/\\\/quehacerpolitico.mx\\\/?p=2665#primaryimage\"},\"thumbnailUrl\":\"\",\"datePublished\":\"2018-08-17T17:56:44+00:00\",\"author\":{\"@id\":\"https:\\\/\\\/quehacerpolitico.mx\\\/#\\\/schema\\\/person\\\/496d8ad2d1d3f8036101dca7ee39e585\"},\"breadcrumb\":{\"@id\":\"https:\\\/\\\/quehacerpolitico.mx\\\/?p=2665#breadcrumb\"},\"inLanguage\":\"es\",\"potentialAction\":[{\"@type\":\"ReadAction\",\"target\":[\"https:\\\/\\\/quehacerpolitico.mx\\\/?p=2665\"]}]},{\"@type\":\"ImageObject\",\"inLanguage\":\"es\",\"@id\":\"https:\\\/\\\/quehacerpolitico.mx\\\/?p=2665#primaryimage\",\"url\":\"\",\"contentUrl\":\"\"},{\"@type\":\"BreadcrumbList\",\"@id\":\"https:\\\/\\\/quehacerpolitico.mx\\\/?p=2665#breadcrumb\",\"itemListElement\":[{\"@type\":\"ListItem\",\"position\":1,\"name\":\"Inicio\",\"item\":\"https:\\\/\\\/quehacerpolitico.mx\\\/\"},{\"@type\":\"ListItem\",\"position\":2,\"name\":\"Hacer pol\u00edtica que acerque al PRI a la gente, pide Ruiz Massieu\"}]},{\"@type\":\"WebSite\",\"@id\":\"https:\\\/\\\/quehacerpolitico.mx\\\/#website\",\"url\":\"https:\\\/\\\/quehacerpolitico.mx\\\/\",\"name\":\"\",\"description\":\"\",\"potentialAction\":[{\"@type\":\"SearchAction\",\"target\":{\"@type\":\"EntryPoint\",\"urlTemplate\":\"https:\\\/\\\/quehacerpolitico.mx\\\/?s={search_term_string}\"},\"query-input\":{\"@type\":\"PropertyValueSpecification\",\"valueRequired\":true,\"valueName\":\"search_term_string\"}}],\"inLanguage\":\"es\"},{\"@type\":\"Person\",\"@id\":\"https:\\\/\\\/quehacerpolitico.mx\\\/#\\\/schema\\\/person\\\/496d8ad2d1d3f8036101dca7ee39e585\",\"name\":\"Redacci\u00f3n QP\",\"image\":{\"@type\":\"ImageObject\",\"inLanguage\":\"es\",\"@id\":\"https:\\\/\\\/secure.gravatar.com\\\/avatar\\\/c7164ed6fdec453195284ad24a5ae5b6e1eed2b848477fa2a4787ba9adf39a41?s=96&d=mm&r=g\",\"url\":\"https:\\\/\\\/secure.gravatar.com\\\/avatar\\\/c7164ed6fdec453195284ad24a5ae5b6e1eed2b848477fa2a4787ba9adf39a41?s=96&d=mm&r=g\",\"contentUrl\":\"https:\\\/\\\/secure.gravatar.com\\\/avatar\\\/c7164ed6fdec453195284ad24a5ae5b6e1eed2b848477fa2a4787ba9adf39a41?s=96&d=mm&r=g\",\"caption\":\"Redacci\u00f3n QP\"},\"url\":\"https:\\\/\\\/quehacerpolitico.mx\\\/?author=2\"}]}<\/script>\n<!-- \/ Yoast SEO plugin. -->","yoast_head_json":{"title":"Hacer pol\u00edtica que acerque al PRI a la gente, pide Ruiz Massieu -","robots":{"index":"index","follow":"follow","max-snippet":"max-snippet:-1","max-image-preview":"max-image-preview:large","max-video-preview":"max-video-preview:-1"},"canonical":"https:\/\/quehacerpolitico.mx\/?p=2665","og_locale":"es_MX","og_type":"article","og_title":"Hacer pol\u00edtica que acerque al PRI a la gente, pide Ruiz Massieu -","og_description":"La presidenta del CEN invita a proponer y reflexionar en el proceso que lleva a cabo el partido de cara a su transformaci\u00f3n mediante un texto, video o audiO Por Redacci\u00f3n QP","og_url":"https:\/\/quehacerpolitico.mx\/?p=2665","article_published_time":"2018-08-17T17:56:44+00:00","author":"Redacci\u00f3n QP","twitter_card":"summary_large_image","twitter_misc":{"Escrito por":"Redacci\u00f3n QP","Tiempo de lectura":"2 minutos"},"schema":{"@context":"https:\/\/schema.org","@graph":[{"@type":"Article","@id":"https:\/\/quehacerpolitico.mx\/?p=2665#article","isPartOf":{"@id":"https:\/\/quehacerpolitico.mx\/?p=2665"},"author":{"name":"Redacci\u00f3n QP","@id":"https:\/\/quehacerpolitico.mx\/#\/schema\/person\/496d8ad2d1d3f8036101dca7ee39e585"},"headline":"Hacer pol\u00edtica que acerque al PRI a la gente, pide Ruiz Massieu","datePublished":"2018-08-17T17:56:44+00:00","mainEntityOfPage":{"@id":"https:\/\/quehacerpolitico.mx\/?p=2665"},"wordCount":317,"commentCount":0,"image":{"@id":"https:\/\/quehacerpolitico.mx\/?p=2665#primaryimage"},"thumbnailUrl":"","articleSection":["Noticias"],"inLanguage":"es","potentialAction":[{"@type":"CommentAction","name":"Comment","target":["https:\/\/quehacerpolitico.mx\/?p=2665#respond"]}]},{"@type":"WebPage","@id":"https:\/\/quehacerpolitico.mx\/?p=2665","url":"https:\/\/quehacerpolitico.mx\/?p=2665","name":"Hacer pol\u00edtica que acerque al PRI a la gente, pide Ruiz Massieu -","isPartOf":{"@id":"https:\/\/quehacerpolitico.mx\/#website"},"primaryImageOfPage":{"@id":"https:\/\/quehacerpolitico.mx\/?p=2665#primaryimage"},"image":{"@id":"https:\/\/quehacerpolitico.mx\/?p=2665#primaryimage"},"thumbnailUrl":"","datePublished":"2018-08-17T17:56:44+00:00","author":{"@id":"https:\/\/quehacerpolitico.mx\/#\/schema\/person\/496d8ad2d1d3f8036101dca7ee39e585"},"breadcrumb":{"@id":"https:\/\/quehacerpolitico.mx\/?p=2665#breadcrumb"},"inLanguage":"es","potentialAction":[{"@type":"ReadAction","target":["https:\/\/quehacerpolitico.mx\/?p=2665"]}]},{"@type":"ImageObject","inLanguage":"es","@id":"https:\/\/quehacerpolitico.mx\/?p=2665#primaryimage","url":"","contentUrl":""},{"@type":"BreadcrumbList","@id":"https:\/\/quehacerpolitico.mx\/?p=2665#breadcrumb","itemListElement":[{"@type":"ListItem","position":1,"name":"Inicio","item":"https:\/\/quehacerpolitico.mx\/"},{"@type":"ListItem","position":2,"name":"Hacer pol\u00edtica que acerque al PRI a la gente, pide Ruiz Massieu"}]},{"@type":"WebSite","@id":"https:\/\/quehacerpolitico.mx\/#website","url":"https:\/\/quehacerpolitico.mx\/","name":"","description":"","potentialAction":[{"@type":"SearchAction","target":{"@type":"EntryPoint","urlTemplate":"https:\/\/quehacerpolitico.mx\/?s={search_term_string}"},"query-input":{"@type":"PropertyValueSpecification","valueRequired":true,"valueName":"search_term_string"}}],"inLanguage":"es"},{"@type":"Person","@id":"https:\/\/quehacerpolitico.mx\/#\/schema\/person\/496d8ad2d1d3f8036101dca7ee39e585","name":"Redacci\u00f3n QP","image":{"@type":"ImageObject","inLanguage":"es","@id":"https:\/\/secure.gravatar.com\/avatar\/c7164ed6fdec453195284ad24a5ae5b6e1eed2b848477fa2a4787ba9adf39a41?s=96&d=mm&r=g","url":"https:\/\/secure.gravatar.com\/avatar\/c7164ed6fdec453195284ad24a5ae5b6e1eed2b848477fa2a4787ba9adf39a41?s=96&d=mm&r=g","contentUrl":"https:\/\/secure.gravatar.com\/avatar\/c7164ed6fdec453195284ad24a5ae5b6e1eed2b848477fa2a4787ba9adf39a41?s=96&d=mm&r=g","caption":"Redacci\u00f3n QP"},"url":"https:\/\/quehacerpolitico.mx\/?author=2"}]}},"featured_image_urls":{"full":"","thumbnail":"","medium":"","medium_large":"","large":"","1536x1536":"","2048x2048":"","covernews-featured":"","covernews-medium":""},"author_info":{"display_name":"Redacci\u00f3n QP","author_link":"https:\/\/quehacerpolitico.mx\/?author=2"},"category_info":"<a href=\"https:\/\/quehacerpolitico.mx\/?cat=2\" rel=\"category\">Noticias<\/a>","tag_info":"Noticias","comment_count":"0","_links":{"self":[{"href":"https:\/\/quehacerpolitico.mx\/index.php?rest_route=\/wp\/v2\/posts\/2665","targetHints":{"allow":["GET"]}}],"collection":[{"href":"https:\/\/quehacerpolitico.mx\/index.php?rest_route=\/wp\/v2\/posts"}],"about":[{"href":"https:\/\/quehacerpolitico.mx\/index.php?rest_route=\/wp\/v2\/types\/post"}],"author":[{"embeddable":true,"href":"https:\/\/quehacerpolitico.mx\/index.php?rest_route=\/wp\/v2\/users\/2"}],"replies":[{"embeddable":true,"href":"https:\/\/quehacerpolitico.mx\/index.php?rest_route=%2Fwp%2Fv2%2Fcomments&post=2665"}],"version-history":[{"count":0,"href":"https:\/\/quehacerpolitico.mx\/index.php?rest_route=\/wp\/v2\/posts\/2665\/revisions"}],"wp:featuredmedia":[{"embeddable":true,"href":"https:\/\/quehacerpolitico.mx\/index.php?rest_route=\/"}],"wp:attachment":[{"href":"https:\/\/quehacerpolitico.mx\/index.php?rest_route=%2Fwp%2Fv2%2Fmedia&parent=2665"}],"wp:term":[{"taxonomy":"category","embeddable":true,"href":"https:\/\/quehacerpolitico.mx\/index.php?rest_route=%2Fwp%2Fv2%2Fcategories&post=2665"},{"taxonomy":"post_tag","embeddable":true,"href":"https:\/\/quehacerpolitico.mx\/index.php?rest_route=%2Fwp%2Fv2%2Ftags&post=2665"}],"curies":[{"name":"wp","href":"https:\/\/api.w.org\/{rel}","templated":true}]}}