{"id":2663,"date":"2018-08-17T17:51:57","date_gmt":"2018-08-17T17:51:57","guid":{"rendered":"http:\/\/quehacerpolitico.mx\/tribunal-electoral-federal-revoca-fallo-que-le-quito-el-triunfo-a-morena-en-alcaldia-de-san-salvador-el-seco-puebla\/"},"modified":"2018-08-17T17:51:57","modified_gmt":"2018-08-17T17:51:57","slug":"tribunal-electoral-federal-revoca-fallo-que-le-quito-el-triunfo-a-morena-en-alcaldia-de-san-salvador-el-seco-puebla","status":"publish","type":"post","link":"https:\/\/quehacerpolitico.mx\/?p=2663","title":{"rendered":"Tribunal Electoral Federal revoca fallo que le quit\u00f3 el triunfo a Morena en Alcald\u00eda de San Salvador el Seco, Puebla"},"content":{"rendered":"<h3>El Tribunal Electoral poblano entreg\u00f3 primero la constancia de mayor\u00eda como Alcalde de\u00a0San Salvador el Seco a la morenista\u00a0Irene Marina Aguirre Rojas, sin embargo, revoc\u00f3 sus fall\u00f3 y le dio el triunfo al candidato del\u00a0PRI.<\/h3>\n<h3>Ayer la Sala Regional capitalina del Tribunal Electoral del Poder Judicial de la Federaci\u00f3n orden\u00f3 al Tribunal de Puebla que emita una nueva resoluci\u00f3n, para la que deber\u00e1 solicitar a las representaciones partidistas las copias de las actas para efectuar de nuevo el c\u00f3mputo municipal.<\/h3>\n<p>El Tribunal Electoral del Poder Judicial de la Federaci\u00f3n (<strong>TEPJF<\/strong>) revoc\u00f3 la sentencia del Tribunal Electoral poblano (TEEP) que daba la <strong>Alcald\u00eda<\/strong> de <strong>San Salvador el Seco<\/strong>, <strong>Puebla<\/strong>, al Partido Partido Revolucionario Institucional (<strong>PRI<\/strong>).<\/p>\n<p>El TEPJF tom\u00f3 est\u00e1 decisi\u00f3n luego de resolver una demanda presentada por Movimiento Regeneraci\u00f3n Nacional (<strong>Morena<\/strong>), partido al que el tribunal electoral de Puebla anul\u00f3 el triunfo de su candidata Irene Marina Aguirre Rojas el pasado 19 de julio y le orden\u00f3 entregar su constancia de mayor\u00eda al aspirante del PRI.<\/p>\n<p>La Sala Regional de la Ciudad de M\u00e9xico del TEPJF revoc\u00f3 la constancia de mayor\u00eda y validez de la elecci\u00f3n al pri\u00edsta Salom\u00f3n P\u00e9rez Bartolo porque detect\u00f3 irregularidades en el c\u00f3mputo que el Tribunal local aprob\u00f3, reporetaron medios nacionales.<\/p>\n<section class=\"post-content\">\n<blockquote>\n<p>\u201cEl Tribunal local no motiv\u00f3 adecuadamente la revocaci\u00f3n del c\u00f3mputo municipal pues tom\u00f3 como cierto los nuevos datos que proporcion\u00f3 el Consejo General del Instituto Electoral y con base en ellos efectu\u00f3 la recomposici\u00f3n del mismo sin allegarse de mayores elementos de convicci\u00f3n que permitieran dictar su fallo con un c\u00f3mputo \u00edntegro de las casillas instaladas verificando si efectivamente se trataba de errores asentados en las actas de escrutinio y c\u00f3mputo o bien de posibles imprecisiones en que hubiere incurrido el se\u00f1alado Consejo\u201d, se\u00f1al\u00f3 en sesi\u00f3n el magistrado Romero Bola\u00f1os.<\/p>\n<\/blockquote>\n<p>La Sala Regional capitalina orden\u00f3 a los magistrados del\u00a0TEEP que emitan una nueva resoluci\u00f3n, para ella deber\u00e1n solicitar a las representaciones partidistas las copias de las actas para efectuar el c\u00f3mputo municipal.<\/p>\n<\/section>\n","protected":false},"excerpt":{"rendered":"<p>Tribunal Electoral Federal revoca fallo que le quit\u00f3 el triunfo a Morena en Alcald\u00eda de San Salvador el Seco, Puebla<br \/>\nPor Redacci\u00f3n QP<\/p>\n","protected":false},"author":2,"featured_media":2662,"comment_status":"open","ping_status":"open","sticky":false,"template":"","format":"standard","meta":{"_monsterinsights_skip_tracking":false,"_monsterinsights_sitenote_active":false,"_monsterinsights_sitenote_note":"","_monsterinsights_sitenote_category":0,"footnotes":""},"categories":[2],"tags":[],"class_list":["post-2663","post","type-post","status-publish","format-standard","has-post-thumbnail","hentry","category-noticias"],"yoast_head":"<!-- This site is optimized with the Yoast SEO plugin v27.3 - https:\/\/yoast.com\/product\/yoast-seo-wordpress\/ -->\n<title>Tribunal Electoral Federal revoca fallo que le quit\u00f3 el triunfo a Morena en Alcald\u00eda de San Salvador el Seco, Puebla -<\/title>\n<meta name=\"robots\" content=\"index, follow, max-snippet:-1, max-image-preview:large, max-video-preview:-1\" \/>\n<link rel=\"canonical\" href=\"https:\/\/quehacerpolitico.mx\/?p=2663\" \/>\n<meta property=\"og:locale\" content=\"es_MX\" \/>\n<meta property=\"og:type\" content=\"article\" \/>\n<meta property=\"og:title\" content=\"Tribunal Electoral Federal revoca fallo que le quit\u00f3 el triunfo a Morena en Alcald\u00eda de San Salvador el Seco, Puebla -\" \/>\n<meta property=\"og:description\" content=\"Tribunal Electoral Federal revoca fallo que le quit\u00f3 el triunfo a Morena en Alcald\u00eda de San Salvador el Seco, Puebla Por Redacci\u00f3n QP\" \/>\n<meta property=\"og:url\" content=\"https:\/\/quehacerpolitico.mx\/?p=2663\" \/>\n<meta property=\"article:published_time\" content=\"2018-08-17T17:51:57+00:00\" \/>\n<meta name=\"author\" content=\"Redacci\u00f3n QP\" \/>\n<meta name=\"twitter:card\" content=\"summary_large_image\" \/>\n<meta name=\"twitter:label1\" content=\"Escrito por\" \/>\n\t<meta name=\"twitter:data1\" content=\"Redacci\u00f3n QP\" \/>\n\t<meta name=\"twitter:label2\" content=\"Tiempo de lectura\" \/>\n\t<meta name=\"twitter:data2\" content=\"2 minutos\" \/>\n<script type=\"application\/ld+json\" class=\"yoast-schema-graph\">{\"@context\":\"https:\\\/\\\/schema.org\",\"@graph\":[{\"@type\":\"Article\",\"@id\":\"https:\\\/\\\/quehacerpolitico.mx\\\/?p=2663#article\",\"isPartOf\":{\"@id\":\"https:\\\/\\\/quehacerpolitico.mx\\\/?p=2663\"},\"author\":{\"name\":\"Redacci\u00f3n QP\",\"@id\":\"https:\\\/\\\/quehacerpolitico.mx\\\/#\\\/schema\\\/person\\\/496d8ad2d1d3f8036101dca7ee39e585\"},\"headline\":\"Tribunal Electoral Federal revoca fallo que le quit\u00f3 el triunfo a Morena en Alcald\u00eda de San Salvador el Seco, Puebla\",\"datePublished\":\"2018-08-17T17:51:57+00:00\",\"mainEntityOfPage\":{\"@id\":\"https:\\\/\\\/quehacerpolitico.mx\\\/?p=2663\"},\"wordCount\":379,\"commentCount\":0,\"image\":{\"@id\":\"https:\\\/\\\/quehacerpolitico.mx\\\/?p=2663#primaryimage\"},\"thumbnailUrl\":\"\",\"articleSection\":[\"Noticias\"],\"inLanguage\":\"es\",\"potentialAction\":[{\"@type\":\"CommentAction\",\"name\":\"Comment\",\"target\":[\"https:\\\/\\\/quehacerpolitico.mx\\\/?p=2663#respond\"]}]},{\"@type\":\"WebPage\",\"@id\":\"https:\\\/\\\/quehacerpolitico.mx\\\/?p=2663\",\"url\":\"https:\\\/\\\/quehacerpolitico.mx\\\/?p=2663\",\"name\":\"Tribunal Electoral Federal revoca fallo que le quit\u00f3 el triunfo a Morena en Alcald\u00eda de San Salvador el Seco, Puebla -\",\"isPartOf\":{\"@id\":\"https:\\\/\\\/quehacerpolitico.mx\\\/#website\"},\"primaryImageOfPage\":{\"@id\":\"https:\\\/\\\/quehacerpolitico.mx\\\/?p=2663#primaryimage\"},\"image\":{\"@id\":\"https:\\\/\\\/quehacerpolitico.mx\\\/?p=2663#primaryimage\"},\"thumbnailUrl\":\"\",\"datePublished\":\"2018-08-17T17:51:57+00:00\",\"author\":{\"@id\":\"https:\\\/\\\/quehacerpolitico.mx\\\/#\\\/schema\\\/person\\\/496d8ad2d1d3f8036101dca7ee39e585\"},\"breadcrumb\":{\"@id\":\"https:\\\/\\\/quehacerpolitico.mx\\\/?p=2663#breadcrumb\"},\"inLanguage\":\"es\",\"potentialAction\":[{\"@type\":\"ReadAction\",\"target\":[\"https:\\\/\\\/quehacerpolitico.mx\\\/?p=2663\"]}]},{\"@type\":\"ImageObject\",\"inLanguage\":\"es\",\"@id\":\"https:\\\/\\\/quehacerpolitico.mx\\\/?p=2663#primaryimage\",\"url\":\"\",\"contentUrl\":\"\"},{\"@type\":\"BreadcrumbList\",\"@id\":\"https:\\\/\\\/quehacerpolitico.mx\\\/?p=2663#breadcrumb\",\"itemListElement\":[{\"@type\":\"ListItem\",\"position\":1,\"name\":\"Inicio\",\"item\":\"https:\\\/\\\/quehacerpolitico.mx\\\/\"},{\"@type\":\"ListItem\",\"position\":2,\"name\":\"Tribunal Electoral Federal revoca fallo que le quit\u00f3 el triunfo a Morena en Alcald\u00eda de San Salvador el Seco, Puebla\"}]},{\"@type\":\"WebSite\",\"@id\":\"https:\\\/\\\/quehacerpolitico.mx\\\/#website\",\"url\":\"https:\\\/\\\/quehacerpolitico.mx\\\/\",\"name\":\"\",\"description\":\"\",\"potentialAction\":[{\"@type\":\"SearchAction\",\"target\":{\"@type\":\"EntryPoint\",\"urlTemplate\":\"https:\\\/\\\/quehacerpolitico.mx\\\/?s={search_term_string}\"},\"query-input\":{\"@type\":\"PropertyValueSpecification\",\"valueRequired\":true,\"valueName\":\"search_term_string\"}}],\"inLanguage\":\"es\"},{\"@type\":\"Person\",\"@id\":\"https:\\\/\\\/quehacerpolitico.mx\\\/#\\\/schema\\\/person\\\/496d8ad2d1d3f8036101dca7ee39e585\",\"name\":\"Redacci\u00f3n QP\",\"image\":{\"@type\":\"ImageObject\",\"inLanguage\":\"es\",\"@id\":\"https:\\\/\\\/secure.gravatar.com\\\/avatar\\\/c7164ed6fdec453195284ad24a5ae5b6e1eed2b848477fa2a4787ba9adf39a41?s=96&d=mm&r=g\",\"url\":\"https:\\\/\\\/secure.gravatar.com\\\/avatar\\\/c7164ed6fdec453195284ad24a5ae5b6e1eed2b848477fa2a4787ba9adf39a41?s=96&d=mm&r=g\",\"contentUrl\":\"https:\\\/\\\/secure.gravatar.com\\\/avatar\\\/c7164ed6fdec453195284ad24a5ae5b6e1eed2b848477fa2a4787ba9adf39a41?s=96&d=mm&r=g\",\"caption\":\"Redacci\u00f3n QP\"},\"url\":\"https:\\\/\\\/quehacerpolitico.mx\\\/?author=2\"}]}<\/script>\n<!-- \/ Yoast SEO plugin. -->","yoast_head_json":{"title":"Tribunal Electoral Federal revoca fallo que le quit\u00f3 el triunfo a Morena en Alcald\u00eda de San Salvador el Seco, Puebla -","robots":{"index":"index","follow":"follow","max-snippet":"max-snippet:-1","max-image-preview":"max-image-preview:large","max-video-preview":"max-video-preview:-1"},"canonical":"https:\/\/quehacerpolitico.mx\/?p=2663","og_locale":"es_MX","og_type":"article","og_title":"Tribunal Electoral Federal revoca fallo que le quit\u00f3 el triunfo a Morena en Alcald\u00eda de San Salvador el Seco, Puebla -","og_description":"Tribunal Electoral Federal revoca fallo que le quit\u00f3 el triunfo a Morena en Alcald\u00eda de San Salvador el Seco, Puebla Por Redacci\u00f3n QP","og_url":"https:\/\/quehacerpolitico.mx\/?p=2663","article_published_time":"2018-08-17T17:51:57+00:00","author":"Redacci\u00f3n QP","twitter_card":"summary_large_image","twitter_misc":{"Escrito por":"Redacci\u00f3n QP","Tiempo de lectura":"2 minutos"},"schema":{"@context":"https:\/\/schema.org","@graph":[{"@type":"Article","@id":"https:\/\/quehacerpolitico.mx\/?p=2663#article","isPartOf":{"@id":"https:\/\/quehacerpolitico.mx\/?p=2663"},"author":{"name":"Redacci\u00f3n QP","@id":"https:\/\/quehacerpolitico.mx\/#\/schema\/person\/496d8ad2d1d3f8036101dca7ee39e585"},"headline":"Tribunal Electoral Federal revoca fallo que le quit\u00f3 el triunfo a Morena en Alcald\u00eda de San Salvador el Seco, Puebla","datePublished":"2018-08-17T17:51:57+00:00","mainEntityOfPage":{"@id":"https:\/\/quehacerpolitico.mx\/?p=2663"},"wordCount":379,"commentCount":0,"image":{"@id":"https:\/\/quehacerpolitico.mx\/?p=2663#primaryimage"},"thumbnailUrl":"","articleSection":["Noticias"],"inLanguage":"es","potentialAction":[{"@type":"CommentAction","name":"Comment","target":["https:\/\/quehacerpolitico.mx\/?p=2663#respond"]}]},{"@type":"WebPage","@id":"https:\/\/quehacerpolitico.mx\/?p=2663","url":"https:\/\/quehacerpolitico.mx\/?p=2663","name":"Tribunal Electoral Federal revoca fallo que le quit\u00f3 el triunfo a Morena en Alcald\u00eda de San Salvador el Seco, Puebla -","isPartOf":{"@id":"https:\/\/quehacerpolitico.mx\/#website"},"primaryImageOfPage":{"@id":"https:\/\/quehacerpolitico.mx\/?p=2663#primaryimage"},"image":{"@id":"https:\/\/quehacerpolitico.mx\/?p=2663#primaryimage"},"thumbnailUrl":"","datePublished":"2018-08-17T17:51:57+00:00","author":{"@id":"https:\/\/quehacerpolitico.mx\/#\/schema\/person\/496d8ad2d1d3f8036101dca7ee39e585"},"breadcrumb":{"@id":"https:\/\/quehacerpolitico.mx\/?p=2663#breadcrumb"},"inLanguage":"es","potentialAction":[{"@type":"ReadAction","target":["https:\/\/quehacerpolitico.mx\/?p=2663"]}]},{"@type":"ImageObject","inLanguage":"es","@id":"https:\/\/quehacerpolitico.mx\/?p=2663#primaryimage","url":"","contentUrl":""},{"@type":"BreadcrumbList","@id":"https:\/\/quehacerpolitico.mx\/?p=2663#breadcrumb","itemListElement":[{"@type":"ListItem","position":1,"name":"Inicio","item":"https:\/\/quehacerpolitico.mx\/"},{"@type":"ListItem","position":2,"name":"Tribunal Electoral Federal revoca fallo que le quit\u00f3 el triunfo a Morena en Alcald\u00eda de San Salvador el Seco, Puebla"}]},{"@type":"WebSite","@id":"https:\/\/quehacerpolitico.mx\/#website","url":"https:\/\/quehacerpolitico.mx\/","name":"","description":"","potentialAction":[{"@type":"SearchAction","target":{"@type":"EntryPoint","urlTemplate":"https:\/\/quehacerpolitico.mx\/?s={search_term_string}"},"query-input":{"@type":"PropertyValueSpecification","valueRequired":true,"valueName":"search_term_string"}}],"inLanguage":"es"},{"@type":"Person","@id":"https:\/\/quehacerpolitico.mx\/#\/schema\/person\/496d8ad2d1d3f8036101dca7ee39e585","name":"Redacci\u00f3n QP","image":{"@type":"ImageObject","inLanguage":"es","@id":"https:\/\/secure.gravatar.com\/avatar\/c7164ed6fdec453195284ad24a5ae5b6e1eed2b848477fa2a4787ba9adf39a41?s=96&d=mm&r=g","url":"https:\/\/secure.gravatar.com\/avatar\/c7164ed6fdec453195284ad24a5ae5b6e1eed2b848477fa2a4787ba9adf39a41?s=96&d=mm&r=g","contentUrl":"https:\/\/secure.gravatar.com\/avatar\/c7164ed6fdec453195284ad24a5ae5b6e1eed2b848477fa2a4787ba9adf39a41?s=96&d=mm&r=g","caption":"Redacci\u00f3n QP"},"url":"https:\/\/quehacerpolitico.mx\/?author=2"}]}},"featured_image_urls":{"full":"","thumbnail":"","medium":"","medium_large":"","large":"","1536x1536":"","2048x2048":"","covernews-featured":"","covernews-medium":""},"author_info":{"display_name":"Redacci\u00f3n QP","author_link":"https:\/\/quehacerpolitico.mx\/?author=2"},"category_info":"<a href=\"https:\/\/quehacerpolitico.mx\/?cat=2\" rel=\"category\">Noticias<\/a>","tag_info":"Noticias","comment_count":"0","_links":{"self":[{"href":"https:\/\/quehacerpolitico.mx\/index.php?rest_route=\/wp\/v2\/posts\/2663","targetHints":{"allow":["GET"]}}],"collection":[{"href":"https:\/\/quehacerpolitico.mx\/index.php?rest_route=\/wp\/v2\/posts"}],"about":[{"href":"https:\/\/quehacerpolitico.mx\/index.php?rest_route=\/wp\/v2\/types\/post"}],"author":[{"embeddable":true,"href":"https:\/\/quehacerpolitico.mx\/index.php?rest_route=\/wp\/v2\/users\/2"}],"replies":[{"embeddable":true,"href":"https:\/\/quehacerpolitico.mx\/index.php?rest_route=%2Fwp%2Fv2%2Fcomments&post=2663"}],"version-history":[{"count":0,"href":"https:\/\/quehacerpolitico.mx\/index.php?rest_route=\/wp\/v2\/posts\/2663\/revisions"}],"wp:featuredmedia":[{"embeddable":true,"href":"https:\/\/quehacerpolitico.mx\/index.php?rest_route=\/"}],"wp:attachment":[{"href":"https:\/\/quehacerpolitico.mx\/index.php?rest_route=%2Fwp%2Fv2%2Fmedia&parent=2663"}],"wp:term":[{"taxonomy":"category","embeddable":true,"href":"https:\/\/quehacerpolitico.mx\/index.php?rest_route=%2Fwp%2Fv2%2Fcategories&post=2663"},{"taxonomy":"post_tag","embeddable":true,"href":"https:\/\/quehacerpolitico.mx\/index.php?rest_route=%2Fwp%2Fv2%2Ftags&post=2663"}],"curies":[{"name":"wp","href":"https:\/\/api.w.org\/{rel}","templated":true}]}}