{"id":2649,"date":"2018-08-17T17:03:16","date_gmt":"2018-08-17T17:03:16","guid":{"rendered":"http:\/\/quehacerpolitico.mx\/internacionales-carolina-alonso-romei-trump-cancela-planes-para-celebrar-un-gran-desfile-militar-en-washington\/"},"modified":"2018-08-17T17:03:16","modified_gmt":"2018-08-17T17:03:16","slug":"internacionales-carolina-alonso-romei-trump-cancela-planes-para-celebrar-un-gran-desfile-militar-en-washington","status":"publish","type":"post","link":"https:\/\/quehacerpolitico.mx\/?p=2649","title":{"rendered":"Internacionales\/\/\/Carolina Alonso Romei\/\/\/Trump cancela planes para celebrar un gran desfile militar en Washington"},"content":{"rendered":"<p>El presidente de Estados Unidos, <a href=\"https:\/\/www.informador.mx\/donald-trump-t8094\" target=\"_blank\" rel=\"noopener\"><strong>Donald Trump<\/strong><\/a>, anunci\u00f3 la cancelaci\u00f3n de un desfile militar en est\u00e1 capital, como el que Francia realiza con motivo del D\u00eda de la Bastilla para honrar a las fuerzas armadas, <strong>en medio de reportes de que su costo podr\u00eda superar los 90 millones de d\u00f3lares.<\/strong><\/p>\n<div id=\"div-gpt-ad-1524682842930-0\" data-google-query-id=\"CMCV65DI9NwCFQM9TwodSz0DDg\">\n<div id=\"google_ads_iframe_\/40135427\/informador_mx_Video_Outstream_0__container__\">Como es su costumbre, en la mayor\u00eda de las ocasiones, <strong>el mandatario hizo el anuncio a trav\u00e9s de su cuenta de la red social Twitter<\/strong>, en la que pareci\u00f3 culpar al gobierno de la ciudad por su decisi\u00f3n, a pesar de que<strong> la iniciativa no hab\u00eda sido bien recibida en algunos c\u00edrculos pol\u00edticos<\/strong>, donde fue vista como un dispendio.<\/div>\n<\/div>\n<p>&#8220;Los pol\u00edticos locales que manejan Washington D.C (pobremente) conocen una derrama cuando la ven. Cuando les pedimos que nos dieran un precio por celebrar una gran desfile militar de celebraci\u00f3n, <strong>nos dieron un n\u00famero tan rid\u00edculamente alto que lo cancel\u00e9&#8221;, anunci\u00f3 el presidente.<\/strong><\/p>\n<p>Trump dijo que en lugar de esa parada por las calles de la capital que, estaba prevista para el 11 de noviembre, D\u00eda de los Veteranos, atender\u00e1 otro desfile ya programado a celebrarse en la cercana base militar conjunta Andrews, en Maryland, en una fecha diferente.<\/p>\n<p>El mandatario dijo que viajar\u00e1 a Par\u00eds, Francia, para atender el desfile con motivo del fin de la Segunda Guerra Mundial, pero no descart\u00f3 la idea de presidir una parada militar en Washington.<\/p>\n<p>&#8220;Quiz\u00e1 hagamos algo el pr\u00f3ximo a\u00f1o en D.C., cuando el costo sea MUCHO MENOR. Ahora podremos comprar m\u00e1s aviones de combate!&#8221;, apunt\u00f3.<\/p>\n<p>Trump empuj\u00f3 la iniciativa de celebrar un desfile con despliegue de aviones de combate y equipo militar pesado como tanques de guerra, despu\u00e9s de asistir el a\u00f1o pasado al desfile militar en Francia con motivo del D\u00eda de la Bastilla, una invitaci\u00f3n que le hizo su hom\u00f3logo franc\u00e9s Emmanuel Macron.<\/p>\n<p>El mandatario, quien evit\u00f3 servir en la Guerra de Vietnam al obtener cuatro dispensas medicas aduciendo una condici\u00f3n m\u00e9dica temporal en un pie conocida como &#8220;espol\u00f3n calc\u00e1neo&#8221;, ha hecho del tema militar uno de los pilares de su gobierno.\u00a0<\/p>\n","protected":false},"excerpt":{"rendered":"<p>En medio de reportes de que su costo podr\u00eda superar los 90 millones de d\u00f3lares; la iniciativa no hab\u00eda sido bien recibida en algunos c\u00edrculos pol\u00edticos<br \/>\nPor Carolina Alonso Romei<br \/>\nInternacionalista<\/p>\n","protected":false},"author":2,"featured_media":2648,"comment_status":"open","ping_status":"open","sticky":false,"template":"","format":"standard","meta":{"_monsterinsights_skip_tracking":false,"_monsterinsights_sitenote_active":false,"_monsterinsights_sitenote_note":"","_monsterinsights_sitenote_category":0,"footnotes":""},"categories":[1],"tags":[],"class_list":["post-2649","post","type-post","status-publish","format-standard","has-post-thumbnail","hentry","category-sin-categoria"],"yoast_head":"<!-- This site is optimized with the Yoast SEO plugin v27.3 - https:\/\/yoast.com\/product\/yoast-seo-wordpress\/ -->\n<title>Internacionales\/\/\/Carolina Alonso Romei\/\/\/Trump cancela planes para celebrar un gran desfile militar en Washington -<\/title>\n<meta name=\"robots\" content=\"index, follow, max-snippet:-1, max-image-preview:large, max-video-preview:-1\" \/>\n<link rel=\"canonical\" href=\"https:\/\/quehacerpolitico.mx\/?p=2649\" \/>\n<meta property=\"og:locale\" content=\"es_MX\" \/>\n<meta property=\"og:type\" content=\"article\" \/>\n<meta property=\"og:title\" content=\"Internacionales\/\/\/Carolina Alonso Romei\/\/\/Trump cancela planes para celebrar un gran desfile militar en Washington -\" \/>\n<meta property=\"og:description\" content=\"En medio de reportes de que su costo podr\u00eda superar los 90 millones de d\u00f3lares; la iniciativa no hab\u00eda sido bien recibida en algunos c\u00edrculos pol\u00edticos Por Carolina Alonso Romei Internacionalista\" \/>\n<meta property=\"og:url\" content=\"https:\/\/quehacerpolitico.mx\/?p=2649\" \/>\n<meta property=\"article:published_time\" content=\"2018-08-17T17:03:16+00:00\" \/>\n<meta name=\"author\" content=\"Redacci\u00f3n QP\" \/>\n<meta name=\"twitter:card\" content=\"summary_large_image\" \/>\n<meta name=\"twitter:label1\" content=\"Escrito por\" \/>\n\t<meta name=\"twitter:data1\" content=\"Redacci\u00f3n QP\" \/>\n\t<meta name=\"twitter:label2\" content=\"Tiempo de lectura\" \/>\n\t<meta name=\"twitter:data2\" content=\"2 minutos\" \/>\n<script type=\"application\/ld+json\" class=\"yoast-schema-graph\">{\"@context\":\"https:\\\/\\\/schema.org\",\"@graph\":[{\"@type\":\"Article\",\"@id\":\"https:\\\/\\\/quehacerpolitico.mx\\\/?p=2649#article\",\"isPartOf\":{\"@id\":\"https:\\\/\\\/quehacerpolitico.mx\\\/?p=2649\"},\"author\":{\"name\":\"Redacci\u00f3n QP\",\"@id\":\"https:\\\/\\\/quehacerpolitico.mx\\\/#\\\/schema\\\/person\\\/496d8ad2d1d3f8036101dca7ee39e585\"},\"headline\":\"Internacionales\\\/\\\/\\\/Carolina Alonso Romei\\\/\\\/\\\/Trump cancela planes para celebrar un gran desfile militar en Washington\",\"datePublished\":\"2018-08-17T17:03:16+00:00\",\"mainEntityOfPage\":{\"@id\":\"https:\\\/\\\/quehacerpolitico.mx\\\/?p=2649\"},\"wordCount\":386,\"commentCount\":0,\"image\":{\"@id\":\"https:\\\/\\\/quehacerpolitico.mx\\\/?p=2649#primaryimage\"},\"thumbnailUrl\":\"\",\"articleSection\":[\"Internacionales\"],\"inLanguage\":\"es\",\"potentialAction\":[{\"@type\":\"CommentAction\",\"name\":\"Comment\",\"target\":[\"https:\\\/\\\/quehacerpolitico.mx\\\/?p=2649#respond\"]}]},{\"@type\":\"WebPage\",\"@id\":\"https:\\\/\\\/quehacerpolitico.mx\\\/?p=2649\",\"url\":\"https:\\\/\\\/quehacerpolitico.mx\\\/?p=2649\",\"name\":\"Internacionales\\\/\\\/\\\/Carolina Alonso Romei\\\/\\\/\\\/Trump cancela planes para celebrar un gran desfile militar en Washington -\",\"isPartOf\":{\"@id\":\"https:\\\/\\\/quehacerpolitico.mx\\\/#website\"},\"primaryImageOfPage\":{\"@id\":\"https:\\\/\\\/quehacerpolitico.mx\\\/?p=2649#primaryimage\"},\"image\":{\"@id\":\"https:\\\/\\\/quehacerpolitico.mx\\\/?p=2649#primaryimage\"},\"thumbnailUrl\":\"\",\"datePublished\":\"2018-08-17T17:03:16+00:00\",\"author\":{\"@id\":\"https:\\\/\\\/quehacerpolitico.mx\\\/#\\\/schema\\\/person\\\/496d8ad2d1d3f8036101dca7ee39e585\"},\"breadcrumb\":{\"@id\":\"https:\\\/\\\/quehacerpolitico.mx\\\/?p=2649#breadcrumb\"},\"inLanguage\":\"es\",\"potentialAction\":[{\"@type\":\"ReadAction\",\"target\":[\"https:\\\/\\\/quehacerpolitico.mx\\\/?p=2649\"]}]},{\"@type\":\"ImageObject\",\"inLanguage\":\"es\",\"@id\":\"https:\\\/\\\/quehacerpolitico.mx\\\/?p=2649#primaryimage\",\"url\":\"\",\"contentUrl\":\"\"},{\"@type\":\"BreadcrumbList\",\"@id\":\"https:\\\/\\\/quehacerpolitico.mx\\\/?p=2649#breadcrumb\",\"itemListElement\":[{\"@type\":\"ListItem\",\"position\":1,\"name\":\"Inicio\",\"item\":\"https:\\\/\\\/quehacerpolitico.mx\\\/\"},{\"@type\":\"ListItem\",\"position\":2,\"name\":\"Internacionales\\\/\\\/\\\/Carolina Alonso Romei\\\/\\\/\\\/Trump cancela planes para celebrar un gran desfile militar en Washington\"}]},{\"@type\":\"WebSite\",\"@id\":\"https:\\\/\\\/quehacerpolitico.mx\\\/#website\",\"url\":\"https:\\\/\\\/quehacerpolitico.mx\\\/\",\"name\":\"\",\"description\":\"\",\"potentialAction\":[{\"@type\":\"SearchAction\",\"target\":{\"@type\":\"EntryPoint\",\"urlTemplate\":\"https:\\\/\\\/quehacerpolitico.mx\\\/?s={search_term_string}\"},\"query-input\":{\"@type\":\"PropertyValueSpecification\",\"valueRequired\":true,\"valueName\":\"search_term_string\"}}],\"inLanguage\":\"es\"},{\"@type\":\"Person\",\"@id\":\"https:\\\/\\\/quehacerpolitico.mx\\\/#\\\/schema\\\/person\\\/496d8ad2d1d3f8036101dca7ee39e585\",\"name\":\"Redacci\u00f3n QP\",\"image\":{\"@type\":\"ImageObject\",\"inLanguage\":\"es\",\"@id\":\"https:\\\/\\\/secure.gravatar.com\\\/avatar\\\/c7164ed6fdec453195284ad24a5ae5b6e1eed2b848477fa2a4787ba9adf39a41?s=96&d=mm&r=g\",\"url\":\"https:\\\/\\\/secure.gravatar.com\\\/avatar\\\/c7164ed6fdec453195284ad24a5ae5b6e1eed2b848477fa2a4787ba9adf39a41?s=96&d=mm&r=g\",\"contentUrl\":\"https:\\\/\\\/secure.gravatar.com\\\/avatar\\\/c7164ed6fdec453195284ad24a5ae5b6e1eed2b848477fa2a4787ba9adf39a41?s=96&d=mm&r=g\",\"caption\":\"Redacci\u00f3n QP\"},\"url\":\"https:\\\/\\\/quehacerpolitico.mx\\\/?author=2\"}]}<\/script>\n<!-- \/ Yoast SEO plugin. -->","yoast_head_json":{"title":"Internacionales\/\/\/Carolina Alonso Romei\/\/\/Trump cancela planes para celebrar un gran desfile militar en Washington -","robots":{"index":"index","follow":"follow","max-snippet":"max-snippet:-1","max-image-preview":"max-image-preview:large","max-video-preview":"max-video-preview:-1"},"canonical":"https:\/\/quehacerpolitico.mx\/?p=2649","og_locale":"es_MX","og_type":"article","og_title":"Internacionales\/\/\/Carolina Alonso Romei\/\/\/Trump cancela planes para celebrar un gran desfile militar en Washington -","og_description":"En medio de reportes de que su costo podr\u00eda superar los 90 millones de d\u00f3lares; la iniciativa no hab\u00eda sido bien recibida en algunos c\u00edrculos pol\u00edticos Por Carolina Alonso Romei Internacionalista","og_url":"https:\/\/quehacerpolitico.mx\/?p=2649","article_published_time":"2018-08-17T17:03:16+00:00","author":"Redacci\u00f3n QP","twitter_card":"summary_large_image","twitter_misc":{"Escrito por":"Redacci\u00f3n QP","Tiempo de lectura":"2 minutos"},"schema":{"@context":"https:\/\/schema.org","@graph":[{"@type":"Article","@id":"https:\/\/quehacerpolitico.mx\/?p=2649#article","isPartOf":{"@id":"https:\/\/quehacerpolitico.mx\/?p=2649"},"author":{"name":"Redacci\u00f3n QP","@id":"https:\/\/quehacerpolitico.mx\/#\/schema\/person\/496d8ad2d1d3f8036101dca7ee39e585"},"headline":"Internacionales\/\/\/Carolina Alonso Romei\/\/\/Trump cancela planes para celebrar un gran desfile militar en Washington","datePublished":"2018-08-17T17:03:16+00:00","mainEntityOfPage":{"@id":"https:\/\/quehacerpolitico.mx\/?p=2649"},"wordCount":386,"commentCount":0,"image":{"@id":"https:\/\/quehacerpolitico.mx\/?p=2649#primaryimage"},"thumbnailUrl":"","articleSection":["Internacionales"],"inLanguage":"es","potentialAction":[{"@type":"CommentAction","name":"Comment","target":["https:\/\/quehacerpolitico.mx\/?p=2649#respond"]}]},{"@type":"WebPage","@id":"https:\/\/quehacerpolitico.mx\/?p=2649","url":"https:\/\/quehacerpolitico.mx\/?p=2649","name":"Internacionales\/\/\/Carolina Alonso Romei\/\/\/Trump cancela planes para celebrar un gran desfile militar en Washington -","isPartOf":{"@id":"https:\/\/quehacerpolitico.mx\/#website"},"primaryImageOfPage":{"@id":"https:\/\/quehacerpolitico.mx\/?p=2649#primaryimage"},"image":{"@id":"https:\/\/quehacerpolitico.mx\/?p=2649#primaryimage"},"thumbnailUrl":"","datePublished":"2018-08-17T17:03:16+00:00","author":{"@id":"https:\/\/quehacerpolitico.mx\/#\/schema\/person\/496d8ad2d1d3f8036101dca7ee39e585"},"breadcrumb":{"@id":"https:\/\/quehacerpolitico.mx\/?p=2649#breadcrumb"},"inLanguage":"es","potentialAction":[{"@type":"ReadAction","target":["https:\/\/quehacerpolitico.mx\/?p=2649"]}]},{"@type":"ImageObject","inLanguage":"es","@id":"https:\/\/quehacerpolitico.mx\/?p=2649#primaryimage","url":"","contentUrl":""},{"@type":"BreadcrumbList","@id":"https:\/\/quehacerpolitico.mx\/?p=2649#breadcrumb","itemListElement":[{"@type":"ListItem","position":1,"name":"Inicio","item":"https:\/\/quehacerpolitico.mx\/"},{"@type":"ListItem","position":2,"name":"Internacionales\/\/\/Carolina Alonso Romei\/\/\/Trump cancela planes para celebrar un gran desfile militar en Washington"}]},{"@type":"WebSite","@id":"https:\/\/quehacerpolitico.mx\/#website","url":"https:\/\/quehacerpolitico.mx\/","name":"","description":"","potentialAction":[{"@type":"SearchAction","target":{"@type":"EntryPoint","urlTemplate":"https:\/\/quehacerpolitico.mx\/?s={search_term_string}"},"query-input":{"@type":"PropertyValueSpecification","valueRequired":true,"valueName":"search_term_string"}}],"inLanguage":"es"},{"@type":"Person","@id":"https:\/\/quehacerpolitico.mx\/#\/schema\/person\/496d8ad2d1d3f8036101dca7ee39e585","name":"Redacci\u00f3n QP","image":{"@type":"ImageObject","inLanguage":"es","@id":"https:\/\/secure.gravatar.com\/avatar\/c7164ed6fdec453195284ad24a5ae5b6e1eed2b848477fa2a4787ba9adf39a41?s=96&d=mm&r=g","url":"https:\/\/secure.gravatar.com\/avatar\/c7164ed6fdec453195284ad24a5ae5b6e1eed2b848477fa2a4787ba9adf39a41?s=96&d=mm&r=g","contentUrl":"https:\/\/secure.gravatar.com\/avatar\/c7164ed6fdec453195284ad24a5ae5b6e1eed2b848477fa2a4787ba9adf39a41?s=96&d=mm&r=g","caption":"Redacci\u00f3n QP"},"url":"https:\/\/quehacerpolitico.mx\/?author=2"}]}},"featured_image_urls":{"full":"","thumbnail":"","medium":"","medium_large":"","large":"","1536x1536":"","2048x2048":"","covernews-featured":"","covernews-medium":""},"author_info":{"display_name":"Redacci\u00f3n QP","author_link":"https:\/\/quehacerpolitico.mx\/?author=2"},"category_info":"<a href=\"https:\/\/quehacerpolitico.mx\/?cat=1\" rel=\"category\">Internacionales<\/a>","tag_info":"Internacionales","comment_count":"0","_links":{"self":[{"href":"https:\/\/quehacerpolitico.mx\/index.php?rest_route=\/wp\/v2\/posts\/2649","targetHints":{"allow":["GET"]}}],"collection":[{"href":"https:\/\/quehacerpolitico.mx\/index.php?rest_route=\/wp\/v2\/posts"}],"about":[{"href":"https:\/\/quehacerpolitico.mx\/index.php?rest_route=\/wp\/v2\/types\/post"}],"author":[{"embeddable":true,"href":"https:\/\/quehacerpolitico.mx\/index.php?rest_route=\/wp\/v2\/users\/2"}],"replies":[{"embeddable":true,"href":"https:\/\/quehacerpolitico.mx\/index.php?rest_route=%2Fwp%2Fv2%2Fcomments&post=2649"}],"version-history":[{"count":0,"href":"https:\/\/quehacerpolitico.mx\/index.php?rest_route=\/wp\/v2\/posts\/2649\/revisions"}],"wp:featuredmedia":[{"embeddable":true,"href":"https:\/\/quehacerpolitico.mx\/index.php?rest_route=\/"}],"wp:attachment":[{"href":"https:\/\/quehacerpolitico.mx\/index.php?rest_route=%2Fwp%2Fv2%2Fmedia&parent=2649"}],"wp:term":[{"taxonomy":"category","embeddable":true,"href":"https:\/\/quehacerpolitico.mx\/index.php?rest_route=%2Fwp%2Fv2%2Fcategories&post=2649"},{"taxonomy":"post_tag","embeddable":true,"href":"https:\/\/quehacerpolitico.mx\/index.php?rest_route=%2Fwp%2Fv2%2Ftags&post=2649"}],"curies":[{"name":"wp","href":"https:\/\/api.w.org\/{rel}","templated":true}]}}