{"id":2638,"date":"2018-08-17T16:21:33","date_gmt":"2018-08-17T16:21:33","guid":{"rendered":"http:\/\/quehacerpolitico.mx\/david-patino-apoya-proyecto-de-asociacion-de-tecnicos\/"},"modified":"2018-08-17T16:21:33","modified_gmt":"2018-08-17T16:21:33","slug":"david-patino-apoya-proyecto-de-asociacion-de-tecnicos","status":"publish","type":"post","link":"https:\/\/quehacerpolitico.mx\/?p=2638","title":{"rendered":"David Pati\u00f1o apoya proyecto de asociaci\u00f3n de t\u00e9cnicos"},"content":{"rendered":"<p>El t\u00e9cnico de <strong><a href=\"https:\/\/www.informador.mx\/pumas-de-la-unam-t83\" target=\"_blank\" rel=\"noopener\">Pumas<\/a><\/strong>, David Pati\u00f1o, lament\u00f3 que en el <strong><a href=\"https:\/\/www.informador.mx\/futbol-mexicano-t25\" target=\"_blank\" rel=\"noopener\">futbol mexicano<\/a><\/strong> existan los dobles contratos que muchas veces no benefician a los entrenadores.<\/p>\n<div id=\"div-gpt-ad-1524682842930-0\" data-google-query-id=\"CMmrqvy-9NwCFccYPwodZw8I0w\">\n<div id=\"google_ads_iframe_\/40135427\/informador_mx_Video_Outstream_0__container__\">El estratega aclar\u00f3 que nunca ha estado involucrado en dicha situaci\u00f3n, pero apoy\u00f3 la idea de <strong><a href=\"https:\/\/www.informador.mx\/deportes\/En-este-momento-solo-pienso-en-el-America-Miguel-Herrera-20180731-0157.html\" target=\"_blank\" rel=\"noopener\">Miguel Herrera<\/a><\/strong> de <strong>crear una asociaci\u00f3n de t\u00e9cnicos que ayude a solucionar cualquier tipo de anomal\u00edas.<\/strong><\/div>\n<\/div>\n<p><strong>&#8220;Son cosas que no deber\u00edan estar, que no deber\u00edan hacerse as\u00ed,<\/strong> en lo personal a m\u00ed nunca me ha pasado en ninguna de las instituciones que he estado, ojal\u00e1 no ocurran ese tipo de cosas&#8221;, dijo.<\/p>\n<p>De cara al partido ante Monterrey, Pati\u00f1o rechaz\u00f3 que lo tomen como un par\u00e1metro ya que cada duelo es un reto para la instituci\u00f3n en busca de mantenerse en el primer sitio de la clasificaci\u00f3n general.<\/p>\n<p>&#8220;Lo sabemos es un gran reto y nosotros pensamos en conseguir los tres puntos, tenemos ilusiones y expectativas altas&#8221;, indic\u00f3.<\/p>\n<p>Pati\u00f1o dio a conocer que Juan Manuel Iturbe podr\u00eda tener minutos despu\u00e9s de recuperarse de un problema que tuvo en la rodilla, mientras que Luis Fernando Quintana tambi\u00e9n est\u00e1 listo para jugar. El \u00fanico que qued\u00f3 descartado fue Alejandro Arribas.<\/p>\n","protected":false},"excerpt":{"rendered":"<p>El estratega de aprueba la idea de Miguel Herrera de crear un grupo que ayude a solucionar cualquier tipo de anomal\u00edas en los contratos en la Liga MX<br \/>\nPor Redacci\u00f3n QP<\/p>\n","protected":false},"author":2,"featured_media":2637,"comment_status":"open","ping_status":"open","sticky":false,"template":"","format":"standard","meta":{"_monsterinsights_skip_tracking":false,"_monsterinsights_sitenote_active":false,"_monsterinsights_sitenote_note":"","_monsterinsights_sitenote_category":0,"footnotes":""},"categories":[54],"tags":[],"class_list":["post-2638","post","type-post","status-publish","format-standard","has-post-thumbnail","hentry","category-deportes"],"yoast_head":"<!-- This site is optimized with the Yoast SEO plugin v27.3 - https:\/\/yoast.com\/product\/yoast-seo-wordpress\/ -->\n<title>David Pati\u00f1o apoya proyecto de asociaci\u00f3n de t\u00e9cnicos -<\/title>\n<meta name=\"robots\" content=\"index, follow, max-snippet:-1, max-image-preview:large, max-video-preview:-1\" \/>\n<link rel=\"canonical\" href=\"https:\/\/quehacerpolitico.mx\/?p=2638\" \/>\n<meta property=\"og:locale\" content=\"es_MX\" \/>\n<meta property=\"og:type\" content=\"article\" \/>\n<meta property=\"og:title\" content=\"David Pati\u00f1o apoya proyecto de asociaci\u00f3n de t\u00e9cnicos -\" \/>\n<meta property=\"og:description\" content=\"El estratega de aprueba la idea de Miguel Herrera de crear un grupo que ayude a solucionar cualquier tipo de anomal\u00edas en los contratos en la Liga MX Por Redacci\u00f3n QP\" \/>\n<meta property=\"og:url\" content=\"https:\/\/quehacerpolitico.mx\/?p=2638\" \/>\n<meta property=\"article:published_time\" content=\"2018-08-17T16:21:33+00:00\" \/>\n<meta name=\"author\" content=\"Redacci\u00f3n QP\" \/>\n<meta name=\"twitter:card\" content=\"summary_large_image\" \/>\n<meta name=\"twitter:label1\" content=\"Escrito por\" \/>\n\t<meta name=\"twitter:data1\" content=\"Redacci\u00f3n QP\" \/>\n\t<meta name=\"twitter:label2\" content=\"Tiempo de lectura\" \/>\n\t<meta name=\"twitter:data2\" content=\"1 minuto\" \/>\n<script type=\"application\/ld+json\" class=\"yoast-schema-graph\">{\"@context\":\"https:\\\/\\\/schema.org\",\"@graph\":[{\"@type\":\"Article\",\"@id\":\"https:\\\/\\\/quehacerpolitico.mx\\\/?p=2638#article\",\"isPartOf\":{\"@id\":\"https:\\\/\\\/quehacerpolitico.mx\\\/?p=2638\"},\"author\":{\"name\":\"Redacci\u00f3n QP\",\"@id\":\"https:\\\/\\\/quehacerpolitico.mx\\\/#\\\/schema\\\/person\\\/496d8ad2d1d3f8036101dca7ee39e585\"},\"headline\":\"David Pati\u00f1o apoya proyecto de asociaci\u00f3n de t\u00e9cnicos\",\"datePublished\":\"2018-08-17T16:21:33+00:00\",\"mainEntityOfPage\":{\"@id\":\"https:\\\/\\\/quehacerpolitico.mx\\\/?p=2638\"},\"wordCount\":215,\"commentCount\":0,\"image\":{\"@id\":\"https:\\\/\\\/quehacerpolitico.mx\\\/?p=2638#primaryimage\"},\"thumbnailUrl\":\"\",\"articleSection\":[\"Deportes\"],\"inLanguage\":\"es\",\"potentialAction\":[{\"@type\":\"CommentAction\",\"name\":\"Comment\",\"target\":[\"https:\\\/\\\/quehacerpolitico.mx\\\/?p=2638#respond\"]}]},{\"@type\":\"WebPage\",\"@id\":\"https:\\\/\\\/quehacerpolitico.mx\\\/?p=2638\",\"url\":\"https:\\\/\\\/quehacerpolitico.mx\\\/?p=2638\",\"name\":\"David Pati\u00f1o apoya proyecto de asociaci\u00f3n de t\u00e9cnicos -\",\"isPartOf\":{\"@id\":\"https:\\\/\\\/quehacerpolitico.mx\\\/#website\"},\"primaryImageOfPage\":{\"@id\":\"https:\\\/\\\/quehacerpolitico.mx\\\/?p=2638#primaryimage\"},\"image\":{\"@id\":\"https:\\\/\\\/quehacerpolitico.mx\\\/?p=2638#primaryimage\"},\"thumbnailUrl\":\"\",\"datePublished\":\"2018-08-17T16:21:33+00:00\",\"author\":{\"@id\":\"https:\\\/\\\/quehacerpolitico.mx\\\/#\\\/schema\\\/person\\\/496d8ad2d1d3f8036101dca7ee39e585\"},\"breadcrumb\":{\"@id\":\"https:\\\/\\\/quehacerpolitico.mx\\\/?p=2638#breadcrumb\"},\"inLanguage\":\"es\",\"potentialAction\":[{\"@type\":\"ReadAction\",\"target\":[\"https:\\\/\\\/quehacerpolitico.mx\\\/?p=2638\"]}]},{\"@type\":\"ImageObject\",\"inLanguage\":\"es\",\"@id\":\"https:\\\/\\\/quehacerpolitico.mx\\\/?p=2638#primaryimage\",\"url\":\"\",\"contentUrl\":\"\"},{\"@type\":\"BreadcrumbList\",\"@id\":\"https:\\\/\\\/quehacerpolitico.mx\\\/?p=2638#breadcrumb\",\"itemListElement\":[{\"@type\":\"ListItem\",\"position\":1,\"name\":\"Inicio\",\"item\":\"https:\\\/\\\/quehacerpolitico.mx\\\/\"},{\"@type\":\"ListItem\",\"position\":2,\"name\":\"David Pati\u00f1o apoya proyecto de asociaci\u00f3n de t\u00e9cnicos\"}]},{\"@type\":\"WebSite\",\"@id\":\"https:\\\/\\\/quehacerpolitico.mx\\\/#website\",\"url\":\"https:\\\/\\\/quehacerpolitico.mx\\\/\",\"name\":\"\",\"description\":\"\",\"potentialAction\":[{\"@type\":\"SearchAction\",\"target\":{\"@type\":\"EntryPoint\",\"urlTemplate\":\"https:\\\/\\\/quehacerpolitico.mx\\\/?s={search_term_string}\"},\"query-input\":{\"@type\":\"PropertyValueSpecification\",\"valueRequired\":true,\"valueName\":\"search_term_string\"}}],\"inLanguage\":\"es\"},{\"@type\":\"Person\",\"@id\":\"https:\\\/\\\/quehacerpolitico.mx\\\/#\\\/schema\\\/person\\\/496d8ad2d1d3f8036101dca7ee39e585\",\"name\":\"Redacci\u00f3n QP\",\"image\":{\"@type\":\"ImageObject\",\"inLanguage\":\"es\",\"@id\":\"https:\\\/\\\/secure.gravatar.com\\\/avatar\\\/c7164ed6fdec453195284ad24a5ae5b6e1eed2b848477fa2a4787ba9adf39a41?s=96&d=mm&r=g\",\"url\":\"https:\\\/\\\/secure.gravatar.com\\\/avatar\\\/c7164ed6fdec453195284ad24a5ae5b6e1eed2b848477fa2a4787ba9adf39a41?s=96&d=mm&r=g\",\"contentUrl\":\"https:\\\/\\\/secure.gravatar.com\\\/avatar\\\/c7164ed6fdec453195284ad24a5ae5b6e1eed2b848477fa2a4787ba9adf39a41?s=96&d=mm&r=g\",\"caption\":\"Redacci\u00f3n QP\"},\"url\":\"https:\\\/\\\/quehacerpolitico.mx\\\/?author=2\"}]}<\/script>\n<!-- \/ Yoast SEO plugin. -->","yoast_head_json":{"title":"David Pati\u00f1o apoya proyecto de asociaci\u00f3n de t\u00e9cnicos -","robots":{"index":"index","follow":"follow","max-snippet":"max-snippet:-1","max-image-preview":"max-image-preview:large","max-video-preview":"max-video-preview:-1"},"canonical":"https:\/\/quehacerpolitico.mx\/?p=2638","og_locale":"es_MX","og_type":"article","og_title":"David Pati\u00f1o apoya proyecto de asociaci\u00f3n de t\u00e9cnicos -","og_description":"El estratega de aprueba la idea de Miguel Herrera de crear un grupo que ayude a solucionar cualquier tipo de anomal\u00edas en los contratos en la Liga MX Por Redacci\u00f3n QP","og_url":"https:\/\/quehacerpolitico.mx\/?p=2638","article_published_time":"2018-08-17T16:21:33+00:00","author":"Redacci\u00f3n QP","twitter_card":"summary_large_image","twitter_misc":{"Escrito por":"Redacci\u00f3n QP","Tiempo de lectura":"1 minuto"},"schema":{"@context":"https:\/\/schema.org","@graph":[{"@type":"Article","@id":"https:\/\/quehacerpolitico.mx\/?p=2638#article","isPartOf":{"@id":"https:\/\/quehacerpolitico.mx\/?p=2638"},"author":{"name":"Redacci\u00f3n QP","@id":"https:\/\/quehacerpolitico.mx\/#\/schema\/person\/496d8ad2d1d3f8036101dca7ee39e585"},"headline":"David Pati\u00f1o apoya proyecto de asociaci\u00f3n de t\u00e9cnicos","datePublished":"2018-08-17T16:21:33+00:00","mainEntityOfPage":{"@id":"https:\/\/quehacerpolitico.mx\/?p=2638"},"wordCount":215,"commentCount":0,"image":{"@id":"https:\/\/quehacerpolitico.mx\/?p=2638#primaryimage"},"thumbnailUrl":"","articleSection":["Deportes"],"inLanguage":"es","potentialAction":[{"@type":"CommentAction","name":"Comment","target":["https:\/\/quehacerpolitico.mx\/?p=2638#respond"]}]},{"@type":"WebPage","@id":"https:\/\/quehacerpolitico.mx\/?p=2638","url":"https:\/\/quehacerpolitico.mx\/?p=2638","name":"David Pati\u00f1o apoya proyecto de asociaci\u00f3n de t\u00e9cnicos -","isPartOf":{"@id":"https:\/\/quehacerpolitico.mx\/#website"},"primaryImageOfPage":{"@id":"https:\/\/quehacerpolitico.mx\/?p=2638#primaryimage"},"image":{"@id":"https:\/\/quehacerpolitico.mx\/?p=2638#primaryimage"},"thumbnailUrl":"","datePublished":"2018-08-17T16:21:33+00:00","author":{"@id":"https:\/\/quehacerpolitico.mx\/#\/schema\/person\/496d8ad2d1d3f8036101dca7ee39e585"},"breadcrumb":{"@id":"https:\/\/quehacerpolitico.mx\/?p=2638#breadcrumb"},"inLanguage":"es","potentialAction":[{"@type":"ReadAction","target":["https:\/\/quehacerpolitico.mx\/?p=2638"]}]},{"@type":"ImageObject","inLanguage":"es","@id":"https:\/\/quehacerpolitico.mx\/?p=2638#primaryimage","url":"","contentUrl":""},{"@type":"BreadcrumbList","@id":"https:\/\/quehacerpolitico.mx\/?p=2638#breadcrumb","itemListElement":[{"@type":"ListItem","position":1,"name":"Inicio","item":"https:\/\/quehacerpolitico.mx\/"},{"@type":"ListItem","position":2,"name":"David Pati\u00f1o apoya proyecto de asociaci\u00f3n de t\u00e9cnicos"}]},{"@type":"WebSite","@id":"https:\/\/quehacerpolitico.mx\/#website","url":"https:\/\/quehacerpolitico.mx\/","name":"","description":"","potentialAction":[{"@type":"SearchAction","target":{"@type":"EntryPoint","urlTemplate":"https:\/\/quehacerpolitico.mx\/?s={search_term_string}"},"query-input":{"@type":"PropertyValueSpecification","valueRequired":true,"valueName":"search_term_string"}}],"inLanguage":"es"},{"@type":"Person","@id":"https:\/\/quehacerpolitico.mx\/#\/schema\/person\/496d8ad2d1d3f8036101dca7ee39e585","name":"Redacci\u00f3n QP","image":{"@type":"ImageObject","inLanguage":"es","@id":"https:\/\/secure.gravatar.com\/avatar\/c7164ed6fdec453195284ad24a5ae5b6e1eed2b848477fa2a4787ba9adf39a41?s=96&d=mm&r=g","url":"https:\/\/secure.gravatar.com\/avatar\/c7164ed6fdec453195284ad24a5ae5b6e1eed2b848477fa2a4787ba9adf39a41?s=96&d=mm&r=g","contentUrl":"https:\/\/secure.gravatar.com\/avatar\/c7164ed6fdec453195284ad24a5ae5b6e1eed2b848477fa2a4787ba9adf39a41?s=96&d=mm&r=g","caption":"Redacci\u00f3n QP"},"url":"https:\/\/quehacerpolitico.mx\/?author=2"}]}},"featured_image_urls":{"full":"","thumbnail":"","medium":"","medium_large":"","large":"","1536x1536":"","2048x2048":"","covernews-featured":"","covernews-medium":""},"author_info":{"display_name":"Redacci\u00f3n QP","author_link":"https:\/\/quehacerpolitico.mx\/?author=2"},"category_info":"<a href=\"https:\/\/quehacerpolitico.mx\/?cat=54\" rel=\"category\">Deportes<\/a>","tag_info":"Deportes","comment_count":"0","_links":{"self":[{"href":"https:\/\/quehacerpolitico.mx\/index.php?rest_route=\/wp\/v2\/posts\/2638","targetHints":{"allow":["GET"]}}],"collection":[{"href":"https:\/\/quehacerpolitico.mx\/index.php?rest_route=\/wp\/v2\/posts"}],"about":[{"href":"https:\/\/quehacerpolitico.mx\/index.php?rest_route=\/wp\/v2\/types\/post"}],"author":[{"embeddable":true,"href":"https:\/\/quehacerpolitico.mx\/index.php?rest_route=\/wp\/v2\/users\/2"}],"replies":[{"embeddable":true,"href":"https:\/\/quehacerpolitico.mx\/index.php?rest_route=%2Fwp%2Fv2%2Fcomments&post=2638"}],"version-history":[{"count":0,"href":"https:\/\/quehacerpolitico.mx\/index.php?rest_route=\/wp\/v2\/posts\/2638\/revisions"}],"wp:featuredmedia":[{"embeddable":true,"href":"https:\/\/quehacerpolitico.mx\/index.php?rest_route=\/"}],"wp:attachment":[{"href":"https:\/\/quehacerpolitico.mx\/index.php?rest_route=%2Fwp%2Fv2%2Fmedia&parent=2638"}],"wp:term":[{"taxonomy":"category","embeddable":true,"href":"https:\/\/quehacerpolitico.mx\/index.php?rest_route=%2Fwp%2Fv2%2Fcategories&post=2638"},{"taxonomy":"post_tag","embeddable":true,"href":"https:\/\/quehacerpolitico.mx\/index.php?rest_route=%2Fwp%2Fv2%2Ftags&post=2638"}],"curies":[{"name":"wp","href":"https:\/\/api.w.org\/{rel}","templated":true}]}}