{"id":2628,"date":"2018-08-17T15:21:05","date_gmt":"2018-08-17T15:21:05","guid":{"rendered":"http:\/\/quehacerpolitico.mx\/las-victimas-de-curas-violadores-de-ninos-hablan-me-eligieron-porque-no-tenia-padre-recuerda-robert-de-81-anos\/"},"modified":"2018-08-17T15:21:05","modified_gmt":"2018-08-17T15:21:05","slug":"las-victimas-de-curas-violadores-de-ninos-hablan-me-eligieron-porque-no-tenia-padre-recuerda-robert-de-81-anos","status":"publish","type":"post","link":"https:\/\/quehacerpolitico.mx\/?p=2628","title":{"rendered":"Las v\u00edctimas de curas violadores de ni\u00f1os hablan: \u201cMe eligieron porque no ten\u00eda padre\u201d, recuerda Robert de 81 a\u00f1os"},"content":{"rendered":"<h3>\u201cTe preparan para que te acostumbres a las manos de un hombre adulto [\u2026] Cuando tienes al sacerdote toc\u00e1ndote todos los d\u00edas, ese es un recuerdo dif\u00edcil de sobrellevar\u201d, denuncia Sean Dougherty, de 48 a\u00f1os de edad, una de las v\u00edctimas de abuso sexual por parte de sacerdotes estadounidenses. El afirma sentirse todav\u00eda hoy \u201cabsolutamente destruido\u201d.<\/h3>\n<h3 class=\"p1\"><span class=\"s1\">M\u00e1s de ni\u00f1os ni\u00f1os fueron v\u00edctimas de abuso sexual por centenares de sacerdotes cat\u00f3licos en seis di\u00f3cesis de Pensilvania, y funcionarios eclesiales tomaron medidas para encubrirlo, concluy\u00f3 esta semana un reporte de autoridades de Estados Unidos.<\/span><\/h3>\n<p class=\"p1\">Son m\u00e1s de mil los casos denunciados de ni\u00f1os que sufrieron durante d\u00e9cadas abusos sexuales en Pensilvania, Estados Unidos, por parte de sacerdotes de la\u00a0Iglesia cat\u00f3lica, pero\u00a0se estima que el n\u00famero de v\u00edctimas es mucho mayor, de acuerdo con la investigaci\u00f3n de autoridades estadounidenses sobre las agresiones sexuales de religiosos.<\/p>\n<p>Robert Corby, de 83 a\u00f1os de edad, finalmente decidi\u00f3 hablar sobre la violencia sexual de la que fue v\u00edctima en su ni\u00f1ez. \u201cMe eligieron porque era hu\u00e9rfano de padre\u201d, se\u00f1ala su testimonio, revelado por la Procuradur\u00eda de Pensilvania, en el que describe los severos da\u00f1os que acarre\u00f3 durante su vida adulta tras la agresi\u00f3n sexual.<\/p>\n<p>\u201cFui muy poco cari\u00f1oso [\u2026] no pod\u00eda cargar o abrazar a mis hijos\u201d, lamenta Corby, que se caracteriza a s\u00ed mismo como un \u201csobreviviente\u201d. \u201cNo pod\u00eda mostrar ning\u00fan afecto hacia mi esposa [\u2026] el sacerdote me lo quit\u00f3\u201d, a\u00f1adi\u00f3.<\/p>\n<blockquote>\n<p>\u201cNo ten\u00eda ning\u00fan deseo de tener hijos, ninguno, por causa de eso\u201d, se\u00f1ala por su parte Sean Dougherty, de 48 a\u00f1os, quien afirma sentirse todav\u00eda hoy \u201cabsolutamente destruido\u201d. \u201cTe preparan para que te acostumbres a las manos de un hombre adulto [\u2026] Cuando tienes al sacerdote toc\u00e1ndote todos los d\u00edas, ese es un recuerdo dif\u00edcil de sobrellevar\u201d, asever\u00f3.<\/p>\n<p>\u201cNos ense\u00f1aron que los sacerdotes y las monjas eran Dios\u201d, a\u00f1ade Dougherty.<\/p>\n<\/blockquote>\n<p>Dougherty lamenta que esa imagen \u201cnunca desaparezca\u201d. \u201cEl primer pensamiento que tienes en tu vida acerca de una erecci\u00f3n es por medio de las manos de un sacerdote [\u2026] Nos llaman sobrevivientes por una raz\u00f3n\u201d, lamenta.<\/p>\n<p>En ello coincide Carolyn Fortney, de 37 a\u00f1os de edad,\u00a0 quien experiment\u00f3 esta violencia desde que ten\u00eda 18 meses de edad. \u201cEstaba en pa\u00f1ales [\u2026] y corr\u00ed directo hacia \u00e9l\u201d, se\u00f1al\u00f3 la v\u00edctima, y precis\u00f3 que desde ese momento el sacerdote \u201csiempre ten\u00eda sus manos sobre m\u00ed\u201d.<\/p>\n<blockquote>\n<p>\u201cS\u00f3lo pensar en la palabra \u2018Dios\u2019 me hace pensar en \u00e9l [\u2026] Siento que toda mi vida ha sido una mentira\u201d, expres\u00f3 Carolyn Fortney. \u201cSientes mucha soledad, especialmente cuando es tu palabra contra la de Dios\u201d, a\u00f1adi\u00f3, y se\u00f1al\u00f3 que hasta el d\u00eda de hoy los abusos no le han permitido sentirse c\u00f3moda en las relaciones sentimentales.<\/p>\n<div class=\"ad_center ad-in-content\">\u201cQue un sacerdote en 1948 o 1947 abusara de uno o hiciera algo m\u00e1s\u2026 \u00bfqui\u00e9n me lo hubiera cre\u00eddo? Nunca se habr\u00eda o\u00eddo hablar de tal cosa, porque lo ocultaron\u201d, conden\u00f3 Corby.<\/div>\n<\/blockquote>\n<blockquote>\n<p>\u201cEsto no es una venganza contra la Iglesia\u201d, aclar\u00f3 Dougherty, \u201c[pero] tienen que rendir cuentas por lo que hicieron\u201d.<\/p>\n<\/blockquote>\n<p class=\"p1\"><span class=\"s1\">Un informe de la\u00a0Fiscal\u00eda General de Pensilvania\u00a0describe los\u00a0abusos\u00a0que alrededor de 300 sacerdotes cometieron contra m\u00e1s de\u00a0mil ni\u00f1os\u00a0en las diferentes di\u00f3cesis de ese estado y contiene relatos detallados de algunos casos.<\/span><\/p>\n<p class=\"p1\"><span class=\"s1\">Ese texto contiene m\u00e1s de mil\u00a0300 p\u00e1ginas\u00a0y se basa en la revisi\u00f3n de medio mill\u00f3n de documentos internos de diferentes\u00a0di\u00f3cesis\u00a0que \u201ccontienen alegaciones cre\u00edbles\u201d contra los\u00a0sacerdotes acusados.<\/span><\/p>\n<p class=\"p1\"><span class=\"s1\">Por ejemplo, un religioso habr\u00eda violado a una ni\u00f1a de siete a\u00f1os cuando la visit\u00f3 en el hospital despu\u00e9s de una operaci\u00f3n de am\u00edgdalas, mientras que otro habr\u00eda obligado a un ni\u00f1o de nueve a\u00f1os a mantener relaciones sexuales de tipo oral y, despu\u00e9s, le habr\u00eda enjuagado la boca con agua bendita.<\/span><\/p>\n<p>Con Informaci\u00f3n de RT<\/p>\n","protected":false},"excerpt":{"rendered":"<p>Las v\u00edctimas de curas violadores de ni\u00f1os hablan: \u201cMe eligieron porque no ten\u00eda padre\u201d, recuerda Robert de 81 a\u00f1os<br \/>\nPor Redacci\u00f3n QP<\/p>\n","protected":false},"author":2,"featured_media":2627,"comment_status":"open","ping_status":"open","sticky":false,"template":"","format":"standard","meta":{"_monsterinsights_skip_tracking":false,"_monsterinsights_sitenote_active":false,"_monsterinsights_sitenote_note":"","_monsterinsights_sitenote_category":0,"footnotes":""},"categories":[2],"tags":[],"class_list":["post-2628","post","type-post","status-publish","format-standard","has-post-thumbnail","hentry","category-noticias"],"yoast_head":"<!-- This site is optimized with the Yoast SEO plugin v27.3 - https:\/\/yoast.com\/product\/yoast-seo-wordpress\/ -->\n<title>Las v\u00edctimas de curas violadores de ni\u00f1os hablan: \u201cMe eligieron porque no ten\u00eda padre\u201d, recuerda Robert de 81 a\u00f1os -<\/title>\n<meta name=\"robots\" content=\"index, follow, max-snippet:-1, max-image-preview:large, max-video-preview:-1\" \/>\n<link rel=\"canonical\" href=\"https:\/\/quehacerpolitico.mx\/?p=2628\" \/>\n<meta property=\"og:locale\" content=\"es_MX\" \/>\n<meta property=\"og:type\" content=\"article\" \/>\n<meta property=\"og:title\" content=\"Las v\u00edctimas de curas violadores de ni\u00f1os hablan: \u201cMe eligieron porque no ten\u00eda padre\u201d, recuerda Robert de 81 a\u00f1os -\" \/>\n<meta property=\"og:description\" content=\"Las v\u00edctimas de curas violadores de ni\u00f1os hablan: \u201cMe eligieron porque no ten\u00eda padre\u201d, recuerda Robert de 81 a\u00f1os Por Redacci\u00f3n QP\" \/>\n<meta property=\"og:url\" content=\"https:\/\/quehacerpolitico.mx\/?p=2628\" \/>\n<meta property=\"article:published_time\" content=\"2018-08-17T15:21:05+00:00\" \/>\n<meta name=\"author\" content=\"Redacci\u00f3n QP\" \/>\n<meta name=\"twitter:card\" content=\"summary_large_image\" \/>\n<meta name=\"twitter:label1\" content=\"Escrito por\" \/>\n\t<meta name=\"twitter:data1\" content=\"Redacci\u00f3n QP\" \/>\n\t<meta name=\"twitter:label2\" content=\"Tiempo de lectura\" \/>\n\t<meta name=\"twitter:data2\" content=\"3 minutos\" \/>\n<script type=\"application\/ld+json\" class=\"yoast-schema-graph\">{\"@context\":\"https:\\\/\\\/schema.org\",\"@graph\":[{\"@type\":\"Article\",\"@id\":\"https:\\\/\\\/quehacerpolitico.mx\\\/?p=2628#article\",\"isPartOf\":{\"@id\":\"https:\\\/\\\/quehacerpolitico.mx\\\/?p=2628\"},\"author\":{\"name\":\"Redacci\u00f3n QP\",\"@id\":\"https:\\\/\\\/quehacerpolitico.mx\\\/#\\\/schema\\\/person\\\/496d8ad2d1d3f8036101dca7ee39e585\"},\"headline\":\"Las v\u00edctimas de curas violadores de ni\u00f1os hablan: \u201cMe eligieron porque no ten\u00eda padre\u201d, recuerda Robert de 81 a\u00f1os\",\"datePublished\":\"2018-08-17T15:21:05+00:00\",\"mainEntityOfPage\":{\"@id\":\"https:\\\/\\\/quehacerpolitico.mx\\\/?p=2628\"},\"wordCount\":710,\"commentCount\":0,\"image\":{\"@id\":\"https:\\\/\\\/quehacerpolitico.mx\\\/?p=2628#primaryimage\"},\"thumbnailUrl\":\"\",\"articleSection\":[\"Noticias\"],\"inLanguage\":\"es\",\"potentialAction\":[{\"@type\":\"CommentAction\",\"name\":\"Comment\",\"target\":[\"https:\\\/\\\/quehacerpolitico.mx\\\/?p=2628#respond\"]}]},{\"@type\":\"WebPage\",\"@id\":\"https:\\\/\\\/quehacerpolitico.mx\\\/?p=2628\",\"url\":\"https:\\\/\\\/quehacerpolitico.mx\\\/?p=2628\",\"name\":\"Las v\u00edctimas de curas violadores de ni\u00f1os hablan: \u201cMe eligieron porque no ten\u00eda padre\u201d, recuerda Robert de 81 a\u00f1os -\",\"isPartOf\":{\"@id\":\"https:\\\/\\\/quehacerpolitico.mx\\\/#website\"},\"primaryImageOfPage\":{\"@id\":\"https:\\\/\\\/quehacerpolitico.mx\\\/?p=2628#primaryimage\"},\"image\":{\"@id\":\"https:\\\/\\\/quehacerpolitico.mx\\\/?p=2628#primaryimage\"},\"thumbnailUrl\":\"\",\"datePublished\":\"2018-08-17T15:21:05+00:00\",\"author\":{\"@id\":\"https:\\\/\\\/quehacerpolitico.mx\\\/#\\\/schema\\\/person\\\/496d8ad2d1d3f8036101dca7ee39e585\"},\"breadcrumb\":{\"@id\":\"https:\\\/\\\/quehacerpolitico.mx\\\/?p=2628#breadcrumb\"},\"inLanguage\":\"es\",\"potentialAction\":[{\"@type\":\"ReadAction\",\"target\":[\"https:\\\/\\\/quehacerpolitico.mx\\\/?p=2628\"]}]},{\"@type\":\"ImageObject\",\"inLanguage\":\"es\",\"@id\":\"https:\\\/\\\/quehacerpolitico.mx\\\/?p=2628#primaryimage\",\"url\":\"\",\"contentUrl\":\"\"},{\"@type\":\"BreadcrumbList\",\"@id\":\"https:\\\/\\\/quehacerpolitico.mx\\\/?p=2628#breadcrumb\",\"itemListElement\":[{\"@type\":\"ListItem\",\"position\":1,\"name\":\"Inicio\",\"item\":\"https:\\\/\\\/quehacerpolitico.mx\\\/\"},{\"@type\":\"ListItem\",\"position\":2,\"name\":\"Las v\u00edctimas de curas violadores de ni\u00f1os hablan: \u201cMe eligieron porque no ten\u00eda padre\u201d, recuerda Robert de 81 a\u00f1os\"}]},{\"@type\":\"WebSite\",\"@id\":\"https:\\\/\\\/quehacerpolitico.mx\\\/#website\",\"url\":\"https:\\\/\\\/quehacerpolitico.mx\\\/\",\"name\":\"\",\"description\":\"\",\"potentialAction\":[{\"@type\":\"SearchAction\",\"target\":{\"@type\":\"EntryPoint\",\"urlTemplate\":\"https:\\\/\\\/quehacerpolitico.mx\\\/?s={search_term_string}\"},\"query-input\":{\"@type\":\"PropertyValueSpecification\",\"valueRequired\":true,\"valueName\":\"search_term_string\"}}],\"inLanguage\":\"es\"},{\"@type\":\"Person\",\"@id\":\"https:\\\/\\\/quehacerpolitico.mx\\\/#\\\/schema\\\/person\\\/496d8ad2d1d3f8036101dca7ee39e585\",\"name\":\"Redacci\u00f3n QP\",\"image\":{\"@type\":\"ImageObject\",\"inLanguage\":\"es\",\"@id\":\"https:\\\/\\\/secure.gravatar.com\\\/avatar\\\/c7164ed6fdec453195284ad24a5ae5b6e1eed2b848477fa2a4787ba9adf39a41?s=96&d=mm&r=g\",\"url\":\"https:\\\/\\\/secure.gravatar.com\\\/avatar\\\/c7164ed6fdec453195284ad24a5ae5b6e1eed2b848477fa2a4787ba9adf39a41?s=96&d=mm&r=g\",\"contentUrl\":\"https:\\\/\\\/secure.gravatar.com\\\/avatar\\\/c7164ed6fdec453195284ad24a5ae5b6e1eed2b848477fa2a4787ba9adf39a41?s=96&d=mm&r=g\",\"caption\":\"Redacci\u00f3n QP\"},\"url\":\"https:\\\/\\\/quehacerpolitico.mx\\\/?author=2\"}]}<\/script>\n<!-- \/ Yoast SEO plugin. -->","yoast_head_json":{"title":"Las v\u00edctimas de curas violadores de ni\u00f1os hablan: \u201cMe eligieron porque no ten\u00eda padre\u201d, recuerda Robert de 81 a\u00f1os -","robots":{"index":"index","follow":"follow","max-snippet":"max-snippet:-1","max-image-preview":"max-image-preview:large","max-video-preview":"max-video-preview:-1"},"canonical":"https:\/\/quehacerpolitico.mx\/?p=2628","og_locale":"es_MX","og_type":"article","og_title":"Las v\u00edctimas de curas violadores de ni\u00f1os hablan: \u201cMe eligieron porque no ten\u00eda padre\u201d, recuerda Robert de 81 a\u00f1os -","og_description":"Las v\u00edctimas de curas violadores de ni\u00f1os hablan: \u201cMe eligieron porque no ten\u00eda padre\u201d, recuerda Robert de 81 a\u00f1os Por Redacci\u00f3n QP","og_url":"https:\/\/quehacerpolitico.mx\/?p=2628","article_published_time":"2018-08-17T15:21:05+00:00","author":"Redacci\u00f3n QP","twitter_card":"summary_large_image","twitter_misc":{"Escrito por":"Redacci\u00f3n QP","Tiempo de lectura":"3 minutos"},"schema":{"@context":"https:\/\/schema.org","@graph":[{"@type":"Article","@id":"https:\/\/quehacerpolitico.mx\/?p=2628#article","isPartOf":{"@id":"https:\/\/quehacerpolitico.mx\/?p=2628"},"author":{"name":"Redacci\u00f3n QP","@id":"https:\/\/quehacerpolitico.mx\/#\/schema\/person\/496d8ad2d1d3f8036101dca7ee39e585"},"headline":"Las v\u00edctimas de curas violadores de ni\u00f1os hablan: \u201cMe eligieron porque no ten\u00eda padre\u201d, recuerda Robert de 81 a\u00f1os","datePublished":"2018-08-17T15:21:05+00:00","mainEntityOfPage":{"@id":"https:\/\/quehacerpolitico.mx\/?p=2628"},"wordCount":710,"commentCount":0,"image":{"@id":"https:\/\/quehacerpolitico.mx\/?p=2628#primaryimage"},"thumbnailUrl":"","articleSection":["Noticias"],"inLanguage":"es","potentialAction":[{"@type":"CommentAction","name":"Comment","target":["https:\/\/quehacerpolitico.mx\/?p=2628#respond"]}]},{"@type":"WebPage","@id":"https:\/\/quehacerpolitico.mx\/?p=2628","url":"https:\/\/quehacerpolitico.mx\/?p=2628","name":"Las v\u00edctimas de curas violadores de ni\u00f1os hablan: \u201cMe eligieron porque no ten\u00eda padre\u201d, recuerda Robert de 81 a\u00f1os -","isPartOf":{"@id":"https:\/\/quehacerpolitico.mx\/#website"},"primaryImageOfPage":{"@id":"https:\/\/quehacerpolitico.mx\/?p=2628#primaryimage"},"image":{"@id":"https:\/\/quehacerpolitico.mx\/?p=2628#primaryimage"},"thumbnailUrl":"","datePublished":"2018-08-17T15:21:05+00:00","author":{"@id":"https:\/\/quehacerpolitico.mx\/#\/schema\/person\/496d8ad2d1d3f8036101dca7ee39e585"},"breadcrumb":{"@id":"https:\/\/quehacerpolitico.mx\/?p=2628#breadcrumb"},"inLanguage":"es","potentialAction":[{"@type":"ReadAction","target":["https:\/\/quehacerpolitico.mx\/?p=2628"]}]},{"@type":"ImageObject","inLanguage":"es","@id":"https:\/\/quehacerpolitico.mx\/?p=2628#primaryimage","url":"","contentUrl":""},{"@type":"BreadcrumbList","@id":"https:\/\/quehacerpolitico.mx\/?p=2628#breadcrumb","itemListElement":[{"@type":"ListItem","position":1,"name":"Inicio","item":"https:\/\/quehacerpolitico.mx\/"},{"@type":"ListItem","position":2,"name":"Las v\u00edctimas de curas violadores de ni\u00f1os hablan: \u201cMe eligieron porque no ten\u00eda padre\u201d, recuerda Robert de 81 a\u00f1os"}]},{"@type":"WebSite","@id":"https:\/\/quehacerpolitico.mx\/#website","url":"https:\/\/quehacerpolitico.mx\/","name":"","description":"","potentialAction":[{"@type":"SearchAction","target":{"@type":"EntryPoint","urlTemplate":"https:\/\/quehacerpolitico.mx\/?s={search_term_string}"},"query-input":{"@type":"PropertyValueSpecification","valueRequired":true,"valueName":"search_term_string"}}],"inLanguage":"es"},{"@type":"Person","@id":"https:\/\/quehacerpolitico.mx\/#\/schema\/person\/496d8ad2d1d3f8036101dca7ee39e585","name":"Redacci\u00f3n QP","image":{"@type":"ImageObject","inLanguage":"es","@id":"https:\/\/secure.gravatar.com\/avatar\/c7164ed6fdec453195284ad24a5ae5b6e1eed2b848477fa2a4787ba9adf39a41?s=96&d=mm&r=g","url":"https:\/\/secure.gravatar.com\/avatar\/c7164ed6fdec453195284ad24a5ae5b6e1eed2b848477fa2a4787ba9adf39a41?s=96&d=mm&r=g","contentUrl":"https:\/\/secure.gravatar.com\/avatar\/c7164ed6fdec453195284ad24a5ae5b6e1eed2b848477fa2a4787ba9adf39a41?s=96&d=mm&r=g","caption":"Redacci\u00f3n QP"},"url":"https:\/\/quehacerpolitico.mx\/?author=2"}]}},"featured_image_urls":{"full":"","thumbnail":"","medium":"","medium_large":"","large":"","1536x1536":"","2048x2048":"","covernews-featured":"","covernews-medium":""},"author_info":{"display_name":"Redacci\u00f3n QP","author_link":"https:\/\/quehacerpolitico.mx\/?author=2"},"category_info":"<a href=\"https:\/\/quehacerpolitico.mx\/?cat=2\" rel=\"category\">Noticias<\/a>","tag_info":"Noticias","comment_count":"0","_links":{"self":[{"href":"https:\/\/quehacerpolitico.mx\/index.php?rest_route=\/wp\/v2\/posts\/2628","targetHints":{"allow":["GET"]}}],"collection":[{"href":"https:\/\/quehacerpolitico.mx\/index.php?rest_route=\/wp\/v2\/posts"}],"about":[{"href":"https:\/\/quehacerpolitico.mx\/index.php?rest_route=\/wp\/v2\/types\/post"}],"author":[{"embeddable":true,"href":"https:\/\/quehacerpolitico.mx\/index.php?rest_route=\/wp\/v2\/users\/2"}],"replies":[{"embeddable":true,"href":"https:\/\/quehacerpolitico.mx\/index.php?rest_route=%2Fwp%2Fv2%2Fcomments&post=2628"}],"version-history":[{"count":0,"href":"https:\/\/quehacerpolitico.mx\/index.php?rest_route=\/wp\/v2\/posts\/2628\/revisions"}],"wp:featuredmedia":[{"embeddable":true,"href":"https:\/\/quehacerpolitico.mx\/index.php?rest_route=\/"}],"wp:attachment":[{"href":"https:\/\/quehacerpolitico.mx\/index.php?rest_route=%2Fwp%2Fv2%2Fmedia&parent=2628"}],"wp:term":[{"taxonomy":"category","embeddable":true,"href":"https:\/\/quehacerpolitico.mx\/index.php?rest_route=%2Fwp%2Fv2%2Fcategories&post=2628"},{"taxonomy":"post_tag","embeddable":true,"href":"https:\/\/quehacerpolitico.mx\/index.php?rest_route=%2Fwp%2Fv2%2Ftags&post=2628"}],"curies":[{"name":"wp","href":"https:\/\/api.w.org\/{rel}","templated":true}]}}