{"id":2626,"date":"2018-08-17T15:02:10","date_gmt":"2018-08-17T15:02:10","guid":{"rendered":"http:\/\/quehacerpolitico.mx\/video-campeon-de-jiujitsu-somete-a-ladron-y-frustra-asalto-en-una-farmacia-de-puebla\/"},"modified":"2018-08-17T15:02:10","modified_gmt":"2018-08-17T15:02:10","slug":"video-campeon-de-jiujitsu-somete-a-ladron-y-frustra-asalto-en-una-farmacia-de-puebla","status":"publish","type":"post","link":"https:\/\/quehacerpolitico.mx\/?p=2626","title":{"rendered":"VIDEO: Campe\u00f3n de Jiujitsu somete a ladr\u00f3n y frustra asalto en una farmacia de Puebla"},"content":{"rendered":"<h3>El ladr\u00f3n de una farmacia fue inmovilizado por Alessandro Costa, un profesor brasile\u00f1o de Jiujitsu y campe\u00f3n de artes marciales mixtas, quien con una patada tir\u00f3 al sujeto y luego lo sujet\u00f3 hasta que lleg\u00f3 un polic\u00eda.<\/h3>\n<p>Con una llave conocida como \u201cmatale\u00f3n\u201d, el campe\u00f3n de artes marciales mixtas y profesor de Jiujitsu<strong>Alessandro Costa<\/strong>, <strong>inmoviliz\u00f3<\/strong> a un presunto<strong>asaltante<\/strong> y<strong> frustr\u00f3<\/strong> el atraco a una farmacia en Puebla.<\/p>\n<p>Los hechos ocurrieron la tarde de este jueves en la zona de Agua Azul, cerca del sitio donde Alessandro Costa entrena y da clases. Costa, de origen brasile\u00f1o y de 24 a\u00f1os de edad, es cinta negra en Jiujitsu.<\/p>\n<p>Seg\u00fan relataron amigos del profesor, el ladr\u00f3n se encontraba robando en una farmacia cuando se enfrent\u00f3 a Alessandro, quien con una patada lo tir\u00f3 y lo inmoviliz\u00f3 por la espalda.<\/p>\n<p>Despu\u00e9s, le aplic\u00f3 una llave llamada \u201cmatale\u00f3n\u201d que permite dejar fuera de combate al oponente y es de las m\u00e1s utilizadas como t\u00e1ctica de defensa personas.<\/p>\n<p>La forma en que el ladr\u00f3n fue inmovilizado fue captada en video. En las im\u00e1genes, que ya fueron compartidas por los amigos de Alessandro a trav\u00e9s de Facebook, puede verse c\u00f3mo el profesor mantiene enganchado al presunto ladr\u00f3n mientras un polic\u00eda privado lo mira at\u00f3nito.<\/p>\n<p>https:\/\/www.facebook.com\/PasandoGuardia\/videos\/246769645945753\/<\/p>\n<p>Con Informaci\u00f3n de Peri\u00f3dico Central<\/p>\n","protected":false},"excerpt":{"rendered":"<p>VIDEO: Campe\u00f3n de Jiujitsu somete a ladr\u00f3n y frustra asalto en una farmacia de Puebla<br \/>\nPor Redacci\u00f3n QP<\/p>\n","protected":false},"author":2,"featured_media":2625,"comment_status":"open","ping_status":"open","sticky":false,"template":"","format":"standard","meta":{"_monsterinsights_skip_tracking":false,"_monsterinsights_sitenote_active":false,"_monsterinsights_sitenote_note":"","_monsterinsights_sitenote_category":0,"footnotes":""},"categories":[2],"tags":[],"class_list":["post-2626","post","type-post","status-publish","format-standard","has-post-thumbnail","hentry","category-noticias"],"yoast_head":"<!-- This site is optimized with the Yoast SEO plugin v27.3 - https:\/\/yoast.com\/product\/yoast-seo-wordpress\/ -->\n<title>VIDEO: Campe\u00f3n de Jiujitsu somete a ladr\u00f3n y frustra asalto en una farmacia de Puebla -<\/title>\n<meta name=\"robots\" content=\"index, follow, max-snippet:-1, max-image-preview:large, max-video-preview:-1\" \/>\n<link rel=\"canonical\" href=\"https:\/\/quehacerpolitico.mx\/?p=2626\" \/>\n<meta property=\"og:locale\" content=\"es_MX\" \/>\n<meta property=\"og:type\" content=\"article\" \/>\n<meta property=\"og:title\" content=\"VIDEO: Campe\u00f3n de Jiujitsu somete a ladr\u00f3n y frustra asalto en una farmacia de Puebla -\" \/>\n<meta property=\"og:description\" content=\"VIDEO: Campe\u00f3n de Jiujitsu somete a ladr\u00f3n y frustra asalto en una farmacia de Puebla Por Redacci\u00f3n QP\" \/>\n<meta property=\"og:url\" content=\"https:\/\/quehacerpolitico.mx\/?p=2626\" \/>\n<meta property=\"article:published_time\" content=\"2018-08-17T15:02:10+00:00\" \/>\n<meta name=\"author\" content=\"Redacci\u00f3n QP\" \/>\n<meta name=\"twitter:card\" content=\"summary_large_image\" \/>\n<meta name=\"twitter:label1\" content=\"Escrito por\" \/>\n\t<meta name=\"twitter:data1\" content=\"Redacci\u00f3n QP\" \/>\n\t<meta name=\"twitter:label2\" content=\"Tiempo de lectura\" \/>\n\t<meta name=\"twitter:data2\" content=\"1 minuto\" \/>\n<script type=\"application\/ld+json\" class=\"yoast-schema-graph\">{\"@context\":\"https:\\\/\\\/schema.org\",\"@graph\":[{\"@type\":\"Article\",\"@id\":\"https:\\\/\\\/quehacerpolitico.mx\\\/?p=2626#article\",\"isPartOf\":{\"@id\":\"https:\\\/\\\/quehacerpolitico.mx\\\/?p=2626\"},\"author\":{\"name\":\"Redacci\u00f3n QP\",\"@id\":\"https:\\\/\\\/quehacerpolitico.mx\\\/#\\\/schema\\\/person\\\/496d8ad2d1d3f8036101dca7ee39e585\"},\"headline\":\"VIDEO: Campe\u00f3n de Jiujitsu somete a ladr\u00f3n y frustra asalto en una farmacia de Puebla\",\"datePublished\":\"2018-08-17T15:02:10+00:00\",\"mainEntityOfPage\":{\"@id\":\"https:\\\/\\\/quehacerpolitico.mx\\\/?p=2626\"},\"wordCount\":257,\"commentCount\":0,\"image\":{\"@id\":\"https:\\\/\\\/quehacerpolitico.mx\\\/?p=2626#primaryimage\"},\"thumbnailUrl\":\"\",\"articleSection\":[\"Noticias\"],\"inLanguage\":\"es\",\"potentialAction\":[{\"@type\":\"CommentAction\",\"name\":\"Comment\",\"target\":[\"https:\\\/\\\/quehacerpolitico.mx\\\/?p=2626#respond\"]}]},{\"@type\":\"WebPage\",\"@id\":\"https:\\\/\\\/quehacerpolitico.mx\\\/?p=2626\",\"url\":\"https:\\\/\\\/quehacerpolitico.mx\\\/?p=2626\",\"name\":\"VIDEO: Campe\u00f3n de Jiujitsu somete a ladr\u00f3n y frustra asalto en una farmacia de Puebla -\",\"isPartOf\":{\"@id\":\"https:\\\/\\\/quehacerpolitico.mx\\\/#website\"},\"primaryImageOfPage\":{\"@id\":\"https:\\\/\\\/quehacerpolitico.mx\\\/?p=2626#primaryimage\"},\"image\":{\"@id\":\"https:\\\/\\\/quehacerpolitico.mx\\\/?p=2626#primaryimage\"},\"thumbnailUrl\":\"\",\"datePublished\":\"2018-08-17T15:02:10+00:00\",\"author\":{\"@id\":\"https:\\\/\\\/quehacerpolitico.mx\\\/#\\\/schema\\\/person\\\/496d8ad2d1d3f8036101dca7ee39e585\"},\"breadcrumb\":{\"@id\":\"https:\\\/\\\/quehacerpolitico.mx\\\/?p=2626#breadcrumb\"},\"inLanguage\":\"es\",\"potentialAction\":[{\"@type\":\"ReadAction\",\"target\":[\"https:\\\/\\\/quehacerpolitico.mx\\\/?p=2626\"]}]},{\"@type\":\"ImageObject\",\"inLanguage\":\"es\",\"@id\":\"https:\\\/\\\/quehacerpolitico.mx\\\/?p=2626#primaryimage\",\"url\":\"\",\"contentUrl\":\"\"},{\"@type\":\"BreadcrumbList\",\"@id\":\"https:\\\/\\\/quehacerpolitico.mx\\\/?p=2626#breadcrumb\",\"itemListElement\":[{\"@type\":\"ListItem\",\"position\":1,\"name\":\"Inicio\",\"item\":\"https:\\\/\\\/quehacerpolitico.mx\\\/\"},{\"@type\":\"ListItem\",\"position\":2,\"name\":\"VIDEO: Campe\u00f3n de Jiujitsu somete a ladr\u00f3n y frustra asalto en una farmacia de Puebla\"}]},{\"@type\":\"WebSite\",\"@id\":\"https:\\\/\\\/quehacerpolitico.mx\\\/#website\",\"url\":\"https:\\\/\\\/quehacerpolitico.mx\\\/\",\"name\":\"\",\"description\":\"\",\"potentialAction\":[{\"@type\":\"SearchAction\",\"target\":{\"@type\":\"EntryPoint\",\"urlTemplate\":\"https:\\\/\\\/quehacerpolitico.mx\\\/?s={search_term_string}\"},\"query-input\":{\"@type\":\"PropertyValueSpecification\",\"valueRequired\":true,\"valueName\":\"search_term_string\"}}],\"inLanguage\":\"es\"},{\"@type\":\"Person\",\"@id\":\"https:\\\/\\\/quehacerpolitico.mx\\\/#\\\/schema\\\/person\\\/496d8ad2d1d3f8036101dca7ee39e585\",\"name\":\"Redacci\u00f3n QP\",\"image\":{\"@type\":\"ImageObject\",\"inLanguage\":\"es\",\"@id\":\"https:\\\/\\\/secure.gravatar.com\\\/avatar\\\/c7164ed6fdec453195284ad24a5ae5b6e1eed2b848477fa2a4787ba9adf39a41?s=96&d=mm&r=g\",\"url\":\"https:\\\/\\\/secure.gravatar.com\\\/avatar\\\/c7164ed6fdec453195284ad24a5ae5b6e1eed2b848477fa2a4787ba9adf39a41?s=96&d=mm&r=g\",\"contentUrl\":\"https:\\\/\\\/secure.gravatar.com\\\/avatar\\\/c7164ed6fdec453195284ad24a5ae5b6e1eed2b848477fa2a4787ba9adf39a41?s=96&d=mm&r=g\",\"caption\":\"Redacci\u00f3n QP\"},\"url\":\"https:\\\/\\\/quehacerpolitico.mx\\\/?author=2\"}]}<\/script>\n<!-- \/ Yoast SEO plugin. -->","yoast_head_json":{"title":"VIDEO: Campe\u00f3n de Jiujitsu somete a ladr\u00f3n y frustra asalto en una farmacia de Puebla -","robots":{"index":"index","follow":"follow","max-snippet":"max-snippet:-1","max-image-preview":"max-image-preview:large","max-video-preview":"max-video-preview:-1"},"canonical":"https:\/\/quehacerpolitico.mx\/?p=2626","og_locale":"es_MX","og_type":"article","og_title":"VIDEO: Campe\u00f3n de Jiujitsu somete a ladr\u00f3n y frustra asalto en una farmacia de Puebla -","og_description":"VIDEO: Campe\u00f3n de Jiujitsu somete a ladr\u00f3n y frustra asalto en una farmacia de Puebla Por Redacci\u00f3n QP","og_url":"https:\/\/quehacerpolitico.mx\/?p=2626","article_published_time":"2018-08-17T15:02:10+00:00","author":"Redacci\u00f3n QP","twitter_card":"summary_large_image","twitter_misc":{"Escrito por":"Redacci\u00f3n QP","Tiempo de lectura":"1 minuto"},"schema":{"@context":"https:\/\/schema.org","@graph":[{"@type":"Article","@id":"https:\/\/quehacerpolitico.mx\/?p=2626#article","isPartOf":{"@id":"https:\/\/quehacerpolitico.mx\/?p=2626"},"author":{"name":"Redacci\u00f3n QP","@id":"https:\/\/quehacerpolitico.mx\/#\/schema\/person\/496d8ad2d1d3f8036101dca7ee39e585"},"headline":"VIDEO: Campe\u00f3n de Jiujitsu somete a ladr\u00f3n y frustra asalto en una farmacia de Puebla","datePublished":"2018-08-17T15:02:10+00:00","mainEntityOfPage":{"@id":"https:\/\/quehacerpolitico.mx\/?p=2626"},"wordCount":257,"commentCount":0,"image":{"@id":"https:\/\/quehacerpolitico.mx\/?p=2626#primaryimage"},"thumbnailUrl":"","articleSection":["Noticias"],"inLanguage":"es","potentialAction":[{"@type":"CommentAction","name":"Comment","target":["https:\/\/quehacerpolitico.mx\/?p=2626#respond"]}]},{"@type":"WebPage","@id":"https:\/\/quehacerpolitico.mx\/?p=2626","url":"https:\/\/quehacerpolitico.mx\/?p=2626","name":"VIDEO: Campe\u00f3n de Jiujitsu somete a ladr\u00f3n y frustra asalto en una farmacia de Puebla -","isPartOf":{"@id":"https:\/\/quehacerpolitico.mx\/#website"},"primaryImageOfPage":{"@id":"https:\/\/quehacerpolitico.mx\/?p=2626#primaryimage"},"image":{"@id":"https:\/\/quehacerpolitico.mx\/?p=2626#primaryimage"},"thumbnailUrl":"","datePublished":"2018-08-17T15:02:10+00:00","author":{"@id":"https:\/\/quehacerpolitico.mx\/#\/schema\/person\/496d8ad2d1d3f8036101dca7ee39e585"},"breadcrumb":{"@id":"https:\/\/quehacerpolitico.mx\/?p=2626#breadcrumb"},"inLanguage":"es","potentialAction":[{"@type":"ReadAction","target":["https:\/\/quehacerpolitico.mx\/?p=2626"]}]},{"@type":"ImageObject","inLanguage":"es","@id":"https:\/\/quehacerpolitico.mx\/?p=2626#primaryimage","url":"","contentUrl":""},{"@type":"BreadcrumbList","@id":"https:\/\/quehacerpolitico.mx\/?p=2626#breadcrumb","itemListElement":[{"@type":"ListItem","position":1,"name":"Inicio","item":"https:\/\/quehacerpolitico.mx\/"},{"@type":"ListItem","position":2,"name":"VIDEO: Campe\u00f3n de Jiujitsu somete a ladr\u00f3n y frustra asalto en una farmacia de Puebla"}]},{"@type":"WebSite","@id":"https:\/\/quehacerpolitico.mx\/#website","url":"https:\/\/quehacerpolitico.mx\/","name":"","description":"","potentialAction":[{"@type":"SearchAction","target":{"@type":"EntryPoint","urlTemplate":"https:\/\/quehacerpolitico.mx\/?s={search_term_string}"},"query-input":{"@type":"PropertyValueSpecification","valueRequired":true,"valueName":"search_term_string"}}],"inLanguage":"es"},{"@type":"Person","@id":"https:\/\/quehacerpolitico.mx\/#\/schema\/person\/496d8ad2d1d3f8036101dca7ee39e585","name":"Redacci\u00f3n QP","image":{"@type":"ImageObject","inLanguage":"es","@id":"https:\/\/secure.gravatar.com\/avatar\/c7164ed6fdec453195284ad24a5ae5b6e1eed2b848477fa2a4787ba9adf39a41?s=96&d=mm&r=g","url":"https:\/\/secure.gravatar.com\/avatar\/c7164ed6fdec453195284ad24a5ae5b6e1eed2b848477fa2a4787ba9adf39a41?s=96&d=mm&r=g","contentUrl":"https:\/\/secure.gravatar.com\/avatar\/c7164ed6fdec453195284ad24a5ae5b6e1eed2b848477fa2a4787ba9adf39a41?s=96&d=mm&r=g","caption":"Redacci\u00f3n QP"},"url":"https:\/\/quehacerpolitico.mx\/?author=2"}]}},"featured_image_urls":{"full":"","thumbnail":"","medium":"","medium_large":"","large":"","1536x1536":"","2048x2048":"","covernews-featured":"","covernews-medium":""},"author_info":{"display_name":"Redacci\u00f3n QP","author_link":"https:\/\/quehacerpolitico.mx\/?author=2"},"category_info":"<a href=\"https:\/\/quehacerpolitico.mx\/?cat=2\" rel=\"category\">Noticias<\/a>","tag_info":"Noticias","comment_count":"0","_links":{"self":[{"href":"https:\/\/quehacerpolitico.mx\/index.php?rest_route=\/wp\/v2\/posts\/2626","targetHints":{"allow":["GET"]}}],"collection":[{"href":"https:\/\/quehacerpolitico.mx\/index.php?rest_route=\/wp\/v2\/posts"}],"about":[{"href":"https:\/\/quehacerpolitico.mx\/index.php?rest_route=\/wp\/v2\/types\/post"}],"author":[{"embeddable":true,"href":"https:\/\/quehacerpolitico.mx\/index.php?rest_route=\/wp\/v2\/users\/2"}],"replies":[{"embeddable":true,"href":"https:\/\/quehacerpolitico.mx\/index.php?rest_route=%2Fwp%2Fv2%2Fcomments&post=2626"}],"version-history":[{"count":0,"href":"https:\/\/quehacerpolitico.mx\/index.php?rest_route=\/wp\/v2\/posts\/2626\/revisions"}],"wp:featuredmedia":[{"embeddable":true,"href":"https:\/\/quehacerpolitico.mx\/index.php?rest_route=\/"}],"wp:attachment":[{"href":"https:\/\/quehacerpolitico.mx\/index.php?rest_route=%2Fwp%2Fv2%2Fmedia&parent=2626"}],"wp:term":[{"taxonomy":"category","embeddable":true,"href":"https:\/\/quehacerpolitico.mx\/index.php?rest_route=%2Fwp%2Fv2%2Fcategories&post=2626"},{"taxonomy":"post_tag","embeddable":true,"href":"https:\/\/quehacerpolitico.mx\/index.php?rest_route=%2Fwp%2Fv2%2Ftags&post=2626"}],"curies":[{"name":"wp","href":"https:\/\/api.w.org\/{rel}","templated":true}]}}