{"id":2624,"date":"2018-08-17T14:56:14","date_gmt":"2018-08-17T14:56:14","guid":{"rendered":"http:\/\/quehacerpolitico.mx\/el-cartel-jalisco-es-el-unico-que-opera-en-mexico-asegura-alberto-elias-beltran-los-demas-son-celulas\/"},"modified":"2018-08-17T14:56:14","modified_gmt":"2018-08-17T14:56:14","slug":"el-cartel-jalisco-es-el-unico-que-opera-en-mexico-asegura-alberto-elias-beltran-los-demas-son-celulas","status":"publish","type":"post","link":"https:\/\/quehacerpolitico.mx\/?p=2624","title":{"rendered":"El C\u00e1rtel Jalisco es el \u00fanico que opera en M\u00e9xico, asegura Alberto El\u00edas Beltr\u00e1n; \u201clos dem\u00e1s son c\u00e9lulas\u201d"},"content":{"rendered":"<h3>Alberto El\u00edas Beltr\u00e1n detall\u00f3 que est\u00e1n en el momento m\u00e1s agudo de la lucha contra esta organizaci\u00f3n criminal.<\/h3>\n<h3>El pasado 14 de agosto,\u00a0Autoridades de M\u00e9xico y Estados Unidos elevaron simult\u00e1neamente el monto de la recompensa a quien ofrezca informaci\u00f3n que lleve a la captura de Nemesio Oceguera Cervantes, alias \u201cEl Mencho\u201c, l\u00edder del C\u00e1rtel de Jalisco.<\/h3>\n<p>El subprocurador de la Procuradur\u00eda General de la Rep\u00fablica (PGR), Alberto El\u00edas Beltr\u00e1n, destac\u00f3 que el <strong>C\u00e1rtel Jalisco Nueva Generaci\u00f3n<\/strong> (CJNG) es el \u00fanico que opera en M\u00e9xico y es el \u00fanico que genera tanta violencia.<\/p>\n<blockquote>\n<p>En entrevista con Ciro G\u00f3mez Leyva, en <em>Radio F\u00f3rmula<\/em>, el encargado de la PGR, dijo que \u201cen estos momento el <strong>C\u00e1rtel Jalisco<\/strong> es el \u00fanico c\u00e1rtel que est\u00e1 operando en M\u00e9xico, los dem\u00e1s son c\u00e9lulas\u201d.<\/p>\n<\/blockquote>\n<p>\u201cEl C\u00e1rtel Jalisco Nueva Generaci\u00f3n es la <strong>\u00fanica organizaci\u00f3n con tanta presencia<\/strong> y que genera tanta violencia\u201d, a\u00f1adi\u00f3.<\/p>\n<p>Alberto El\u00edas Beltr\u00e1n asegur\u00f3 que est\u00e1n en el momento m\u00e1s agudo de la lucha contra esta organizaci\u00f3n criminal.<\/p>\n<blockquote>\n<p>\u201cEstamos en el momento m\u00e1s agudo de la lucha contra el C\u00e1rtel Jalisco Nueva Generaci\u00f3n. Es muy importante la captura de Nemesio Oseguera \u2018El Mencho\u2019\u201d, destac\u00f3.<\/p>\n<\/blockquote>\n<p>El pasado 14 de agosto,\u00a0Autoridades de M\u00e9xico y Estados Unidos elevaron simult\u00e1neamente el monto de la recompensa a quien ofrezca informaci\u00f3n que lleve a la captura de Nemesio Oceguera Cervantes, alias \u201cEl Mencho\u201c, l\u00edder del C\u00e1rtel de Jalisco.<\/p>\n<p>El gobierno Mexicano ofrecer\u00e1 la suma de 30 millones de pesos, mientras que el gobierno estadounidense plantea una recompensa superior a los 5 millones de d\u00f3lares.<\/p>\n<p>Se trata de la segunda recompensa m\u00e1s alta que ha ofrecido el gobierno de M\u00e9xico a trav\u00e9s de a PGR, s\u00f3lo detr\u00e1s de los 60 millones de pesos que en 2015 se ofrecieron por el Joaqu\u00edn \u201cEl Chapo\u201d Guzm\u00e1n Loera, l\u00edder del C\u00e1rtel de Sinaloa, actualmente preso en EU.<\/p>\n<p>El incremento en la suma se debe a una nueva orden aprehensi\u00f3n en contra del capo, por los delitos de secuestro y homicidio de dos elementos de la Agencia de Investigaci\u00f3n Criminal (AIC).<\/p>\n","protected":false},"excerpt":{"rendered":"<p>El C\u00e1rtel Jalisco es el \u00fanico que opera en M\u00e9xico, asegura Alberto El\u00edas Beltr\u00e1n; \u201clos dem\u00e1s son c\u00e9lulas\u201d<br \/>\nPor Redacci\u00f3n QP<\/p>\n","protected":false},"author":2,"featured_media":2623,"comment_status":"open","ping_status":"open","sticky":false,"template":"","format":"standard","meta":{"_monsterinsights_skip_tracking":false,"_monsterinsights_sitenote_active":false,"_monsterinsights_sitenote_note":"","_monsterinsights_sitenote_category":0,"footnotes":""},"categories":[2],"tags":[],"class_list":["post-2624","post","type-post","status-publish","format-standard","has-post-thumbnail","hentry","category-noticias"],"yoast_head":"<!-- This site is optimized with the Yoast SEO plugin v27.3 - https:\/\/yoast.com\/product\/yoast-seo-wordpress\/ -->\n<title>El C\u00e1rtel Jalisco es el \u00fanico que opera en M\u00e9xico, asegura Alberto El\u00edas Beltr\u00e1n; \u201clos dem\u00e1s son c\u00e9lulas\u201d -<\/title>\n<meta name=\"robots\" content=\"index, follow, max-snippet:-1, max-image-preview:large, max-video-preview:-1\" \/>\n<link rel=\"canonical\" href=\"https:\/\/quehacerpolitico.mx\/?p=2624\" \/>\n<meta property=\"og:locale\" content=\"es_MX\" \/>\n<meta property=\"og:type\" content=\"article\" \/>\n<meta property=\"og:title\" content=\"El C\u00e1rtel Jalisco es el \u00fanico que opera en M\u00e9xico, asegura Alberto El\u00edas Beltr\u00e1n; \u201clos dem\u00e1s son c\u00e9lulas\u201d -\" \/>\n<meta property=\"og:description\" content=\"El C\u00e1rtel Jalisco es el \u00fanico que opera en M\u00e9xico, asegura Alberto El\u00edas Beltr\u00e1n; \u201clos dem\u00e1s son c\u00e9lulas\u201d Por Redacci\u00f3n QP\" \/>\n<meta property=\"og:url\" content=\"https:\/\/quehacerpolitico.mx\/?p=2624\" \/>\n<meta property=\"article:published_time\" content=\"2018-08-17T14:56:14+00:00\" \/>\n<meta name=\"author\" content=\"Redacci\u00f3n QP\" \/>\n<meta name=\"twitter:card\" content=\"summary_large_image\" \/>\n<meta name=\"twitter:label1\" content=\"Escrito por\" \/>\n\t<meta name=\"twitter:data1\" content=\"Redacci\u00f3n QP\" \/>\n\t<meta name=\"twitter:label2\" content=\"Tiempo de lectura\" \/>\n\t<meta name=\"twitter:data2\" content=\"2 minutos\" \/>\n<script type=\"application\/ld+json\" class=\"yoast-schema-graph\">{\"@context\":\"https:\\\/\\\/schema.org\",\"@graph\":[{\"@type\":\"Article\",\"@id\":\"https:\\\/\\\/quehacerpolitico.mx\\\/?p=2624#article\",\"isPartOf\":{\"@id\":\"https:\\\/\\\/quehacerpolitico.mx\\\/?p=2624\"},\"author\":{\"name\":\"Redacci\u00f3n QP\",\"@id\":\"https:\\\/\\\/quehacerpolitico.mx\\\/#\\\/schema\\\/person\\\/496d8ad2d1d3f8036101dca7ee39e585\"},\"headline\":\"El C\u00e1rtel Jalisco es el \u00fanico que opera en M\u00e9xico, asegura Alberto El\u00edas Beltr\u00e1n; \u201clos dem\u00e1s son c\u00e9lulas\u201d\",\"datePublished\":\"2018-08-17T14:56:14+00:00\",\"mainEntityOfPage\":{\"@id\":\"https:\\\/\\\/quehacerpolitico.mx\\\/?p=2624\"},\"wordCount\":408,\"commentCount\":0,\"image\":{\"@id\":\"https:\\\/\\\/quehacerpolitico.mx\\\/?p=2624#primaryimage\"},\"thumbnailUrl\":\"\",\"articleSection\":[\"Noticias\"],\"inLanguage\":\"es\",\"potentialAction\":[{\"@type\":\"CommentAction\",\"name\":\"Comment\",\"target\":[\"https:\\\/\\\/quehacerpolitico.mx\\\/?p=2624#respond\"]}]},{\"@type\":\"WebPage\",\"@id\":\"https:\\\/\\\/quehacerpolitico.mx\\\/?p=2624\",\"url\":\"https:\\\/\\\/quehacerpolitico.mx\\\/?p=2624\",\"name\":\"El C\u00e1rtel Jalisco es el \u00fanico que opera en M\u00e9xico, asegura Alberto El\u00edas Beltr\u00e1n; \u201clos dem\u00e1s son c\u00e9lulas\u201d -\",\"isPartOf\":{\"@id\":\"https:\\\/\\\/quehacerpolitico.mx\\\/#website\"},\"primaryImageOfPage\":{\"@id\":\"https:\\\/\\\/quehacerpolitico.mx\\\/?p=2624#primaryimage\"},\"image\":{\"@id\":\"https:\\\/\\\/quehacerpolitico.mx\\\/?p=2624#primaryimage\"},\"thumbnailUrl\":\"\",\"datePublished\":\"2018-08-17T14:56:14+00:00\",\"author\":{\"@id\":\"https:\\\/\\\/quehacerpolitico.mx\\\/#\\\/schema\\\/person\\\/496d8ad2d1d3f8036101dca7ee39e585\"},\"breadcrumb\":{\"@id\":\"https:\\\/\\\/quehacerpolitico.mx\\\/?p=2624#breadcrumb\"},\"inLanguage\":\"es\",\"potentialAction\":[{\"@type\":\"ReadAction\",\"target\":[\"https:\\\/\\\/quehacerpolitico.mx\\\/?p=2624\"]}]},{\"@type\":\"ImageObject\",\"inLanguage\":\"es\",\"@id\":\"https:\\\/\\\/quehacerpolitico.mx\\\/?p=2624#primaryimage\",\"url\":\"\",\"contentUrl\":\"\"},{\"@type\":\"BreadcrumbList\",\"@id\":\"https:\\\/\\\/quehacerpolitico.mx\\\/?p=2624#breadcrumb\",\"itemListElement\":[{\"@type\":\"ListItem\",\"position\":1,\"name\":\"Inicio\",\"item\":\"https:\\\/\\\/quehacerpolitico.mx\\\/\"},{\"@type\":\"ListItem\",\"position\":2,\"name\":\"El C\u00e1rtel Jalisco es el \u00fanico que opera en M\u00e9xico, asegura Alberto El\u00edas Beltr\u00e1n; \u201clos dem\u00e1s son c\u00e9lulas\u201d\"}]},{\"@type\":\"WebSite\",\"@id\":\"https:\\\/\\\/quehacerpolitico.mx\\\/#website\",\"url\":\"https:\\\/\\\/quehacerpolitico.mx\\\/\",\"name\":\"\",\"description\":\"\",\"potentialAction\":[{\"@type\":\"SearchAction\",\"target\":{\"@type\":\"EntryPoint\",\"urlTemplate\":\"https:\\\/\\\/quehacerpolitico.mx\\\/?s={search_term_string}\"},\"query-input\":{\"@type\":\"PropertyValueSpecification\",\"valueRequired\":true,\"valueName\":\"search_term_string\"}}],\"inLanguage\":\"es\"},{\"@type\":\"Person\",\"@id\":\"https:\\\/\\\/quehacerpolitico.mx\\\/#\\\/schema\\\/person\\\/496d8ad2d1d3f8036101dca7ee39e585\",\"name\":\"Redacci\u00f3n QP\",\"image\":{\"@type\":\"ImageObject\",\"inLanguage\":\"es\",\"@id\":\"https:\\\/\\\/secure.gravatar.com\\\/avatar\\\/c7164ed6fdec453195284ad24a5ae5b6e1eed2b848477fa2a4787ba9adf39a41?s=96&d=mm&r=g\",\"url\":\"https:\\\/\\\/secure.gravatar.com\\\/avatar\\\/c7164ed6fdec453195284ad24a5ae5b6e1eed2b848477fa2a4787ba9adf39a41?s=96&d=mm&r=g\",\"contentUrl\":\"https:\\\/\\\/secure.gravatar.com\\\/avatar\\\/c7164ed6fdec453195284ad24a5ae5b6e1eed2b848477fa2a4787ba9adf39a41?s=96&d=mm&r=g\",\"caption\":\"Redacci\u00f3n QP\"},\"url\":\"https:\\\/\\\/quehacerpolitico.mx\\\/?author=2\"}]}<\/script>\n<!-- \/ Yoast SEO plugin. -->","yoast_head_json":{"title":"El C\u00e1rtel Jalisco es el \u00fanico que opera en M\u00e9xico, asegura Alberto El\u00edas Beltr\u00e1n; \u201clos dem\u00e1s son c\u00e9lulas\u201d -","robots":{"index":"index","follow":"follow","max-snippet":"max-snippet:-1","max-image-preview":"max-image-preview:large","max-video-preview":"max-video-preview:-1"},"canonical":"https:\/\/quehacerpolitico.mx\/?p=2624","og_locale":"es_MX","og_type":"article","og_title":"El C\u00e1rtel Jalisco es el \u00fanico que opera en M\u00e9xico, asegura Alberto El\u00edas Beltr\u00e1n; \u201clos dem\u00e1s son c\u00e9lulas\u201d -","og_description":"El C\u00e1rtel Jalisco es el \u00fanico que opera en M\u00e9xico, asegura Alberto El\u00edas Beltr\u00e1n; \u201clos dem\u00e1s son c\u00e9lulas\u201d Por Redacci\u00f3n QP","og_url":"https:\/\/quehacerpolitico.mx\/?p=2624","article_published_time":"2018-08-17T14:56:14+00:00","author":"Redacci\u00f3n QP","twitter_card":"summary_large_image","twitter_misc":{"Escrito por":"Redacci\u00f3n QP","Tiempo de lectura":"2 minutos"},"schema":{"@context":"https:\/\/schema.org","@graph":[{"@type":"Article","@id":"https:\/\/quehacerpolitico.mx\/?p=2624#article","isPartOf":{"@id":"https:\/\/quehacerpolitico.mx\/?p=2624"},"author":{"name":"Redacci\u00f3n QP","@id":"https:\/\/quehacerpolitico.mx\/#\/schema\/person\/496d8ad2d1d3f8036101dca7ee39e585"},"headline":"El C\u00e1rtel Jalisco es el \u00fanico que opera en M\u00e9xico, asegura Alberto El\u00edas Beltr\u00e1n; \u201clos dem\u00e1s son c\u00e9lulas\u201d","datePublished":"2018-08-17T14:56:14+00:00","mainEntityOfPage":{"@id":"https:\/\/quehacerpolitico.mx\/?p=2624"},"wordCount":408,"commentCount":0,"image":{"@id":"https:\/\/quehacerpolitico.mx\/?p=2624#primaryimage"},"thumbnailUrl":"","articleSection":["Noticias"],"inLanguage":"es","potentialAction":[{"@type":"CommentAction","name":"Comment","target":["https:\/\/quehacerpolitico.mx\/?p=2624#respond"]}]},{"@type":"WebPage","@id":"https:\/\/quehacerpolitico.mx\/?p=2624","url":"https:\/\/quehacerpolitico.mx\/?p=2624","name":"El C\u00e1rtel Jalisco es el \u00fanico que opera en M\u00e9xico, asegura Alberto El\u00edas Beltr\u00e1n; \u201clos dem\u00e1s son c\u00e9lulas\u201d -","isPartOf":{"@id":"https:\/\/quehacerpolitico.mx\/#website"},"primaryImageOfPage":{"@id":"https:\/\/quehacerpolitico.mx\/?p=2624#primaryimage"},"image":{"@id":"https:\/\/quehacerpolitico.mx\/?p=2624#primaryimage"},"thumbnailUrl":"","datePublished":"2018-08-17T14:56:14+00:00","author":{"@id":"https:\/\/quehacerpolitico.mx\/#\/schema\/person\/496d8ad2d1d3f8036101dca7ee39e585"},"breadcrumb":{"@id":"https:\/\/quehacerpolitico.mx\/?p=2624#breadcrumb"},"inLanguage":"es","potentialAction":[{"@type":"ReadAction","target":["https:\/\/quehacerpolitico.mx\/?p=2624"]}]},{"@type":"ImageObject","inLanguage":"es","@id":"https:\/\/quehacerpolitico.mx\/?p=2624#primaryimage","url":"","contentUrl":""},{"@type":"BreadcrumbList","@id":"https:\/\/quehacerpolitico.mx\/?p=2624#breadcrumb","itemListElement":[{"@type":"ListItem","position":1,"name":"Inicio","item":"https:\/\/quehacerpolitico.mx\/"},{"@type":"ListItem","position":2,"name":"El C\u00e1rtel Jalisco es el \u00fanico que opera en M\u00e9xico, asegura Alberto El\u00edas Beltr\u00e1n; \u201clos dem\u00e1s son c\u00e9lulas\u201d"}]},{"@type":"WebSite","@id":"https:\/\/quehacerpolitico.mx\/#website","url":"https:\/\/quehacerpolitico.mx\/","name":"","description":"","potentialAction":[{"@type":"SearchAction","target":{"@type":"EntryPoint","urlTemplate":"https:\/\/quehacerpolitico.mx\/?s={search_term_string}"},"query-input":{"@type":"PropertyValueSpecification","valueRequired":true,"valueName":"search_term_string"}}],"inLanguage":"es"},{"@type":"Person","@id":"https:\/\/quehacerpolitico.mx\/#\/schema\/person\/496d8ad2d1d3f8036101dca7ee39e585","name":"Redacci\u00f3n QP","image":{"@type":"ImageObject","inLanguage":"es","@id":"https:\/\/secure.gravatar.com\/avatar\/c7164ed6fdec453195284ad24a5ae5b6e1eed2b848477fa2a4787ba9adf39a41?s=96&d=mm&r=g","url":"https:\/\/secure.gravatar.com\/avatar\/c7164ed6fdec453195284ad24a5ae5b6e1eed2b848477fa2a4787ba9adf39a41?s=96&d=mm&r=g","contentUrl":"https:\/\/secure.gravatar.com\/avatar\/c7164ed6fdec453195284ad24a5ae5b6e1eed2b848477fa2a4787ba9adf39a41?s=96&d=mm&r=g","caption":"Redacci\u00f3n QP"},"url":"https:\/\/quehacerpolitico.mx\/?author=2"}]}},"featured_image_urls":{"full":"","thumbnail":"","medium":"","medium_large":"","large":"","1536x1536":"","2048x2048":"","covernews-featured":"","covernews-medium":""},"author_info":{"display_name":"Redacci\u00f3n QP","author_link":"https:\/\/quehacerpolitico.mx\/?author=2"},"category_info":"<a href=\"https:\/\/quehacerpolitico.mx\/?cat=2\" rel=\"category\">Noticias<\/a>","tag_info":"Noticias","comment_count":"0","_links":{"self":[{"href":"https:\/\/quehacerpolitico.mx\/index.php?rest_route=\/wp\/v2\/posts\/2624","targetHints":{"allow":["GET"]}}],"collection":[{"href":"https:\/\/quehacerpolitico.mx\/index.php?rest_route=\/wp\/v2\/posts"}],"about":[{"href":"https:\/\/quehacerpolitico.mx\/index.php?rest_route=\/wp\/v2\/types\/post"}],"author":[{"embeddable":true,"href":"https:\/\/quehacerpolitico.mx\/index.php?rest_route=\/wp\/v2\/users\/2"}],"replies":[{"embeddable":true,"href":"https:\/\/quehacerpolitico.mx\/index.php?rest_route=%2Fwp%2Fv2%2Fcomments&post=2624"}],"version-history":[{"count":0,"href":"https:\/\/quehacerpolitico.mx\/index.php?rest_route=\/wp\/v2\/posts\/2624\/revisions"}],"wp:featuredmedia":[{"embeddable":true,"href":"https:\/\/quehacerpolitico.mx\/index.php?rest_route=\/"}],"wp:attachment":[{"href":"https:\/\/quehacerpolitico.mx\/index.php?rest_route=%2Fwp%2Fv2%2Fmedia&parent=2624"}],"wp:term":[{"taxonomy":"category","embeddable":true,"href":"https:\/\/quehacerpolitico.mx\/index.php?rest_route=%2Fwp%2Fv2%2Fcategories&post=2624"},{"taxonomy":"post_tag","embeddable":true,"href":"https:\/\/quehacerpolitico.mx\/index.php?rest_route=%2Fwp%2Fv2%2Ftags&post=2624"}],"curies":[{"name":"wp","href":"https:\/\/api.w.org\/{rel}","templated":true}]}}