{"id":26110,"date":"2019-05-16T13:03:31","date_gmt":"2019-05-16T13:03:31","guid":{"rendered":"http:\/\/quehacerpolitico.mx\/voces-del-periodista-desde-filomeno-mata-8-mouris-salloum-george-recordando-al-arcangel-miguel\/"},"modified":"2019-05-16T13:03:31","modified_gmt":"2019-05-16T13:03:31","slug":"voces-del-periodista-desde-filomeno-mata-8-mouris-salloum-george-recordando-al-arcangel-miguel","status":"publish","type":"post","link":"https:\/\/quehacerpolitico.mx\/?p=26110","title":{"rendered":"Voces del Periodista Desde Filomeno Mata 8\/\/\/Mouris Salloum George\/\/\/Recordando al Arc\u00e1ngel Miguel"},"content":{"rendered":"<h1 class=\"entry-title penci-entry-title penci-title-\">Recordando al Arc\u00e1ngel Miguel<\/h1>\n<p>Por Mouris Salloum George<br \/>Director General del Club de Periodistas de M\u00e9xico AC<\/p>\n<p class=\"has-text-color has-very-dark-gray-color\">Del Cono Sur nos vino recientemente una elocuente descripci\u00f3n de los acreedores extranjeros de deuda p\u00fablica de Estados latinoamericanos: <strong><em>Buitres<\/em><\/strong>. Obviamos su objetivo: <strong><em>La carro\u00f1a<\/em><\/strong>.<\/p>\n<p class=\"has-text-color has-very-dark-gray-color\">En un clima medi\u00e1tico en que se pretende emplear aqu\u00ed el petate del muerto de las <strong><em>polarizaciones pol\u00edticas y sociales<\/em><\/strong>, lo que para unos parecen ser buenas noticias, para otros son malas noticias.<\/p>\n<p class=\"has-text-color has-very-dark-gray-color\">Lo pertinente, creemos nosotros, es que, sobre determinados anuncios aparentemente positivos, no hay que descorchar en la v\u00edspera las botellas de champa\u00f1a.<\/p>\n<p class=\"has-text-color has-very-dark-gray-color\">Volvemos a una consideraci\u00f3n: En <strong>cuestiones de Estado<\/strong>, hay que tener claro qu\u00e9 es lo urgente y qu\u00e9 es lo importante. Para lo urgente, se act\u00faa <strong><em>a bote pronto<\/em><\/strong>. Lo importante amerita reflexi\u00f3n y c\u00e1lculo por encima de la inmediatez.<\/p>\n<p class=\"has-text-color has-very-dark-gray-color\"><strong>Frente al poder real, no hay borracho que coma lumbre<\/strong><\/p>\n<p class=\"has-text-color has-very-dark-gray-color\">Desde el cambio de guardia en el poder presidencial, advertimos que, en el espejo negro de las contradicciones, en el <strong>poder econ\u00f3mico <\/strong>privado y beligerante, sin embargo, <strong><em>no hay borracho que coma lumbre<\/em><\/strong>. Les va en ello la supervivencia.<\/p>\n<p class=\"has-text-color has-very-dark-gray-color\">En recientes semanas, algunos grandes empresarios han optado por <strong>matizar<\/strong> sus radicales posiciones en campa\u00f1a presidencial, durante la transici\u00f3n hacia rumbo a Palacio Nacional y en los primeros meses de gesti\u00f3n de la nueva administraci\u00f3n federal.<\/p>\n<p class=\"has-text-color has-very-dark-gray-color\">Si bien, en trat\u00e1ndose de las relaciones de poder, subyacen naturales y aun leg\u00edtimas resistencias, el conflicto ha entrado en el terreno del\u00a0 <strong><em>toma y daca<\/em><\/strong>. Asunto de operaci\u00f3n pol\u00edtica.<\/p>\n<p class=\"has-text-color has-very-dark-gray-color\">Tiempo a que el petr\u00f3leo y su empresa productiva del Estado han sido colocado en el centro de gravedad del debate nacional. Dejamos de lado por hoy las <strong>tentaciones maniqueas <\/strong>que gu\u00edan a los amarradores de navajas.<\/p>\n<p class=\"has-text-color has-very-dark-gray-color\">Esta semana han compartido anuncios actores y declarantes comprometidos en ese crucial tema. No pasamos por alto las insidias de calificadoras de grado de deuda, como <strong>Mody\u2019s<\/strong>.<\/p>\n<p class=\"has-text-color has-very-dark-gray-color\"><strong>Gigantes financieros coquetean con Pemex<\/strong><\/p>\n<p class=\"has-text-color has-very-dark-gray-color\">El dato es que <strong>JP Morgan<\/strong>, <strong>HSBC <\/strong>y <strong>Mizuho<\/strong> entran en negociaciones con el gobierno mexicano, poniendo a su disposici\u00f3n un apalancamiento para mitigar la situaci\u00f3n financiera de Pemex.<\/p>\n<p class=\"has-text-color has-very-dark-gray-color\">\u201cPara emergencias\u201d acota un funcionario de la Secretar\u00eda de Hacienda, lo que nos remite al deslinde hecho en p\u00e1rrafos anteriores entre lo urgente y lo importante.<\/p>\n<p class=\"has-text-color has-very-dark-gray-color\">Como sea, obligado es decir que las tres corporaciones ofertantes no son, precisamente, <strong><em>damas de la caridad<\/em><\/strong>.<\/p>\n<p class=\"has-text-color has-very-dark-gray-color\">Ya se sabr\u00e1n plazos y tasas de inter\u00e9s espec\u00edficos de esas operaciones que, por donde quiera que se les vea, son compromisos que, eventualmente, de caer en controversia, quedan a juicio de tribunales de las metr\u00f3polis de esos prestamistas, conforme el <strong>Nuevo Derecho Corporativo Global<\/strong>.<\/p>\n<p class=\"has-text-color has-very-dark-gray-color\">Sin ponerse a tronar cohetes prematuramente, hay que destacar el efecto saludable de aquellos enunciados: El <strong>Consejo Coordinador Empresarial <\/strong>(CCE) y la <strong>Asociaci\u00f3n de Bancos de M\u00e9xico<\/strong>, han abonado una razonable dosis de optimismo sobre las negociaciones dadas a conocer ayer.<\/p>\n<p class=\"has-text-color has-very-dark-gray-color\"><strong><em>Si una golondrina no hace verano<\/em><\/strong>, las que lo hacen pueden guiar a la parvada.<\/p>\n<p class=\"has-text-color has-very-dark-gray-color\">La Cuarta Transformaci\u00f3n ha recorrido el primer semestre. Ciertamente no se exorcizan los demonios, pero estos et\u00e9reos seres tambi\u00e9n saben con quien se ponen. Est\u00e1 demostrado cient\u00edficamente por <strong><em>El arc\u00e1ngel Miguel<\/em><\/strong>.<\/p>\n","protected":false},"excerpt":{"rendered":"<p>Recordando al Arc\u00e1ngel Miguel<br \/>\nPor Mouris Salloum George<br \/>\nDirector General del Club de Periodistas de M\u00e9xico AC<\/p>\n","protected":false},"author":2,"featured_media":26109,"comment_status":"open","ping_status":"open","sticky":false,"template":"","format":"standard","meta":{"_monsterinsights_skip_tracking":false,"_monsterinsights_sitenote_active":false,"_monsterinsights_sitenote_note":"","_monsterinsights_sitenote_category":0,"footnotes":""},"categories":[2],"tags":[],"class_list":["post-26110","post","type-post","status-publish","format-standard","has-post-thumbnail","hentry","category-noticias"],"yoast_head":"<!-- This site is optimized with the Yoast SEO plugin v27.3 - https:\/\/yoast.com\/product\/yoast-seo-wordpress\/ -->\n<title>Voces del Periodista Desde Filomeno Mata 8\/\/\/Mouris Salloum George\/\/\/Recordando al Arc\u00e1ngel Miguel -<\/title>\n<meta name=\"robots\" content=\"index, follow, max-snippet:-1, max-image-preview:large, max-video-preview:-1\" \/>\n<link rel=\"canonical\" href=\"https:\/\/quehacerpolitico.mx\/?p=26110\" \/>\n<meta property=\"og:locale\" content=\"es_MX\" \/>\n<meta property=\"og:type\" content=\"article\" \/>\n<meta property=\"og:title\" content=\"Voces del Periodista Desde Filomeno Mata 8\/\/\/Mouris Salloum George\/\/\/Recordando al Arc\u00e1ngel Miguel -\" \/>\n<meta property=\"og:description\" content=\"Recordando al Arc\u00e1ngel Miguel Por Mouris Salloum George Director General del Club de Periodistas de M\u00e9xico AC\" \/>\n<meta property=\"og:url\" content=\"https:\/\/quehacerpolitico.mx\/?p=26110\" \/>\n<meta property=\"article:published_time\" content=\"2019-05-16T13:03:31+00:00\" \/>\n<meta name=\"author\" content=\"Redacci\u00f3n QP\" \/>\n<meta name=\"twitter:card\" content=\"summary_large_image\" \/>\n<meta name=\"twitter:label1\" content=\"Escrito por\" \/>\n\t<meta name=\"twitter:data1\" content=\"Redacci\u00f3n QP\" \/>\n\t<meta name=\"twitter:label2\" content=\"Tiempo de lectura\" \/>\n\t<meta name=\"twitter:data2\" content=\"3 minutos\" \/>\n<script type=\"application\/ld+json\" class=\"yoast-schema-graph\">{\"@context\":\"https:\\\/\\\/schema.org\",\"@graph\":[{\"@type\":\"Article\",\"@id\":\"https:\\\/\\\/quehacerpolitico.mx\\\/?p=26110#article\",\"isPartOf\":{\"@id\":\"https:\\\/\\\/quehacerpolitico.mx\\\/?p=26110\"},\"author\":{\"name\":\"Redacci\u00f3n QP\",\"@id\":\"https:\\\/\\\/quehacerpolitico.mx\\\/#\\\/schema\\\/person\\\/496d8ad2d1d3f8036101dca7ee39e585\"},\"headline\":\"Voces del Periodista Desde Filomeno Mata 8\\\/\\\/\\\/Mouris Salloum George\\\/\\\/\\\/Recordando al Arc\u00e1ngel Miguel\",\"datePublished\":\"2019-05-16T13:03:31+00:00\",\"mainEntityOfPage\":{\"@id\":\"https:\\\/\\\/quehacerpolitico.mx\\\/?p=26110\"},\"wordCount\":578,\"commentCount\":0,\"image\":{\"@id\":\"https:\\\/\\\/quehacerpolitico.mx\\\/?p=26110#primaryimage\"},\"thumbnailUrl\":\"\",\"articleSection\":[\"Noticias\"],\"inLanguage\":\"es\",\"potentialAction\":[{\"@type\":\"CommentAction\",\"name\":\"Comment\",\"target\":[\"https:\\\/\\\/quehacerpolitico.mx\\\/?p=26110#respond\"]}]},{\"@type\":\"WebPage\",\"@id\":\"https:\\\/\\\/quehacerpolitico.mx\\\/?p=26110\",\"url\":\"https:\\\/\\\/quehacerpolitico.mx\\\/?p=26110\",\"name\":\"Voces del Periodista Desde Filomeno Mata 8\\\/\\\/\\\/Mouris Salloum George\\\/\\\/\\\/Recordando al Arc\u00e1ngel Miguel -\",\"isPartOf\":{\"@id\":\"https:\\\/\\\/quehacerpolitico.mx\\\/#website\"},\"primaryImageOfPage\":{\"@id\":\"https:\\\/\\\/quehacerpolitico.mx\\\/?p=26110#primaryimage\"},\"image\":{\"@id\":\"https:\\\/\\\/quehacerpolitico.mx\\\/?p=26110#primaryimage\"},\"thumbnailUrl\":\"\",\"datePublished\":\"2019-05-16T13:03:31+00:00\",\"author\":{\"@id\":\"https:\\\/\\\/quehacerpolitico.mx\\\/#\\\/schema\\\/person\\\/496d8ad2d1d3f8036101dca7ee39e585\"},\"breadcrumb\":{\"@id\":\"https:\\\/\\\/quehacerpolitico.mx\\\/?p=26110#breadcrumb\"},\"inLanguage\":\"es\",\"potentialAction\":[{\"@type\":\"ReadAction\",\"target\":[\"https:\\\/\\\/quehacerpolitico.mx\\\/?p=26110\"]}]},{\"@type\":\"ImageObject\",\"inLanguage\":\"es\",\"@id\":\"https:\\\/\\\/quehacerpolitico.mx\\\/?p=26110#primaryimage\",\"url\":\"\",\"contentUrl\":\"\"},{\"@type\":\"BreadcrumbList\",\"@id\":\"https:\\\/\\\/quehacerpolitico.mx\\\/?p=26110#breadcrumb\",\"itemListElement\":[{\"@type\":\"ListItem\",\"position\":1,\"name\":\"Inicio\",\"item\":\"https:\\\/\\\/quehacerpolitico.mx\\\/\"},{\"@type\":\"ListItem\",\"position\":2,\"name\":\"Voces del Periodista Desde Filomeno Mata 8\\\/\\\/\\\/Mouris Salloum George\\\/\\\/\\\/Recordando al Arc\u00e1ngel Miguel\"}]},{\"@type\":\"WebSite\",\"@id\":\"https:\\\/\\\/quehacerpolitico.mx\\\/#website\",\"url\":\"https:\\\/\\\/quehacerpolitico.mx\\\/\",\"name\":\"\",\"description\":\"\",\"potentialAction\":[{\"@type\":\"SearchAction\",\"target\":{\"@type\":\"EntryPoint\",\"urlTemplate\":\"https:\\\/\\\/quehacerpolitico.mx\\\/?s={search_term_string}\"},\"query-input\":{\"@type\":\"PropertyValueSpecification\",\"valueRequired\":true,\"valueName\":\"search_term_string\"}}],\"inLanguage\":\"es\"},{\"@type\":\"Person\",\"@id\":\"https:\\\/\\\/quehacerpolitico.mx\\\/#\\\/schema\\\/person\\\/496d8ad2d1d3f8036101dca7ee39e585\",\"name\":\"Redacci\u00f3n QP\",\"image\":{\"@type\":\"ImageObject\",\"inLanguage\":\"es\",\"@id\":\"https:\\\/\\\/secure.gravatar.com\\\/avatar\\\/c7164ed6fdec453195284ad24a5ae5b6e1eed2b848477fa2a4787ba9adf39a41?s=96&d=mm&r=g\",\"url\":\"https:\\\/\\\/secure.gravatar.com\\\/avatar\\\/c7164ed6fdec453195284ad24a5ae5b6e1eed2b848477fa2a4787ba9adf39a41?s=96&d=mm&r=g\",\"contentUrl\":\"https:\\\/\\\/secure.gravatar.com\\\/avatar\\\/c7164ed6fdec453195284ad24a5ae5b6e1eed2b848477fa2a4787ba9adf39a41?s=96&d=mm&r=g\",\"caption\":\"Redacci\u00f3n QP\"},\"url\":\"https:\\\/\\\/quehacerpolitico.mx\\\/?author=2\"}]}<\/script>\n<!-- \/ Yoast SEO plugin. -->","yoast_head_json":{"title":"Voces del Periodista Desde Filomeno Mata 8\/\/\/Mouris Salloum George\/\/\/Recordando al Arc\u00e1ngel Miguel -","robots":{"index":"index","follow":"follow","max-snippet":"max-snippet:-1","max-image-preview":"max-image-preview:large","max-video-preview":"max-video-preview:-1"},"canonical":"https:\/\/quehacerpolitico.mx\/?p=26110","og_locale":"es_MX","og_type":"article","og_title":"Voces del Periodista Desde Filomeno Mata 8\/\/\/Mouris Salloum George\/\/\/Recordando al Arc\u00e1ngel Miguel -","og_description":"Recordando al Arc\u00e1ngel Miguel Por Mouris Salloum George Director General del Club de Periodistas de M\u00e9xico AC","og_url":"https:\/\/quehacerpolitico.mx\/?p=26110","article_published_time":"2019-05-16T13:03:31+00:00","author":"Redacci\u00f3n QP","twitter_card":"summary_large_image","twitter_misc":{"Escrito por":"Redacci\u00f3n QP","Tiempo de lectura":"3 minutos"},"schema":{"@context":"https:\/\/schema.org","@graph":[{"@type":"Article","@id":"https:\/\/quehacerpolitico.mx\/?p=26110#article","isPartOf":{"@id":"https:\/\/quehacerpolitico.mx\/?p=26110"},"author":{"name":"Redacci\u00f3n QP","@id":"https:\/\/quehacerpolitico.mx\/#\/schema\/person\/496d8ad2d1d3f8036101dca7ee39e585"},"headline":"Voces del Periodista Desde Filomeno Mata 8\/\/\/Mouris Salloum George\/\/\/Recordando al Arc\u00e1ngel Miguel","datePublished":"2019-05-16T13:03:31+00:00","mainEntityOfPage":{"@id":"https:\/\/quehacerpolitico.mx\/?p=26110"},"wordCount":578,"commentCount":0,"image":{"@id":"https:\/\/quehacerpolitico.mx\/?p=26110#primaryimage"},"thumbnailUrl":"","articleSection":["Noticias"],"inLanguage":"es","potentialAction":[{"@type":"CommentAction","name":"Comment","target":["https:\/\/quehacerpolitico.mx\/?p=26110#respond"]}]},{"@type":"WebPage","@id":"https:\/\/quehacerpolitico.mx\/?p=26110","url":"https:\/\/quehacerpolitico.mx\/?p=26110","name":"Voces del Periodista Desde Filomeno Mata 8\/\/\/Mouris Salloum George\/\/\/Recordando al Arc\u00e1ngel Miguel -","isPartOf":{"@id":"https:\/\/quehacerpolitico.mx\/#website"},"primaryImageOfPage":{"@id":"https:\/\/quehacerpolitico.mx\/?p=26110#primaryimage"},"image":{"@id":"https:\/\/quehacerpolitico.mx\/?p=26110#primaryimage"},"thumbnailUrl":"","datePublished":"2019-05-16T13:03:31+00:00","author":{"@id":"https:\/\/quehacerpolitico.mx\/#\/schema\/person\/496d8ad2d1d3f8036101dca7ee39e585"},"breadcrumb":{"@id":"https:\/\/quehacerpolitico.mx\/?p=26110#breadcrumb"},"inLanguage":"es","potentialAction":[{"@type":"ReadAction","target":["https:\/\/quehacerpolitico.mx\/?p=26110"]}]},{"@type":"ImageObject","inLanguage":"es","@id":"https:\/\/quehacerpolitico.mx\/?p=26110#primaryimage","url":"","contentUrl":""},{"@type":"BreadcrumbList","@id":"https:\/\/quehacerpolitico.mx\/?p=26110#breadcrumb","itemListElement":[{"@type":"ListItem","position":1,"name":"Inicio","item":"https:\/\/quehacerpolitico.mx\/"},{"@type":"ListItem","position":2,"name":"Voces del Periodista Desde Filomeno Mata 8\/\/\/Mouris Salloum George\/\/\/Recordando al Arc\u00e1ngel Miguel"}]},{"@type":"WebSite","@id":"https:\/\/quehacerpolitico.mx\/#website","url":"https:\/\/quehacerpolitico.mx\/","name":"","description":"","potentialAction":[{"@type":"SearchAction","target":{"@type":"EntryPoint","urlTemplate":"https:\/\/quehacerpolitico.mx\/?s={search_term_string}"},"query-input":{"@type":"PropertyValueSpecification","valueRequired":true,"valueName":"search_term_string"}}],"inLanguage":"es"},{"@type":"Person","@id":"https:\/\/quehacerpolitico.mx\/#\/schema\/person\/496d8ad2d1d3f8036101dca7ee39e585","name":"Redacci\u00f3n QP","image":{"@type":"ImageObject","inLanguage":"es","@id":"https:\/\/secure.gravatar.com\/avatar\/c7164ed6fdec453195284ad24a5ae5b6e1eed2b848477fa2a4787ba9adf39a41?s=96&d=mm&r=g","url":"https:\/\/secure.gravatar.com\/avatar\/c7164ed6fdec453195284ad24a5ae5b6e1eed2b848477fa2a4787ba9adf39a41?s=96&d=mm&r=g","contentUrl":"https:\/\/secure.gravatar.com\/avatar\/c7164ed6fdec453195284ad24a5ae5b6e1eed2b848477fa2a4787ba9adf39a41?s=96&d=mm&r=g","caption":"Redacci\u00f3n QP"},"url":"https:\/\/quehacerpolitico.mx\/?author=2"}]}},"featured_image_urls":{"full":"","thumbnail":"","medium":"","medium_large":"","large":"","1536x1536":"","2048x2048":"","covernews-featured":"","covernews-medium":""},"author_info":{"display_name":"Redacci\u00f3n QP","author_link":"https:\/\/quehacerpolitico.mx\/?author=2"},"category_info":"<a href=\"https:\/\/quehacerpolitico.mx\/?cat=2\" rel=\"category\">Noticias<\/a>","tag_info":"Noticias","comment_count":"0","_links":{"self":[{"href":"https:\/\/quehacerpolitico.mx\/index.php?rest_route=\/wp\/v2\/posts\/26110","targetHints":{"allow":["GET"]}}],"collection":[{"href":"https:\/\/quehacerpolitico.mx\/index.php?rest_route=\/wp\/v2\/posts"}],"about":[{"href":"https:\/\/quehacerpolitico.mx\/index.php?rest_route=\/wp\/v2\/types\/post"}],"author":[{"embeddable":true,"href":"https:\/\/quehacerpolitico.mx\/index.php?rest_route=\/wp\/v2\/users\/2"}],"replies":[{"embeddable":true,"href":"https:\/\/quehacerpolitico.mx\/index.php?rest_route=%2Fwp%2Fv2%2Fcomments&post=26110"}],"version-history":[{"count":0,"href":"https:\/\/quehacerpolitico.mx\/index.php?rest_route=\/wp\/v2\/posts\/26110\/revisions"}],"wp:featuredmedia":[{"embeddable":true,"href":"https:\/\/quehacerpolitico.mx\/index.php?rest_route=\/"}],"wp:attachment":[{"href":"https:\/\/quehacerpolitico.mx\/index.php?rest_route=%2Fwp%2Fv2%2Fmedia&parent=26110"}],"wp:term":[{"taxonomy":"category","embeddable":true,"href":"https:\/\/quehacerpolitico.mx\/index.php?rest_route=%2Fwp%2Fv2%2Fcategories&post=26110"},{"taxonomy":"post_tag","embeddable":true,"href":"https:\/\/quehacerpolitico.mx\/index.php?rest_route=%2Fwp%2Fv2%2Ftags&post=26110"}],"curies":[{"name":"wp","href":"https:\/\/api.w.org\/{rel}","templated":true}]}}