{"id":2606,"date":"2018-08-17T13:56:21","date_gmt":"2018-08-17T13:56:21","guid":{"rendered":"http:\/\/quehacerpolitico.mx\/juez-concede-a-guillermo-padres-libertad-por-el-delito-de-defraudacion-fiscal-seguira-preso-por-lavado\/"},"modified":"2018-08-17T13:56:21","modified_gmt":"2018-08-17T13:56:21","slug":"juez-concede-a-guillermo-padres-libertad-por-el-delito-de-defraudacion-fiscal-seguira-preso-por-lavado","status":"publish","type":"post","link":"https:\/\/quehacerpolitico.mx\/?p=2606","title":{"rendered":"Juez concede a Guillermo Padr\u00e9s libertad por el delito de defraudaci\u00f3n fiscal; seguir\u00e1 preso por lavado"},"content":{"rendered":"<h3>Pese a obtener la libertad por el delito de\u00a0defraudaci\u00f3n fiscal, por un momento que asciende a los 70 millones 415 mil 367 pesos, el ex panista Guillermo Padr\u00e9s no saldr\u00e1 del Reclusorio Oriente ya que a\u00fan enfrenta otro proceso por lavado de dinero.<\/h3>\n<p><strong>Guillermo Padr\u00e9s El\u00edas<\/strong>, ex gobernador de <strong>Sonora<\/strong>, obtuvo la libertad por el delito que enfrenta de <strong>defraudaci\u00f3n fiscal,<\/strong> a cambio deber\u00e1 pagar una garant\u00eda de 100 millones de pesos, no podr\u00e1 salir del pa\u00eds y deber\u00e1 presentarse al juzgado para firmar cada semana en el libro de procesados.<\/p>\n<p>De acuerdo con el diario <em>Reforma<\/em>, fue el juez d\u00e9cimo segundo de distrito en Procesos Penales Federales de la Ciudad de M\u00e9xico, Guillermo Francisco Urbina Tan\u00fas, quien le otorg\u00f3 la libertad a Padr\u00e9s El\u00edas. El ex mandatario estaba procesado por defraudaci\u00f3n fiscal de 70 millones 415 mil 367 pesos.<\/p>\n<p>Pese a obtener la libertad por este delito, Guillermo Padr\u00e9s no saldr\u00e1 del Reclusorio Oriente ya que a\u00fan enfrenta otro proceso por <strong>lavado de dinero<\/strong>.<\/p>\n<p>El juez Urbina Tan\u00fas solicit\u00f3 el pasaporte del ex panista e inform\u00f3 al Instituto Nacional de Migraci\u00f3n que el pol\u00edtico tiene prohibido dejar M\u00e9xico mientras se desahoga el proceso en su contra. De incumplir alguna de las medidas ser\u00e1 reaprehendido, se\u00f1ala el diario nacional.<\/p>\n<p>En febrero de este a\u00f1o\u00a0una juez federal del Estado de M\u00e9xico determin\u00f3 dictar formal prisi\u00f3n al ex Gobernador por\u00a0presunto lavado de m\u00e1s de 10 millones de pesos. Antes, en diciembre de 2017, una autoridad judicial hab\u00eda cancelado esa acusaci\u00f3n, aunque confirm\u00f3 la formal prisi\u00f3n por defraudaci\u00f3n fiscal.<\/p>\n<p><strong>PAN TAMPOCO SANCIONAR\u00c1<\/strong><\/p>\n<p>La Comisi\u00f3n Anticorrupci\u00f3n del Partido Acci\u00f3n Nacional (PAN) concluy\u00f3 ayer que no sancionar\u00e1 a Guillermo Padr\u00e9s, quien gobern\u00f3 Sonora con ese partido de 2009 a 2015, esto porque ya no es parte del registro nacional de militantes.<\/p>\n<p>Los panistas recalcaron que no pueden solicitar una sanci\u00f3n contra \u00e9l por lo que ordenaron archivar el expediente del caso y lo dieron como \u201ctotalmente concluido\u201d.<\/p>\n","protected":false},"excerpt":{"rendered":"<p>Juez concede a Guillermo Padr\u00e9s libertad por el delito de defraudaci\u00f3n fiscal; seguir\u00e1 preso por lavado<br \/>\nPor Redacci\u00f3n QP<\/p>\n","protected":false},"author":2,"featured_media":2605,"comment_status":"open","ping_status":"open","sticky":false,"template":"","format":"standard","meta":{"_monsterinsights_skip_tracking":false,"_monsterinsights_sitenote_active":false,"_monsterinsights_sitenote_note":"","_monsterinsights_sitenote_category":0,"footnotes":""},"categories":[2],"tags":[],"class_list":["post-2606","post","type-post","status-publish","format-standard","has-post-thumbnail","hentry","category-noticias"],"yoast_head":"<!-- This site is optimized with the Yoast SEO plugin v27.3 - https:\/\/yoast.com\/product\/yoast-seo-wordpress\/ -->\n<title>Juez concede a Guillermo Padr\u00e9s libertad por el delito de defraudaci\u00f3n fiscal; seguir\u00e1 preso por lavado -<\/title>\n<meta name=\"robots\" content=\"index, follow, max-snippet:-1, max-image-preview:large, max-video-preview:-1\" \/>\n<link rel=\"canonical\" href=\"https:\/\/quehacerpolitico.mx\/?p=2606\" \/>\n<meta property=\"og:locale\" content=\"es_MX\" \/>\n<meta property=\"og:type\" content=\"article\" \/>\n<meta property=\"og:title\" content=\"Juez concede a Guillermo Padr\u00e9s libertad por el delito de defraudaci\u00f3n fiscal; seguir\u00e1 preso por lavado -\" \/>\n<meta property=\"og:description\" content=\"Juez concede a Guillermo Padr\u00e9s libertad por el delito de defraudaci\u00f3n fiscal; seguir\u00e1 preso por lavado Por Redacci\u00f3n QP\" \/>\n<meta property=\"og:url\" content=\"https:\/\/quehacerpolitico.mx\/?p=2606\" \/>\n<meta property=\"article:published_time\" content=\"2018-08-17T13:56:21+00:00\" \/>\n<meta name=\"author\" content=\"Redacci\u00f3n QP\" \/>\n<meta name=\"twitter:card\" content=\"summary_large_image\" \/>\n<meta name=\"twitter:label1\" content=\"Escrito por\" \/>\n\t<meta name=\"twitter:data1\" content=\"Redacci\u00f3n QP\" \/>\n\t<meta name=\"twitter:label2\" content=\"Tiempo de lectura\" \/>\n\t<meta name=\"twitter:data2\" content=\"2 minutos\" \/>\n<script type=\"application\/ld+json\" class=\"yoast-schema-graph\">{\"@context\":\"https:\\\/\\\/schema.org\",\"@graph\":[{\"@type\":\"Article\",\"@id\":\"https:\\\/\\\/quehacerpolitico.mx\\\/?p=2606#article\",\"isPartOf\":{\"@id\":\"https:\\\/\\\/quehacerpolitico.mx\\\/?p=2606\"},\"author\":{\"name\":\"Redacci\u00f3n QP\",\"@id\":\"https:\\\/\\\/quehacerpolitico.mx\\\/#\\\/schema\\\/person\\\/496d8ad2d1d3f8036101dca7ee39e585\"},\"headline\":\"Juez concede a Guillermo Padr\u00e9s libertad por el delito de defraudaci\u00f3n fiscal; seguir\u00e1 preso por lavado\",\"datePublished\":\"2018-08-17T13:56:21+00:00\",\"mainEntityOfPage\":{\"@id\":\"https:\\\/\\\/quehacerpolitico.mx\\\/?p=2606\"},\"wordCount\":366,\"commentCount\":0,\"image\":{\"@id\":\"https:\\\/\\\/quehacerpolitico.mx\\\/?p=2606#primaryimage\"},\"thumbnailUrl\":\"\",\"articleSection\":[\"Noticias\"],\"inLanguage\":\"es\",\"potentialAction\":[{\"@type\":\"CommentAction\",\"name\":\"Comment\",\"target\":[\"https:\\\/\\\/quehacerpolitico.mx\\\/?p=2606#respond\"]}]},{\"@type\":\"WebPage\",\"@id\":\"https:\\\/\\\/quehacerpolitico.mx\\\/?p=2606\",\"url\":\"https:\\\/\\\/quehacerpolitico.mx\\\/?p=2606\",\"name\":\"Juez concede a Guillermo Padr\u00e9s libertad por el delito de defraudaci\u00f3n fiscal; seguir\u00e1 preso por lavado -\",\"isPartOf\":{\"@id\":\"https:\\\/\\\/quehacerpolitico.mx\\\/#website\"},\"primaryImageOfPage\":{\"@id\":\"https:\\\/\\\/quehacerpolitico.mx\\\/?p=2606#primaryimage\"},\"image\":{\"@id\":\"https:\\\/\\\/quehacerpolitico.mx\\\/?p=2606#primaryimage\"},\"thumbnailUrl\":\"\",\"datePublished\":\"2018-08-17T13:56:21+00:00\",\"author\":{\"@id\":\"https:\\\/\\\/quehacerpolitico.mx\\\/#\\\/schema\\\/person\\\/496d8ad2d1d3f8036101dca7ee39e585\"},\"breadcrumb\":{\"@id\":\"https:\\\/\\\/quehacerpolitico.mx\\\/?p=2606#breadcrumb\"},\"inLanguage\":\"es\",\"potentialAction\":[{\"@type\":\"ReadAction\",\"target\":[\"https:\\\/\\\/quehacerpolitico.mx\\\/?p=2606\"]}]},{\"@type\":\"ImageObject\",\"inLanguage\":\"es\",\"@id\":\"https:\\\/\\\/quehacerpolitico.mx\\\/?p=2606#primaryimage\",\"url\":\"\",\"contentUrl\":\"\"},{\"@type\":\"BreadcrumbList\",\"@id\":\"https:\\\/\\\/quehacerpolitico.mx\\\/?p=2606#breadcrumb\",\"itemListElement\":[{\"@type\":\"ListItem\",\"position\":1,\"name\":\"Inicio\",\"item\":\"https:\\\/\\\/quehacerpolitico.mx\\\/\"},{\"@type\":\"ListItem\",\"position\":2,\"name\":\"Juez concede a Guillermo Padr\u00e9s libertad por el delito de defraudaci\u00f3n fiscal; seguir\u00e1 preso por lavado\"}]},{\"@type\":\"WebSite\",\"@id\":\"https:\\\/\\\/quehacerpolitico.mx\\\/#website\",\"url\":\"https:\\\/\\\/quehacerpolitico.mx\\\/\",\"name\":\"\",\"description\":\"\",\"potentialAction\":[{\"@type\":\"SearchAction\",\"target\":{\"@type\":\"EntryPoint\",\"urlTemplate\":\"https:\\\/\\\/quehacerpolitico.mx\\\/?s={search_term_string}\"},\"query-input\":{\"@type\":\"PropertyValueSpecification\",\"valueRequired\":true,\"valueName\":\"search_term_string\"}}],\"inLanguage\":\"es\"},{\"@type\":\"Person\",\"@id\":\"https:\\\/\\\/quehacerpolitico.mx\\\/#\\\/schema\\\/person\\\/496d8ad2d1d3f8036101dca7ee39e585\",\"name\":\"Redacci\u00f3n QP\",\"image\":{\"@type\":\"ImageObject\",\"inLanguage\":\"es\",\"@id\":\"https:\\\/\\\/secure.gravatar.com\\\/avatar\\\/c7164ed6fdec453195284ad24a5ae5b6e1eed2b848477fa2a4787ba9adf39a41?s=96&d=mm&r=g\",\"url\":\"https:\\\/\\\/secure.gravatar.com\\\/avatar\\\/c7164ed6fdec453195284ad24a5ae5b6e1eed2b848477fa2a4787ba9adf39a41?s=96&d=mm&r=g\",\"contentUrl\":\"https:\\\/\\\/secure.gravatar.com\\\/avatar\\\/c7164ed6fdec453195284ad24a5ae5b6e1eed2b848477fa2a4787ba9adf39a41?s=96&d=mm&r=g\",\"caption\":\"Redacci\u00f3n QP\"},\"url\":\"https:\\\/\\\/quehacerpolitico.mx\\\/?author=2\"}]}<\/script>\n<!-- \/ Yoast SEO plugin. -->","yoast_head_json":{"title":"Juez concede a Guillermo Padr\u00e9s libertad por el delito de defraudaci\u00f3n fiscal; seguir\u00e1 preso por lavado -","robots":{"index":"index","follow":"follow","max-snippet":"max-snippet:-1","max-image-preview":"max-image-preview:large","max-video-preview":"max-video-preview:-1"},"canonical":"https:\/\/quehacerpolitico.mx\/?p=2606","og_locale":"es_MX","og_type":"article","og_title":"Juez concede a Guillermo Padr\u00e9s libertad por el delito de defraudaci\u00f3n fiscal; seguir\u00e1 preso por lavado -","og_description":"Juez concede a Guillermo Padr\u00e9s libertad por el delito de defraudaci\u00f3n fiscal; seguir\u00e1 preso por lavado Por Redacci\u00f3n QP","og_url":"https:\/\/quehacerpolitico.mx\/?p=2606","article_published_time":"2018-08-17T13:56:21+00:00","author":"Redacci\u00f3n QP","twitter_card":"summary_large_image","twitter_misc":{"Escrito por":"Redacci\u00f3n QP","Tiempo de lectura":"2 minutos"},"schema":{"@context":"https:\/\/schema.org","@graph":[{"@type":"Article","@id":"https:\/\/quehacerpolitico.mx\/?p=2606#article","isPartOf":{"@id":"https:\/\/quehacerpolitico.mx\/?p=2606"},"author":{"name":"Redacci\u00f3n QP","@id":"https:\/\/quehacerpolitico.mx\/#\/schema\/person\/496d8ad2d1d3f8036101dca7ee39e585"},"headline":"Juez concede a Guillermo Padr\u00e9s libertad por el delito de defraudaci\u00f3n fiscal; seguir\u00e1 preso por lavado","datePublished":"2018-08-17T13:56:21+00:00","mainEntityOfPage":{"@id":"https:\/\/quehacerpolitico.mx\/?p=2606"},"wordCount":366,"commentCount":0,"image":{"@id":"https:\/\/quehacerpolitico.mx\/?p=2606#primaryimage"},"thumbnailUrl":"","articleSection":["Noticias"],"inLanguage":"es","potentialAction":[{"@type":"CommentAction","name":"Comment","target":["https:\/\/quehacerpolitico.mx\/?p=2606#respond"]}]},{"@type":"WebPage","@id":"https:\/\/quehacerpolitico.mx\/?p=2606","url":"https:\/\/quehacerpolitico.mx\/?p=2606","name":"Juez concede a Guillermo Padr\u00e9s libertad por el delito de defraudaci\u00f3n fiscal; seguir\u00e1 preso por lavado -","isPartOf":{"@id":"https:\/\/quehacerpolitico.mx\/#website"},"primaryImageOfPage":{"@id":"https:\/\/quehacerpolitico.mx\/?p=2606#primaryimage"},"image":{"@id":"https:\/\/quehacerpolitico.mx\/?p=2606#primaryimage"},"thumbnailUrl":"","datePublished":"2018-08-17T13:56:21+00:00","author":{"@id":"https:\/\/quehacerpolitico.mx\/#\/schema\/person\/496d8ad2d1d3f8036101dca7ee39e585"},"breadcrumb":{"@id":"https:\/\/quehacerpolitico.mx\/?p=2606#breadcrumb"},"inLanguage":"es","potentialAction":[{"@type":"ReadAction","target":["https:\/\/quehacerpolitico.mx\/?p=2606"]}]},{"@type":"ImageObject","inLanguage":"es","@id":"https:\/\/quehacerpolitico.mx\/?p=2606#primaryimage","url":"","contentUrl":""},{"@type":"BreadcrumbList","@id":"https:\/\/quehacerpolitico.mx\/?p=2606#breadcrumb","itemListElement":[{"@type":"ListItem","position":1,"name":"Inicio","item":"https:\/\/quehacerpolitico.mx\/"},{"@type":"ListItem","position":2,"name":"Juez concede a Guillermo Padr\u00e9s libertad por el delito de defraudaci\u00f3n fiscal; seguir\u00e1 preso por lavado"}]},{"@type":"WebSite","@id":"https:\/\/quehacerpolitico.mx\/#website","url":"https:\/\/quehacerpolitico.mx\/","name":"","description":"","potentialAction":[{"@type":"SearchAction","target":{"@type":"EntryPoint","urlTemplate":"https:\/\/quehacerpolitico.mx\/?s={search_term_string}"},"query-input":{"@type":"PropertyValueSpecification","valueRequired":true,"valueName":"search_term_string"}}],"inLanguage":"es"},{"@type":"Person","@id":"https:\/\/quehacerpolitico.mx\/#\/schema\/person\/496d8ad2d1d3f8036101dca7ee39e585","name":"Redacci\u00f3n QP","image":{"@type":"ImageObject","inLanguage":"es","@id":"https:\/\/secure.gravatar.com\/avatar\/c7164ed6fdec453195284ad24a5ae5b6e1eed2b848477fa2a4787ba9adf39a41?s=96&d=mm&r=g","url":"https:\/\/secure.gravatar.com\/avatar\/c7164ed6fdec453195284ad24a5ae5b6e1eed2b848477fa2a4787ba9adf39a41?s=96&d=mm&r=g","contentUrl":"https:\/\/secure.gravatar.com\/avatar\/c7164ed6fdec453195284ad24a5ae5b6e1eed2b848477fa2a4787ba9adf39a41?s=96&d=mm&r=g","caption":"Redacci\u00f3n QP"},"url":"https:\/\/quehacerpolitico.mx\/?author=2"}]}},"featured_image_urls":{"full":"","thumbnail":"","medium":"","medium_large":"","large":"","1536x1536":"","2048x2048":"","covernews-featured":"","covernews-medium":""},"author_info":{"display_name":"Redacci\u00f3n QP","author_link":"https:\/\/quehacerpolitico.mx\/?author=2"},"category_info":"<a href=\"https:\/\/quehacerpolitico.mx\/?cat=2\" rel=\"category\">Noticias<\/a>","tag_info":"Noticias","comment_count":"0","_links":{"self":[{"href":"https:\/\/quehacerpolitico.mx\/index.php?rest_route=\/wp\/v2\/posts\/2606","targetHints":{"allow":["GET"]}}],"collection":[{"href":"https:\/\/quehacerpolitico.mx\/index.php?rest_route=\/wp\/v2\/posts"}],"about":[{"href":"https:\/\/quehacerpolitico.mx\/index.php?rest_route=\/wp\/v2\/types\/post"}],"author":[{"embeddable":true,"href":"https:\/\/quehacerpolitico.mx\/index.php?rest_route=\/wp\/v2\/users\/2"}],"replies":[{"embeddable":true,"href":"https:\/\/quehacerpolitico.mx\/index.php?rest_route=%2Fwp%2Fv2%2Fcomments&post=2606"}],"version-history":[{"count":0,"href":"https:\/\/quehacerpolitico.mx\/index.php?rest_route=\/wp\/v2\/posts\/2606\/revisions"}],"wp:featuredmedia":[{"embeddable":true,"href":"https:\/\/quehacerpolitico.mx\/index.php?rest_route=\/"}],"wp:attachment":[{"href":"https:\/\/quehacerpolitico.mx\/index.php?rest_route=%2Fwp%2Fv2%2Fmedia&parent=2606"}],"wp:term":[{"taxonomy":"category","embeddable":true,"href":"https:\/\/quehacerpolitico.mx\/index.php?rest_route=%2Fwp%2Fv2%2Fcategories&post=2606"},{"taxonomy":"post_tag","embeddable":true,"href":"https:\/\/quehacerpolitico.mx\/index.php?rest_route=%2Fwp%2Fv2%2Ftags&post=2606"}],"curies":[{"name":"wp","href":"https:\/\/api.w.org\/{rel}","templated":true}]}}