{"id":2604,"date":"2018-08-17T13:49:54","date_gmt":"2018-08-17T13:49:54","guid":{"rendered":"http:\/\/quehacerpolitico.mx\/los-rayos-uv-de-la-tecnica-gelish-en-las-unas-pueden-provocar-cancer-alerta-especialista-del-imss\/"},"modified":"2018-08-17T13:49:54","modified_gmt":"2018-08-17T13:49:54","slug":"los-rayos-uv-de-la-tecnica-gelish-en-las-unas-pueden-provocar-cancer-alerta-especialista-del-imss","status":"publish","type":"post","link":"https:\/\/quehacerpolitico.mx\/?p=2604","title":{"rendered":"Los rayos UV de la t\u00e9cnica \u201cgelish\u201d en las u\u00f1as pueden provocar c\u00e1ncer, alerta especialista del IMSS"},"content":{"rendered":"<h3>Exponerse a los rayos ultravioleta\u00a0usados para colocar u\u00f1as postizas\u00a0 es perjudicial para la salud si se hace en exceso y sin protecci\u00f3n, se\u00f1al\u00f3 un onc\u00f3logo del IMSS, quien\u00a0recomend\u00f3 usar bloqueador en las manos media hora antes de la aplicaci\u00f3n. Alert\u00f3 que algunas personas podr\u00edan generar c\u00e1ncer de piel por esta pr\u00e1ctica.<\/h3>\n<p>La exposici\u00f3n excesiva a los<strong> rayos ultravioleta<\/strong> (UV) que se usan para colocar el esmalte de gel en las <strong>u\u00f1as<\/strong>, tambi\u00e9n conocido como <strong>gelish<\/strong>, puede detonar la formaci\u00f3n d<strong>e c\u00e9lulas cancer\u00edgenas<\/strong>, advirti\u00f3 hoy el doctor Ra\u00fal Rivera M\u00e1rquez.<\/p>\n<blockquote>\n<p>\u201cNo podemos asegurar que todo el que haga uso de esta t\u00e9cnica va a sufrir c\u00e1ncer de piel, sino que entran otros factores como la edad, color de piel porque los de piel m\u00e1s clara tienen un mayor riesgo, personas con defensas bajas por enfermedad o por el uso de alg\u00fan medicamento, entre otros\u201d, puntualiz\u00f3 el onc\u00f3logo del Instituto Mexicano del Seguro Social (<strong>IMSS<\/strong>) en Sonora a trav\u00e9s de un bolet\u00edn..<\/p>\n<\/blockquote>\n<p>Rivera M\u00e1rquez recomend\u00f3 a mujeres el uso de bloqueador en las manos media hora antes de la colocaci\u00f3n del material, ya que se aplica de manera directa en las manos.<\/p>\n<p>Dijo que el bloqueador debe tener factor de protecci\u00f3n solar 30 y se deben identificar los signos de alerta como las lesiones anormales en la piel, ya sea una mancha o lunar que cambia de forma o color.<\/p>\n<blockquote>\n<p>\u201cEl c\u00e1ncer de piel es el m\u00e1s frecuente del resto de los tipos de c\u00e1ncer, anualmente se detectan 16 mil nuevos casos en el pa\u00eds donde el c\u00e1ncer basocelular o escamoso son los m\u00e1s frecuentes por la exposici\u00f3n constante y sin protecci\u00f3n al sol o rayos UV\u201d, dijo el onc\u00f3logo.<\/p>\n<\/blockquote>\n<p>Seg\u00fan cifras de la Organizaci\u00f3n Mundial de la Salud (OMS), se estima que cada a\u00f1o se producen en el mundo 132 mil casos de melanoma maligno (el c\u00e1ncer de piel m\u00e1s da\u00f1ino que existe) y mueren aproximadamente 66 mil personas por causa de \u00e9ste y otros tipos de c\u00e1ncer de piel.<\/p>\n<p>El especialista explic\u00f3 que la exposici\u00f3n al sol durante la ni\u00f1ez es un factor que puede ser relevante, pues la afectaci\u00f3n a las capas de la piel se mantiene y al llegar a la edad adulta se encuentra debilitada y vulnerable para la aparici\u00f3n de la enfermedad.<\/p>\n","protected":false},"excerpt":{"rendered":"<p>Los rayos UV de la t\u00e9cnica \u201cgelish\u201d en las u\u00f1as pueden provocar c\u00e1ncer, alerta especialista del IMSS<br \/>\nPor Redacci\u00f3n QP<\/p>\n","protected":false},"author":2,"featured_media":2603,"comment_status":"open","ping_status":"open","sticky":false,"template":"","format":"standard","meta":{"_monsterinsights_skip_tracking":false,"_monsterinsights_sitenote_active":false,"_monsterinsights_sitenote_note":"","_monsterinsights_sitenote_category":0,"footnotes":""},"categories":[2],"tags":[],"class_list":["post-2604","post","type-post","status-publish","format-standard","has-post-thumbnail","hentry","category-noticias"],"yoast_head":"<!-- This site is optimized with the Yoast SEO plugin v27.3 - https:\/\/yoast.com\/product\/yoast-seo-wordpress\/ -->\n<title>Los rayos UV de la t\u00e9cnica \u201cgelish\u201d en las u\u00f1as pueden provocar c\u00e1ncer, alerta especialista del IMSS -<\/title>\n<meta name=\"robots\" content=\"index, follow, max-snippet:-1, max-image-preview:large, max-video-preview:-1\" \/>\n<link rel=\"canonical\" href=\"https:\/\/quehacerpolitico.mx\/?p=2604\" \/>\n<meta property=\"og:locale\" content=\"es_MX\" \/>\n<meta property=\"og:type\" content=\"article\" \/>\n<meta property=\"og:title\" content=\"Los rayos UV de la t\u00e9cnica \u201cgelish\u201d en las u\u00f1as pueden provocar c\u00e1ncer, alerta especialista del IMSS -\" \/>\n<meta property=\"og:description\" content=\"Los rayos UV de la t\u00e9cnica \u201cgelish\u201d en las u\u00f1as pueden provocar c\u00e1ncer, alerta especialista del IMSS Por Redacci\u00f3n QP\" \/>\n<meta property=\"og:url\" content=\"https:\/\/quehacerpolitico.mx\/?p=2604\" \/>\n<meta property=\"article:published_time\" content=\"2018-08-17T13:49:54+00:00\" \/>\n<meta name=\"author\" content=\"Redacci\u00f3n QP\" \/>\n<meta name=\"twitter:card\" content=\"summary_large_image\" \/>\n<meta name=\"twitter:label1\" content=\"Escrito por\" \/>\n\t<meta name=\"twitter:data1\" content=\"Redacci\u00f3n QP\" \/>\n\t<meta name=\"twitter:label2\" content=\"Tiempo de lectura\" \/>\n\t<meta name=\"twitter:data2\" content=\"2 minutos\" \/>\n<script type=\"application\/ld+json\" class=\"yoast-schema-graph\">{\"@context\":\"https:\\\/\\\/schema.org\",\"@graph\":[{\"@type\":\"Article\",\"@id\":\"https:\\\/\\\/quehacerpolitico.mx\\\/?p=2604#article\",\"isPartOf\":{\"@id\":\"https:\\\/\\\/quehacerpolitico.mx\\\/?p=2604\"},\"author\":{\"name\":\"Redacci\u00f3n QP\",\"@id\":\"https:\\\/\\\/quehacerpolitico.mx\\\/#\\\/schema\\\/person\\\/496d8ad2d1d3f8036101dca7ee39e585\"},\"headline\":\"Los rayos UV de la t\u00e9cnica \u201cgelish\u201d en las u\u00f1as pueden provocar c\u00e1ncer, alerta especialista del IMSS\",\"datePublished\":\"2018-08-17T13:49:54+00:00\",\"mainEntityOfPage\":{\"@id\":\"https:\\\/\\\/quehacerpolitico.mx\\\/?p=2604\"},\"wordCount\":440,\"commentCount\":0,\"image\":{\"@id\":\"https:\\\/\\\/quehacerpolitico.mx\\\/?p=2604#primaryimage\"},\"thumbnailUrl\":\"\",\"articleSection\":[\"Noticias\"],\"inLanguage\":\"es\",\"potentialAction\":[{\"@type\":\"CommentAction\",\"name\":\"Comment\",\"target\":[\"https:\\\/\\\/quehacerpolitico.mx\\\/?p=2604#respond\"]}]},{\"@type\":\"WebPage\",\"@id\":\"https:\\\/\\\/quehacerpolitico.mx\\\/?p=2604\",\"url\":\"https:\\\/\\\/quehacerpolitico.mx\\\/?p=2604\",\"name\":\"Los rayos UV de la t\u00e9cnica \u201cgelish\u201d en las u\u00f1as pueden provocar c\u00e1ncer, alerta especialista del IMSS -\",\"isPartOf\":{\"@id\":\"https:\\\/\\\/quehacerpolitico.mx\\\/#website\"},\"primaryImageOfPage\":{\"@id\":\"https:\\\/\\\/quehacerpolitico.mx\\\/?p=2604#primaryimage\"},\"image\":{\"@id\":\"https:\\\/\\\/quehacerpolitico.mx\\\/?p=2604#primaryimage\"},\"thumbnailUrl\":\"\",\"datePublished\":\"2018-08-17T13:49:54+00:00\",\"author\":{\"@id\":\"https:\\\/\\\/quehacerpolitico.mx\\\/#\\\/schema\\\/person\\\/496d8ad2d1d3f8036101dca7ee39e585\"},\"breadcrumb\":{\"@id\":\"https:\\\/\\\/quehacerpolitico.mx\\\/?p=2604#breadcrumb\"},\"inLanguage\":\"es\",\"potentialAction\":[{\"@type\":\"ReadAction\",\"target\":[\"https:\\\/\\\/quehacerpolitico.mx\\\/?p=2604\"]}]},{\"@type\":\"ImageObject\",\"inLanguage\":\"es\",\"@id\":\"https:\\\/\\\/quehacerpolitico.mx\\\/?p=2604#primaryimage\",\"url\":\"\",\"contentUrl\":\"\"},{\"@type\":\"BreadcrumbList\",\"@id\":\"https:\\\/\\\/quehacerpolitico.mx\\\/?p=2604#breadcrumb\",\"itemListElement\":[{\"@type\":\"ListItem\",\"position\":1,\"name\":\"Inicio\",\"item\":\"https:\\\/\\\/quehacerpolitico.mx\\\/\"},{\"@type\":\"ListItem\",\"position\":2,\"name\":\"Los rayos UV de la t\u00e9cnica \u201cgelish\u201d en las u\u00f1as pueden provocar c\u00e1ncer, alerta especialista del IMSS\"}]},{\"@type\":\"WebSite\",\"@id\":\"https:\\\/\\\/quehacerpolitico.mx\\\/#website\",\"url\":\"https:\\\/\\\/quehacerpolitico.mx\\\/\",\"name\":\"\",\"description\":\"\",\"potentialAction\":[{\"@type\":\"SearchAction\",\"target\":{\"@type\":\"EntryPoint\",\"urlTemplate\":\"https:\\\/\\\/quehacerpolitico.mx\\\/?s={search_term_string}\"},\"query-input\":{\"@type\":\"PropertyValueSpecification\",\"valueRequired\":true,\"valueName\":\"search_term_string\"}}],\"inLanguage\":\"es\"},{\"@type\":\"Person\",\"@id\":\"https:\\\/\\\/quehacerpolitico.mx\\\/#\\\/schema\\\/person\\\/496d8ad2d1d3f8036101dca7ee39e585\",\"name\":\"Redacci\u00f3n QP\",\"image\":{\"@type\":\"ImageObject\",\"inLanguage\":\"es\",\"@id\":\"https:\\\/\\\/secure.gravatar.com\\\/avatar\\\/c7164ed6fdec453195284ad24a5ae5b6e1eed2b848477fa2a4787ba9adf39a41?s=96&d=mm&r=g\",\"url\":\"https:\\\/\\\/secure.gravatar.com\\\/avatar\\\/c7164ed6fdec453195284ad24a5ae5b6e1eed2b848477fa2a4787ba9adf39a41?s=96&d=mm&r=g\",\"contentUrl\":\"https:\\\/\\\/secure.gravatar.com\\\/avatar\\\/c7164ed6fdec453195284ad24a5ae5b6e1eed2b848477fa2a4787ba9adf39a41?s=96&d=mm&r=g\",\"caption\":\"Redacci\u00f3n QP\"},\"url\":\"https:\\\/\\\/quehacerpolitico.mx\\\/?author=2\"}]}<\/script>\n<!-- \/ Yoast SEO plugin. -->","yoast_head_json":{"title":"Los rayos UV de la t\u00e9cnica \u201cgelish\u201d en las u\u00f1as pueden provocar c\u00e1ncer, alerta especialista del IMSS -","robots":{"index":"index","follow":"follow","max-snippet":"max-snippet:-1","max-image-preview":"max-image-preview:large","max-video-preview":"max-video-preview:-1"},"canonical":"https:\/\/quehacerpolitico.mx\/?p=2604","og_locale":"es_MX","og_type":"article","og_title":"Los rayos UV de la t\u00e9cnica \u201cgelish\u201d en las u\u00f1as pueden provocar c\u00e1ncer, alerta especialista del IMSS -","og_description":"Los rayos UV de la t\u00e9cnica \u201cgelish\u201d en las u\u00f1as pueden provocar c\u00e1ncer, alerta especialista del IMSS Por Redacci\u00f3n QP","og_url":"https:\/\/quehacerpolitico.mx\/?p=2604","article_published_time":"2018-08-17T13:49:54+00:00","author":"Redacci\u00f3n QP","twitter_card":"summary_large_image","twitter_misc":{"Escrito por":"Redacci\u00f3n QP","Tiempo de lectura":"2 minutos"},"schema":{"@context":"https:\/\/schema.org","@graph":[{"@type":"Article","@id":"https:\/\/quehacerpolitico.mx\/?p=2604#article","isPartOf":{"@id":"https:\/\/quehacerpolitico.mx\/?p=2604"},"author":{"name":"Redacci\u00f3n QP","@id":"https:\/\/quehacerpolitico.mx\/#\/schema\/person\/496d8ad2d1d3f8036101dca7ee39e585"},"headline":"Los rayos UV de la t\u00e9cnica \u201cgelish\u201d en las u\u00f1as pueden provocar c\u00e1ncer, alerta especialista del IMSS","datePublished":"2018-08-17T13:49:54+00:00","mainEntityOfPage":{"@id":"https:\/\/quehacerpolitico.mx\/?p=2604"},"wordCount":440,"commentCount":0,"image":{"@id":"https:\/\/quehacerpolitico.mx\/?p=2604#primaryimage"},"thumbnailUrl":"","articleSection":["Noticias"],"inLanguage":"es","potentialAction":[{"@type":"CommentAction","name":"Comment","target":["https:\/\/quehacerpolitico.mx\/?p=2604#respond"]}]},{"@type":"WebPage","@id":"https:\/\/quehacerpolitico.mx\/?p=2604","url":"https:\/\/quehacerpolitico.mx\/?p=2604","name":"Los rayos UV de la t\u00e9cnica \u201cgelish\u201d en las u\u00f1as pueden provocar c\u00e1ncer, alerta especialista del IMSS -","isPartOf":{"@id":"https:\/\/quehacerpolitico.mx\/#website"},"primaryImageOfPage":{"@id":"https:\/\/quehacerpolitico.mx\/?p=2604#primaryimage"},"image":{"@id":"https:\/\/quehacerpolitico.mx\/?p=2604#primaryimage"},"thumbnailUrl":"","datePublished":"2018-08-17T13:49:54+00:00","author":{"@id":"https:\/\/quehacerpolitico.mx\/#\/schema\/person\/496d8ad2d1d3f8036101dca7ee39e585"},"breadcrumb":{"@id":"https:\/\/quehacerpolitico.mx\/?p=2604#breadcrumb"},"inLanguage":"es","potentialAction":[{"@type":"ReadAction","target":["https:\/\/quehacerpolitico.mx\/?p=2604"]}]},{"@type":"ImageObject","inLanguage":"es","@id":"https:\/\/quehacerpolitico.mx\/?p=2604#primaryimage","url":"","contentUrl":""},{"@type":"BreadcrumbList","@id":"https:\/\/quehacerpolitico.mx\/?p=2604#breadcrumb","itemListElement":[{"@type":"ListItem","position":1,"name":"Inicio","item":"https:\/\/quehacerpolitico.mx\/"},{"@type":"ListItem","position":2,"name":"Los rayos UV de la t\u00e9cnica \u201cgelish\u201d en las u\u00f1as pueden provocar c\u00e1ncer, alerta especialista del IMSS"}]},{"@type":"WebSite","@id":"https:\/\/quehacerpolitico.mx\/#website","url":"https:\/\/quehacerpolitico.mx\/","name":"","description":"","potentialAction":[{"@type":"SearchAction","target":{"@type":"EntryPoint","urlTemplate":"https:\/\/quehacerpolitico.mx\/?s={search_term_string}"},"query-input":{"@type":"PropertyValueSpecification","valueRequired":true,"valueName":"search_term_string"}}],"inLanguage":"es"},{"@type":"Person","@id":"https:\/\/quehacerpolitico.mx\/#\/schema\/person\/496d8ad2d1d3f8036101dca7ee39e585","name":"Redacci\u00f3n QP","image":{"@type":"ImageObject","inLanguage":"es","@id":"https:\/\/secure.gravatar.com\/avatar\/c7164ed6fdec453195284ad24a5ae5b6e1eed2b848477fa2a4787ba9adf39a41?s=96&d=mm&r=g","url":"https:\/\/secure.gravatar.com\/avatar\/c7164ed6fdec453195284ad24a5ae5b6e1eed2b848477fa2a4787ba9adf39a41?s=96&d=mm&r=g","contentUrl":"https:\/\/secure.gravatar.com\/avatar\/c7164ed6fdec453195284ad24a5ae5b6e1eed2b848477fa2a4787ba9adf39a41?s=96&d=mm&r=g","caption":"Redacci\u00f3n QP"},"url":"https:\/\/quehacerpolitico.mx\/?author=2"}]}},"featured_image_urls":{"full":"","thumbnail":"","medium":"","medium_large":"","large":"","1536x1536":"","2048x2048":"","covernews-featured":"","covernews-medium":""},"author_info":{"display_name":"Redacci\u00f3n QP","author_link":"https:\/\/quehacerpolitico.mx\/?author=2"},"category_info":"<a href=\"https:\/\/quehacerpolitico.mx\/?cat=2\" rel=\"category\">Noticias<\/a>","tag_info":"Noticias","comment_count":"0","_links":{"self":[{"href":"https:\/\/quehacerpolitico.mx\/index.php?rest_route=\/wp\/v2\/posts\/2604","targetHints":{"allow":["GET"]}}],"collection":[{"href":"https:\/\/quehacerpolitico.mx\/index.php?rest_route=\/wp\/v2\/posts"}],"about":[{"href":"https:\/\/quehacerpolitico.mx\/index.php?rest_route=\/wp\/v2\/types\/post"}],"author":[{"embeddable":true,"href":"https:\/\/quehacerpolitico.mx\/index.php?rest_route=\/wp\/v2\/users\/2"}],"replies":[{"embeddable":true,"href":"https:\/\/quehacerpolitico.mx\/index.php?rest_route=%2Fwp%2Fv2%2Fcomments&post=2604"}],"version-history":[{"count":0,"href":"https:\/\/quehacerpolitico.mx\/index.php?rest_route=\/wp\/v2\/posts\/2604\/revisions"}],"wp:featuredmedia":[{"embeddable":true,"href":"https:\/\/quehacerpolitico.mx\/index.php?rest_route=\/"}],"wp:attachment":[{"href":"https:\/\/quehacerpolitico.mx\/index.php?rest_route=%2Fwp%2Fv2%2Fmedia&parent=2604"}],"wp:term":[{"taxonomy":"category","embeddable":true,"href":"https:\/\/quehacerpolitico.mx\/index.php?rest_route=%2Fwp%2Fv2%2Fcategories&post=2604"},{"taxonomy":"post_tag","embeddable":true,"href":"https:\/\/quehacerpolitico.mx\/index.php?rest_route=%2Fwp%2Fv2%2Ftags&post=2604"}],"curies":[{"name":"wp","href":"https:\/\/api.w.org\/{rel}","templated":true}]}}