{"id":2596,"date":"2018-08-17T01:11:37","date_gmt":"2018-08-17T01:11:37","guid":{"rendered":"http:\/\/quehacerpolitico.mx\/acuerdan-amlo-y-empresarios-impulsar-creacion-de-empleos-e-inversiones-para-el-crecimiento\/"},"modified":"2018-08-17T01:11:37","modified_gmt":"2018-08-17T01:11:37","slug":"acuerdan-amlo-y-empresarios-impulsar-creacion-de-empleos-e-inversiones-para-el-crecimiento","status":"publish","type":"post","link":"https:\/\/quehacerpolitico.mx\/?p=2596","title":{"rendered":"Acuerdan AMLO y empresarios impulsar creaci\u00f3n de empleos e inversiones para el crecimiento"},"content":{"rendered":"<p><span class=\"amp-wp-inline-f62a86b1328cd4134bec55ddf6de989a\">El presidente electo de M\u00e9xico, <\/span><b>Andr\u00e9s Manuel L\u00f3pez Obrador<\/b><span class=\"amp-wp-inline-f62a86b1328cd4134bec55ddf6de989a\">, y miembros del <\/span><b>Consejo Mexicano de Negocios<\/b><span class=\"amp-wp-inline-f62a86b1328cd4134bec55ddf6de989a\"> acordaron impulsar proyectos para el bien de M\u00e9xico y la creaci\u00f3n de empleos.<\/span><\/p>\n<p><span class=\"amp-wp-inline-f62a86b1328cd4134bec55ddf6de989a\">Tras la reuni\u00f3n efectuada este jueves en el<\/span><b> Club de Empresarios Bosques de la Ciudad de M\u00e9xico<\/b><span class=\"amp-wp-inline-f62a86b1328cd4134bec55ddf6de989a\">, L\u00f3pez Obrador afirm\u00f3 que existe confianza del sector privado.<\/span><\/p>\n<blockquote>\n<p><span class=\"amp-wp-inline-f62a86b1328cd4134bec55ddf6de989a\">\u2018Hay confianza, se va a seguir invirtiendo, ya se van a crear empleos, y vamos a lograr el prop\u00f3sito de que M\u00e9xico se convierta en una potencia econ\u00f3mica porque tenemos los recursos para eso\u2019, indic\u00f3.<\/span><\/p>\n<p><span class=\"amp-wp-inline-f62a86b1328cd4134bec55ddf6de989a\">\u2018Tenemos muchos recursos naturales, tenemos un pueblo muy trabajador y empresarios que van a invertir y van a tener el apoyo del Gobierno para que tengan facilidades, que no tengan obst\u00e1culos, y que se logre que haya crecimiento econ\u00f3mico\u2019, asever\u00f3.<\/span><\/p>\n<\/blockquote>\n<p><span class=\"amp-wp-inline-f62a86b1328cd4134bec55ddf6de989a\">El tabasque\u00f1o estuvo acompa\u00f1ado por el pr\u00f3ximo <\/span><b>coordinador de la oficina <\/b><span class=\"amp-wp-inline-f62a86b1328cd4134bec55ddf6de989a\">de Presidencia de la Rep\u00fablica, <\/span><b>Alfonso Romo<\/b><span class=\"amp-wp-inline-f62a86b1328cd4134bec55ddf6de989a\">, y el coordinador de comunicaci\u00f3n, <\/span><b>C\u00e9sar Y\u00e1\u00f1ez<\/b><span class=\"amp-wp-inline-f62a86b1328cd4134bec55ddf6de989a\">.<\/span><\/p>\n<p><span class=\"amp-wp-inline-f62a86b1328cd4134bec55ddf6de989a\">A su vez, , <\/span><b>Alejandro Ram\u00edrez<\/b><span class=\"amp-wp-inline-f62a86b1328cd4134bec55ddf6de989a\">, presidente del Consejo Mexicano de Negocios, defini\u00f3 el encuentro como <\/span><b>propositivo y de confianza<\/b><span class=\"amp-wp-inline-f62a86b1328cd4134bec55ddf6de989a\">.<\/span><\/p>\n<blockquote>\n<p><span class=\"amp-wp-inline-f62a86b1328cd4134bec55ddf6de989a\">\u2018Le externamos que las 50 empresas del Consejo estamos entusiasmadas de apoyar el programa de empleo a j\u00f3venes, tambi\u00e9n le dimos sugerencias de c\u00f3mo hacerlo efectivo para que realmente cumpla su objetivo, que ayude a la movilidad laboral de los j\u00f3venes\u2019, expres\u00f3 en declaraciones a los medios.<\/span><\/p>\n<\/blockquote>\n<p><span class=\"amp-wp-inline-f62a86b1328cd4134bec55ddf6de989a\">El empresario dijo que tambi\u00e9n hablaron del apoyo a la <\/span><b>Peque\u00f1a y Mediana Empresa<\/b><span class=\"amp-wp-inline-f62a86b1328cd4134bec55ddf6de989a\"> como un tema fundamental para aumentar la productividad del<\/span><b>pa\u00eds<\/b><span class=\"amp-wp-inline-f62a86b1328cd4134bec55ddf6de989a\">.<\/span><\/p>\n<blockquote>\n<p><span class=\"amp-wp-inline-f62a86b1328cd4134bec55ddf6de989a\">\u2018Tambi\u00e9n hablamos de combate a la corrupci\u00f3n y la impunidad y c\u00f3mo podemos sumarnos a este esfuerzo\u2019, coment\u00f3.<\/span><\/p>\n<p><span class=\"amp-wp-inline-f62a86b1328cd4134bec55ddf6de989a\">Se\u00f1al\u00f3 que le externaron su preocupaci\u00f3n por el <\/span><b>tema de la inseguridad<\/b><span class=\"amp-wp-inline-f62a86b1328cd4134bec55ddf6de989a\"> en diversas partes de la Rep\u00fablica y c\u00f3mo coadyuvando <\/span><b>sector privado con las autoridades<\/b><span class=\"amp-wp-inline-f62a86b1328cd4134bec55ddf6de989a\"> se puede reducir el crimen y la delincuencia. <\/span><\/p>\n<p><span class=\"amp-wp-inline-f62a86b1328cd4134bec55ddf6de989a\">Sobre el Nuevo Aeropuerto Internacional dela Ciudad de M\u00e9xico (<\/span><b>NAICM<\/b><span class=\"amp-wp-inline-f62a86b1328cd4134bec55ddf6de989a\">) dijo que ma\u00f1ana L\u00f3pez Obrador revelar\u00e1 p\u00fablicamente el <\/span><b>dictamen que tienen<\/b><span class=\"amp-wp-inline-f62a86b1328cd4134bec55ddf6de989a\">.<\/span><\/p>\n<\/blockquote>\n","protected":false},"excerpt":{"rendered":"<p>Acuerdan AMLO y empresarios impulsar creaci\u00f3n de empleos e inversiones para el crecimiento<br \/>\nPor Redacci\u00f3n QP<\/p>\n","protected":false},"author":2,"featured_media":2595,"comment_status":"open","ping_status":"open","sticky":false,"template":"","format":"standard","meta":{"_monsterinsights_skip_tracking":false,"_monsterinsights_sitenote_active":false,"_monsterinsights_sitenote_note":"","_monsterinsights_sitenote_category":0,"footnotes":""},"categories":[2],"tags":[],"class_list":["post-2596","post","type-post","status-publish","format-standard","has-post-thumbnail","hentry","category-noticias"],"yoast_head":"<!-- This site is optimized with the Yoast SEO plugin v27.3 - https:\/\/yoast.com\/product\/yoast-seo-wordpress\/ -->\n<title>Acuerdan AMLO y empresarios impulsar creaci\u00f3n de empleos e inversiones para el crecimiento -<\/title>\n<meta name=\"robots\" content=\"index, follow, max-snippet:-1, max-image-preview:large, max-video-preview:-1\" \/>\n<link rel=\"canonical\" href=\"https:\/\/quehacerpolitico.mx\/?p=2596\" \/>\n<meta property=\"og:locale\" content=\"es_MX\" \/>\n<meta property=\"og:type\" content=\"article\" \/>\n<meta property=\"og:title\" content=\"Acuerdan AMLO y empresarios impulsar creaci\u00f3n de empleos e inversiones para el crecimiento -\" \/>\n<meta property=\"og:description\" content=\"Acuerdan AMLO y empresarios impulsar creaci\u00f3n de empleos e inversiones para el crecimiento Por Redacci\u00f3n QP\" \/>\n<meta property=\"og:url\" content=\"https:\/\/quehacerpolitico.mx\/?p=2596\" \/>\n<meta property=\"article:published_time\" content=\"2018-08-17T01:11:37+00:00\" \/>\n<meta name=\"author\" content=\"Redacci\u00f3n QP\" \/>\n<meta name=\"twitter:card\" content=\"summary_large_image\" \/>\n<meta name=\"twitter:label1\" content=\"Escrito por\" \/>\n\t<meta name=\"twitter:data1\" content=\"Redacci\u00f3n QP\" \/>\n\t<meta name=\"twitter:label2\" content=\"Tiempo de lectura\" \/>\n\t<meta name=\"twitter:data2\" content=\"2 minutos\" \/>\n<script type=\"application\/ld+json\" class=\"yoast-schema-graph\">{\"@context\":\"https:\\\/\\\/schema.org\",\"@graph\":[{\"@type\":\"Article\",\"@id\":\"https:\\\/\\\/quehacerpolitico.mx\\\/?p=2596#article\",\"isPartOf\":{\"@id\":\"https:\\\/\\\/quehacerpolitico.mx\\\/?p=2596\"},\"author\":{\"name\":\"Redacci\u00f3n QP\",\"@id\":\"https:\\\/\\\/quehacerpolitico.mx\\\/#\\\/schema\\\/person\\\/496d8ad2d1d3f8036101dca7ee39e585\"},\"headline\":\"Acuerdan AMLO y empresarios impulsar creaci\u00f3n de empleos e inversiones para el crecimiento\",\"datePublished\":\"2018-08-17T01:11:37+00:00\",\"mainEntityOfPage\":{\"@id\":\"https:\\\/\\\/quehacerpolitico.mx\\\/?p=2596\"},\"wordCount\":370,\"commentCount\":0,\"image\":{\"@id\":\"https:\\\/\\\/quehacerpolitico.mx\\\/?p=2596#primaryimage\"},\"thumbnailUrl\":\"\",\"articleSection\":[\"Noticias\"],\"inLanguage\":\"es\",\"potentialAction\":[{\"@type\":\"CommentAction\",\"name\":\"Comment\",\"target\":[\"https:\\\/\\\/quehacerpolitico.mx\\\/?p=2596#respond\"]}]},{\"@type\":\"WebPage\",\"@id\":\"https:\\\/\\\/quehacerpolitico.mx\\\/?p=2596\",\"url\":\"https:\\\/\\\/quehacerpolitico.mx\\\/?p=2596\",\"name\":\"Acuerdan AMLO y empresarios impulsar creaci\u00f3n de empleos e inversiones para el crecimiento -\",\"isPartOf\":{\"@id\":\"https:\\\/\\\/quehacerpolitico.mx\\\/#website\"},\"primaryImageOfPage\":{\"@id\":\"https:\\\/\\\/quehacerpolitico.mx\\\/?p=2596#primaryimage\"},\"image\":{\"@id\":\"https:\\\/\\\/quehacerpolitico.mx\\\/?p=2596#primaryimage\"},\"thumbnailUrl\":\"\",\"datePublished\":\"2018-08-17T01:11:37+00:00\",\"author\":{\"@id\":\"https:\\\/\\\/quehacerpolitico.mx\\\/#\\\/schema\\\/person\\\/496d8ad2d1d3f8036101dca7ee39e585\"},\"breadcrumb\":{\"@id\":\"https:\\\/\\\/quehacerpolitico.mx\\\/?p=2596#breadcrumb\"},\"inLanguage\":\"es\",\"potentialAction\":[{\"@type\":\"ReadAction\",\"target\":[\"https:\\\/\\\/quehacerpolitico.mx\\\/?p=2596\"]}]},{\"@type\":\"ImageObject\",\"inLanguage\":\"es\",\"@id\":\"https:\\\/\\\/quehacerpolitico.mx\\\/?p=2596#primaryimage\",\"url\":\"\",\"contentUrl\":\"\"},{\"@type\":\"BreadcrumbList\",\"@id\":\"https:\\\/\\\/quehacerpolitico.mx\\\/?p=2596#breadcrumb\",\"itemListElement\":[{\"@type\":\"ListItem\",\"position\":1,\"name\":\"Inicio\",\"item\":\"https:\\\/\\\/quehacerpolitico.mx\\\/\"},{\"@type\":\"ListItem\",\"position\":2,\"name\":\"Acuerdan AMLO y empresarios impulsar creaci\u00f3n de empleos e inversiones para el crecimiento\"}]},{\"@type\":\"WebSite\",\"@id\":\"https:\\\/\\\/quehacerpolitico.mx\\\/#website\",\"url\":\"https:\\\/\\\/quehacerpolitico.mx\\\/\",\"name\":\"\",\"description\":\"\",\"potentialAction\":[{\"@type\":\"SearchAction\",\"target\":{\"@type\":\"EntryPoint\",\"urlTemplate\":\"https:\\\/\\\/quehacerpolitico.mx\\\/?s={search_term_string}\"},\"query-input\":{\"@type\":\"PropertyValueSpecification\",\"valueRequired\":true,\"valueName\":\"search_term_string\"}}],\"inLanguage\":\"es\"},{\"@type\":\"Person\",\"@id\":\"https:\\\/\\\/quehacerpolitico.mx\\\/#\\\/schema\\\/person\\\/496d8ad2d1d3f8036101dca7ee39e585\",\"name\":\"Redacci\u00f3n QP\",\"image\":{\"@type\":\"ImageObject\",\"inLanguage\":\"es\",\"@id\":\"https:\\\/\\\/secure.gravatar.com\\\/avatar\\\/c7164ed6fdec453195284ad24a5ae5b6e1eed2b848477fa2a4787ba9adf39a41?s=96&d=mm&r=g\",\"url\":\"https:\\\/\\\/secure.gravatar.com\\\/avatar\\\/c7164ed6fdec453195284ad24a5ae5b6e1eed2b848477fa2a4787ba9adf39a41?s=96&d=mm&r=g\",\"contentUrl\":\"https:\\\/\\\/secure.gravatar.com\\\/avatar\\\/c7164ed6fdec453195284ad24a5ae5b6e1eed2b848477fa2a4787ba9adf39a41?s=96&d=mm&r=g\",\"caption\":\"Redacci\u00f3n QP\"},\"url\":\"https:\\\/\\\/quehacerpolitico.mx\\\/?author=2\"}]}<\/script>\n<!-- \/ Yoast SEO plugin. -->","yoast_head_json":{"title":"Acuerdan AMLO y empresarios impulsar creaci\u00f3n de empleos e inversiones para el crecimiento -","robots":{"index":"index","follow":"follow","max-snippet":"max-snippet:-1","max-image-preview":"max-image-preview:large","max-video-preview":"max-video-preview:-1"},"canonical":"https:\/\/quehacerpolitico.mx\/?p=2596","og_locale":"es_MX","og_type":"article","og_title":"Acuerdan AMLO y empresarios impulsar creaci\u00f3n de empleos e inversiones para el crecimiento -","og_description":"Acuerdan AMLO y empresarios impulsar creaci\u00f3n de empleos e inversiones para el crecimiento Por Redacci\u00f3n QP","og_url":"https:\/\/quehacerpolitico.mx\/?p=2596","article_published_time":"2018-08-17T01:11:37+00:00","author":"Redacci\u00f3n QP","twitter_card":"summary_large_image","twitter_misc":{"Escrito por":"Redacci\u00f3n QP","Tiempo de lectura":"2 minutos"},"schema":{"@context":"https:\/\/schema.org","@graph":[{"@type":"Article","@id":"https:\/\/quehacerpolitico.mx\/?p=2596#article","isPartOf":{"@id":"https:\/\/quehacerpolitico.mx\/?p=2596"},"author":{"name":"Redacci\u00f3n QP","@id":"https:\/\/quehacerpolitico.mx\/#\/schema\/person\/496d8ad2d1d3f8036101dca7ee39e585"},"headline":"Acuerdan AMLO y empresarios impulsar creaci\u00f3n de empleos e inversiones para el crecimiento","datePublished":"2018-08-17T01:11:37+00:00","mainEntityOfPage":{"@id":"https:\/\/quehacerpolitico.mx\/?p=2596"},"wordCount":370,"commentCount":0,"image":{"@id":"https:\/\/quehacerpolitico.mx\/?p=2596#primaryimage"},"thumbnailUrl":"","articleSection":["Noticias"],"inLanguage":"es","potentialAction":[{"@type":"CommentAction","name":"Comment","target":["https:\/\/quehacerpolitico.mx\/?p=2596#respond"]}]},{"@type":"WebPage","@id":"https:\/\/quehacerpolitico.mx\/?p=2596","url":"https:\/\/quehacerpolitico.mx\/?p=2596","name":"Acuerdan AMLO y empresarios impulsar creaci\u00f3n de empleos e inversiones para el crecimiento -","isPartOf":{"@id":"https:\/\/quehacerpolitico.mx\/#website"},"primaryImageOfPage":{"@id":"https:\/\/quehacerpolitico.mx\/?p=2596#primaryimage"},"image":{"@id":"https:\/\/quehacerpolitico.mx\/?p=2596#primaryimage"},"thumbnailUrl":"","datePublished":"2018-08-17T01:11:37+00:00","author":{"@id":"https:\/\/quehacerpolitico.mx\/#\/schema\/person\/496d8ad2d1d3f8036101dca7ee39e585"},"breadcrumb":{"@id":"https:\/\/quehacerpolitico.mx\/?p=2596#breadcrumb"},"inLanguage":"es","potentialAction":[{"@type":"ReadAction","target":["https:\/\/quehacerpolitico.mx\/?p=2596"]}]},{"@type":"ImageObject","inLanguage":"es","@id":"https:\/\/quehacerpolitico.mx\/?p=2596#primaryimage","url":"","contentUrl":""},{"@type":"BreadcrumbList","@id":"https:\/\/quehacerpolitico.mx\/?p=2596#breadcrumb","itemListElement":[{"@type":"ListItem","position":1,"name":"Inicio","item":"https:\/\/quehacerpolitico.mx\/"},{"@type":"ListItem","position":2,"name":"Acuerdan AMLO y empresarios impulsar creaci\u00f3n de empleos e inversiones para el crecimiento"}]},{"@type":"WebSite","@id":"https:\/\/quehacerpolitico.mx\/#website","url":"https:\/\/quehacerpolitico.mx\/","name":"","description":"","potentialAction":[{"@type":"SearchAction","target":{"@type":"EntryPoint","urlTemplate":"https:\/\/quehacerpolitico.mx\/?s={search_term_string}"},"query-input":{"@type":"PropertyValueSpecification","valueRequired":true,"valueName":"search_term_string"}}],"inLanguage":"es"},{"@type":"Person","@id":"https:\/\/quehacerpolitico.mx\/#\/schema\/person\/496d8ad2d1d3f8036101dca7ee39e585","name":"Redacci\u00f3n QP","image":{"@type":"ImageObject","inLanguage":"es","@id":"https:\/\/secure.gravatar.com\/avatar\/c7164ed6fdec453195284ad24a5ae5b6e1eed2b848477fa2a4787ba9adf39a41?s=96&d=mm&r=g","url":"https:\/\/secure.gravatar.com\/avatar\/c7164ed6fdec453195284ad24a5ae5b6e1eed2b848477fa2a4787ba9adf39a41?s=96&d=mm&r=g","contentUrl":"https:\/\/secure.gravatar.com\/avatar\/c7164ed6fdec453195284ad24a5ae5b6e1eed2b848477fa2a4787ba9adf39a41?s=96&d=mm&r=g","caption":"Redacci\u00f3n QP"},"url":"https:\/\/quehacerpolitico.mx\/?author=2"}]}},"featured_image_urls":{"full":"","thumbnail":"","medium":"","medium_large":"","large":"","1536x1536":"","2048x2048":"","covernews-featured":"","covernews-medium":""},"author_info":{"display_name":"Redacci\u00f3n QP","author_link":"https:\/\/quehacerpolitico.mx\/?author=2"},"category_info":"<a href=\"https:\/\/quehacerpolitico.mx\/?cat=2\" rel=\"category\">Noticias<\/a>","tag_info":"Noticias","comment_count":"0","_links":{"self":[{"href":"https:\/\/quehacerpolitico.mx\/index.php?rest_route=\/wp\/v2\/posts\/2596","targetHints":{"allow":["GET"]}}],"collection":[{"href":"https:\/\/quehacerpolitico.mx\/index.php?rest_route=\/wp\/v2\/posts"}],"about":[{"href":"https:\/\/quehacerpolitico.mx\/index.php?rest_route=\/wp\/v2\/types\/post"}],"author":[{"embeddable":true,"href":"https:\/\/quehacerpolitico.mx\/index.php?rest_route=\/wp\/v2\/users\/2"}],"replies":[{"embeddable":true,"href":"https:\/\/quehacerpolitico.mx\/index.php?rest_route=%2Fwp%2Fv2%2Fcomments&post=2596"}],"version-history":[{"count":0,"href":"https:\/\/quehacerpolitico.mx\/index.php?rest_route=\/wp\/v2\/posts\/2596\/revisions"}],"wp:featuredmedia":[{"embeddable":true,"href":"https:\/\/quehacerpolitico.mx\/index.php?rest_route=\/"}],"wp:attachment":[{"href":"https:\/\/quehacerpolitico.mx\/index.php?rest_route=%2Fwp%2Fv2%2Fmedia&parent=2596"}],"wp:term":[{"taxonomy":"category","embeddable":true,"href":"https:\/\/quehacerpolitico.mx\/index.php?rest_route=%2Fwp%2Fv2%2Fcategories&post=2596"},{"taxonomy":"post_tag","embeddable":true,"href":"https:\/\/quehacerpolitico.mx\/index.php?rest_route=%2Fwp%2Fv2%2Ftags&post=2596"}],"curies":[{"name":"wp","href":"https:\/\/api.w.org\/{rel}","templated":true}]}}