{"id":2578,"date":"2018-08-17T00:06:59","date_gmt":"2018-08-17T00:06:59","guid":{"rendered":"http:\/\/quehacerpolitico.mx\/en-2015-mataron-al-padre-lider-indigena-ahora-fue-el-de-16-anos-aparecio-atado-de-manos-y-pies\/"},"modified":"2018-08-17T00:06:59","modified_gmt":"2018-08-17T00:06:59","slug":"en-2015-mataron-al-padre-lider-indigena-ahora-fue-el-de-16-anos-aparecio-atado-de-manos-y-pies","status":"publish","type":"post","link":"https:\/\/quehacerpolitico.mx\/?p=2578","title":{"rendered":"En 2015 mataron al padre, l\u00edder ind\u00edgena. Ahora fue \u00e9l, de 16 a\u00f1os. Apareci\u00f3 atado de manos y pies"},"content":{"rendered":"<h3>Arturo ten\u00eda 16 a\u00f1os y desde el pasado lunes hab\u00eda sido reportado como desaparecido. Se dedicaba a vender tortillas. Su padre fue Arturo V\u00e1squez Garc\u00eda, l\u00edder de un movimiento campesino ind\u00edgena y de estudiantes, que fue ejecutado en octubre de 2015.<\/h3>\n<p>Arturo V\u00e1squez Dom\u00ednguez, de <strong>16 a\u00f1os de edad, fue hallado asesinado<\/strong> a un costado de la autopista Cosoleacaque-La Tinaja, cerca de la entrada al municipio de Texistepec.<\/p>\n<p>El chico, que se dedicaba a repartir tortillas, <strong>apareci\u00f3 amarrado de pies y manos<\/strong> con se\u00f1ales de violencia, adem\u00e1s,<strong> su cuerpo presentaba avanzado estado de descomposici\u00f3n<\/strong>.<\/p>\n<p>El menor de edad fue reportado como <strong>desaparecido<\/strong> desde el pasado lunes. Su familia dijo a las autoridades que presuntamente hab\u00eda tenido un accidente rumbo a Loma Bonita.<\/p>\n<p>La moto apareci\u00f3, pero de \u00e9l no se supo m\u00e1s hasta la ma\u00f1ana del martes, cuando se confirm\u00f3 que era suyo el cad\u00e1ver localizado entre la maleza sobre la carretera con direcci\u00f3n al camino viejo de Texistepec-J\u00e1ltipan.<\/p>\n<div id=\"attachment_3458046\" class=\"wp-caption aligncenter\"><img loading=\"lazy\" decoding=\"async\" class=\"size-full wp-image-3458046\" src=\"http:\/\/www.sinembargo.mx\/wp-content\/uploads\/2018\/08\/nincc83overacruz.jpg\" sizes=\"auto, (max-width: 700px) 100vw, 700px\" srcset=\"http:\/\/www.sinembargo.mx\/wp-content\/uploads\/2018\/08\/nincc83overacruz.jpg 700w, http:\/\/www.sinembargo.mx\/wp-content\/uploads\/2018\/08\/nincc83overacruz-300x144.jpg 300w\" alt=\"\" width=\"700\" height=\"336\" \/><\/p>\n<p class=\"wp-caption-text\">Arturo fue reportado como desaparecido desde el pasado lunes. Foto: Plumas Libres<\/p>\n<\/div>\n<p>El menor era hijo de <strong>Arturo V\u00e1squez Garc\u00eda<\/strong>, l\u00edder de un movimiento <strong>campesino ind\u00edgena y de estudiantes<\/strong>.<\/p>\n<blockquote>\n<p>\u201cEl Sapo\u201d, como era conocido, fue asesinado el 12 de octubre de 2015. Sujetos le ordenaron descender del veh\u00edculo en el que viajaba\u00a0 y lo ejecutaron en el Barrio Pante\u00f3n de la cabecera municipal de Texistepec.<\/p>\n<\/blockquote>\n<p>La mujer que acompa\u00f1aba a V\u00e1zquez Garc\u00eda fue encontrada por la polic\u00eda y auxiliada por las personas que llegaron al lugar.<\/p>\n<p>En cuesti\u00f3n de minutos, la escena del crimen fue copada por docenas de ni\u00f1os, mujeres y hombres que arribaron para lamentar la muerte del l\u00edder de quienes tomaron la caseta de Sayula. Se dijo en el lugar que en su mayor\u00eda los presentes le hab\u00edan acompa\u00f1ado en las tomas y lloraron junto al cad\u00e1ver del hombre asesinado.<\/p>\n<p>Durante m\u00e1s de seis meses, aproximadamente, Arturo V\u00e1squez Garc\u00eda encabez\u00f3 las tomas de la caseta de Sayula con grupos nutridos que al menos en dos ocasiones intentaron apropiarse del paso en el Coatza I y el II.<\/p>\n<p>Las dos veces que arribaron a Coatzacoalcos para tomar esos peajes, fueron desalojados por elementos de la Polic\u00eda Federal, Mando \u00danico y granaderos de la Fuerza Civil.<\/p>\n<p>En la zona de Texistepec, Acayucan y J\u00e1ltipan la noticia corri\u00f3 por medio de redes sociales, causando indignaci\u00f3n y temor en aquella ocasi\u00f3n. Hay docenas de testimonios en medios de comunicaci\u00f3n de la localidad, en donde se daba cuenta que el grupo que lideraba \u201cEl Sapos\u201d, llegaba a la caseta de Sayula en camionetas o eran llevados en autobuses, gran parte de ellos ven\u00edan de municipios marginados en la sierra de Soteapan o Tatahuicapan.<\/p>\n<p>En diferentes momentos, protestaron en contra de la Reforma Educativa de Enrique Pe\u00f1a Nieto, por los estudiantes desaparecidos en Ayotzinapa, Guerrero, y por apoyos para el empleo por parte de la Secretar\u00eda de Desarrollo Social (Sedesol).<\/p>\n<p>Con Informaci\u00f3n de Plumas Libres<\/p>\n","protected":false},"excerpt":{"rendered":"<p>En 2015 mataron al padre, l\u00edder ind\u00edgena. Ahora fue \u00e9l, de 16 a\u00f1os. Apareci\u00f3 atado de manos y pies<br \/>\nPor Redacci\u00f3n QP<\/p>\n","protected":false},"author":2,"featured_media":2577,"comment_status":"open","ping_status":"open","sticky":false,"template":"","format":"standard","meta":{"_monsterinsights_skip_tracking":false,"_monsterinsights_sitenote_active":false,"_monsterinsights_sitenote_note":"","_monsterinsights_sitenote_category":0,"footnotes":""},"categories":[2],"tags":[],"class_list":["post-2578","post","type-post","status-publish","format-standard","has-post-thumbnail","hentry","category-noticias"],"yoast_head":"<!-- This site is optimized with the Yoast SEO plugin v27.3 - https:\/\/yoast.com\/product\/yoast-seo-wordpress\/ -->\n<title>En 2015 mataron al padre, l\u00edder ind\u00edgena. Ahora fue \u00e9l, de 16 a\u00f1os. Apareci\u00f3 atado de manos y pies -<\/title>\n<meta name=\"robots\" content=\"index, follow, max-snippet:-1, max-image-preview:large, max-video-preview:-1\" \/>\n<link rel=\"canonical\" href=\"https:\/\/quehacerpolitico.mx\/?p=2578\" \/>\n<meta property=\"og:locale\" content=\"es_MX\" \/>\n<meta property=\"og:type\" content=\"article\" \/>\n<meta property=\"og:title\" content=\"En 2015 mataron al padre, l\u00edder ind\u00edgena. Ahora fue \u00e9l, de 16 a\u00f1os. Apareci\u00f3 atado de manos y pies -\" \/>\n<meta property=\"og:description\" content=\"En 2015 mataron al padre, l\u00edder ind\u00edgena. Ahora fue \u00e9l, de 16 a\u00f1os. Apareci\u00f3 atado de manos y pies Por Redacci\u00f3n QP\" \/>\n<meta property=\"og:url\" content=\"https:\/\/quehacerpolitico.mx\/?p=2578\" \/>\n<meta property=\"article:published_time\" content=\"2018-08-17T00:06:59+00:00\" \/>\n<meta name=\"author\" content=\"Redacci\u00f3n QP\" \/>\n<meta name=\"twitter:card\" content=\"summary_large_image\" \/>\n<meta name=\"twitter:label1\" content=\"Escrito por\" \/>\n\t<meta name=\"twitter:data1\" content=\"Redacci\u00f3n QP\" \/>\n\t<meta name=\"twitter:label2\" content=\"Tiempo de lectura\" \/>\n\t<meta name=\"twitter:data2\" content=\"3 minutos\" \/>\n<script type=\"application\/ld+json\" class=\"yoast-schema-graph\">{\"@context\":\"https:\\\/\\\/schema.org\",\"@graph\":[{\"@type\":\"Article\",\"@id\":\"https:\\\/\\\/quehacerpolitico.mx\\\/?p=2578#article\",\"isPartOf\":{\"@id\":\"https:\\\/\\\/quehacerpolitico.mx\\\/?p=2578\"},\"author\":{\"name\":\"Redacci\u00f3n QP\",\"@id\":\"https:\\\/\\\/quehacerpolitico.mx\\\/#\\\/schema\\\/person\\\/496d8ad2d1d3f8036101dca7ee39e585\"},\"headline\":\"En 2015 mataron al padre, l\u00edder ind\u00edgena. Ahora fue \u00e9l, de 16 a\u00f1os. Apareci\u00f3 atado de manos y pies\",\"datePublished\":\"2018-08-17T00:06:59+00:00\",\"mainEntityOfPage\":{\"@id\":\"https:\\\/\\\/quehacerpolitico.mx\\\/?p=2578\"},\"wordCount\":544,\"commentCount\":0,\"image\":{\"@id\":\"https:\\\/\\\/quehacerpolitico.mx\\\/?p=2578#primaryimage\"},\"thumbnailUrl\":\"\",\"articleSection\":[\"Noticias\"],\"inLanguage\":\"es\",\"potentialAction\":[{\"@type\":\"CommentAction\",\"name\":\"Comment\",\"target\":[\"https:\\\/\\\/quehacerpolitico.mx\\\/?p=2578#respond\"]}]},{\"@type\":\"WebPage\",\"@id\":\"https:\\\/\\\/quehacerpolitico.mx\\\/?p=2578\",\"url\":\"https:\\\/\\\/quehacerpolitico.mx\\\/?p=2578\",\"name\":\"En 2015 mataron al padre, l\u00edder ind\u00edgena. Ahora fue \u00e9l, de 16 a\u00f1os. Apareci\u00f3 atado de manos y pies -\",\"isPartOf\":{\"@id\":\"https:\\\/\\\/quehacerpolitico.mx\\\/#website\"},\"primaryImageOfPage\":{\"@id\":\"https:\\\/\\\/quehacerpolitico.mx\\\/?p=2578#primaryimage\"},\"image\":{\"@id\":\"https:\\\/\\\/quehacerpolitico.mx\\\/?p=2578#primaryimage\"},\"thumbnailUrl\":\"\",\"datePublished\":\"2018-08-17T00:06:59+00:00\",\"author\":{\"@id\":\"https:\\\/\\\/quehacerpolitico.mx\\\/#\\\/schema\\\/person\\\/496d8ad2d1d3f8036101dca7ee39e585\"},\"breadcrumb\":{\"@id\":\"https:\\\/\\\/quehacerpolitico.mx\\\/?p=2578#breadcrumb\"},\"inLanguage\":\"es\",\"potentialAction\":[{\"@type\":\"ReadAction\",\"target\":[\"https:\\\/\\\/quehacerpolitico.mx\\\/?p=2578\"]}]},{\"@type\":\"ImageObject\",\"inLanguage\":\"es\",\"@id\":\"https:\\\/\\\/quehacerpolitico.mx\\\/?p=2578#primaryimage\",\"url\":\"\",\"contentUrl\":\"\"},{\"@type\":\"BreadcrumbList\",\"@id\":\"https:\\\/\\\/quehacerpolitico.mx\\\/?p=2578#breadcrumb\",\"itemListElement\":[{\"@type\":\"ListItem\",\"position\":1,\"name\":\"Inicio\",\"item\":\"https:\\\/\\\/quehacerpolitico.mx\\\/\"},{\"@type\":\"ListItem\",\"position\":2,\"name\":\"En 2015 mataron al padre, l\u00edder ind\u00edgena. Ahora fue \u00e9l, de 16 a\u00f1os. Apareci\u00f3 atado de manos y pies\"}]},{\"@type\":\"WebSite\",\"@id\":\"https:\\\/\\\/quehacerpolitico.mx\\\/#website\",\"url\":\"https:\\\/\\\/quehacerpolitico.mx\\\/\",\"name\":\"\",\"description\":\"\",\"potentialAction\":[{\"@type\":\"SearchAction\",\"target\":{\"@type\":\"EntryPoint\",\"urlTemplate\":\"https:\\\/\\\/quehacerpolitico.mx\\\/?s={search_term_string}\"},\"query-input\":{\"@type\":\"PropertyValueSpecification\",\"valueRequired\":true,\"valueName\":\"search_term_string\"}}],\"inLanguage\":\"es\"},{\"@type\":\"Person\",\"@id\":\"https:\\\/\\\/quehacerpolitico.mx\\\/#\\\/schema\\\/person\\\/496d8ad2d1d3f8036101dca7ee39e585\",\"name\":\"Redacci\u00f3n QP\",\"image\":{\"@type\":\"ImageObject\",\"inLanguage\":\"es\",\"@id\":\"https:\\\/\\\/secure.gravatar.com\\\/avatar\\\/c7164ed6fdec453195284ad24a5ae5b6e1eed2b848477fa2a4787ba9adf39a41?s=96&d=mm&r=g\",\"url\":\"https:\\\/\\\/secure.gravatar.com\\\/avatar\\\/c7164ed6fdec453195284ad24a5ae5b6e1eed2b848477fa2a4787ba9adf39a41?s=96&d=mm&r=g\",\"contentUrl\":\"https:\\\/\\\/secure.gravatar.com\\\/avatar\\\/c7164ed6fdec453195284ad24a5ae5b6e1eed2b848477fa2a4787ba9adf39a41?s=96&d=mm&r=g\",\"caption\":\"Redacci\u00f3n QP\"},\"url\":\"https:\\\/\\\/quehacerpolitico.mx\\\/?author=2\"}]}<\/script>\n<!-- \/ Yoast SEO plugin. -->","yoast_head_json":{"title":"En 2015 mataron al padre, l\u00edder ind\u00edgena. Ahora fue \u00e9l, de 16 a\u00f1os. Apareci\u00f3 atado de manos y pies -","robots":{"index":"index","follow":"follow","max-snippet":"max-snippet:-1","max-image-preview":"max-image-preview:large","max-video-preview":"max-video-preview:-1"},"canonical":"https:\/\/quehacerpolitico.mx\/?p=2578","og_locale":"es_MX","og_type":"article","og_title":"En 2015 mataron al padre, l\u00edder ind\u00edgena. Ahora fue \u00e9l, de 16 a\u00f1os. Apareci\u00f3 atado de manos y pies -","og_description":"En 2015 mataron al padre, l\u00edder ind\u00edgena. Ahora fue \u00e9l, de 16 a\u00f1os. Apareci\u00f3 atado de manos y pies Por Redacci\u00f3n QP","og_url":"https:\/\/quehacerpolitico.mx\/?p=2578","article_published_time":"2018-08-17T00:06:59+00:00","author":"Redacci\u00f3n QP","twitter_card":"summary_large_image","twitter_misc":{"Escrito por":"Redacci\u00f3n QP","Tiempo de lectura":"3 minutos"},"schema":{"@context":"https:\/\/schema.org","@graph":[{"@type":"Article","@id":"https:\/\/quehacerpolitico.mx\/?p=2578#article","isPartOf":{"@id":"https:\/\/quehacerpolitico.mx\/?p=2578"},"author":{"name":"Redacci\u00f3n QP","@id":"https:\/\/quehacerpolitico.mx\/#\/schema\/person\/496d8ad2d1d3f8036101dca7ee39e585"},"headline":"En 2015 mataron al padre, l\u00edder ind\u00edgena. Ahora fue \u00e9l, de 16 a\u00f1os. Apareci\u00f3 atado de manos y pies","datePublished":"2018-08-17T00:06:59+00:00","mainEntityOfPage":{"@id":"https:\/\/quehacerpolitico.mx\/?p=2578"},"wordCount":544,"commentCount":0,"image":{"@id":"https:\/\/quehacerpolitico.mx\/?p=2578#primaryimage"},"thumbnailUrl":"","articleSection":["Noticias"],"inLanguage":"es","potentialAction":[{"@type":"CommentAction","name":"Comment","target":["https:\/\/quehacerpolitico.mx\/?p=2578#respond"]}]},{"@type":"WebPage","@id":"https:\/\/quehacerpolitico.mx\/?p=2578","url":"https:\/\/quehacerpolitico.mx\/?p=2578","name":"En 2015 mataron al padre, l\u00edder ind\u00edgena. Ahora fue \u00e9l, de 16 a\u00f1os. Apareci\u00f3 atado de manos y pies -","isPartOf":{"@id":"https:\/\/quehacerpolitico.mx\/#website"},"primaryImageOfPage":{"@id":"https:\/\/quehacerpolitico.mx\/?p=2578#primaryimage"},"image":{"@id":"https:\/\/quehacerpolitico.mx\/?p=2578#primaryimage"},"thumbnailUrl":"","datePublished":"2018-08-17T00:06:59+00:00","author":{"@id":"https:\/\/quehacerpolitico.mx\/#\/schema\/person\/496d8ad2d1d3f8036101dca7ee39e585"},"breadcrumb":{"@id":"https:\/\/quehacerpolitico.mx\/?p=2578#breadcrumb"},"inLanguage":"es","potentialAction":[{"@type":"ReadAction","target":["https:\/\/quehacerpolitico.mx\/?p=2578"]}]},{"@type":"ImageObject","inLanguage":"es","@id":"https:\/\/quehacerpolitico.mx\/?p=2578#primaryimage","url":"","contentUrl":""},{"@type":"BreadcrumbList","@id":"https:\/\/quehacerpolitico.mx\/?p=2578#breadcrumb","itemListElement":[{"@type":"ListItem","position":1,"name":"Inicio","item":"https:\/\/quehacerpolitico.mx\/"},{"@type":"ListItem","position":2,"name":"En 2015 mataron al padre, l\u00edder ind\u00edgena. Ahora fue \u00e9l, de 16 a\u00f1os. Apareci\u00f3 atado de manos y pies"}]},{"@type":"WebSite","@id":"https:\/\/quehacerpolitico.mx\/#website","url":"https:\/\/quehacerpolitico.mx\/","name":"","description":"","potentialAction":[{"@type":"SearchAction","target":{"@type":"EntryPoint","urlTemplate":"https:\/\/quehacerpolitico.mx\/?s={search_term_string}"},"query-input":{"@type":"PropertyValueSpecification","valueRequired":true,"valueName":"search_term_string"}}],"inLanguage":"es"},{"@type":"Person","@id":"https:\/\/quehacerpolitico.mx\/#\/schema\/person\/496d8ad2d1d3f8036101dca7ee39e585","name":"Redacci\u00f3n QP","image":{"@type":"ImageObject","inLanguage":"es","@id":"https:\/\/secure.gravatar.com\/avatar\/c7164ed6fdec453195284ad24a5ae5b6e1eed2b848477fa2a4787ba9adf39a41?s=96&d=mm&r=g","url":"https:\/\/secure.gravatar.com\/avatar\/c7164ed6fdec453195284ad24a5ae5b6e1eed2b848477fa2a4787ba9adf39a41?s=96&d=mm&r=g","contentUrl":"https:\/\/secure.gravatar.com\/avatar\/c7164ed6fdec453195284ad24a5ae5b6e1eed2b848477fa2a4787ba9adf39a41?s=96&d=mm&r=g","caption":"Redacci\u00f3n QP"},"url":"https:\/\/quehacerpolitico.mx\/?author=2"}]}},"featured_image_urls":{"full":"","thumbnail":"","medium":"","medium_large":"","large":"","1536x1536":"","2048x2048":"","covernews-featured":"","covernews-medium":""},"author_info":{"display_name":"Redacci\u00f3n QP","author_link":"https:\/\/quehacerpolitico.mx\/?author=2"},"category_info":"<a href=\"https:\/\/quehacerpolitico.mx\/?cat=2\" rel=\"category\">Noticias<\/a>","tag_info":"Noticias","comment_count":"0","_links":{"self":[{"href":"https:\/\/quehacerpolitico.mx\/index.php?rest_route=\/wp\/v2\/posts\/2578","targetHints":{"allow":["GET"]}}],"collection":[{"href":"https:\/\/quehacerpolitico.mx\/index.php?rest_route=\/wp\/v2\/posts"}],"about":[{"href":"https:\/\/quehacerpolitico.mx\/index.php?rest_route=\/wp\/v2\/types\/post"}],"author":[{"embeddable":true,"href":"https:\/\/quehacerpolitico.mx\/index.php?rest_route=\/wp\/v2\/users\/2"}],"replies":[{"embeddable":true,"href":"https:\/\/quehacerpolitico.mx\/index.php?rest_route=%2Fwp%2Fv2%2Fcomments&post=2578"}],"version-history":[{"count":0,"href":"https:\/\/quehacerpolitico.mx\/index.php?rest_route=\/wp\/v2\/posts\/2578\/revisions"}],"wp:featuredmedia":[{"embeddable":true,"href":"https:\/\/quehacerpolitico.mx\/index.php?rest_route=\/"}],"wp:attachment":[{"href":"https:\/\/quehacerpolitico.mx\/index.php?rest_route=%2Fwp%2Fv2%2Fmedia&parent=2578"}],"wp:term":[{"taxonomy":"category","embeddable":true,"href":"https:\/\/quehacerpolitico.mx\/index.php?rest_route=%2Fwp%2Fv2%2Fcategories&post=2578"},{"taxonomy":"post_tag","embeddable":true,"href":"https:\/\/quehacerpolitico.mx\/index.php?rest_route=%2Fwp%2Fv2%2Ftags&post=2578"}],"curies":[{"name":"wp","href":"https:\/\/api.w.org\/{rel}","templated":true}]}}