{"id":2545,"date":"2018-08-16T14:20:28","date_gmt":"2018-08-16T14:20:28","guid":{"rendered":"http:\/\/quehacerpolitico.mx\/la-lucha-que-se-avecina-en-el-snte-y-la-cnte-ante-regreso-de-gordillo\/"},"modified":"2018-08-16T14:20:28","modified_gmt":"2018-08-16T14:20:28","slug":"la-lucha-que-se-avecina-en-el-snte-y-la-cnte-ante-regreso-de-gordillo","status":"publish","type":"post","link":"https:\/\/quehacerpolitico.mx\/?p=2545","title":{"rendered":"La lucha que se avecina en el SNTE y la CNTE ante regreso de Gordillo"},"content":{"rendered":"<ol>\n<li>Las <strong>fuerzas magisteriales<\/strong> comienzan a medirse entre los <strong>liderazgos<\/strong> que se forjaron durante los cinco a\u00f1os que <strong>Elba Esther Gordillo<\/strong> permaneci\u00f3 en la c\u00e1rcel y ahora se preparan para defender y consolidar los <strong>espacios de control<\/strong> que ganaron en el <strong>Sindicato Nacional de Trabajadores de la Educaci\u00f3n<\/strong> (<strong>SNTE<\/strong>).<\/li>\n<\/ol>\n<p>El regreso de <strong><em>La Maestra<\/em><\/strong> a la arena p\u00fablica ha levantado <strong>posiciones encontradas<\/strong> entre las facciones disidentes, incluso dentro del <strong>SNTE,<\/strong> ya no se diga en la <strong>Coordinadora Nacional de Trabajadores de la Educaci\u00f3n<\/strong> (<strong>CNTE<\/strong>), que levanta nuevamente <strong>la bandera de la disidencia<\/strong> y se opone abiertamente a que <strong>Gordillo<\/strong> retome el control de uno de los sindicatos m\u00e1s poderosos del pa\u00eds.<\/p>\n<p>Pero las ra\u00edces de la estructura sindical que <strong>Gordillo<\/strong>procur\u00f3 durante m\u00e1s de dos d\u00e9cadas en las que detent\u00f3 el <strong>poder absoluto entre los maestros del pa\u00eds<\/strong> ahora le dan frutos con liderazgos como el que representa a la corriente <strong>Maestros Por M\u00e9xico<\/strong>, que piden que regrese.<\/p>\n<p>En entrevista, <strong>Enrique Enr\u00edquez<\/strong>, secretario general de la <strong>Secci\u00f3n 9<\/strong> de la <strong>CNTE<\/strong> en la Ciudad de M\u00e9xico, afirm\u00f3 que la liberaci\u00f3n de <strong>Gordillo<\/strong> no contribuye para la democratizaci\u00f3n del sindicato.<\/p>\n<blockquote>\n<p>\u201cNosotros creemos que no representa a los maestros del pa\u00eds y hoy supuestamente sale absuelta, porque le crean los cargos, pero la pudieron acusar del asesinato de Misael N\u00fa\u00f1ez Acosta y por ser la represora de los maestros democr\u00e1ticos, as\u00ed como del mal manejo de los recursos sindicales\u201d indic\u00f3 Enr\u00edquez, quien acus\u00f3 que desde que el ex Presidente Carlos Salinas de Gortari la puso al frente del magisterio, Gordillo arraig\u00f3 el \u201ccharrismo\u201d con intereses pol\u00edticos.<\/p>\n<p>En contraparte, el maestro <strong>Manuel Madero<\/strong>, miembro de <strong>Maestros Por M\u00e9xico<\/strong> en Sonora, afirm\u00f3 que la liberaci\u00f3n de <strong>Elba Esther<\/strong> corresponde a un acto de legalidad y que era esperado por los opositores a Juan D\u00edaz.<\/p>\n<blockquote>\n<p>\u201cEsperamos que el 20 de agosto, cuando la maestra de un mensaje p\u00fablico, se le restituya a como la presidenta del Comit\u00e9 Ejecutivo Nacional del SNTE\u201d, afirm\u00f3.<\/p>\n<\/blockquote>\n<p>Igualmente, rechaz\u00f3 que <strong>Juan D\u00edaz de la Torre<\/strong>, secretario general del <strong>SNTE,<\/strong> en alg\u00fan momento fuera el <strong>l\u00edder del sindicato<\/strong> porque \u201cnunca fue electo en un Congreso Nacional, la \u00fanica vez que estuvo en uno fue cuando se eligi\u00f3 a La Maestra como presidenta y a \u00e9l como secretario\u201d.<\/p>\n<p>Respecto a si en octubre, cuando sea el pr\u00f3ximo Congreso del <strong>SNTE<\/strong> para <strong>renovar la dirigencia<\/strong> se buscar\u00e1 que <strong>Gordillo<\/strong> vuelva a encabezarlos, Madero se\u00f1al\u00f3 que debe ser reconocida como la actual dirigente al recuperar sus derechos por ser absuelta, pero primero, reiter\u00f3, <strong>tiene que tomar otra vez el cargo el 20 de agosto<\/strong>.<\/p>\n<blockquote>\n<p>\u201cSi el 20 de agosto no la restituyen, vamos a actuar por la v\u00eda jur\u00eddica hasta que D\u00edaz deje el cargo (\u2026) si en octubre La Maestra ya est\u00e1 en la dirigencia, podremos ver si contin\u00faa o si se define otro liderazgo\u201d, detall\u00f3.<\/p>\n<p>\u201cPrimero que nada, es que se vuelva a democratizar el SNTE (\u2026) el arresto fue una estrategia pol\u00edtica, porque a\u00fan cuando se desconoc\u00eda la situaci\u00f3n jur\u00eddica de Elba Esther y si era culpable o no, el Comit\u00e9 design\u00f3 a D\u00edaz como el dirigente\u201d, sentenci\u00f3 Madero.<\/p>\n<\/blockquote>\n<h1>-Los dominios de las facciones-<\/h1>\n<p>El <strong>SNTE<\/strong> agrupa a <strong>un mill\u00f3n 300 mil docentes<\/strong>aproximadamente, de las 32 entidades federativa. Desde hace 38 a\u00f1os, su brazo disidente, tiene en sus filas a alrededor de 100 mil maestros con mayor presencia en <strong>Michoac\u00e1n, Chiapas<\/strong> y <strong>Oaxaca.<\/strong><\/p>\n<p>Desde abril de 2017, cuando empezaron las campa\u00f1as electorales, surgi\u00f3 <strong>Maestros Por M\u00e9xico<\/strong>, con un respaldo de 15 mil maestros; y seg\u00fan el docente, Manuel Madero, actualmente son 50 mil liderados por 44 dirigentes de toda la Rep\u00fablica, opositores a <strong>Juan D\u00edaz de la Torre<\/strong>.<\/p>\n<blockquote>\n<p>\u201cSomos maestros de diferentes entidades, con cap\u00edtulos por estado en los que tenemos a nuestros simpatizantes, algunos muy nutridos, otros no\u201d, inform\u00f3.<\/p>\n<\/blockquote>\n<p>De acuerdo con la p\u00e1gina de internet de Maestros Por M\u00e9xico, la organizaci\u00f3n tiene militantes en Jalisco, Aguascalientes, Chiapas, Quintana Roo, Guanajuato, Colima, Zacatecas, Estado de M\u00e9xico, Ciudad de M\u00e9xico, Morelos, Quer\u00e9taro, Hidalgo, Puebla, Guerrero, Tlaxcala, Sonora, Sinaloa, Baja California Norte y Sur, Yucat\u00e1n, Tabasco, Veracruz, Durango, Chihuahua, Coahuila, Nuevo Le\u00f3n y Tamaulipas.<\/p>\n<p>En donde m\u00e1s tiene presencia es en Chiapas en los municipios de Tuxtla Guti\u00e9rrez, Ocozocoutla de Espinoza, Cintalapa, Tapachula, Arriaga, Palenque, San Crist\u00f3bal de las Casas, Comit\u00e1n, Tonal\u00e1, Pichucalco, Ju\u00e1rez, Reforma, Villaflores, Chiapa de Corzo, Escuintla, Ocosingo y Mapastepec. Mientras que en Quer\u00e9taro s\u00f3lo tiene injerencia en la capital.<\/p>\n<p>Al respecto, el l\u00edder de la <strong>Secci\u00f3n 9<\/strong> de la <strong>CNTE,<\/strong><strong>Enrique Enr\u00edquez<\/strong>, consider\u00f3 que <strong>Maestros Por M\u00e9xico<\/strong> es una organizaci\u00f3n que naci\u00f3 por la coyuntura electoral y que tiene como fin reposicionar de nuevo a <strong>Gordillo<\/strong> en el sindicato.<\/p>\n<p>Igualmente se\u00f1al\u00f3 que tanto <strong>Maestros Por M\u00e9xico<\/strong>como Magisterio Despierta, grupo que en redes sociales lanz\u00f3 videos llamando a la restituci\u00f3n de <strong>Elba Esther<\/strong>, son parte del viejo <strong>\u201ccharrismo\u201d<\/strong> que tiene entre sus figuras al ex l\u00edder del <strong>SNTE,<\/strong> <strong>Rafael Ochoa<\/strong>.<\/p>\n<blockquote>\n<p>\u201cRafael Ochoa y esa gente va a pelear para que regrese, para no permitir la democracia en el sindicato (\u2026) no s\u00e9 cu\u00e1ntos maestros sean, es una representaci\u00f3n nacional con una fuerte campa\u00f1a medi\u00e1tica\u201d, indic\u00f3 el l\u00edder de la CNTE.<\/p>\n<\/blockquote>\n<h1>-El SNTE defiende su liderazgo-<\/h1>\n<p>Despu\u00e9s de la liberaci\u00f3n de <strong>Elba Esther Gordillo<\/strong> el 7 de agosto, el <strong>SNTE<\/strong> comenz\u00f3 a hacer campa\u00f1a para destacar los logros de <strong>D\u00edaz de la Torre<\/strong> al frente.<\/p>\n<p>A trav\u00e9s de un comunicado de la organizaci\u00f3n, se inform\u00f3 que el secretario general declar\u00f3 que en el sindicato no hab\u00eda espacio para \u201cchantajes, ni protagonismo de nadie\u201d.<\/p>\n<p>Tambi\u00e9n se dio a conocer que el <strong>SNTE<\/strong> iba a emprender una campa\u00f1a para destacar sus logros a trav\u00e9s de videos en redes sociales.<\/p>\n<p>En uno de ellos, <strong>Alfonso Cepeda Salas<\/strong>, secretario general del Comit\u00e9 Ejecutivo Nacional del <strong>SNTE,<\/strong>se\u00f1al\u00f3 que los \u201cderechos se defienden y se conquistan\u201d.<\/p>\n<p>Igualmente, refrend\u00f3 su car\u00e1cter de institucional al afirmar que en un \u00e9poca de cambios continuar\u00e1 en esa v\u00eda y sumar\u00e1n sus capacidades en el nuevo Gobierno.<\/p>\n<p>Tambi\u00e9n indic\u00f3 que \u201cmantener vigente a la escuela p\u00fablica, nos exige mantenernos unidos en torno a nuestra organizaci\u00f3n sindical para que conserve su car\u00e1cter nacional, unitario y aut\u00f3nomo\u201d.<\/p>\n<p><strong>Se <\/strong>trat\u00f3 de contactar a Juan D\u00edaz para entrevistarlo acerca de la situaci\u00f3n del magisterio respecto al regreso de Gordillo. Sin embargo, la vocer\u00eda del sindicato se\u00f1al\u00f3 que no tiene espacio en su agenda.<\/p>\n<\/blockquote>\n","protected":false},"excerpt":{"rendered":"<p>La lucha que se avecina en el SNTE y la CNTE ante regreso de Gordillo<br \/>\nPor Redacci\u00f3n QP<\/p>\n","protected":false},"author":2,"featured_media":2544,"comment_status":"open","ping_status":"open","sticky":false,"template":"","format":"standard","meta":{"_monsterinsights_skip_tracking":false,"_monsterinsights_sitenote_active":false,"_monsterinsights_sitenote_note":"","_monsterinsights_sitenote_category":0,"footnotes":""},"categories":[2],"tags":[],"class_list":["post-2545","post","type-post","status-publish","format-standard","has-post-thumbnail","hentry","category-noticias"],"yoast_head":"<!-- This site is optimized with the Yoast SEO plugin v27.3 - https:\/\/yoast.com\/product\/yoast-seo-wordpress\/ -->\n<title>La lucha que se avecina en el SNTE y la CNTE ante regreso de Gordillo -<\/title>\n<meta name=\"robots\" content=\"index, follow, max-snippet:-1, max-image-preview:large, max-video-preview:-1\" \/>\n<link rel=\"canonical\" href=\"https:\/\/quehacerpolitico.mx\/?p=2545\" \/>\n<meta property=\"og:locale\" content=\"es_MX\" \/>\n<meta property=\"og:type\" content=\"article\" \/>\n<meta property=\"og:title\" content=\"La lucha que se avecina en el SNTE y la CNTE ante regreso de Gordillo -\" \/>\n<meta property=\"og:description\" content=\"La lucha que se avecina en el SNTE y la CNTE ante regreso de Gordillo Por Redacci\u00f3n QP\" \/>\n<meta property=\"og:url\" content=\"https:\/\/quehacerpolitico.mx\/?p=2545\" \/>\n<meta property=\"article:published_time\" content=\"2018-08-16T14:20:28+00:00\" \/>\n<meta name=\"author\" content=\"Redacci\u00f3n QP\" \/>\n<meta name=\"twitter:card\" content=\"summary_large_image\" \/>\n<meta name=\"twitter:label1\" content=\"Escrito por\" \/>\n\t<meta name=\"twitter:data1\" content=\"Redacci\u00f3n QP\" \/>\n\t<meta name=\"twitter:label2\" content=\"Tiempo de lectura\" \/>\n\t<meta name=\"twitter:data2\" content=\"6 minutos\" \/>\n<script type=\"application\/ld+json\" class=\"yoast-schema-graph\">{\"@context\":\"https:\\\/\\\/schema.org\",\"@graph\":[{\"@type\":\"Article\",\"@id\":\"https:\\\/\\\/quehacerpolitico.mx\\\/?p=2545#article\",\"isPartOf\":{\"@id\":\"https:\\\/\\\/quehacerpolitico.mx\\\/?p=2545\"},\"author\":{\"name\":\"Redacci\u00f3n QP\",\"@id\":\"https:\\\/\\\/quehacerpolitico.mx\\\/#\\\/schema\\\/person\\\/496d8ad2d1d3f8036101dca7ee39e585\"},\"headline\":\"La lucha que se avecina en el SNTE y la CNTE ante regreso de Gordillo\",\"datePublished\":\"2018-08-16T14:20:28+00:00\",\"mainEntityOfPage\":{\"@id\":\"https:\\\/\\\/quehacerpolitico.mx\\\/?p=2545\"},\"wordCount\":1147,\"commentCount\":0,\"image\":{\"@id\":\"https:\\\/\\\/quehacerpolitico.mx\\\/?p=2545#primaryimage\"},\"thumbnailUrl\":\"\",\"articleSection\":[\"Noticias\"],\"inLanguage\":\"es\",\"potentialAction\":[{\"@type\":\"CommentAction\",\"name\":\"Comment\",\"target\":[\"https:\\\/\\\/quehacerpolitico.mx\\\/?p=2545#respond\"]}]},{\"@type\":\"WebPage\",\"@id\":\"https:\\\/\\\/quehacerpolitico.mx\\\/?p=2545\",\"url\":\"https:\\\/\\\/quehacerpolitico.mx\\\/?p=2545\",\"name\":\"La lucha que se avecina en el SNTE y la CNTE ante regreso de Gordillo -\",\"isPartOf\":{\"@id\":\"https:\\\/\\\/quehacerpolitico.mx\\\/#website\"},\"primaryImageOfPage\":{\"@id\":\"https:\\\/\\\/quehacerpolitico.mx\\\/?p=2545#primaryimage\"},\"image\":{\"@id\":\"https:\\\/\\\/quehacerpolitico.mx\\\/?p=2545#primaryimage\"},\"thumbnailUrl\":\"\",\"datePublished\":\"2018-08-16T14:20:28+00:00\",\"author\":{\"@id\":\"https:\\\/\\\/quehacerpolitico.mx\\\/#\\\/schema\\\/person\\\/496d8ad2d1d3f8036101dca7ee39e585\"},\"breadcrumb\":{\"@id\":\"https:\\\/\\\/quehacerpolitico.mx\\\/?p=2545#breadcrumb\"},\"inLanguage\":\"es\",\"potentialAction\":[{\"@type\":\"ReadAction\",\"target\":[\"https:\\\/\\\/quehacerpolitico.mx\\\/?p=2545\"]}]},{\"@type\":\"ImageObject\",\"inLanguage\":\"es\",\"@id\":\"https:\\\/\\\/quehacerpolitico.mx\\\/?p=2545#primaryimage\",\"url\":\"\",\"contentUrl\":\"\"},{\"@type\":\"BreadcrumbList\",\"@id\":\"https:\\\/\\\/quehacerpolitico.mx\\\/?p=2545#breadcrumb\",\"itemListElement\":[{\"@type\":\"ListItem\",\"position\":1,\"name\":\"Inicio\",\"item\":\"https:\\\/\\\/quehacerpolitico.mx\\\/\"},{\"@type\":\"ListItem\",\"position\":2,\"name\":\"La lucha que se avecina en el SNTE y la CNTE ante regreso de Gordillo\"}]},{\"@type\":\"WebSite\",\"@id\":\"https:\\\/\\\/quehacerpolitico.mx\\\/#website\",\"url\":\"https:\\\/\\\/quehacerpolitico.mx\\\/\",\"name\":\"\",\"description\":\"\",\"potentialAction\":[{\"@type\":\"SearchAction\",\"target\":{\"@type\":\"EntryPoint\",\"urlTemplate\":\"https:\\\/\\\/quehacerpolitico.mx\\\/?s={search_term_string}\"},\"query-input\":{\"@type\":\"PropertyValueSpecification\",\"valueRequired\":true,\"valueName\":\"search_term_string\"}}],\"inLanguage\":\"es\"},{\"@type\":\"Person\",\"@id\":\"https:\\\/\\\/quehacerpolitico.mx\\\/#\\\/schema\\\/person\\\/496d8ad2d1d3f8036101dca7ee39e585\",\"name\":\"Redacci\u00f3n QP\",\"image\":{\"@type\":\"ImageObject\",\"inLanguage\":\"es\",\"@id\":\"https:\\\/\\\/secure.gravatar.com\\\/avatar\\\/c7164ed6fdec453195284ad24a5ae5b6e1eed2b848477fa2a4787ba9adf39a41?s=96&d=mm&r=g\",\"url\":\"https:\\\/\\\/secure.gravatar.com\\\/avatar\\\/c7164ed6fdec453195284ad24a5ae5b6e1eed2b848477fa2a4787ba9adf39a41?s=96&d=mm&r=g\",\"contentUrl\":\"https:\\\/\\\/secure.gravatar.com\\\/avatar\\\/c7164ed6fdec453195284ad24a5ae5b6e1eed2b848477fa2a4787ba9adf39a41?s=96&d=mm&r=g\",\"caption\":\"Redacci\u00f3n QP\"},\"url\":\"https:\\\/\\\/quehacerpolitico.mx\\\/?author=2\"}]}<\/script>\n<!-- \/ Yoast SEO plugin. -->","yoast_head_json":{"title":"La lucha que se avecina en el SNTE y la CNTE ante regreso de Gordillo -","robots":{"index":"index","follow":"follow","max-snippet":"max-snippet:-1","max-image-preview":"max-image-preview:large","max-video-preview":"max-video-preview:-1"},"canonical":"https:\/\/quehacerpolitico.mx\/?p=2545","og_locale":"es_MX","og_type":"article","og_title":"La lucha que se avecina en el SNTE y la CNTE ante regreso de Gordillo -","og_description":"La lucha que se avecina en el SNTE y la CNTE ante regreso de Gordillo Por Redacci\u00f3n QP","og_url":"https:\/\/quehacerpolitico.mx\/?p=2545","article_published_time":"2018-08-16T14:20:28+00:00","author":"Redacci\u00f3n QP","twitter_card":"summary_large_image","twitter_misc":{"Escrito por":"Redacci\u00f3n QP","Tiempo de lectura":"6 minutos"},"schema":{"@context":"https:\/\/schema.org","@graph":[{"@type":"Article","@id":"https:\/\/quehacerpolitico.mx\/?p=2545#article","isPartOf":{"@id":"https:\/\/quehacerpolitico.mx\/?p=2545"},"author":{"name":"Redacci\u00f3n QP","@id":"https:\/\/quehacerpolitico.mx\/#\/schema\/person\/496d8ad2d1d3f8036101dca7ee39e585"},"headline":"La lucha que se avecina en el SNTE y la CNTE ante regreso de Gordillo","datePublished":"2018-08-16T14:20:28+00:00","mainEntityOfPage":{"@id":"https:\/\/quehacerpolitico.mx\/?p=2545"},"wordCount":1147,"commentCount":0,"image":{"@id":"https:\/\/quehacerpolitico.mx\/?p=2545#primaryimage"},"thumbnailUrl":"","articleSection":["Noticias"],"inLanguage":"es","potentialAction":[{"@type":"CommentAction","name":"Comment","target":["https:\/\/quehacerpolitico.mx\/?p=2545#respond"]}]},{"@type":"WebPage","@id":"https:\/\/quehacerpolitico.mx\/?p=2545","url":"https:\/\/quehacerpolitico.mx\/?p=2545","name":"La lucha que se avecina en el SNTE y la CNTE ante regreso de Gordillo -","isPartOf":{"@id":"https:\/\/quehacerpolitico.mx\/#website"},"primaryImageOfPage":{"@id":"https:\/\/quehacerpolitico.mx\/?p=2545#primaryimage"},"image":{"@id":"https:\/\/quehacerpolitico.mx\/?p=2545#primaryimage"},"thumbnailUrl":"","datePublished":"2018-08-16T14:20:28+00:00","author":{"@id":"https:\/\/quehacerpolitico.mx\/#\/schema\/person\/496d8ad2d1d3f8036101dca7ee39e585"},"breadcrumb":{"@id":"https:\/\/quehacerpolitico.mx\/?p=2545#breadcrumb"},"inLanguage":"es","potentialAction":[{"@type":"ReadAction","target":["https:\/\/quehacerpolitico.mx\/?p=2545"]}]},{"@type":"ImageObject","inLanguage":"es","@id":"https:\/\/quehacerpolitico.mx\/?p=2545#primaryimage","url":"","contentUrl":""},{"@type":"BreadcrumbList","@id":"https:\/\/quehacerpolitico.mx\/?p=2545#breadcrumb","itemListElement":[{"@type":"ListItem","position":1,"name":"Inicio","item":"https:\/\/quehacerpolitico.mx\/"},{"@type":"ListItem","position":2,"name":"La lucha que se avecina en el SNTE y la CNTE ante regreso de Gordillo"}]},{"@type":"WebSite","@id":"https:\/\/quehacerpolitico.mx\/#website","url":"https:\/\/quehacerpolitico.mx\/","name":"","description":"","potentialAction":[{"@type":"SearchAction","target":{"@type":"EntryPoint","urlTemplate":"https:\/\/quehacerpolitico.mx\/?s={search_term_string}"},"query-input":{"@type":"PropertyValueSpecification","valueRequired":true,"valueName":"search_term_string"}}],"inLanguage":"es"},{"@type":"Person","@id":"https:\/\/quehacerpolitico.mx\/#\/schema\/person\/496d8ad2d1d3f8036101dca7ee39e585","name":"Redacci\u00f3n QP","image":{"@type":"ImageObject","inLanguage":"es","@id":"https:\/\/secure.gravatar.com\/avatar\/c7164ed6fdec453195284ad24a5ae5b6e1eed2b848477fa2a4787ba9adf39a41?s=96&d=mm&r=g","url":"https:\/\/secure.gravatar.com\/avatar\/c7164ed6fdec453195284ad24a5ae5b6e1eed2b848477fa2a4787ba9adf39a41?s=96&d=mm&r=g","contentUrl":"https:\/\/secure.gravatar.com\/avatar\/c7164ed6fdec453195284ad24a5ae5b6e1eed2b848477fa2a4787ba9adf39a41?s=96&d=mm&r=g","caption":"Redacci\u00f3n QP"},"url":"https:\/\/quehacerpolitico.mx\/?author=2"}]}},"featured_image_urls":{"full":"","thumbnail":"","medium":"","medium_large":"","large":"","1536x1536":"","2048x2048":"","covernews-featured":"","covernews-medium":""},"author_info":{"display_name":"Redacci\u00f3n QP","author_link":"https:\/\/quehacerpolitico.mx\/?author=2"},"category_info":"<a href=\"https:\/\/quehacerpolitico.mx\/?cat=2\" rel=\"category\">Noticias<\/a>","tag_info":"Noticias","comment_count":"0","_links":{"self":[{"href":"https:\/\/quehacerpolitico.mx\/index.php?rest_route=\/wp\/v2\/posts\/2545","targetHints":{"allow":["GET"]}}],"collection":[{"href":"https:\/\/quehacerpolitico.mx\/index.php?rest_route=\/wp\/v2\/posts"}],"about":[{"href":"https:\/\/quehacerpolitico.mx\/index.php?rest_route=\/wp\/v2\/types\/post"}],"author":[{"embeddable":true,"href":"https:\/\/quehacerpolitico.mx\/index.php?rest_route=\/wp\/v2\/users\/2"}],"replies":[{"embeddable":true,"href":"https:\/\/quehacerpolitico.mx\/index.php?rest_route=%2Fwp%2Fv2%2Fcomments&post=2545"}],"version-history":[{"count":0,"href":"https:\/\/quehacerpolitico.mx\/index.php?rest_route=\/wp\/v2\/posts\/2545\/revisions"}],"wp:featuredmedia":[{"embeddable":true,"href":"https:\/\/quehacerpolitico.mx\/index.php?rest_route=\/"}],"wp:attachment":[{"href":"https:\/\/quehacerpolitico.mx\/index.php?rest_route=%2Fwp%2Fv2%2Fmedia&parent=2545"}],"wp:term":[{"taxonomy":"category","embeddable":true,"href":"https:\/\/quehacerpolitico.mx\/index.php?rest_route=%2Fwp%2Fv2%2Fcategories&post=2545"},{"taxonomy":"post_tag","embeddable":true,"href":"https:\/\/quehacerpolitico.mx\/index.php?rest_route=%2Fwp%2Fv2%2Ftags&post=2545"}],"curies":[{"name":"wp","href":"https:\/\/api.w.org\/{rel}","templated":true}]}}