{"id":2543,"date":"2018-08-16T14:12:35","date_gmt":"2018-08-16T14:12:35","guid":{"rendered":"http:\/\/quehacerpolitico.mx\/el-mencho-objetivo-prioritario-de-mexico-y-eu\/"},"modified":"2018-08-16T14:12:35","modified_gmt":"2018-08-16T14:12:35","slug":"el-mencho-objetivo-prioritario-de-mexico-y-eu","status":"publish","type":"post","link":"https:\/\/quehacerpolitico.mx\/?p=2543","title":{"rendered":"\u201cEl Mencho\u201d, objetivo prioritario de M\u00e9xico y EU"},"content":{"rendered":"<p>M\u00e9xico y Estados Unidos (EU) anunciaron un plan conjunto para combatir de frente a las organizaciones criminales y fijaron como uno de sus objetivos prioritarios la captura de Nemesio Oseguera Cervantes, alias \u201cEl Mencho\u201d, l\u00edder del c\u00e1rtel Nueva Generaci\u00f3n (CNG).<\/p>\n<div id=\"div-gpt-ad-1524682842930-0\" data-google-query-id=\"CKWTifPf8dwCFQOXAQodSRYMMA\">\n<div id=\"google_ads_iframe_\/40135427\/informador_mx_Video_Outstream_0__container__\">La Agencia Antidrogas de Estados Unidos (DEA) y la Polic\u00eda Federal de M\u00e9xico apuntar\u00e1n a la infraestructura financiera de los c\u00e1rteles con un nuevo grupo especial de agentes de ambos pa\u00edses que operar\u00e1 desde Chicago.<\/div>\n<\/div>\n<p>Por primera vez, autoridades de Chicago, estatales y federales de la Uni\u00f3n Americana, junto con el Gobierno de M\u00e9xico, implementar\u00e1n acciones para debilitar a los grupos delincuenciales que operan en ambos pa\u00edses, destac\u00f3 el subprocurador Jur\u00eddico y de Asuntos Internacionales de la Procuradur\u00eda General de la Rep\u00fablica (PGR), Alberto El\u00edas Beltr\u00e1n.<\/p>\n<p>El funcionario afirm\u00f3 que uno de los objetivos principales es el c\u00e1rtel Nueva Generaci\u00f3n, afectado en los \u00faltimos seis meses con la detenci\u00f3n de por lo menos 30 de sus integrantes, entre ellos, <strong><a href=\"https:\/\/www.informador.mx\/jalisco\/Quien-es-Rosalinda-la-esposa-de-El-Mencho-20180528-0087.html\" target=\"_blank\" rel=\"noopener\">Rosalinda Gonz\u00e1lez Valencia<\/a>,<\/strong>esposa de \u201cEl Mencho\u201d.<\/p>\n<div>\n<figure class=\"image\"><img decoding=\"async\" title=\"\" src=\"https:\/\/www.informador.mx\/export\/sites\/elinformador\/img\/2018\/08\/16\/efe.jpg_410220572.jpg\" alt=\"\" hspace=\"5\" vspace=\"5\" data-height=\"440\" data-size=\"w:1380,h:868\" data-width=\"700\" \/><figcaption>Oseguera Cervantes cuenta con \u00f3rdenes de aprehensi\u00f3n en M\u00e9xico y solicitudes del Gobierno estadounidense por su detenci\u00f3n con fines de extradici\u00f3n. EFE<\/figcaption><\/figure>\n<\/div>\n<p>El\u00edas Beltr\u00e1n, quien estuvo en Chicago para la coordinaci\u00f3n de la estrategia, se\u00f1al\u00f3 que Oseguera Cervantes cuenta con \u00f3rdenes de aprehensi\u00f3n en M\u00e9xico y solicitudes del Gobierno estadounidense por su detenci\u00f3n con fines de extradici\u00f3n.<\/p>\n<p>El anuncio del combate conjunto a los criminales se dio horas antes de que la PGR ofreciera una <strong><a href=\"https:\/\/www.informador.mx\/mexico\/La-PGR-ofrece-recompensa-de-30-MDP-por-Nemesio-Oseguera-El-Mencho-20180815-0042.html\" target=\"_blank\" rel=\"noopener\">recompensa de hasta 30 millones de pesos<\/a><\/strong> a quien o quienes aporten informaci\u00f3n veraz y \u00fatil para la localizaci\u00f3n y detenci\u00f3n o aprehensi\u00f3n del l\u00edder del CNG.<\/p>\n<p>El nuevo grupo se enfocar\u00e1 en investigaciones internacionales y perseguir\u00e1 a personajes de \u201calto valor\u201d de los c\u00e1rteles, sentenci\u00f3 el agente especial de la DEA para el \u00e1rea de Chicago, Brian M. McKnight. El plan tambi\u00e9n incluye el combate a los pandilleros involucrados en la distribuci\u00f3n de drogas en esa ciudad.<\/p>\n<p>Felipe de Jes\u00fas Mu\u00f1oz V\u00e1zquez, titular de la Subprocuradur\u00eda Especializada en Investigaci\u00f3n de Delitos Federales de M\u00e9xico, inform\u00f3 que para el debilitamiento de los grupos se buscar\u00e1 \u201cromper las cadenas de valor de las organizaciones, como lo son las rutas del mercado de drogas y armas\u201d.<\/p>\n<p>La reuni\u00f3n conjunta se dio en Chicago debido a que es uno de los principales puntos de recepci\u00f3n de drogas, entre ellos por el c\u00e1rtel de Sinaloa, que luego son distribuidas en la Uni\u00f3n Americana. Seg\u00fan inform\u00f3 la DEA, en lo que va de este a\u00f1o sus agentes han asegurado 300 kilos de hero\u00edna y fentanilo (narc\u00f3tico usado como analg\u00e9sico y anest\u00e9sico), por valor de 20 millones de d\u00f3lares.<\/p>\n<p>El director de la Agencia Antidrogas para Norte y Centroam\u00e9rica, Matthew Donahue, declar\u00f3 que el acuerdo busca la cooperaci\u00f3n \u201cm\u00e1s eficiente y agresiva\u201d.<\/p>\n<h4>Nuevo grupo M\u00e9xico-EU apuntala la lucha antidrogas<\/h4>\n<p>La creaci\u00f3n de un grupo de coordinaci\u00f3n M\u00e9xico-Estados Unidos para combatir en la zona de Chicago al c\u00e1rtel Nueva Generaci\u00f3n (CNG) es parte de los esfuerzos comunes para hacer m\u00e1s eficiente la lucha contra el crimen organizado, afirm\u00f3 el secretario de Relaciones Exteriores (SRE), Luis Videgaray.<\/p>\n<p>\u201cNo podemos combatir el crimen organizado de manera exitosa si lo hace cada quien por su lado o si lo hacemos en una l\u00f3gica de se\u00f1alar culpas mutuamente. De lo que se trata es de que haya una coordinaci\u00f3n muy eficaz en operaciones concretas y \u00e9sta es una de ellas\u201d, sostuvo el titular de Exteriores.<\/p>\n<p>Al t\u00e9rmino de la reuni\u00f3n para la renegociaci\u00f3n del Tratado de Libre Comercio de Am\u00e9rica del Norte (TLCAN) en Washington, Videgaray precis\u00f3 que el anuncio de ayer no significa una nueva coordinaci\u00f3n o un nuevo mecanismo de cooperaci\u00f3n. \u201cAqu\u00ed se ha concretado un esfuerzo conjunto, coordinado, para ir tras una organizaci\u00f3n espec\u00edfica. Una organizaci\u00f3n que ha causado enorme da\u00f1o, en M\u00e9xico por supuesto, pero tambi\u00e9n en Estados Unidos. Esto no es el anuncio de una nueva coordinaci\u00f3n o de un nuevo mecanismo de cooperaci\u00f3n, sino es una acci\u00f3n espec\u00edfica que ocurre dentro de los mecanismos existentes\u201d.<\/p>\n<p>Autoridades mexicanas que participaron en el anuncio en Chicago, junto con funcionarios de la Agencia Antidrogas de Estados Unidos (DEA), informaron que uno de los objetivos de este esfuerzo coordinado es la captura de Nemesio Oseguera Cervantes, alias \u201cEl Mencho\u201d.<\/p>\n<p>Con Informaci\u00f3n de NOTIMEX<\/p>\n","protected":false},"excerpt":{"rendered":"<p>La cooperaci\u00f3n entre ambos pa\u00edses atacar\u00e1 la infraestructura financiera de los c\u00e1rteles, y pone \u00e9nfasis en la captura de Nemesio Oseguera<br \/>\nPor Redacci\u00f3n QP<\/p>\n","protected":false},"author":2,"featured_media":2542,"comment_status":"open","ping_status":"open","sticky":false,"template":"","format":"standard","meta":{"_monsterinsights_skip_tracking":false,"_monsterinsights_sitenote_active":false,"_monsterinsights_sitenote_note":"","_monsterinsights_sitenote_category":0,"footnotes":""},"categories":[2],"tags":[],"class_list":["post-2543","post","type-post","status-publish","format-standard","has-post-thumbnail","hentry","category-noticias"],"yoast_head":"<!-- This site is optimized with the Yoast SEO plugin v27.3 - https:\/\/yoast.com\/product\/yoast-seo-wordpress\/ -->\n<title>\u201cEl Mencho\u201d, objetivo prioritario de M\u00e9xico y EU -<\/title>\n<meta name=\"robots\" content=\"index, follow, max-snippet:-1, max-image-preview:large, max-video-preview:-1\" \/>\n<link rel=\"canonical\" href=\"https:\/\/quehacerpolitico.mx\/?p=2543\" \/>\n<meta property=\"og:locale\" content=\"es_MX\" \/>\n<meta property=\"og:type\" content=\"article\" \/>\n<meta property=\"og:title\" content=\"\u201cEl Mencho\u201d, objetivo prioritario de M\u00e9xico y EU -\" \/>\n<meta property=\"og:description\" content=\"La cooperaci\u00f3n entre ambos pa\u00edses atacar\u00e1 la infraestructura financiera de los c\u00e1rteles, y pone \u00e9nfasis en la captura de Nemesio Oseguera Por Redacci\u00f3n QP\" \/>\n<meta property=\"og:url\" content=\"https:\/\/quehacerpolitico.mx\/?p=2543\" \/>\n<meta property=\"article:published_time\" content=\"2018-08-16T14:12:35+00:00\" \/>\n<meta name=\"author\" content=\"Redacci\u00f3n QP\" \/>\n<meta name=\"twitter:card\" content=\"summary_large_image\" \/>\n<meta name=\"twitter:label1\" content=\"Escrito por\" \/>\n\t<meta name=\"twitter:data1\" content=\"Redacci\u00f3n QP\" \/>\n\t<meta name=\"twitter:label2\" content=\"Tiempo de lectura\" \/>\n\t<meta name=\"twitter:data2\" content=\"4 minutos\" \/>\n<script type=\"application\/ld+json\" class=\"yoast-schema-graph\">{\"@context\":\"https:\\\/\\\/schema.org\",\"@graph\":[{\"@type\":\"Article\",\"@id\":\"https:\\\/\\\/quehacerpolitico.mx\\\/?p=2543#article\",\"isPartOf\":{\"@id\":\"https:\\\/\\\/quehacerpolitico.mx\\\/?p=2543\"},\"author\":{\"name\":\"Redacci\u00f3n QP\",\"@id\":\"https:\\\/\\\/quehacerpolitico.mx\\\/#\\\/schema\\\/person\\\/496d8ad2d1d3f8036101dca7ee39e585\"},\"headline\":\"\u201cEl Mencho\u201d, objetivo prioritario de M\u00e9xico y EU\",\"datePublished\":\"2018-08-16T14:12:35+00:00\",\"mainEntityOfPage\":{\"@id\":\"https:\\\/\\\/quehacerpolitico.mx\\\/?p=2543\"},\"wordCount\":799,\"commentCount\":0,\"image\":{\"@id\":\"https:\\\/\\\/quehacerpolitico.mx\\\/?p=2543#primaryimage\"},\"thumbnailUrl\":\"\",\"articleSection\":[\"Noticias\"],\"inLanguage\":\"es\",\"potentialAction\":[{\"@type\":\"CommentAction\",\"name\":\"Comment\",\"target\":[\"https:\\\/\\\/quehacerpolitico.mx\\\/?p=2543#respond\"]}]},{\"@type\":\"WebPage\",\"@id\":\"https:\\\/\\\/quehacerpolitico.mx\\\/?p=2543\",\"url\":\"https:\\\/\\\/quehacerpolitico.mx\\\/?p=2543\",\"name\":\"\u201cEl Mencho\u201d, objetivo prioritario de M\u00e9xico y EU -\",\"isPartOf\":{\"@id\":\"https:\\\/\\\/quehacerpolitico.mx\\\/#website\"},\"primaryImageOfPage\":{\"@id\":\"https:\\\/\\\/quehacerpolitico.mx\\\/?p=2543#primaryimage\"},\"image\":{\"@id\":\"https:\\\/\\\/quehacerpolitico.mx\\\/?p=2543#primaryimage\"},\"thumbnailUrl\":\"\",\"datePublished\":\"2018-08-16T14:12:35+00:00\",\"author\":{\"@id\":\"https:\\\/\\\/quehacerpolitico.mx\\\/#\\\/schema\\\/person\\\/496d8ad2d1d3f8036101dca7ee39e585\"},\"breadcrumb\":{\"@id\":\"https:\\\/\\\/quehacerpolitico.mx\\\/?p=2543#breadcrumb\"},\"inLanguage\":\"es\",\"potentialAction\":[{\"@type\":\"ReadAction\",\"target\":[\"https:\\\/\\\/quehacerpolitico.mx\\\/?p=2543\"]}]},{\"@type\":\"ImageObject\",\"inLanguage\":\"es\",\"@id\":\"https:\\\/\\\/quehacerpolitico.mx\\\/?p=2543#primaryimage\",\"url\":\"\",\"contentUrl\":\"\"},{\"@type\":\"BreadcrumbList\",\"@id\":\"https:\\\/\\\/quehacerpolitico.mx\\\/?p=2543#breadcrumb\",\"itemListElement\":[{\"@type\":\"ListItem\",\"position\":1,\"name\":\"Inicio\",\"item\":\"https:\\\/\\\/quehacerpolitico.mx\\\/\"},{\"@type\":\"ListItem\",\"position\":2,\"name\":\"\u201cEl Mencho\u201d, objetivo prioritario de M\u00e9xico y EU\"}]},{\"@type\":\"WebSite\",\"@id\":\"https:\\\/\\\/quehacerpolitico.mx\\\/#website\",\"url\":\"https:\\\/\\\/quehacerpolitico.mx\\\/\",\"name\":\"\",\"description\":\"\",\"potentialAction\":[{\"@type\":\"SearchAction\",\"target\":{\"@type\":\"EntryPoint\",\"urlTemplate\":\"https:\\\/\\\/quehacerpolitico.mx\\\/?s={search_term_string}\"},\"query-input\":{\"@type\":\"PropertyValueSpecification\",\"valueRequired\":true,\"valueName\":\"search_term_string\"}}],\"inLanguage\":\"es\"},{\"@type\":\"Person\",\"@id\":\"https:\\\/\\\/quehacerpolitico.mx\\\/#\\\/schema\\\/person\\\/496d8ad2d1d3f8036101dca7ee39e585\",\"name\":\"Redacci\u00f3n QP\",\"image\":{\"@type\":\"ImageObject\",\"inLanguage\":\"es\",\"@id\":\"https:\\\/\\\/secure.gravatar.com\\\/avatar\\\/c7164ed6fdec453195284ad24a5ae5b6e1eed2b848477fa2a4787ba9adf39a41?s=96&d=mm&r=g\",\"url\":\"https:\\\/\\\/secure.gravatar.com\\\/avatar\\\/c7164ed6fdec453195284ad24a5ae5b6e1eed2b848477fa2a4787ba9adf39a41?s=96&d=mm&r=g\",\"contentUrl\":\"https:\\\/\\\/secure.gravatar.com\\\/avatar\\\/c7164ed6fdec453195284ad24a5ae5b6e1eed2b848477fa2a4787ba9adf39a41?s=96&d=mm&r=g\",\"caption\":\"Redacci\u00f3n QP\"},\"url\":\"https:\\\/\\\/quehacerpolitico.mx\\\/?author=2\"}]}<\/script>\n<!-- \/ Yoast SEO plugin. -->","yoast_head_json":{"title":"\u201cEl Mencho\u201d, objetivo prioritario de M\u00e9xico y EU -","robots":{"index":"index","follow":"follow","max-snippet":"max-snippet:-1","max-image-preview":"max-image-preview:large","max-video-preview":"max-video-preview:-1"},"canonical":"https:\/\/quehacerpolitico.mx\/?p=2543","og_locale":"es_MX","og_type":"article","og_title":"\u201cEl Mencho\u201d, objetivo prioritario de M\u00e9xico y EU -","og_description":"La cooperaci\u00f3n entre ambos pa\u00edses atacar\u00e1 la infraestructura financiera de los c\u00e1rteles, y pone \u00e9nfasis en la captura de Nemesio Oseguera Por Redacci\u00f3n QP","og_url":"https:\/\/quehacerpolitico.mx\/?p=2543","article_published_time":"2018-08-16T14:12:35+00:00","author":"Redacci\u00f3n QP","twitter_card":"summary_large_image","twitter_misc":{"Escrito por":"Redacci\u00f3n QP","Tiempo de lectura":"4 minutos"},"schema":{"@context":"https:\/\/schema.org","@graph":[{"@type":"Article","@id":"https:\/\/quehacerpolitico.mx\/?p=2543#article","isPartOf":{"@id":"https:\/\/quehacerpolitico.mx\/?p=2543"},"author":{"name":"Redacci\u00f3n QP","@id":"https:\/\/quehacerpolitico.mx\/#\/schema\/person\/496d8ad2d1d3f8036101dca7ee39e585"},"headline":"\u201cEl Mencho\u201d, objetivo prioritario de M\u00e9xico y EU","datePublished":"2018-08-16T14:12:35+00:00","mainEntityOfPage":{"@id":"https:\/\/quehacerpolitico.mx\/?p=2543"},"wordCount":799,"commentCount":0,"image":{"@id":"https:\/\/quehacerpolitico.mx\/?p=2543#primaryimage"},"thumbnailUrl":"","articleSection":["Noticias"],"inLanguage":"es","potentialAction":[{"@type":"CommentAction","name":"Comment","target":["https:\/\/quehacerpolitico.mx\/?p=2543#respond"]}]},{"@type":"WebPage","@id":"https:\/\/quehacerpolitico.mx\/?p=2543","url":"https:\/\/quehacerpolitico.mx\/?p=2543","name":"\u201cEl Mencho\u201d, objetivo prioritario de M\u00e9xico y EU -","isPartOf":{"@id":"https:\/\/quehacerpolitico.mx\/#website"},"primaryImageOfPage":{"@id":"https:\/\/quehacerpolitico.mx\/?p=2543#primaryimage"},"image":{"@id":"https:\/\/quehacerpolitico.mx\/?p=2543#primaryimage"},"thumbnailUrl":"","datePublished":"2018-08-16T14:12:35+00:00","author":{"@id":"https:\/\/quehacerpolitico.mx\/#\/schema\/person\/496d8ad2d1d3f8036101dca7ee39e585"},"breadcrumb":{"@id":"https:\/\/quehacerpolitico.mx\/?p=2543#breadcrumb"},"inLanguage":"es","potentialAction":[{"@type":"ReadAction","target":["https:\/\/quehacerpolitico.mx\/?p=2543"]}]},{"@type":"ImageObject","inLanguage":"es","@id":"https:\/\/quehacerpolitico.mx\/?p=2543#primaryimage","url":"","contentUrl":""},{"@type":"BreadcrumbList","@id":"https:\/\/quehacerpolitico.mx\/?p=2543#breadcrumb","itemListElement":[{"@type":"ListItem","position":1,"name":"Inicio","item":"https:\/\/quehacerpolitico.mx\/"},{"@type":"ListItem","position":2,"name":"\u201cEl Mencho\u201d, objetivo prioritario de M\u00e9xico y EU"}]},{"@type":"WebSite","@id":"https:\/\/quehacerpolitico.mx\/#website","url":"https:\/\/quehacerpolitico.mx\/","name":"","description":"","potentialAction":[{"@type":"SearchAction","target":{"@type":"EntryPoint","urlTemplate":"https:\/\/quehacerpolitico.mx\/?s={search_term_string}"},"query-input":{"@type":"PropertyValueSpecification","valueRequired":true,"valueName":"search_term_string"}}],"inLanguage":"es"},{"@type":"Person","@id":"https:\/\/quehacerpolitico.mx\/#\/schema\/person\/496d8ad2d1d3f8036101dca7ee39e585","name":"Redacci\u00f3n QP","image":{"@type":"ImageObject","inLanguage":"es","@id":"https:\/\/secure.gravatar.com\/avatar\/c7164ed6fdec453195284ad24a5ae5b6e1eed2b848477fa2a4787ba9adf39a41?s=96&d=mm&r=g","url":"https:\/\/secure.gravatar.com\/avatar\/c7164ed6fdec453195284ad24a5ae5b6e1eed2b848477fa2a4787ba9adf39a41?s=96&d=mm&r=g","contentUrl":"https:\/\/secure.gravatar.com\/avatar\/c7164ed6fdec453195284ad24a5ae5b6e1eed2b848477fa2a4787ba9adf39a41?s=96&d=mm&r=g","caption":"Redacci\u00f3n QP"},"url":"https:\/\/quehacerpolitico.mx\/?author=2"}]}},"featured_image_urls":{"full":"","thumbnail":"","medium":"","medium_large":"","large":"","1536x1536":"","2048x2048":"","covernews-featured":"","covernews-medium":""},"author_info":{"display_name":"Redacci\u00f3n QP","author_link":"https:\/\/quehacerpolitico.mx\/?author=2"},"category_info":"<a href=\"https:\/\/quehacerpolitico.mx\/?cat=2\" rel=\"category\">Noticias<\/a>","tag_info":"Noticias","comment_count":"0","_links":{"self":[{"href":"https:\/\/quehacerpolitico.mx\/index.php?rest_route=\/wp\/v2\/posts\/2543","targetHints":{"allow":["GET"]}}],"collection":[{"href":"https:\/\/quehacerpolitico.mx\/index.php?rest_route=\/wp\/v2\/posts"}],"about":[{"href":"https:\/\/quehacerpolitico.mx\/index.php?rest_route=\/wp\/v2\/types\/post"}],"author":[{"embeddable":true,"href":"https:\/\/quehacerpolitico.mx\/index.php?rest_route=\/wp\/v2\/users\/2"}],"replies":[{"embeddable":true,"href":"https:\/\/quehacerpolitico.mx\/index.php?rest_route=%2Fwp%2Fv2%2Fcomments&post=2543"}],"version-history":[{"count":0,"href":"https:\/\/quehacerpolitico.mx\/index.php?rest_route=\/wp\/v2\/posts\/2543\/revisions"}],"wp:featuredmedia":[{"embeddable":true,"href":"https:\/\/quehacerpolitico.mx\/index.php?rest_route=\/"}],"wp:attachment":[{"href":"https:\/\/quehacerpolitico.mx\/index.php?rest_route=%2Fwp%2Fv2%2Fmedia&parent=2543"}],"wp:term":[{"taxonomy":"category","embeddable":true,"href":"https:\/\/quehacerpolitico.mx\/index.php?rest_route=%2Fwp%2Fv2%2Fcategories&post=2543"},{"taxonomy":"post_tag","embeddable":true,"href":"https:\/\/quehacerpolitico.mx\/index.php?rest_route=%2Fwp%2Fv2%2Ftags&post=2543"}],"curies":[{"name":"wp","href":"https:\/\/api.w.org\/{rel}","templated":true}]}}