{"id":2522,"date":"2018-08-16T03:37:31","date_gmt":"2018-08-16T03:37:31","guid":{"rendered":"http:\/\/quehacerpolitico.mx\/fotos-la-bella-jefa-de-los-huachicoleros-en-puebla\/"},"modified":"2018-08-16T03:37:31","modified_gmt":"2018-08-16T03:37:31","slug":"fotos-la-bella-jefa-de-los-huachicoleros-en-puebla","status":"publish","type":"post","link":"https:\/\/quehacerpolitico.mx\/?p=2522","title":{"rendered":"[FOTOS] La bella jefa de los huachicoleros en Puebla"},"content":{"rendered":"<p>La <strong>Polic\u00eda Federal<\/strong> irrumpi\u00f3 en una casa de la <strong>colonia Huasteco<\/strong>, del municipio de Venustiano Carranza, Puebla, para corroborar que en esa casa exist\u00eda todo un centro de <strong>monitoreo<\/strong> para vigilar que ning\u00fan agente federal entrara a la regi\u00f3n para frenar el <strong>robo de gasolina de ductos de Pemex<\/strong>.<\/p>\n<p>Pero uno de los hallazgos m\u00e1s grandes fue que dentro de la vivienda estaba<strong> Ilse Luc\u00eda Bernab\u00e9 Guti\u00e9rrez <\/strong>de 27 a\u00f1os de edad, esposa del <strong>presidente municipal de Venustiano Carranza<\/strong>, <strong>Rafael Valencia<\/strong>, quien al parecer ya estaba siendo investigada por formar parte de la<strong> red de huachicoleros<\/strong> de la regi\u00f3n.<\/p>\n<p>Apenas hace unas horas se supo que tras su detenci\u00f3n, Ilse Luc\u00eda Bernab\u00e9, fue<strong> vinculada a proceso<\/strong> por el delito de <strong>posesi\u00f3n de armas de fuego<\/strong>, pero consigui\u00f3 que se le siguiera el proceso en libertad, tras pagar una multa de aproximadamente 20 mil pesos.<\/p>\n<p><img decoding=\"async\" class=\"i-amphtml-fill-content i-amphtml-replaced-content\" src=\"https:\/\/elbigdata.mx\/wp-content\/uploads\/2018\/08\/hu1.jpg\" sizes=\"(min-width: 620px) 620px, 100vw\" srcset=\"https:\/\/elbigdata.mx\/wp-content\/uploads\/2018\/08\/hu1.jpg 750w, https:\/\/elbigdata.mx\/wp-content\/uploads\/2018\/08\/hu1-300x178.jpg 300w\" alt=\"\" \/><\/p>\n<p>El d\u00eda que la<strong> Polic\u00eda Federal<\/strong> entr\u00f3 al<strong> domicilio<\/strong> de <strong>Ilse Luc\u00eda Bernab\u00e9<\/strong> tambi\u00e9n entr\u00f3 a otro domicilio cercano, en donde detuvieron a otros dos familiares de la<strong> esposa del edil<\/strong>.<\/p>\n<p>La pareja reapareci\u00f3 en d\u00edas recientes en un evento p\u00fablico, lo que llam\u00f3 la atenci\u00f3n de los habitantes de Venustiano Carranza.<\/p>\n<p><img decoding=\"async\" class=\"i-amphtml-fill-content i-amphtml-replaced-content\" src=\"https:\/\/elbigdata.mx\/wp-content\/uploads\/2018\/08\/ilse-1.jpg\" sizes=\"(min-width: 620px) 620px, 100vw\" srcset=\"https:\/\/elbigdata.mx\/wp-content\/uploads\/2018\/08\/ilse-1.jpg 620w, https:\/\/elbigdata.mx\/wp-content\/uploads\/2018\/08\/ilse-1-300x169.jpg 300w\" alt=\"\" \/><\/p>\n<p>Pese a todo la <strong>PGR<\/strong> abri\u00f3 una investigaci\u00f3n, a trav\u00e9s de la <strong>Subprocuradur\u00eda Especializada en Investigaci\u00f3n de Delincuencia Organizada<\/strong> para averiguar los posibles nexos de la esposa del presidente municipal con <strong>bandas delictivas<\/strong>.<\/p>\n<p><img decoding=\"async\" class=\"i-amphtml-fill-content i-amphtml-replaced-content\" src=\"https:\/\/elbigdata.mx\/wp-content\/uploads\/2018\/08\/Ilse_lucia_bernabe_puebla.jpg\" sizes=\"(min-width: 628px) 628px, 100vw\" srcset=\"https:\/\/elbigdata.mx\/wp-content\/uploads\/2018\/08\/Ilse_lucia_bernabe_puebla.jpg 834w, https:\/\/elbigdata.mx\/wp-content\/uploads\/2018\/08\/Ilse_lucia_bernabe_puebla-300x180.jpg 300w, https:\/\/elbigdata.mx\/wp-content\/uploads\/2018\/08\/Ilse_lucia_bernabe_puebla-768x460.jpg 768w\" alt=\"\" \/><\/p>\n","protected":false},"excerpt":{"rendered":"<p>[FOTOS] La bella jefa de los huachicoleros en Puebla<br \/>\nPor Redacci\u00f3n QP<\/p>\n","protected":false},"author":2,"featured_media":2521,"comment_status":"open","ping_status":"open","sticky":false,"template":"","format":"standard","meta":{"_monsterinsights_skip_tracking":false,"_monsterinsights_sitenote_active":false,"_monsterinsights_sitenote_note":"","_monsterinsights_sitenote_category":0,"footnotes":""},"categories":[2],"tags":[],"class_list":["post-2522","post","type-post","status-publish","format-standard","has-post-thumbnail","hentry","category-noticias"],"yoast_head":"<!-- This site is optimized with the Yoast SEO plugin v27.3 - https:\/\/yoast.com\/product\/yoast-seo-wordpress\/ -->\n<title>[FOTOS] La bella jefa de los huachicoleros en Puebla -<\/title>\n<meta name=\"robots\" content=\"index, follow, max-snippet:-1, max-image-preview:large, max-video-preview:-1\" \/>\n<link rel=\"canonical\" href=\"https:\/\/quehacerpolitico.mx\/?p=2522\" \/>\n<meta property=\"og:locale\" content=\"es_MX\" \/>\n<meta property=\"og:type\" content=\"article\" \/>\n<meta property=\"og:title\" content=\"[FOTOS] La bella jefa de los huachicoleros en Puebla -\" \/>\n<meta property=\"og:description\" content=\"[FOTOS] La bella jefa de los huachicoleros en Puebla Por Redacci\u00f3n QP\" \/>\n<meta property=\"og:url\" content=\"https:\/\/quehacerpolitico.mx\/?p=2522\" \/>\n<meta property=\"article:published_time\" content=\"2018-08-16T03:37:31+00:00\" \/>\n<meta name=\"author\" content=\"Redacci\u00f3n QP\" \/>\n<meta name=\"twitter:card\" content=\"summary_large_image\" \/>\n<meta name=\"twitter:label1\" content=\"Escrito por\" \/>\n\t<meta name=\"twitter:data1\" content=\"Redacci\u00f3n QP\" \/>\n\t<meta name=\"twitter:label2\" content=\"Tiempo de lectura\" \/>\n\t<meta name=\"twitter:data2\" content=\"1 minuto\" \/>\n<script type=\"application\/ld+json\" class=\"yoast-schema-graph\">{\"@context\":\"https:\\\/\\\/schema.org\",\"@graph\":[{\"@type\":\"Article\",\"@id\":\"https:\\\/\\\/quehacerpolitico.mx\\\/?p=2522#article\",\"isPartOf\":{\"@id\":\"https:\\\/\\\/quehacerpolitico.mx\\\/?p=2522\"},\"author\":{\"name\":\"Redacci\u00f3n QP\",\"@id\":\"https:\\\/\\\/quehacerpolitico.mx\\\/#\\\/schema\\\/person\\\/496d8ad2d1d3f8036101dca7ee39e585\"},\"headline\":\"[FOTOS] La bella jefa de los huachicoleros en Puebla\",\"datePublished\":\"2018-08-16T03:37:31+00:00\",\"mainEntityOfPage\":{\"@id\":\"https:\\\/\\\/quehacerpolitico.mx\\\/?p=2522\"},\"wordCount\":259,\"commentCount\":0,\"image\":{\"@id\":\"https:\\\/\\\/quehacerpolitico.mx\\\/?p=2522#primaryimage\"},\"thumbnailUrl\":\"\",\"articleSection\":[\"Noticias\"],\"inLanguage\":\"es\",\"potentialAction\":[{\"@type\":\"CommentAction\",\"name\":\"Comment\",\"target\":[\"https:\\\/\\\/quehacerpolitico.mx\\\/?p=2522#respond\"]}]},{\"@type\":\"WebPage\",\"@id\":\"https:\\\/\\\/quehacerpolitico.mx\\\/?p=2522\",\"url\":\"https:\\\/\\\/quehacerpolitico.mx\\\/?p=2522\",\"name\":\"[FOTOS] La bella jefa de los huachicoleros en Puebla -\",\"isPartOf\":{\"@id\":\"https:\\\/\\\/quehacerpolitico.mx\\\/#website\"},\"primaryImageOfPage\":{\"@id\":\"https:\\\/\\\/quehacerpolitico.mx\\\/?p=2522#primaryimage\"},\"image\":{\"@id\":\"https:\\\/\\\/quehacerpolitico.mx\\\/?p=2522#primaryimage\"},\"thumbnailUrl\":\"\",\"datePublished\":\"2018-08-16T03:37:31+00:00\",\"author\":{\"@id\":\"https:\\\/\\\/quehacerpolitico.mx\\\/#\\\/schema\\\/person\\\/496d8ad2d1d3f8036101dca7ee39e585\"},\"breadcrumb\":{\"@id\":\"https:\\\/\\\/quehacerpolitico.mx\\\/?p=2522#breadcrumb\"},\"inLanguage\":\"es\",\"potentialAction\":[{\"@type\":\"ReadAction\",\"target\":[\"https:\\\/\\\/quehacerpolitico.mx\\\/?p=2522\"]}]},{\"@type\":\"ImageObject\",\"inLanguage\":\"es\",\"@id\":\"https:\\\/\\\/quehacerpolitico.mx\\\/?p=2522#primaryimage\",\"url\":\"\",\"contentUrl\":\"\"},{\"@type\":\"BreadcrumbList\",\"@id\":\"https:\\\/\\\/quehacerpolitico.mx\\\/?p=2522#breadcrumb\",\"itemListElement\":[{\"@type\":\"ListItem\",\"position\":1,\"name\":\"Inicio\",\"item\":\"https:\\\/\\\/quehacerpolitico.mx\\\/\"},{\"@type\":\"ListItem\",\"position\":2,\"name\":\"[FOTOS] La bella jefa de los huachicoleros en Puebla\"}]},{\"@type\":\"WebSite\",\"@id\":\"https:\\\/\\\/quehacerpolitico.mx\\\/#website\",\"url\":\"https:\\\/\\\/quehacerpolitico.mx\\\/\",\"name\":\"\",\"description\":\"\",\"potentialAction\":[{\"@type\":\"SearchAction\",\"target\":{\"@type\":\"EntryPoint\",\"urlTemplate\":\"https:\\\/\\\/quehacerpolitico.mx\\\/?s={search_term_string}\"},\"query-input\":{\"@type\":\"PropertyValueSpecification\",\"valueRequired\":true,\"valueName\":\"search_term_string\"}}],\"inLanguage\":\"es\"},{\"@type\":\"Person\",\"@id\":\"https:\\\/\\\/quehacerpolitico.mx\\\/#\\\/schema\\\/person\\\/496d8ad2d1d3f8036101dca7ee39e585\",\"name\":\"Redacci\u00f3n QP\",\"image\":{\"@type\":\"ImageObject\",\"inLanguage\":\"es\",\"@id\":\"https:\\\/\\\/secure.gravatar.com\\\/avatar\\\/c7164ed6fdec453195284ad24a5ae5b6e1eed2b848477fa2a4787ba9adf39a41?s=96&d=mm&r=g\",\"url\":\"https:\\\/\\\/secure.gravatar.com\\\/avatar\\\/c7164ed6fdec453195284ad24a5ae5b6e1eed2b848477fa2a4787ba9adf39a41?s=96&d=mm&r=g\",\"contentUrl\":\"https:\\\/\\\/secure.gravatar.com\\\/avatar\\\/c7164ed6fdec453195284ad24a5ae5b6e1eed2b848477fa2a4787ba9adf39a41?s=96&d=mm&r=g\",\"caption\":\"Redacci\u00f3n QP\"},\"url\":\"https:\\\/\\\/quehacerpolitico.mx\\\/?author=2\"}]}<\/script>\n<!-- \/ Yoast SEO plugin. -->","yoast_head_json":{"title":"[FOTOS] La bella jefa de los huachicoleros en Puebla -","robots":{"index":"index","follow":"follow","max-snippet":"max-snippet:-1","max-image-preview":"max-image-preview:large","max-video-preview":"max-video-preview:-1"},"canonical":"https:\/\/quehacerpolitico.mx\/?p=2522","og_locale":"es_MX","og_type":"article","og_title":"[FOTOS] La bella jefa de los huachicoleros en Puebla -","og_description":"[FOTOS] La bella jefa de los huachicoleros en Puebla Por Redacci\u00f3n QP","og_url":"https:\/\/quehacerpolitico.mx\/?p=2522","article_published_time":"2018-08-16T03:37:31+00:00","author":"Redacci\u00f3n QP","twitter_card":"summary_large_image","twitter_misc":{"Escrito por":"Redacci\u00f3n QP","Tiempo de lectura":"1 minuto"},"schema":{"@context":"https:\/\/schema.org","@graph":[{"@type":"Article","@id":"https:\/\/quehacerpolitico.mx\/?p=2522#article","isPartOf":{"@id":"https:\/\/quehacerpolitico.mx\/?p=2522"},"author":{"name":"Redacci\u00f3n QP","@id":"https:\/\/quehacerpolitico.mx\/#\/schema\/person\/496d8ad2d1d3f8036101dca7ee39e585"},"headline":"[FOTOS] La bella jefa de los huachicoleros en Puebla","datePublished":"2018-08-16T03:37:31+00:00","mainEntityOfPage":{"@id":"https:\/\/quehacerpolitico.mx\/?p=2522"},"wordCount":259,"commentCount":0,"image":{"@id":"https:\/\/quehacerpolitico.mx\/?p=2522#primaryimage"},"thumbnailUrl":"","articleSection":["Noticias"],"inLanguage":"es","potentialAction":[{"@type":"CommentAction","name":"Comment","target":["https:\/\/quehacerpolitico.mx\/?p=2522#respond"]}]},{"@type":"WebPage","@id":"https:\/\/quehacerpolitico.mx\/?p=2522","url":"https:\/\/quehacerpolitico.mx\/?p=2522","name":"[FOTOS] La bella jefa de los huachicoleros en Puebla -","isPartOf":{"@id":"https:\/\/quehacerpolitico.mx\/#website"},"primaryImageOfPage":{"@id":"https:\/\/quehacerpolitico.mx\/?p=2522#primaryimage"},"image":{"@id":"https:\/\/quehacerpolitico.mx\/?p=2522#primaryimage"},"thumbnailUrl":"","datePublished":"2018-08-16T03:37:31+00:00","author":{"@id":"https:\/\/quehacerpolitico.mx\/#\/schema\/person\/496d8ad2d1d3f8036101dca7ee39e585"},"breadcrumb":{"@id":"https:\/\/quehacerpolitico.mx\/?p=2522#breadcrumb"},"inLanguage":"es","potentialAction":[{"@type":"ReadAction","target":["https:\/\/quehacerpolitico.mx\/?p=2522"]}]},{"@type":"ImageObject","inLanguage":"es","@id":"https:\/\/quehacerpolitico.mx\/?p=2522#primaryimage","url":"","contentUrl":""},{"@type":"BreadcrumbList","@id":"https:\/\/quehacerpolitico.mx\/?p=2522#breadcrumb","itemListElement":[{"@type":"ListItem","position":1,"name":"Inicio","item":"https:\/\/quehacerpolitico.mx\/"},{"@type":"ListItem","position":2,"name":"[FOTOS] La bella jefa de los huachicoleros en Puebla"}]},{"@type":"WebSite","@id":"https:\/\/quehacerpolitico.mx\/#website","url":"https:\/\/quehacerpolitico.mx\/","name":"","description":"","potentialAction":[{"@type":"SearchAction","target":{"@type":"EntryPoint","urlTemplate":"https:\/\/quehacerpolitico.mx\/?s={search_term_string}"},"query-input":{"@type":"PropertyValueSpecification","valueRequired":true,"valueName":"search_term_string"}}],"inLanguage":"es"},{"@type":"Person","@id":"https:\/\/quehacerpolitico.mx\/#\/schema\/person\/496d8ad2d1d3f8036101dca7ee39e585","name":"Redacci\u00f3n QP","image":{"@type":"ImageObject","inLanguage":"es","@id":"https:\/\/secure.gravatar.com\/avatar\/c7164ed6fdec453195284ad24a5ae5b6e1eed2b848477fa2a4787ba9adf39a41?s=96&d=mm&r=g","url":"https:\/\/secure.gravatar.com\/avatar\/c7164ed6fdec453195284ad24a5ae5b6e1eed2b848477fa2a4787ba9adf39a41?s=96&d=mm&r=g","contentUrl":"https:\/\/secure.gravatar.com\/avatar\/c7164ed6fdec453195284ad24a5ae5b6e1eed2b848477fa2a4787ba9adf39a41?s=96&d=mm&r=g","caption":"Redacci\u00f3n QP"},"url":"https:\/\/quehacerpolitico.mx\/?author=2"}]}},"featured_image_urls":{"full":"","thumbnail":"","medium":"","medium_large":"","large":"","1536x1536":"","2048x2048":"","covernews-featured":"","covernews-medium":""},"author_info":{"display_name":"Redacci\u00f3n QP","author_link":"https:\/\/quehacerpolitico.mx\/?author=2"},"category_info":"<a href=\"https:\/\/quehacerpolitico.mx\/?cat=2\" rel=\"category\">Noticias<\/a>","tag_info":"Noticias","comment_count":"0","_links":{"self":[{"href":"https:\/\/quehacerpolitico.mx\/index.php?rest_route=\/wp\/v2\/posts\/2522","targetHints":{"allow":["GET"]}}],"collection":[{"href":"https:\/\/quehacerpolitico.mx\/index.php?rest_route=\/wp\/v2\/posts"}],"about":[{"href":"https:\/\/quehacerpolitico.mx\/index.php?rest_route=\/wp\/v2\/types\/post"}],"author":[{"embeddable":true,"href":"https:\/\/quehacerpolitico.mx\/index.php?rest_route=\/wp\/v2\/users\/2"}],"replies":[{"embeddable":true,"href":"https:\/\/quehacerpolitico.mx\/index.php?rest_route=%2Fwp%2Fv2%2Fcomments&post=2522"}],"version-history":[{"count":0,"href":"https:\/\/quehacerpolitico.mx\/index.php?rest_route=\/wp\/v2\/posts\/2522\/revisions"}],"wp:featuredmedia":[{"embeddable":true,"href":"https:\/\/quehacerpolitico.mx\/index.php?rest_route=\/"}],"wp:attachment":[{"href":"https:\/\/quehacerpolitico.mx\/index.php?rest_route=%2Fwp%2Fv2%2Fmedia&parent=2522"}],"wp:term":[{"taxonomy":"category","embeddable":true,"href":"https:\/\/quehacerpolitico.mx\/index.php?rest_route=%2Fwp%2Fv2%2Fcategories&post=2522"},{"taxonomy":"post_tag","embeddable":true,"href":"https:\/\/quehacerpolitico.mx\/index.php?rest_route=%2Fwp%2Fv2%2Ftags&post=2522"}],"curies":[{"name":"wp","href":"https:\/\/api.w.org\/{rel}","templated":true}]}}