{"id":2516,"date":"2018-08-16T03:13:58","date_gmt":"2018-08-16T03:13:58","guid":{"rendered":"http:\/\/quehacerpolitico.mx\/raiz-2-0-teatro-que-migra\/"},"modified":"2018-08-16T03:13:58","modified_gmt":"2018-08-16T03:13:58","slug":"raiz-2-0-teatro-que-migra","status":"publish","type":"post","link":"https:\/\/quehacerpolitico.mx\/?p=2516","title":{"rendered":"\u201cRa\u00edz 2.0\u201d, teatro que migra"},"content":{"rendered":"<p>El final nunca es el mismo y el p\u00fablico es el responsable de c\u00f3mo concluye \u201cRa\u00edz 2.0\u201d, <strong><a href=\"https:\/\/www.informador.mx\/teatro-t133\" target=\"_blank\" rel=\"noopener\">obra teatral<\/a><\/strong> que desde 2014 apuesta por un montaje esc\u00e9nico diferente, en el que el espectador decide cu\u00e1l es la siguiente escena, cu\u00e1l es el futuro que tendr\u00e1n los personajes.<\/p>\n<div id=\"div-gpt-ad-1524682842930-0\" data-google-query-id=\"COnO5rjM8NwCFRLdwAodtjkE1A\">\n<div id=\"google_ads_iframe_\/40135427\/informador_mx_Video_Outstream_0__container__\">\u201cEs una de obra de teatro optativo, tiene muchas posibilidades, tiene 36 escenas y el p\u00fablico ve seis posibles&#8221;.<\/div>\n<\/div>\n<p>Por primera vez, \u201cRa\u00edz 2.0\u201d de Principio Investigadores Esc\u00e9nicos, llega a Guadalajara para presentar este proyecto que ha revolucionado la forma no s\u00f3lo de ser espectador y romper la llamada cuarta pared para interactuar con los protagonistas, a trav\u00e9s de la tecnolog\u00eda y una \u201capp\u201d especial, sus productores han logrado vincularse con el p\u00fablico de manera instant\u00e1nea para determinar el final de la obra mientras \u00e9sta transcurre sobre la tarima.<\/p>\n<p>Rosalba Castellanos, productora de la obra que llega al <strong><a href=\"https:\/\/www.facebook.com\/pg\/TeatroExperimentaldeJalisco\/posts\/?ref=page_internal\" target=\"_blank\" rel=\"noopener\">Teatro Experimental<\/a><\/strong> con tres \u00fanicas funciones, puntualiza que este proyecto apoyado por el FONCA, creado y dirigido por Diego \u00c1lvarez Robledo, propuso una dramaturgia tambi\u00e9n diferente en la que sus protagonistas no estuvieran encadenados siempre al mismo final, logrando as\u00ed un abanico con 36 escenas diferentes que el p\u00fablico va acomodando como le parezca.<\/p>\n<p>\u201cEs una de obra de teatro optativo, tiene muchas posibilidades, tiene 36 escenas y el p\u00fablico ve seis posibles. Diego \u00c1lvarez se bas\u00f3 en los libros \u2018elige tu propia historia\u2019, que te daba la opci\u00f3n \u2014durante la lectura del cuento\u2014 de decidir hacia d\u00f3nde ir, cu\u00e1l p\u00e1gina leer si quer\u00edas qu\u00e9 pasara tal cosa, esto es lo que pasa con \u2018Ra\u00edz\u2019, siempre hay una disyuntiva y al final de cada escena el p\u00fablico puede decidir hacia d\u00f3nde llevar la siguiente escena, todo es trav\u00e9s de una votaci\u00f3n por aplicaci\u00f3n de celular, los conteos se hacen en vivo\u201d, explica la productora al se\u00f1alar que la aplicaci\u00f3n de descarga gratuita se llama igual que la obra.<\/p>\n<h4>Se mueve por el mundo<\/h4>\n<p>La obra que retrata el origen de la especie humana y sus diversas migraciones tiene por elenco a Rold\u00e1n Ram\u00edrez, Josu\u00e9 Cabrera, Carlos Kumakai, Daniela Luque, Elizabeth Pedroza y Sol S\u00e1nchez, quienes transitan por diversas partes del mundo partiendo de \u00c1frica hasta llegar a Jap\u00f3n, Europa o M\u00e9xico, para explicar c\u00f3mo la migraci\u00f3n siempre ha sido una constante social.<\/p>\n<blockquote>\n<p>\u201cLa obra habla de la migraci\u00f3n, todos somos migrantes. Habla de una persona que hace 80 mil a\u00f1os en \u00c1frica tiene que migrar de su lugar de origen para poder sobrevivir.&#8221;<\/p>\n<\/blockquote>\n<p>\u201cLa obra habla de la migraci\u00f3n, todos somos migrantes. Habla de una persona que hace 80 mil a\u00f1os en \u00c1frica tiene que migrar de su lugar de origen para poder sobrevivir. Al final quiz\u00e1 hay una reflexi\u00f3n en el p\u00fablico sobre pensar o descubrir cu\u00e1l es su ra\u00edz, a veces sabes de d\u00f3nde ven\u00edan tus abuelos o tatarabuelos, pero no sabemos cu\u00e1ntas historias tenemos en los genes\u201d.<\/p>\n<p>La productora comenta que la respuesta del p\u00fablico ante este formato optativo ha sido positiva, adem\u00e1s de animar al espectador a regresar al saber qu\u00e9 la siguiente funci\u00f3n ofrecer\u00e1 un camino distinto pero sin perder la esencia primordial de la obra con escenograf\u00eda y multimedia de Daniel Primo.<\/p>\n<p>\u201cSab\u00edamos que era una puesta dif\u00edcil el decirle al p\u00fablico que tiene que tener encendido su tel\u00e9fono durante la funci\u00f3n, pudiera pensarse que es un elemento distractor, pero todos han reaccionado muy bien, est\u00e1n atentos a la obra cuando se tiene que hacer la votaci\u00f3n en el momento, resulta algo muy divertido, no saben de qu\u00e9 va cada escena pero cada una tiene un t\u00edtulo y eso los gu\u00eda, es algo m\u00e1s interactivo para participar\u201d.<\/p>\n<h4>AG\u00c9NDALO<\/h4>\n<p>\u201cRa\u00edz 2.0\u201d en el Teatro Experimental de Jalisco (a un costado del Parque Agua Azul, sobre Calz. Independencia). Funciones: 17 de agosto 20:00 h y 18 de agosto 19:00 h; el 19 de agosto, 18:00 h. Boletos: $70 pesos en preventa, $150 pesos d\u00eda de la funci\u00f3n y $100 pesos para estudiantes, maestros y adultos mayores.<\/p>\n","protected":false},"excerpt":{"rendered":"<p>Presentan una obra en la que el p\u00fablico tiene el poder de decidir el rumbo de la historia<br \/>\nPor Redacci\u00f3n QP<\/p>\n","protected":false},"author":2,"featured_media":2515,"comment_status":"open","ping_status":"open","sticky":false,"template":"","format":"standard","meta":{"_monsterinsights_skip_tracking":false,"_monsterinsights_sitenote_active":false,"_monsterinsights_sitenote_note":"","_monsterinsights_sitenote_category":0,"footnotes":""},"categories":[58],"tags":[],"class_list":["post-2516","post","type-post","status-publish","format-standard","has-post-thumbnail","hentry","category-cultura"],"yoast_head":"<!-- This site is optimized with the Yoast SEO plugin v27.3 - https:\/\/yoast.com\/product\/yoast-seo-wordpress\/ -->\n<title>\u201cRa\u00edz 2.0\u201d, teatro que migra -<\/title>\n<meta name=\"robots\" content=\"index, follow, max-snippet:-1, max-image-preview:large, max-video-preview:-1\" \/>\n<link rel=\"canonical\" href=\"https:\/\/quehacerpolitico.mx\/?p=2516\" \/>\n<meta property=\"og:locale\" content=\"es_MX\" \/>\n<meta property=\"og:type\" content=\"article\" \/>\n<meta property=\"og:title\" content=\"\u201cRa\u00edz 2.0\u201d, teatro que migra -\" \/>\n<meta property=\"og:description\" content=\"Presentan una obra en la que el p\u00fablico tiene el poder de decidir el rumbo de la historia Por Redacci\u00f3n QP\" \/>\n<meta property=\"og:url\" content=\"https:\/\/quehacerpolitico.mx\/?p=2516\" \/>\n<meta property=\"article:published_time\" content=\"2018-08-16T03:13:58+00:00\" \/>\n<meta name=\"author\" content=\"Redacci\u00f3n QP\" \/>\n<meta name=\"twitter:card\" content=\"summary_large_image\" \/>\n<meta name=\"twitter:label1\" content=\"Escrito por\" \/>\n\t<meta name=\"twitter:data1\" content=\"Redacci\u00f3n QP\" \/>\n\t<meta name=\"twitter:label2\" content=\"Tiempo de lectura\" \/>\n\t<meta name=\"twitter:data2\" content=\"4 minutos\" \/>\n<script type=\"application\/ld+json\" class=\"yoast-schema-graph\">{\"@context\":\"https:\\\/\\\/schema.org\",\"@graph\":[{\"@type\":\"Article\",\"@id\":\"https:\\\/\\\/quehacerpolitico.mx\\\/?p=2516#article\",\"isPartOf\":{\"@id\":\"https:\\\/\\\/quehacerpolitico.mx\\\/?p=2516\"},\"author\":{\"name\":\"Redacci\u00f3n QP\",\"@id\":\"https:\\\/\\\/quehacerpolitico.mx\\\/#\\\/schema\\\/person\\\/496d8ad2d1d3f8036101dca7ee39e585\"},\"headline\":\"\u201cRa\u00edz 2.0\u201d, teatro que migra\",\"datePublished\":\"2018-08-16T03:13:58+00:00\",\"mainEntityOfPage\":{\"@id\":\"https:\\\/\\\/quehacerpolitico.mx\\\/?p=2516\"},\"wordCount\":709,\"commentCount\":0,\"image\":{\"@id\":\"https:\\\/\\\/quehacerpolitico.mx\\\/?p=2516#primaryimage\"},\"thumbnailUrl\":\"\",\"articleSection\":[\"Cultura y Entretenimiento\"],\"inLanguage\":\"es\",\"potentialAction\":[{\"@type\":\"CommentAction\",\"name\":\"Comment\",\"target\":[\"https:\\\/\\\/quehacerpolitico.mx\\\/?p=2516#respond\"]}]},{\"@type\":\"WebPage\",\"@id\":\"https:\\\/\\\/quehacerpolitico.mx\\\/?p=2516\",\"url\":\"https:\\\/\\\/quehacerpolitico.mx\\\/?p=2516\",\"name\":\"\u201cRa\u00edz 2.0\u201d, teatro que migra -\",\"isPartOf\":{\"@id\":\"https:\\\/\\\/quehacerpolitico.mx\\\/#website\"},\"primaryImageOfPage\":{\"@id\":\"https:\\\/\\\/quehacerpolitico.mx\\\/?p=2516#primaryimage\"},\"image\":{\"@id\":\"https:\\\/\\\/quehacerpolitico.mx\\\/?p=2516#primaryimage\"},\"thumbnailUrl\":\"\",\"datePublished\":\"2018-08-16T03:13:58+00:00\",\"author\":{\"@id\":\"https:\\\/\\\/quehacerpolitico.mx\\\/#\\\/schema\\\/person\\\/496d8ad2d1d3f8036101dca7ee39e585\"},\"breadcrumb\":{\"@id\":\"https:\\\/\\\/quehacerpolitico.mx\\\/?p=2516#breadcrumb\"},\"inLanguage\":\"es\",\"potentialAction\":[{\"@type\":\"ReadAction\",\"target\":[\"https:\\\/\\\/quehacerpolitico.mx\\\/?p=2516\"]}]},{\"@type\":\"ImageObject\",\"inLanguage\":\"es\",\"@id\":\"https:\\\/\\\/quehacerpolitico.mx\\\/?p=2516#primaryimage\",\"url\":\"\",\"contentUrl\":\"\"},{\"@type\":\"BreadcrumbList\",\"@id\":\"https:\\\/\\\/quehacerpolitico.mx\\\/?p=2516#breadcrumb\",\"itemListElement\":[{\"@type\":\"ListItem\",\"position\":1,\"name\":\"Inicio\",\"item\":\"https:\\\/\\\/quehacerpolitico.mx\\\/\"},{\"@type\":\"ListItem\",\"position\":2,\"name\":\"\u201cRa\u00edz 2.0\u201d, teatro que migra\"}]},{\"@type\":\"WebSite\",\"@id\":\"https:\\\/\\\/quehacerpolitico.mx\\\/#website\",\"url\":\"https:\\\/\\\/quehacerpolitico.mx\\\/\",\"name\":\"\",\"description\":\"\",\"potentialAction\":[{\"@type\":\"SearchAction\",\"target\":{\"@type\":\"EntryPoint\",\"urlTemplate\":\"https:\\\/\\\/quehacerpolitico.mx\\\/?s={search_term_string}\"},\"query-input\":{\"@type\":\"PropertyValueSpecification\",\"valueRequired\":true,\"valueName\":\"search_term_string\"}}],\"inLanguage\":\"es\"},{\"@type\":\"Person\",\"@id\":\"https:\\\/\\\/quehacerpolitico.mx\\\/#\\\/schema\\\/person\\\/496d8ad2d1d3f8036101dca7ee39e585\",\"name\":\"Redacci\u00f3n QP\",\"image\":{\"@type\":\"ImageObject\",\"inLanguage\":\"es\",\"@id\":\"https:\\\/\\\/secure.gravatar.com\\\/avatar\\\/c7164ed6fdec453195284ad24a5ae5b6e1eed2b848477fa2a4787ba9adf39a41?s=96&d=mm&r=g\",\"url\":\"https:\\\/\\\/secure.gravatar.com\\\/avatar\\\/c7164ed6fdec453195284ad24a5ae5b6e1eed2b848477fa2a4787ba9adf39a41?s=96&d=mm&r=g\",\"contentUrl\":\"https:\\\/\\\/secure.gravatar.com\\\/avatar\\\/c7164ed6fdec453195284ad24a5ae5b6e1eed2b848477fa2a4787ba9adf39a41?s=96&d=mm&r=g\",\"caption\":\"Redacci\u00f3n QP\"},\"url\":\"https:\\\/\\\/quehacerpolitico.mx\\\/?author=2\"}]}<\/script>\n<!-- \/ Yoast SEO plugin. -->","yoast_head_json":{"title":"\u201cRa\u00edz 2.0\u201d, teatro que migra -","robots":{"index":"index","follow":"follow","max-snippet":"max-snippet:-1","max-image-preview":"max-image-preview:large","max-video-preview":"max-video-preview:-1"},"canonical":"https:\/\/quehacerpolitico.mx\/?p=2516","og_locale":"es_MX","og_type":"article","og_title":"\u201cRa\u00edz 2.0\u201d, teatro que migra -","og_description":"Presentan una obra en la que el p\u00fablico tiene el poder de decidir el rumbo de la historia Por Redacci\u00f3n QP","og_url":"https:\/\/quehacerpolitico.mx\/?p=2516","article_published_time":"2018-08-16T03:13:58+00:00","author":"Redacci\u00f3n QP","twitter_card":"summary_large_image","twitter_misc":{"Escrito por":"Redacci\u00f3n QP","Tiempo de lectura":"4 minutos"},"schema":{"@context":"https:\/\/schema.org","@graph":[{"@type":"Article","@id":"https:\/\/quehacerpolitico.mx\/?p=2516#article","isPartOf":{"@id":"https:\/\/quehacerpolitico.mx\/?p=2516"},"author":{"name":"Redacci\u00f3n QP","@id":"https:\/\/quehacerpolitico.mx\/#\/schema\/person\/496d8ad2d1d3f8036101dca7ee39e585"},"headline":"\u201cRa\u00edz 2.0\u201d, teatro que migra","datePublished":"2018-08-16T03:13:58+00:00","mainEntityOfPage":{"@id":"https:\/\/quehacerpolitico.mx\/?p=2516"},"wordCount":709,"commentCount":0,"image":{"@id":"https:\/\/quehacerpolitico.mx\/?p=2516#primaryimage"},"thumbnailUrl":"","articleSection":["Cultura y Entretenimiento"],"inLanguage":"es","potentialAction":[{"@type":"CommentAction","name":"Comment","target":["https:\/\/quehacerpolitico.mx\/?p=2516#respond"]}]},{"@type":"WebPage","@id":"https:\/\/quehacerpolitico.mx\/?p=2516","url":"https:\/\/quehacerpolitico.mx\/?p=2516","name":"\u201cRa\u00edz 2.0\u201d, teatro que migra -","isPartOf":{"@id":"https:\/\/quehacerpolitico.mx\/#website"},"primaryImageOfPage":{"@id":"https:\/\/quehacerpolitico.mx\/?p=2516#primaryimage"},"image":{"@id":"https:\/\/quehacerpolitico.mx\/?p=2516#primaryimage"},"thumbnailUrl":"","datePublished":"2018-08-16T03:13:58+00:00","author":{"@id":"https:\/\/quehacerpolitico.mx\/#\/schema\/person\/496d8ad2d1d3f8036101dca7ee39e585"},"breadcrumb":{"@id":"https:\/\/quehacerpolitico.mx\/?p=2516#breadcrumb"},"inLanguage":"es","potentialAction":[{"@type":"ReadAction","target":["https:\/\/quehacerpolitico.mx\/?p=2516"]}]},{"@type":"ImageObject","inLanguage":"es","@id":"https:\/\/quehacerpolitico.mx\/?p=2516#primaryimage","url":"","contentUrl":""},{"@type":"BreadcrumbList","@id":"https:\/\/quehacerpolitico.mx\/?p=2516#breadcrumb","itemListElement":[{"@type":"ListItem","position":1,"name":"Inicio","item":"https:\/\/quehacerpolitico.mx\/"},{"@type":"ListItem","position":2,"name":"\u201cRa\u00edz 2.0\u201d, teatro que migra"}]},{"@type":"WebSite","@id":"https:\/\/quehacerpolitico.mx\/#website","url":"https:\/\/quehacerpolitico.mx\/","name":"","description":"","potentialAction":[{"@type":"SearchAction","target":{"@type":"EntryPoint","urlTemplate":"https:\/\/quehacerpolitico.mx\/?s={search_term_string}"},"query-input":{"@type":"PropertyValueSpecification","valueRequired":true,"valueName":"search_term_string"}}],"inLanguage":"es"},{"@type":"Person","@id":"https:\/\/quehacerpolitico.mx\/#\/schema\/person\/496d8ad2d1d3f8036101dca7ee39e585","name":"Redacci\u00f3n QP","image":{"@type":"ImageObject","inLanguage":"es","@id":"https:\/\/secure.gravatar.com\/avatar\/c7164ed6fdec453195284ad24a5ae5b6e1eed2b848477fa2a4787ba9adf39a41?s=96&d=mm&r=g","url":"https:\/\/secure.gravatar.com\/avatar\/c7164ed6fdec453195284ad24a5ae5b6e1eed2b848477fa2a4787ba9adf39a41?s=96&d=mm&r=g","contentUrl":"https:\/\/secure.gravatar.com\/avatar\/c7164ed6fdec453195284ad24a5ae5b6e1eed2b848477fa2a4787ba9adf39a41?s=96&d=mm&r=g","caption":"Redacci\u00f3n QP"},"url":"https:\/\/quehacerpolitico.mx\/?author=2"}]}},"featured_image_urls":{"full":"","thumbnail":"","medium":"","medium_large":"","large":"","1536x1536":"","2048x2048":"","covernews-featured":"","covernews-medium":""},"author_info":{"display_name":"Redacci\u00f3n QP","author_link":"https:\/\/quehacerpolitico.mx\/?author=2"},"category_info":"<a href=\"https:\/\/quehacerpolitico.mx\/?cat=58\" rel=\"category\">Cultura y Entretenimiento<\/a>","tag_info":"Cultura y Entretenimiento","comment_count":"0","_links":{"self":[{"href":"https:\/\/quehacerpolitico.mx\/index.php?rest_route=\/wp\/v2\/posts\/2516","targetHints":{"allow":["GET"]}}],"collection":[{"href":"https:\/\/quehacerpolitico.mx\/index.php?rest_route=\/wp\/v2\/posts"}],"about":[{"href":"https:\/\/quehacerpolitico.mx\/index.php?rest_route=\/wp\/v2\/types\/post"}],"author":[{"embeddable":true,"href":"https:\/\/quehacerpolitico.mx\/index.php?rest_route=\/wp\/v2\/users\/2"}],"replies":[{"embeddable":true,"href":"https:\/\/quehacerpolitico.mx\/index.php?rest_route=%2Fwp%2Fv2%2Fcomments&post=2516"}],"version-history":[{"count":0,"href":"https:\/\/quehacerpolitico.mx\/index.php?rest_route=\/wp\/v2\/posts\/2516\/revisions"}],"wp:featuredmedia":[{"embeddable":true,"href":"https:\/\/quehacerpolitico.mx\/index.php?rest_route=\/"}],"wp:attachment":[{"href":"https:\/\/quehacerpolitico.mx\/index.php?rest_route=%2Fwp%2Fv2%2Fmedia&parent=2516"}],"wp:term":[{"taxonomy":"category","embeddable":true,"href":"https:\/\/quehacerpolitico.mx\/index.php?rest_route=%2Fwp%2Fv2%2Fcategories&post=2516"},{"taxonomy":"post_tag","embeddable":true,"href":"https:\/\/quehacerpolitico.mx\/index.php?rest_route=%2Fwp%2Fv2%2Ftags&post=2516"}],"curies":[{"name":"wp","href":"https:\/\/api.w.org\/{rel}","templated":true}]}}