{"id":2511,"date":"2018-08-16T03:03:15","date_gmt":"2018-08-16T03:03:15","guid":{"rendered":"http:\/\/quehacerpolitico.mx\/artesanias-mexicanas-embajadoras-del-exito\/"},"modified":"2018-08-16T03:03:15","modified_gmt":"2018-08-16T03:03:15","slug":"artesanias-mexicanas-embajadoras-del-exito","status":"publish","type":"post","link":"https:\/\/quehacerpolitico.mx\/?p=2511","title":{"rendered":"Artesan\u00edas mexicanas, embajadoras del \u00e9xito"},"content":{"rendered":"<p>En la tierra de los ind\u00edgenas mixtecos, una familia de artesanos mexicanos que amasan el barro como la vida misma, ha trascendido el tiempo y traspasado con su arte las fronteras. La creaci\u00f3n artesanal del \u201c\u00c1rbol de la Vida\u201d, su m\u00e1xima escultura de barro esculpida y pintada a mano con una tradici\u00f3n ancestral, fue el inicio para que la familia Castillo Orta evolucionara en cr\u00e1neos de fuego, catrinas, \u00e1ngeles, demonios y una legi\u00f3n de personajes mundanos, de ultratumba y mitol\u00f3gicos apreciados en el extranjero.<\/p>\n<div id=\"div-gpt-ad-1524682842930-0\" data-google-query-id=\"CILZ26_K8NwCFReKaQod2k0OSg\">\n<div id=\"google_ads_iframe_\/40135427\/informador_mx_Video_Outstream_0__container__\">\u201cCada pieza lleva una parte de nosotros, llevan una parte de la historia, una parte de nuestro coraz\u00f3n\u201d.<\/div>\n<\/div>\n<p>Con la tierra misma mixteca del Estado de Puebla, las obras de barro policromado de Alfonso (el patriarca fallecido), Martha y sus hijos Ver\u00f3nica, Poncho, Paty, Marco y Martha Ang\u00e9lica llegaron al Museo de Louvre en Par\u00eds y han sido exhibidas en exposiciones de Alemania, Jap\u00f3n, Espa\u00f1a, Dinamarca, Brasil, Estados Unidos y, por supuesto, M\u00e9xico.<\/p>\n<p>\u201cCada pieza lleva una parte de nosotros, llevan una parte de la historia, una parte de nuestro coraz\u00f3n\u201d, afirma Soledad Martha Hern\u00e1ndez de Castillo, el motor de esta familia que lleva en la sangre y el alma el barro de una naci\u00f3n.<\/p>\n<p>Suman m\u00e1s de 200 reconocimientos en su taller del municipio de Iz\u00facar de Matamoros, una regi\u00f3n de calores infernales hasta donde lleg\u00f3 el Premio Unesco de las Artesan\u00edas La Habana Cuba (1995), el Premio Nacional de Ciencias y Artes de M\u00e9xico (1996) y el Nea National Endowment For The Arts (2013), entre muchos m\u00e1s.<\/p>\n<h4>A romper la barrera del tiempo<\/h4>\n<p>Las seis generaciones, en mesas ubicadas en el patio de la casa, aprendieron de manera autodidacta a amasar el barro cargado del pasado prehisp\u00e1nico, formar figurillas con una perfecci\u00f3n \u00fanica y dar vida con colores brillantes para ser colocados en \u00e1rboles con hojas con esqueleto de barro cocido a fuego de milenios.<\/p>\n<blockquote>\n<p>\u201cEs una cultura de hace muchos a\u00f1os. El colorido, las grecas, todo me parece una cosa incre\u00edble. La tradici\u00f3n de mi esposo viene de m\u00e1s de 200 a\u00f1os de parte de su familia\u201d.<\/p>\n<\/blockquote>\n<p>Su m\u00e1xima obra, el \u201c\u00c1rbol de la Vida\u201d, en cuyos or\u00edgenes se representaban ciertos pasajes b\u00edblicos, como la historia de Ad\u00e1n y Eva para evangelizar a los pueblos aut\u00f3ctonos, hoy son tan complejos como las tradiciones y la vida misma.<\/p>\n<p>\u201cEs una cultura de hace muchos a\u00f1os. El colorido, las grecas, todo me parece una cosa incre\u00edble. La tradici\u00f3n de mi esposo viene de m\u00e1s de 200 a\u00f1os de parte de su familia\u201d, afirma Soledad Martha, la matriarca.<\/p>\n<p>La mujer alent\u00f3 a sus hijos y ahora a sus nueras, yernos y nietos a mantener el taller familiar, pero siempre en constante evoluci\u00f3n para transformar esos \u00e1rboles en ofrendas ind\u00edgenas y religiosas, festividades nacionales como el D\u00eda de Muertos y hasta pasajes hist\u00f3ricos, adem\u00e1s de jarrones multicolores.<\/p>\n<p>Y en Iz\u00facar de Matamoros se adjudican la creaci\u00f3n de los \u201c\u00e1rboles b\u00edblicos\u201d que se extendieron a diversas regiones del pa\u00eds, mientras que en Metepec, en el Estado de M\u00e9xico, se disputan los or\u00edgenes prehisp\u00e1nicos de las piezas.<\/p>\n<p>\u201cHay una fusi\u00f3n de cuestiones espa\u00f1olas pero tambi\u00e9n prehisp\u00e1nicas. Nuestros antepasados los Olmecas, Toltecas, Mixtecos hicimos una fusi\u00f3n\u201d, afirma Marco Antonio Castillo Hern\u00e1ndez, heredero de la tradici\u00f3n.\u00a0\u00a0\u00a0\u00a0\u00a0\u00a0 \u00a0<\/p>\n<h4>Fusi\u00f3n de emociones<\/h4>\n<p>Cada pieza que forman en los hornos, tiene una historia, un pasado y un presente, como el Guerrero \u00c1guila, un personaje de alta importancia para los mexicas que con la llegada de los espa\u00f1oles se transform\u00f3 en Arc\u00e1ngel y la gente lo acept\u00f3 como parte de la religi\u00f3n cat\u00f3lica. \u201cEn nuestras obras est\u00e1 la Vida y Muerte, hay gente, hay ni\u00f1os, la vida con la naturaleza y el amor al trabajo que se hace con el coraz\u00f3n\u201d, relata Marco Antonio.<\/p>\n<blockquote>\n<p>\u201cEn nuestras obras est\u00e1 la Vida y Muerte, hay gente, hay ni\u00f1os, la vida con la naturaleza y el amor al trabajo que se hace con el coraz\u00f3n\u201d.<\/p>\n<\/blockquote>\n<p>El trabajo minucioso y paciente que ense\u00f1\u00f3 Don Alfonso Castillo Orta ahora lo realizan hasta los ni\u00f1os y j\u00f3venes del clan, entre ellos Alfonso Castillo Medina, un muchacho de 22 a\u00f1os quien estudi\u00f3 artes pl\u00e1sticas y ahora no para de crear. \u201cDe ni\u00f1o siempre vi c\u00f3mo hac\u00edan las piezas y siempre me dio inter\u00e9s por el trabajo familiar pero en especial el barro policromado\u201d, cuenta el muchacho que ya tiene obras en colecciones privadas y en breve se van 22 a un museo en San Francisco, Estados Unidos.<\/p>\n","protected":false},"excerpt":{"rendered":"<p>Escultura y pl\u00e1stica de ra\u00edz ind\u00edgena encuentra en otras naciones un mercado entusiasta y cada vez m\u00e1s demandante<br \/>\nPor Redacci\u00f3n QP<\/p>\n","protected":false},"author":2,"featured_media":2510,"comment_status":"open","ping_status":"open","sticky":false,"template":"","format":"standard","meta":{"_monsterinsights_skip_tracking":false,"_monsterinsights_sitenote_active":false,"_monsterinsights_sitenote_note":"","_monsterinsights_sitenote_category":0,"footnotes":""},"categories":[58],"tags":[],"class_list":["post-2511","post","type-post","status-publish","format-standard","has-post-thumbnail","hentry","category-cultura"],"yoast_head":"<!-- This site is optimized with the Yoast SEO plugin v27.3 - https:\/\/yoast.com\/product\/yoast-seo-wordpress\/ -->\n<title>Artesan\u00edas mexicanas, embajadoras del \u00e9xito -<\/title>\n<meta name=\"robots\" content=\"index, follow, max-snippet:-1, max-image-preview:large, max-video-preview:-1\" \/>\n<link rel=\"canonical\" href=\"https:\/\/quehacerpolitico.mx\/?p=2511\" \/>\n<meta property=\"og:locale\" content=\"es_MX\" \/>\n<meta property=\"og:type\" content=\"article\" \/>\n<meta property=\"og:title\" content=\"Artesan\u00edas mexicanas, embajadoras del \u00e9xito -\" \/>\n<meta property=\"og:description\" content=\"Escultura y pl\u00e1stica de ra\u00edz ind\u00edgena encuentra en otras naciones un mercado entusiasta y cada vez m\u00e1s demandante Por Redacci\u00f3n QP\" \/>\n<meta property=\"og:url\" content=\"https:\/\/quehacerpolitico.mx\/?p=2511\" \/>\n<meta property=\"article:published_time\" content=\"2018-08-16T03:03:15+00:00\" \/>\n<meta name=\"author\" content=\"Redacci\u00f3n QP\" \/>\n<meta name=\"twitter:card\" content=\"summary_large_image\" \/>\n<meta name=\"twitter:label1\" content=\"Escrito por\" \/>\n\t<meta name=\"twitter:data1\" content=\"Redacci\u00f3n QP\" \/>\n\t<meta name=\"twitter:label2\" content=\"Tiempo de lectura\" \/>\n\t<meta name=\"twitter:data2\" content=\"4 minutos\" \/>\n<script type=\"application\/ld+json\" class=\"yoast-schema-graph\">{\"@context\":\"https:\\\/\\\/schema.org\",\"@graph\":[{\"@type\":\"Article\",\"@id\":\"https:\\\/\\\/quehacerpolitico.mx\\\/?p=2511#article\",\"isPartOf\":{\"@id\":\"https:\\\/\\\/quehacerpolitico.mx\\\/?p=2511\"},\"author\":{\"name\":\"Redacci\u00f3n QP\",\"@id\":\"https:\\\/\\\/quehacerpolitico.mx\\\/#\\\/schema\\\/person\\\/496d8ad2d1d3f8036101dca7ee39e585\"},\"headline\":\"Artesan\u00edas mexicanas, embajadoras del \u00e9xito\",\"datePublished\":\"2018-08-16T03:03:15+00:00\",\"mainEntityOfPage\":{\"@id\":\"https:\\\/\\\/quehacerpolitico.mx\\\/?p=2511\"},\"wordCount\":808,\"commentCount\":0,\"image\":{\"@id\":\"https:\\\/\\\/quehacerpolitico.mx\\\/?p=2511#primaryimage\"},\"thumbnailUrl\":\"\",\"articleSection\":[\"Cultura y Entretenimiento\"],\"inLanguage\":\"es\",\"potentialAction\":[{\"@type\":\"CommentAction\",\"name\":\"Comment\",\"target\":[\"https:\\\/\\\/quehacerpolitico.mx\\\/?p=2511#respond\"]}]},{\"@type\":\"WebPage\",\"@id\":\"https:\\\/\\\/quehacerpolitico.mx\\\/?p=2511\",\"url\":\"https:\\\/\\\/quehacerpolitico.mx\\\/?p=2511\",\"name\":\"Artesan\u00edas mexicanas, embajadoras del \u00e9xito -\",\"isPartOf\":{\"@id\":\"https:\\\/\\\/quehacerpolitico.mx\\\/#website\"},\"primaryImageOfPage\":{\"@id\":\"https:\\\/\\\/quehacerpolitico.mx\\\/?p=2511#primaryimage\"},\"image\":{\"@id\":\"https:\\\/\\\/quehacerpolitico.mx\\\/?p=2511#primaryimage\"},\"thumbnailUrl\":\"\",\"datePublished\":\"2018-08-16T03:03:15+00:00\",\"author\":{\"@id\":\"https:\\\/\\\/quehacerpolitico.mx\\\/#\\\/schema\\\/person\\\/496d8ad2d1d3f8036101dca7ee39e585\"},\"breadcrumb\":{\"@id\":\"https:\\\/\\\/quehacerpolitico.mx\\\/?p=2511#breadcrumb\"},\"inLanguage\":\"es\",\"potentialAction\":[{\"@type\":\"ReadAction\",\"target\":[\"https:\\\/\\\/quehacerpolitico.mx\\\/?p=2511\"]}]},{\"@type\":\"ImageObject\",\"inLanguage\":\"es\",\"@id\":\"https:\\\/\\\/quehacerpolitico.mx\\\/?p=2511#primaryimage\",\"url\":\"\",\"contentUrl\":\"\"},{\"@type\":\"BreadcrumbList\",\"@id\":\"https:\\\/\\\/quehacerpolitico.mx\\\/?p=2511#breadcrumb\",\"itemListElement\":[{\"@type\":\"ListItem\",\"position\":1,\"name\":\"Inicio\",\"item\":\"https:\\\/\\\/quehacerpolitico.mx\\\/\"},{\"@type\":\"ListItem\",\"position\":2,\"name\":\"Artesan\u00edas mexicanas, embajadoras del \u00e9xito\"}]},{\"@type\":\"WebSite\",\"@id\":\"https:\\\/\\\/quehacerpolitico.mx\\\/#website\",\"url\":\"https:\\\/\\\/quehacerpolitico.mx\\\/\",\"name\":\"\",\"description\":\"\",\"potentialAction\":[{\"@type\":\"SearchAction\",\"target\":{\"@type\":\"EntryPoint\",\"urlTemplate\":\"https:\\\/\\\/quehacerpolitico.mx\\\/?s={search_term_string}\"},\"query-input\":{\"@type\":\"PropertyValueSpecification\",\"valueRequired\":true,\"valueName\":\"search_term_string\"}}],\"inLanguage\":\"es\"},{\"@type\":\"Person\",\"@id\":\"https:\\\/\\\/quehacerpolitico.mx\\\/#\\\/schema\\\/person\\\/496d8ad2d1d3f8036101dca7ee39e585\",\"name\":\"Redacci\u00f3n QP\",\"image\":{\"@type\":\"ImageObject\",\"inLanguage\":\"es\",\"@id\":\"https:\\\/\\\/secure.gravatar.com\\\/avatar\\\/c7164ed6fdec453195284ad24a5ae5b6e1eed2b848477fa2a4787ba9adf39a41?s=96&d=mm&r=g\",\"url\":\"https:\\\/\\\/secure.gravatar.com\\\/avatar\\\/c7164ed6fdec453195284ad24a5ae5b6e1eed2b848477fa2a4787ba9adf39a41?s=96&d=mm&r=g\",\"contentUrl\":\"https:\\\/\\\/secure.gravatar.com\\\/avatar\\\/c7164ed6fdec453195284ad24a5ae5b6e1eed2b848477fa2a4787ba9adf39a41?s=96&d=mm&r=g\",\"caption\":\"Redacci\u00f3n QP\"},\"url\":\"https:\\\/\\\/quehacerpolitico.mx\\\/?author=2\"}]}<\/script>\n<!-- \/ Yoast SEO plugin. -->","yoast_head_json":{"title":"Artesan\u00edas mexicanas, embajadoras del \u00e9xito -","robots":{"index":"index","follow":"follow","max-snippet":"max-snippet:-1","max-image-preview":"max-image-preview:large","max-video-preview":"max-video-preview:-1"},"canonical":"https:\/\/quehacerpolitico.mx\/?p=2511","og_locale":"es_MX","og_type":"article","og_title":"Artesan\u00edas mexicanas, embajadoras del \u00e9xito -","og_description":"Escultura y pl\u00e1stica de ra\u00edz ind\u00edgena encuentra en otras naciones un mercado entusiasta y cada vez m\u00e1s demandante Por Redacci\u00f3n QP","og_url":"https:\/\/quehacerpolitico.mx\/?p=2511","article_published_time":"2018-08-16T03:03:15+00:00","author":"Redacci\u00f3n QP","twitter_card":"summary_large_image","twitter_misc":{"Escrito por":"Redacci\u00f3n QP","Tiempo de lectura":"4 minutos"},"schema":{"@context":"https:\/\/schema.org","@graph":[{"@type":"Article","@id":"https:\/\/quehacerpolitico.mx\/?p=2511#article","isPartOf":{"@id":"https:\/\/quehacerpolitico.mx\/?p=2511"},"author":{"name":"Redacci\u00f3n QP","@id":"https:\/\/quehacerpolitico.mx\/#\/schema\/person\/496d8ad2d1d3f8036101dca7ee39e585"},"headline":"Artesan\u00edas mexicanas, embajadoras del \u00e9xito","datePublished":"2018-08-16T03:03:15+00:00","mainEntityOfPage":{"@id":"https:\/\/quehacerpolitico.mx\/?p=2511"},"wordCount":808,"commentCount":0,"image":{"@id":"https:\/\/quehacerpolitico.mx\/?p=2511#primaryimage"},"thumbnailUrl":"","articleSection":["Cultura y Entretenimiento"],"inLanguage":"es","potentialAction":[{"@type":"CommentAction","name":"Comment","target":["https:\/\/quehacerpolitico.mx\/?p=2511#respond"]}]},{"@type":"WebPage","@id":"https:\/\/quehacerpolitico.mx\/?p=2511","url":"https:\/\/quehacerpolitico.mx\/?p=2511","name":"Artesan\u00edas mexicanas, embajadoras del \u00e9xito -","isPartOf":{"@id":"https:\/\/quehacerpolitico.mx\/#website"},"primaryImageOfPage":{"@id":"https:\/\/quehacerpolitico.mx\/?p=2511#primaryimage"},"image":{"@id":"https:\/\/quehacerpolitico.mx\/?p=2511#primaryimage"},"thumbnailUrl":"","datePublished":"2018-08-16T03:03:15+00:00","author":{"@id":"https:\/\/quehacerpolitico.mx\/#\/schema\/person\/496d8ad2d1d3f8036101dca7ee39e585"},"breadcrumb":{"@id":"https:\/\/quehacerpolitico.mx\/?p=2511#breadcrumb"},"inLanguage":"es","potentialAction":[{"@type":"ReadAction","target":["https:\/\/quehacerpolitico.mx\/?p=2511"]}]},{"@type":"ImageObject","inLanguage":"es","@id":"https:\/\/quehacerpolitico.mx\/?p=2511#primaryimage","url":"","contentUrl":""},{"@type":"BreadcrumbList","@id":"https:\/\/quehacerpolitico.mx\/?p=2511#breadcrumb","itemListElement":[{"@type":"ListItem","position":1,"name":"Inicio","item":"https:\/\/quehacerpolitico.mx\/"},{"@type":"ListItem","position":2,"name":"Artesan\u00edas mexicanas, embajadoras del \u00e9xito"}]},{"@type":"WebSite","@id":"https:\/\/quehacerpolitico.mx\/#website","url":"https:\/\/quehacerpolitico.mx\/","name":"","description":"","potentialAction":[{"@type":"SearchAction","target":{"@type":"EntryPoint","urlTemplate":"https:\/\/quehacerpolitico.mx\/?s={search_term_string}"},"query-input":{"@type":"PropertyValueSpecification","valueRequired":true,"valueName":"search_term_string"}}],"inLanguage":"es"},{"@type":"Person","@id":"https:\/\/quehacerpolitico.mx\/#\/schema\/person\/496d8ad2d1d3f8036101dca7ee39e585","name":"Redacci\u00f3n QP","image":{"@type":"ImageObject","inLanguage":"es","@id":"https:\/\/secure.gravatar.com\/avatar\/c7164ed6fdec453195284ad24a5ae5b6e1eed2b848477fa2a4787ba9adf39a41?s=96&d=mm&r=g","url":"https:\/\/secure.gravatar.com\/avatar\/c7164ed6fdec453195284ad24a5ae5b6e1eed2b848477fa2a4787ba9adf39a41?s=96&d=mm&r=g","contentUrl":"https:\/\/secure.gravatar.com\/avatar\/c7164ed6fdec453195284ad24a5ae5b6e1eed2b848477fa2a4787ba9adf39a41?s=96&d=mm&r=g","caption":"Redacci\u00f3n QP"},"url":"https:\/\/quehacerpolitico.mx\/?author=2"}]}},"featured_image_urls":{"full":"","thumbnail":"","medium":"","medium_large":"","large":"","1536x1536":"","2048x2048":"","covernews-featured":"","covernews-medium":""},"author_info":{"display_name":"Redacci\u00f3n QP","author_link":"https:\/\/quehacerpolitico.mx\/?author=2"},"category_info":"<a href=\"https:\/\/quehacerpolitico.mx\/?cat=58\" rel=\"category\">Cultura y Entretenimiento<\/a>","tag_info":"Cultura y Entretenimiento","comment_count":"0","_links":{"self":[{"href":"https:\/\/quehacerpolitico.mx\/index.php?rest_route=\/wp\/v2\/posts\/2511","targetHints":{"allow":["GET"]}}],"collection":[{"href":"https:\/\/quehacerpolitico.mx\/index.php?rest_route=\/wp\/v2\/posts"}],"about":[{"href":"https:\/\/quehacerpolitico.mx\/index.php?rest_route=\/wp\/v2\/types\/post"}],"author":[{"embeddable":true,"href":"https:\/\/quehacerpolitico.mx\/index.php?rest_route=\/wp\/v2\/users\/2"}],"replies":[{"embeddable":true,"href":"https:\/\/quehacerpolitico.mx\/index.php?rest_route=%2Fwp%2Fv2%2Fcomments&post=2511"}],"version-history":[{"count":0,"href":"https:\/\/quehacerpolitico.mx\/index.php?rest_route=\/wp\/v2\/posts\/2511\/revisions"}],"wp:featuredmedia":[{"embeddable":true,"href":"https:\/\/quehacerpolitico.mx\/index.php?rest_route=\/"}],"wp:attachment":[{"href":"https:\/\/quehacerpolitico.mx\/index.php?rest_route=%2Fwp%2Fv2%2Fmedia&parent=2511"}],"wp:term":[{"taxonomy":"category","embeddable":true,"href":"https:\/\/quehacerpolitico.mx\/index.php?rest_route=%2Fwp%2Fv2%2Fcategories&post=2511"},{"taxonomy":"post_tag","embeddable":true,"href":"https:\/\/quehacerpolitico.mx\/index.php?rest_route=%2Fwp%2Fv2%2Ftags&post=2511"}],"curies":[{"name":"wp","href":"https:\/\/api.w.org\/{rel}","templated":true}]}}