{"id":2499,"date":"2018-08-16T02:30:12","date_gmt":"2018-08-16T02:30:12","guid":{"rendered":"http:\/\/quehacerpolitico.mx\/migrantes-viven-odisea-en-mexico\/"},"modified":"2018-08-16T02:30:12","modified_gmt":"2018-08-16T02:30:12","slug":"migrantes-viven-odisea-en-mexico","status":"publish","type":"post","link":"https:\/\/quehacerpolitico.mx\/?p=2499","title":{"rendered":"Migrantes viven odisea en M\u00e9xico"},"content":{"rendered":"<div class=\"mod-photogallery\" data-pagination=\".swiper-pagination\" data-id=\"article-photogallery\">\n<div class=\"swiper-container swiper-container-horizontal\">\n<div class=\"swiper-wrapper\">\n<figure class=\"swiper-slide swiper-image active swiper-slide-active\" data-index=\"0\">\n<div class=\"swiper-responsive\" data-openfullscreen=\"\"><img loading=\"lazy\" decoding=\"async\" title=\"Migrantes centroamericanos caminan por las v\u00edas del tren en Guadalajara, mientras aguardan para tomar un tren rumbo al Norte. AFP\/U. Ruiz\" src=\"https:\/\/www.informador.mx\/__export\/1534376288755\/sites\/elinformador\/img\/2018\/08\/15\/migrantesgdl.jpg_1970638775.jpg\" alt=\"Migrantes centroamericanos caminan por las v\u00edas del tren en Guadalajara, mientras aguardan para tomar un tren rumbo al Norte. AFP\/U. Ruiz\" width=\"320\" height=\"320\" data-fullscreen=\"\/__export\/1534376288755\/sites\/elinformador\/img\/2018\/08\/15\/migrantesgdl.jpg_1709026569.jpg\" \/><\/div><figcaption class=\"swiper-caption\"><\/figcaption><\/figure>\n<figure class=\"swiper-slide swiper-image swiper-slide-next\" data-index=\"0\">\n<div class=\"swiper-responsive\" data-openfullscreen=\"\"><button class=\"swiper-fullscreen icon icon__fullscreen_outline\"><\/button><img loading=\"lazy\" decoding=\"async\" title=\"Migrantes y habitantes cruzan el r\u00edo Suchiate, en la frontera natural entre Guatemala y M\u00e9xico, en Ciudad Hidalgo, Chiapas. AFP\/P. Pardo\" src=\"https:\/\/www.informador.mx\/__export\/1534377270929\/sites\/elinformador\/img\/2018\/08\/15\/migrchiapas.jpg_1970638775.jpg\" alt=\"Migrantes y habitantes cruzan el r\u00edo Suchiate, en la frontera natural entre Guatemala y M\u00e9xico, en Ciudad Hidalgo, Chiapas. AFP\/P. Pardo\" width=\"320\" height=\"320\" data-fullscreen=\"\/__export\/1534377270929\/sites\/elinformador\/img\/2018\/08\/15\/migrchiapas.jpg_1709026569.jpg\" \/><\/div><figcaption class=\"swiper-caption\"><\/figcaption><\/figure>\n<figure class=\"swiper-slide swiper-image\" data-index=\"0\">\n<div class=\"swiper-responsive\" data-openfullscreen=\"\"><button class=\"swiper-fullscreen icon icon__fullscreen_outline\"><\/button><img loading=\"lazy\" decoding=\"async\" title=\"El hondure\u00f1o David posa en el albergue \" src=\"https:\/\/www.informador.mx\/__export\/1534376722617\/sites\/elinformador\/img\/2018\/08\/15\/migrantemex.jpg_1970638775.jpg\" alt=\"El hondure\u00f1o David posa en el albergue \" width=\"320\" height=\"320\" data-fullscreen=\"\/__export\/1534376722617\/sites\/elinformador\/img\/2018\/08\/15\/migrantemex.jpg_1709026569.jpg\" \/><\/div><figcaption class=\"swiper-caption\"><\/figcaption><\/figure>\n<figure class=\"swiper-slide swiper-image\" data-index=\"0\">\n<div class=\"swiper-responsive\" data-openfullscreen=\"\"><button class=\"swiper-fullscreen icon icon__fullscreen_outline\"><\/button><img loading=\"lazy\" decoding=\"async\" title=\"La estadounidense Denisse Luna, de 22, y el mexicano Ra\u00fal Varela, de 25, posan durante su boda en el Puente internacional Paso del Norte, sobre el R\u00edo Bravo entre Texas y Chihuahua.  AFP\/H. Mart\u00ednez\" src=\"https:\/\/www.informador.mx\/__export\/1534377297602\/sites\/elinformador\/img\/2018\/08\/15\/migranteboda.jpg_1970638775.jpg\" alt=\"La estadounidense Denisse Luna, de 22, y el mexicano Ra\u00fal Varela, de 25, posan durante su boda en el Puente internacional Paso del Norte, sobre el R\u00edo Bravo entre Texas y Chihuahua.  AFP\/H. Mart\u00ednez\" width=\"320\" height=\"320\" data-fullscreen=\"\/__export\/1534377297602\/sites\/elinformador\/img\/2018\/08\/15\/migranteboda.jpg_1709026569.jpg\" \/><\/div><figcaption class=\"swiper-caption\"><\/figcaption><\/figure>\n<figure class=\"swiper-slide swiper-image\" data-index=\"0\">\n<div class=\"swiper-responsive\" data-openfullscreen=\"\"><button class=\"swiper-fullscreen icon icon__fullscreen_outline\"><\/button><img loading=\"lazy\" decoding=\"async\" title=\"Juan Israel Rodr\u00edguez Tejeda, de 27, muestra una imagen de San Juditas, su posesi\u00f3n m\u00e1s valiosa, en un refugio en Guadalajara. AFP\/U. Ruiz\" src=\"https:\/\/www.informador.mx\/__export\/1534376813002\/sites\/elinformador\/img\/2018\/08\/15\/migrantesanjudas.jpg_1970638775.jpg\" alt=\"Juan Israel Rodr\u00edguez Tejeda, de 27, muestra una imagen de San Juditas, su posesi\u00f3n m\u00e1s valiosa, en un refugio en Guadalajara. AFP\/U. Ruiz\" width=\"320\" height=\"320\" data-fullscreen=\"\/__export\/1534376813002\/sites\/elinformador\/img\/2018\/08\/15\/migrantesanjudas.jpg_1709026569.jpg\" \/><\/div><figcaption class=\"swiper-caption\"><\/figcaption><\/figure>\n<figure class=\"swiper-slide swiper-image\" data-index=\"0\">\n<div class=\"swiper-responsive\" data-openfullscreen=\"\"><button class=\"swiper-fullscreen icon icon__fullscreen_outline\"><\/button><img loading=\"lazy\" decoding=\"async\" title=\"Polic\u00edas arrestan a un centroamericano tras una pelea cerca de las v\u00edas en Arriaga, Chiapas. AFP\/P. Pardo\" src=\"https:\/\/www.informador.mx\/__export\/1534377009536\/sites\/elinformador\/img\/2018\/08\/15\/migrantechi.jpg_1970638775.jpg\" alt=\"Polic\u00edas arrestan a un centroamericano tras una pelea cerca de las v\u00edas en Arriaga, Chiapas. AFP\/P. Pardo\" width=\"320\" height=\"320\" data-fullscreen=\"\/__export\/1534377009536\/sites\/elinformador\/img\/2018\/08\/15\/migrantechi.jpg_1709026569.jpg\" \/><\/div><figcaption class=\"swiper-caption\"><\/figcaption><\/figure>\n<\/div>\n<\/div>\n<\/div>\n<div class=\"news-body row\">\n<p>Desde la frontera sur con Guatemala hasta la frontera norte con <strong><a href=\"https:\/\/www.informador.mx\/estados-unidos-t359\" target=\"_blank\" rel=\"noopener\">Estados Unidos<\/a><\/strong>, la AFP acudi\u00f3 durante 24 horas al encuentro de migrantes que persiguen su &#8220;sue\u00f1o americano&#8221; a trav\u00e9s del territorio de M\u00e9xico, arriesgando sus vidas.<\/p>\n<div id=\"div-gpt-ad-1524682842930-0\" data-google-query-id=\"CKbX19rC8NwCFcFFAQodxfENoQ\">\n<div id=\"google_ads_iframe_\/40135427\/informador_mx_Video_Outstream_0__container__\">Hombres, a menudo j\u00f3venes, otros ya varias veces expulsados de Estados Unidos, mujeres viajando con ni\u00f1os peque\u00f1os o incluso embarazadas, cuentan su largo viaje.<\/div>\n<div>\n<h4>Andr\u00e9s S\u00e1nchez, 18 a\u00f1os, Ciudad Ju\u00e1rez<\/h4>\n<p>&#8220;Ser migrante es ser rechazado&#8221;, lamenta Andr\u00e9s un d\u00eda despu\u00e9s de su segunda expulsi\u00f3n de Estados Unidos.<\/p>\n<p>Consigo no lleva m\u00e1s que una biblia y una billetera fabricada de bolsas pl\u00e1sticas.<\/p>\n<div>\n<figure class=\"image\"><img decoding=\"async\" title=\"\" src=\"https:\/\/www.informador.mx\/export\/sites\/elinformador\/img\/2018\/08\/15\/migranteandres.jpg_381591421.jpg\" alt=\"\" hspace=\"5\" vspace=\"5\" data-height=\"450\" data-size=\"w:4973,h:3197\" data-width=\"700\" \/><figcaption>AFP\/H. Mart\u00ednez<\/figcaption><\/figure>\n<\/div>\n<p>Andr\u00e9s estuvo detenido durante dos meses despu\u00e9s de haber intentado cruzar la frontera estadounidense con <strong>una visa de turista falsa que le vendi\u00f3 un traficante por tres mil 500 d\u00f3lares<\/strong>, pero el documento hab\u00eda sido declarado robado.<\/p>\n<p>&#8220;En la prisi\u00f3n hace mucho fr\u00edo, casi no duermes y la comida es muy mala&#8221;, dice desde un refugio para migrantes de Ciudad Ju\u00e1rez\u00a0dirigido por un sacerdote.<\/p>\n<p>No sabe si intentar\u00e1 cruzar nuevamente porque la pr\u00f3xima vez \u00a0se arriesga a pasar seis meses en prisi\u00f3n, seg\u00fan le advirtieron las autoridades estadounidenses.<\/p>\n<p>En Puebla, de donde es originario, Andr\u00e9s trabajaba como obrero, pero sue\u00f1a con llegar a Denver, Colorado.<\/p>\n<h4>Micaela P\u00e9rez, 24 a\u00f1os, Ciudad Ju\u00e1rez<\/h4>\n<p>&#8220;Es muy riesgoso ser migrante&#8221;, confiesa Micaela\u00a0al d\u00eda siguiente de su tercera expulsi\u00f3n de Estados Unidos. El desierto &#8220;es muy feo para cruzar (&#8230;) Me acabo la comida y el agua, pues ya me entregu\u00e9&#8221; a las autoridades, recuerda.<\/p>\n<div>\n<figure class=\"image\"><img decoding=\"async\" title=\"\" src=\"https:\/\/www.informador.mx\/export\/sites\/elinformador\/img\/2018\/08\/15\/migrantemicaela.jpg_381591421.jpg\" alt=\"\" hspace=\"5\" vspace=\"5\" data-height=\"450\" data-size=\"w:3696,h:2381\" data-width=\"700\" \/><figcaption>Micaela D\u00edaz se alberga en la Casa del\u00a0Migrante en Ciudad Ju\u00e1rez, Chihuahua. AFP\/H. Mart\u00ednez<\/figcaption><\/figure>\n<\/div>\n<p>No tiene ninguna pertenencia, ni un centavo en el bolsillo. La ropa que trae puesta se la donaron en el refugio de migrantes.<\/p>\n<p>Originaria de <strong><a href=\"https:\/\/www.informador.mx\/chiapas-t420\" target=\"_blank\" rel=\"noopener\">Chiapas<\/a><\/strong>, el estado m\u00e1s pobre de M\u00e9xico, Micaela intent\u00f3 cruzar la frontera por tercera vez este a\u00f1o para reunirse con su marido que vive del otro lado, clandestinamente, desde hace dos a\u00f1os.<\/p>\n<p>En marzo <strong>pag\u00f3 mil 500 d\u00f3lares a un coyote<\/strong>\u00a0para cruzar el R\u00edo Bravo pero fue detenida por la patrulla fronteriza y retenida durante seis d\u00edas.\u00a0La pr\u00f3xima vez se <strong>arriesga a pasar 20 a\u00f1os en prisi\u00f3n<\/strong>, le advirtieron los guardias fronterizos.<\/p>\n<h4>Raquel Padilla, 27 a\u00f1os, Guadalajara<\/h4>\n<p>Migrar &#8220;es el sue\u00f1o de todo centroamericano&#8221;, dice Raquel de 27 a\u00f1os.<\/p>\n<div>\n<figure class=\"image\"><img decoding=\"async\" title=\"\" src=\"https:\/\/www.informador.mx\/export\/sites\/elinformador\/img\/2018\/08\/15\/migranteraquel.jpg_347421144.jpg\" alt=\"\" hspace=\"5\" vspace=\"5\" data-height=\"466\" data-size=\"w:5376,h:3584\" data-width=\"700\" \/><figcaption>\u00a0Raquel tiene cuatro meses de embarazo. En una imagen en\u00a0el albergue FM4 Paso Libre, que ofrece hospedaje, alimentos y asesor\u00eda legal en Guadalajara. AFP\/U. Ruiz<\/figcaption><\/figure>\n<\/div>\n<p>Este es su primer viaje, pero extra\u00f1a a su hijo que se qued\u00f3 en Honduras. Lleg\u00f3 hasta Guadalajara usando rutas alternativas y est\u00e1 en el refugio desde hace ocho d\u00edas con un amigo.<\/p>\n<p>\u00bfSu bien m\u00e1s preciado? &#8220;Es el beb\u00e9 que llevo en mi vientre&#8221;.<\/p>\n<h4>\u00c1ngel Saravia, 61 a\u00f1os, Tijuana<\/h4>\n<p>Desde hace m\u00e1s de cinco a\u00f1os, \u00c1ngel, 61 a\u00f1os, vive en una caba\u00f1a cerca de la frontera en la garganta del Ca\u00f1\u00f3n del Matadero en Tijuana.<\/p>\n<p>\u00c1ngel dej\u00f3 tras de s\u00ed una vida de migrante. La \u00faltima vez que lo expulsaron de Estados Unidos fue hace seis a\u00f1os.<\/p>\n<p>&#8220;Es algo importante para nosotros, emigrar, porque se mueve uno para salir adelante (&#8230;) aunque se sufre, pero tiene que correr el riesgo&#8221;, asegura.<\/p>\n<p>Aqu\u00ed &#8220;es como un santuario, vives lejos de la sociedad que todo el tiempo nos est\u00e1 recriminando que los deportados son criminales (&#8230;) Aqu\u00ed estamos lejos de donde nos est\u00e9n se\u00f1alando y vivimos en paz&#8221;.<\/p>\n<h4>Graciela, 16 a\u00f1os, Tijuana<\/h4>\n<p>La hondure\u00f1a Graciela\u00a0viajaba sola. Dio a luz a su hijo C\u00e9sar en un ba\u00f1o cerca de la frontera sur, en Chiapas.<\/p>\n<div>\n<figure class=\"image\"><img decoding=\"async\" title=\"\" src=\"https:\/\/www.informador.mx\/export\/sites\/elinformador\/img\/2018\/08\/15\/migrantegraciela.jpg_347421144.jpg\" alt=\"\" hspace=\"5\" vspace=\"5\" data-height=\"466\" data-size=\"w:5754,h:3836\" data-width=\"700\" \/><figcaption>Graciela\u00a0juega con su hijo en Casas YMCA\u00a0de Tijuana. AFP\/G. Arias<\/figcaption><\/figure>\n<\/div>\n<p>En este refugio juvenil de Tijuana, espera que las autoridades vengan para declarar el nacimiento de C\u00e9sar.<\/p>\n<p>Quiere que ambos obtengan sus documentos mexicanos y enseguida har\u00e1 una solicitud de asilo en Estados Unidos.<\/p>\n<\/div>\n<\/div>\n<\/div>\n","protected":false},"excerpt":{"rendered":"<p>Hombres, a menudo j\u00f3venes, otros ya varias veces expulsados de Estados Unidos, mujeres viajando con ni\u00f1os peque\u00f1os o incluso embarazadas, cuentan su largo trayecto<br \/>\nPor Redacci\u00f3n QP<\/p>\n","protected":false},"author":2,"featured_media":2498,"comment_status":"open","ping_status":"open","sticky":false,"template":"","format":"standard","meta":{"_monsterinsights_skip_tracking":false,"_monsterinsights_sitenote_active":false,"_monsterinsights_sitenote_note":"","_monsterinsights_sitenote_category":0,"footnotes":""},"categories":[55],"tags":[],"class_list":["post-2499","post","type-post","status-publish","format-standard","has-post-thumbnail","hentry","category-cdmx"],"yoast_head":"<!-- This site is optimized with the Yoast SEO plugin v27.3 - https:\/\/yoast.com\/product\/yoast-seo-wordpress\/ -->\n<title>Migrantes viven odisea en M\u00e9xico -<\/title>\n<meta name=\"robots\" content=\"index, follow, max-snippet:-1, max-image-preview:large, max-video-preview:-1\" \/>\n<link rel=\"canonical\" href=\"https:\/\/quehacerpolitico.mx\/?p=2499\" \/>\n<meta property=\"og:locale\" content=\"es_MX\" \/>\n<meta property=\"og:type\" content=\"article\" \/>\n<meta property=\"og:title\" content=\"Migrantes viven odisea en M\u00e9xico -\" \/>\n<meta property=\"og:description\" content=\"Hombres, a menudo j\u00f3venes, otros ya varias veces expulsados de Estados Unidos, mujeres viajando con ni\u00f1os peque\u00f1os o incluso embarazadas, cuentan su largo trayecto Por Redacci\u00f3n QP\" \/>\n<meta property=\"og:url\" content=\"https:\/\/quehacerpolitico.mx\/?p=2499\" \/>\n<meta property=\"article:published_time\" content=\"2018-08-16T02:30:12+00:00\" \/>\n<meta name=\"author\" content=\"Redacci\u00f3n QP\" \/>\n<meta name=\"twitter:card\" content=\"summary_large_image\" \/>\n<meta name=\"twitter:label1\" content=\"Escrito por\" \/>\n\t<meta name=\"twitter:data1\" content=\"Redacci\u00f3n QP\" \/>\n\t<meta name=\"twitter:label2\" content=\"Tiempo de lectura\" \/>\n\t<meta name=\"twitter:data2\" content=\"3 minutos\" \/>\n<script type=\"application\/ld+json\" class=\"yoast-schema-graph\">{\"@context\":\"https:\\\/\\\/schema.org\",\"@graph\":[{\"@type\":\"Article\",\"@id\":\"https:\\\/\\\/quehacerpolitico.mx\\\/?p=2499#article\",\"isPartOf\":{\"@id\":\"https:\\\/\\\/quehacerpolitico.mx\\\/?p=2499\"},\"author\":{\"name\":\"Redacci\u00f3n QP\",\"@id\":\"https:\\\/\\\/quehacerpolitico.mx\\\/#\\\/schema\\\/person\\\/496d8ad2d1d3f8036101dca7ee39e585\"},\"headline\":\"Migrantes viven odisea en M\u00e9xico\",\"datePublished\":\"2018-08-16T02:30:12+00:00\",\"mainEntityOfPage\":{\"@id\":\"https:\\\/\\\/quehacerpolitico.mx\\\/?p=2499\"},\"wordCount\":702,\"commentCount\":0,\"image\":{\"@id\":\"https:\\\/\\\/quehacerpolitico.mx\\\/?p=2499#primaryimage\"},\"thumbnailUrl\":\"\",\"articleSection\":[\"CDMX\"],\"inLanguage\":\"es\",\"potentialAction\":[{\"@type\":\"CommentAction\",\"name\":\"Comment\",\"target\":[\"https:\\\/\\\/quehacerpolitico.mx\\\/?p=2499#respond\"]}]},{\"@type\":\"WebPage\",\"@id\":\"https:\\\/\\\/quehacerpolitico.mx\\\/?p=2499\",\"url\":\"https:\\\/\\\/quehacerpolitico.mx\\\/?p=2499\",\"name\":\"Migrantes viven odisea en M\u00e9xico -\",\"isPartOf\":{\"@id\":\"https:\\\/\\\/quehacerpolitico.mx\\\/#website\"},\"primaryImageOfPage\":{\"@id\":\"https:\\\/\\\/quehacerpolitico.mx\\\/?p=2499#primaryimage\"},\"image\":{\"@id\":\"https:\\\/\\\/quehacerpolitico.mx\\\/?p=2499#primaryimage\"},\"thumbnailUrl\":\"\",\"datePublished\":\"2018-08-16T02:30:12+00:00\",\"author\":{\"@id\":\"https:\\\/\\\/quehacerpolitico.mx\\\/#\\\/schema\\\/person\\\/496d8ad2d1d3f8036101dca7ee39e585\"},\"breadcrumb\":{\"@id\":\"https:\\\/\\\/quehacerpolitico.mx\\\/?p=2499#breadcrumb\"},\"inLanguage\":\"es\",\"potentialAction\":[{\"@type\":\"ReadAction\",\"target\":[\"https:\\\/\\\/quehacerpolitico.mx\\\/?p=2499\"]}]},{\"@type\":\"ImageObject\",\"inLanguage\":\"es\",\"@id\":\"https:\\\/\\\/quehacerpolitico.mx\\\/?p=2499#primaryimage\",\"url\":\"\",\"contentUrl\":\"\"},{\"@type\":\"BreadcrumbList\",\"@id\":\"https:\\\/\\\/quehacerpolitico.mx\\\/?p=2499#breadcrumb\",\"itemListElement\":[{\"@type\":\"ListItem\",\"position\":1,\"name\":\"Inicio\",\"item\":\"https:\\\/\\\/quehacerpolitico.mx\\\/\"},{\"@type\":\"ListItem\",\"position\":2,\"name\":\"Migrantes viven odisea en M\u00e9xico\"}]},{\"@type\":\"WebSite\",\"@id\":\"https:\\\/\\\/quehacerpolitico.mx\\\/#website\",\"url\":\"https:\\\/\\\/quehacerpolitico.mx\\\/\",\"name\":\"\",\"description\":\"\",\"potentialAction\":[{\"@type\":\"SearchAction\",\"target\":{\"@type\":\"EntryPoint\",\"urlTemplate\":\"https:\\\/\\\/quehacerpolitico.mx\\\/?s={search_term_string}\"},\"query-input\":{\"@type\":\"PropertyValueSpecification\",\"valueRequired\":true,\"valueName\":\"search_term_string\"}}],\"inLanguage\":\"es\"},{\"@type\":\"Person\",\"@id\":\"https:\\\/\\\/quehacerpolitico.mx\\\/#\\\/schema\\\/person\\\/496d8ad2d1d3f8036101dca7ee39e585\",\"name\":\"Redacci\u00f3n QP\",\"image\":{\"@type\":\"ImageObject\",\"inLanguage\":\"es\",\"@id\":\"https:\\\/\\\/secure.gravatar.com\\\/avatar\\\/c7164ed6fdec453195284ad24a5ae5b6e1eed2b848477fa2a4787ba9adf39a41?s=96&d=mm&r=g\",\"url\":\"https:\\\/\\\/secure.gravatar.com\\\/avatar\\\/c7164ed6fdec453195284ad24a5ae5b6e1eed2b848477fa2a4787ba9adf39a41?s=96&d=mm&r=g\",\"contentUrl\":\"https:\\\/\\\/secure.gravatar.com\\\/avatar\\\/c7164ed6fdec453195284ad24a5ae5b6e1eed2b848477fa2a4787ba9adf39a41?s=96&d=mm&r=g\",\"caption\":\"Redacci\u00f3n QP\"},\"url\":\"https:\\\/\\\/quehacerpolitico.mx\\\/?author=2\"}]}<\/script>\n<!-- \/ Yoast SEO plugin. -->","yoast_head_json":{"title":"Migrantes viven odisea en M\u00e9xico -","robots":{"index":"index","follow":"follow","max-snippet":"max-snippet:-1","max-image-preview":"max-image-preview:large","max-video-preview":"max-video-preview:-1"},"canonical":"https:\/\/quehacerpolitico.mx\/?p=2499","og_locale":"es_MX","og_type":"article","og_title":"Migrantes viven odisea en M\u00e9xico -","og_description":"Hombres, a menudo j\u00f3venes, otros ya varias veces expulsados de Estados Unidos, mujeres viajando con ni\u00f1os peque\u00f1os o incluso embarazadas, cuentan su largo trayecto Por Redacci\u00f3n QP","og_url":"https:\/\/quehacerpolitico.mx\/?p=2499","article_published_time":"2018-08-16T02:30:12+00:00","author":"Redacci\u00f3n QP","twitter_card":"summary_large_image","twitter_misc":{"Escrito por":"Redacci\u00f3n QP","Tiempo de lectura":"3 minutos"},"schema":{"@context":"https:\/\/schema.org","@graph":[{"@type":"Article","@id":"https:\/\/quehacerpolitico.mx\/?p=2499#article","isPartOf":{"@id":"https:\/\/quehacerpolitico.mx\/?p=2499"},"author":{"name":"Redacci\u00f3n QP","@id":"https:\/\/quehacerpolitico.mx\/#\/schema\/person\/496d8ad2d1d3f8036101dca7ee39e585"},"headline":"Migrantes viven odisea en M\u00e9xico","datePublished":"2018-08-16T02:30:12+00:00","mainEntityOfPage":{"@id":"https:\/\/quehacerpolitico.mx\/?p=2499"},"wordCount":702,"commentCount":0,"image":{"@id":"https:\/\/quehacerpolitico.mx\/?p=2499#primaryimage"},"thumbnailUrl":"","articleSection":["CDMX"],"inLanguage":"es","potentialAction":[{"@type":"CommentAction","name":"Comment","target":["https:\/\/quehacerpolitico.mx\/?p=2499#respond"]}]},{"@type":"WebPage","@id":"https:\/\/quehacerpolitico.mx\/?p=2499","url":"https:\/\/quehacerpolitico.mx\/?p=2499","name":"Migrantes viven odisea en M\u00e9xico -","isPartOf":{"@id":"https:\/\/quehacerpolitico.mx\/#website"},"primaryImageOfPage":{"@id":"https:\/\/quehacerpolitico.mx\/?p=2499#primaryimage"},"image":{"@id":"https:\/\/quehacerpolitico.mx\/?p=2499#primaryimage"},"thumbnailUrl":"","datePublished":"2018-08-16T02:30:12+00:00","author":{"@id":"https:\/\/quehacerpolitico.mx\/#\/schema\/person\/496d8ad2d1d3f8036101dca7ee39e585"},"breadcrumb":{"@id":"https:\/\/quehacerpolitico.mx\/?p=2499#breadcrumb"},"inLanguage":"es","potentialAction":[{"@type":"ReadAction","target":["https:\/\/quehacerpolitico.mx\/?p=2499"]}]},{"@type":"ImageObject","inLanguage":"es","@id":"https:\/\/quehacerpolitico.mx\/?p=2499#primaryimage","url":"","contentUrl":""},{"@type":"BreadcrumbList","@id":"https:\/\/quehacerpolitico.mx\/?p=2499#breadcrumb","itemListElement":[{"@type":"ListItem","position":1,"name":"Inicio","item":"https:\/\/quehacerpolitico.mx\/"},{"@type":"ListItem","position":2,"name":"Migrantes viven odisea en M\u00e9xico"}]},{"@type":"WebSite","@id":"https:\/\/quehacerpolitico.mx\/#website","url":"https:\/\/quehacerpolitico.mx\/","name":"","description":"","potentialAction":[{"@type":"SearchAction","target":{"@type":"EntryPoint","urlTemplate":"https:\/\/quehacerpolitico.mx\/?s={search_term_string}"},"query-input":{"@type":"PropertyValueSpecification","valueRequired":true,"valueName":"search_term_string"}}],"inLanguage":"es"},{"@type":"Person","@id":"https:\/\/quehacerpolitico.mx\/#\/schema\/person\/496d8ad2d1d3f8036101dca7ee39e585","name":"Redacci\u00f3n QP","image":{"@type":"ImageObject","inLanguage":"es","@id":"https:\/\/secure.gravatar.com\/avatar\/c7164ed6fdec453195284ad24a5ae5b6e1eed2b848477fa2a4787ba9adf39a41?s=96&d=mm&r=g","url":"https:\/\/secure.gravatar.com\/avatar\/c7164ed6fdec453195284ad24a5ae5b6e1eed2b848477fa2a4787ba9adf39a41?s=96&d=mm&r=g","contentUrl":"https:\/\/secure.gravatar.com\/avatar\/c7164ed6fdec453195284ad24a5ae5b6e1eed2b848477fa2a4787ba9adf39a41?s=96&d=mm&r=g","caption":"Redacci\u00f3n QP"},"url":"https:\/\/quehacerpolitico.mx\/?author=2"}]}},"featured_image_urls":{"full":"","thumbnail":"","medium":"","medium_large":"","large":"","1536x1536":"","2048x2048":"","covernews-featured":"","covernews-medium":""},"author_info":{"display_name":"Redacci\u00f3n QP","author_link":"https:\/\/quehacerpolitico.mx\/?author=2"},"category_info":"<a href=\"https:\/\/quehacerpolitico.mx\/?cat=55\" rel=\"category\">CDMX<\/a>","tag_info":"CDMX","comment_count":"0","_links":{"self":[{"href":"https:\/\/quehacerpolitico.mx\/index.php?rest_route=\/wp\/v2\/posts\/2499","targetHints":{"allow":["GET"]}}],"collection":[{"href":"https:\/\/quehacerpolitico.mx\/index.php?rest_route=\/wp\/v2\/posts"}],"about":[{"href":"https:\/\/quehacerpolitico.mx\/index.php?rest_route=\/wp\/v2\/types\/post"}],"author":[{"embeddable":true,"href":"https:\/\/quehacerpolitico.mx\/index.php?rest_route=\/wp\/v2\/users\/2"}],"replies":[{"embeddable":true,"href":"https:\/\/quehacerpolitico.mx\/index.php?rest_route=%2Fwp%2Fv2%2Fcomments&post=2499"}],"version-history":[{"count":0,"href":"https:\/\/quehacerpolitico.mx\/index.php?rest_route=\/wp\/v2\/posts\/2499\/revisions"}],"wp:featuredmedia":[{"embeddable":true,"href":"https:\/\/quehacerpolitico.mx\/index.php?rest_route=\/"}],"wp:attachment":[{"href":"https:\/\/quehacerpolitico.mx\/index.php?rest_route=%2Fwp%2Fv2%2Fmedia&parent=2499"}],"wp:term":[{"taxonomy":"category","embeddable":true,"href":"https:\/\/quehacerpolitico.mx\/index.php?rest_route=%2Fwp%2Fv2%2Fcategories&post=2499"},{"taxonomy":"post_tag","embeddable":true,"href":"https:\/\/quehacerpolitico.mx\/index.php?rest_route=%2Fwp%2Fv2%2Ftags&post=2499"}],"curies":[{"name":"wp","href":"https:\/\/api.w.org\/{rel}","templated":true}]}}