{"id":2493,"date":"2018-08-16T01:35:24","date_gmt":"2018-08-16T01:35:24","guid":{"rendered":"http:\/\/quehacerpolitico.mx\/procurare-el-regreso-a-la-radio-de-carmen-aristegui-y-de-jose-gutierrez-vivo-dice-amlo-video\/"},"modified":"2018-08-16T01:35:24","modified_gmt":"2018-08-16T01:35:24","slug":"procurare-el-regreso-a-la-radio-de-carmen-aristegui-y-de-jose-gutierrez-vivo-dice-amlo-video","status":"publish","type":"post","link":"https:\/\/quehacerpolitico.mx\/?p=2493","title":{"rendered":"\u201cProcurar\u00e9 el regreso a la radio de Carmen Aristegui y de Jos\u00e9 Guti\u00e9rrez Viv\u00f3\u201d, dice AMLO (VIDEO)"},"content":{"rendered":"<h3><strong>\u201cNo van a haber casos lamentables como lo que sucedi\u00f3 cuando le cerraron el programa a Jos\u00e9 Guti\u00e9rrez Viv\u00f3 ni cuando cancelaron el programa de Carmen Aristegui, eso no va a suceder\u201d, dijo\u00a0Andr\u00e9s Manuel L\u00f3pez Obrador, Presidente electo de M\u00e9xico, cuando lo cuestionaron sobre la libertad de prensa durante su administraci\u00f3n.<\/strong><\/h3>\n<p><iframe loading=\"lazy\" title=\"Procurar\u00e9 regreso de #Aristegui y Guti\u00e9rrez Viv\u00f3 a la radio: AMLO\" width=\"640\" height=\"360\" src=\"https:\/\/www.youtube.com\/embed\/1SQmt5SzRSQ?feature=oembed\" frameborder=\"0\" allow=\"accelerometer; autoplay; clipboard-write; encrypted-media; gyroscope; picture-in-picture; web-share\" referrerpolicy=\"strict-origin-when-cross-origin\" allowfullscreen><\/iframe><\/p>\n<p>Andr\u00e9s Manuel L\u00f3pez Obrador, Presidente electo de M\u00e9xico, procurar\u00e1 que\u00a0Carmen Aristegui Flores y Jos\u00e9 Guti\u00e9rrez Viv\u00f3 regresen a la radio. As\u00ed lo dijo hoy.<\/p>\n<p>El periodista Jes\u00fas \u201cChuy\u201d Sibilla,\u00a0de <em>Telereportaje<\/em> (XEVT 104.1 FM), cuestion\u00f3 al tabasque\u00f1o sobre si en su sexenio habr\u00eda \u201cl<span class=\"s1\">ibertad de expresi\u00f3n ilimitada, y \u00e9l respondi\u00f3 que en su administraci\u00f3n no suceder\u00e1n \u201ccasos lamentables\u201d como la salida de la radio tanto de Aristegui como de Guti\u00e9rrez Viv\u00f3.<\/span><\/p>\n<p>\u201cLibertad completa, respeto el derecho a disentir, el derecho a la cr\u00edtica, no va a haber censura. No van a haber casos lamentables como lo que sucedi\u00f3 cuando le cerraron el programa a Jos\u00e9 Guti\u00e9rrez Viv\u00f3 ni cuando cancelaron el programa de Carmen Aristegui, eso no va a suceder, Chuy. Te adelanto, te digo, porque t\u00fa siempre has defendido la libertad de expresi\u00f3n, me consta. Entonces, aqu\u00ed te digo algo que no lo he expresado a nadie, no lo he dicho p\u00fablicamente, te digo que voy a procurar el regreso a la radio de Jos\u00e9 Guti\u00e9rrez Viv\u00f3 y voy a procurar el regreso a la radio de Carmen Aristegui\u201d, dijo L\u00f3pez Obrador.<\/p>\n<p>\u201cDesde luego, siendo muy respetuoso de los due\u00f1os de las concesiones y siendo muy respetuosos tambi\u00e9n y bajo la aceptaci\u00f3n voluntaria tanto de Guti\u00e9rrez Viv\u00f3 como de Carmen Aristegui, sin estar de entrometido voy a proponer un acuerdo de reconciliaci\u00f3n para que estos dos grandes comunicadores puedan tener espacio y puedan mantener sus programas y que se les reivindique y que al mismo tiempo nunca m\u00e1s se vuelva a censurar a un medio de comunicaci\u00f3n\u201d, puntualiz\u00f3.<\/p>\n<p>Cr\u00edticos con el sistema, Carmen Aristegui y Jos\u00e9 Guti\u00e9rrez Viv\u00f3 perdieron sus plataformas de difusi\u00f3n en los \u00faltimos a\u00f1os, cuando el PAN y el PRI, estuvieron en el poder, en eventos turbios que en su momento fueron calificados como atentados contra la libertad de expresi\u00f3n. Organizaciones civiles y defensores participaron en su defensa, que ha durado a\u00f1os. Los dos fueron inc\u00f3modos para Vicente Fox, Felipe Calder\u00f3n y Enrique Pe\u00f1a Nieto.<\/p>\n<blockquote>\n<p>MVS despidi\u00f3 a la periodista un domingo 15 de marzo de 2015, despu\u00e9s de dar a conocer que el Presidente Pe\u00f1a y su esposa ten\u00edan una residencia multimillonaria, \u201cla casa blanca\u201d, que le hab\u00eda entregado la constructora Grupo Higa, gran beneficiaria de contratos tanto en su gobierno nacional como en el Estado de M\u00e9xico.<\/p>\n<\/blockquote>\n<p>Tambi\u00e9n Felipe Calder\u00f3n intent\u00f3 dejarla sin voz, pero unas grabaciones en las que se escucha a Javier Lozano Alarc\u00f3n desactivaron aquella primera intentona.<\/p>\n<p>Guti\u00e9rrez Viv\u00f3 fue acosado por Vicente Fox hasta el cansancio. Finalmente qued\u00f3 fuera, totalmente, de los medios.<\/p>\n<p>Aristegui ha recibido decenas de premios en M\u00e9xico y en el extranjero por su coraje y arrojo. En 2015, el Premio Gabriel Garc\u00eda M\u00e1rquez de Periodismo y ese mismo a\u00f1o, la Orden del M\u00e9rito de la Rep\u00fablica Federal de Alemania, en el grado de Cruz de Caballero.\u00a0En 2016, el Premio Internacional de Periodismo Knight.<\/p>\n<p>Aristegui ha demostrado durante a\u00f1os una voluntad inquebrantable para enfrentarse al poder.<\/p>\n","protected":false},"excerpt":{"rendered":"<p>\u201cProcurar\u00e9 el regreso a la radio de Carmen Aristegui y de Jos\u00e9 Guti\u00e9rrez Viv\u00f3\u201d, dice AMLO (VIDEO)<br \/>\nPor Redacci\u00f3n QP<\/p>\n","protected":false},"author":2,"featured_media":2492,"comment_status":"open","ping_status":"open","sticky":false,"template":"","format":"standard","meta":{"_monsterinsights_skip_tracking":false,"_monsterinsights_sitenote_active":false,"_monsterinsights_sitenote_note":"","_monsterinsights_sitenote_category":0,"footnotes":""},"categories":[2],"tags":[],"class_list":["post-2493","post","type-post","status-publish","format-standard","has-post-thumbnail","hentry","category-noticias"],"yoast_head":"<!-- This site is optimized with the Yoast SEO plugin v27.3 - https:\/\/yoast.com\/product\/yoast-seo-wordpress\/ -->\n<title>\u201cProcurar\u00e9 el regreso a la radio de Carmen Aristegui y de Jos\u00e9 Guti\u00e9rrez Viv\u00f3\u201d, dice AMLO (VIDEO) -<\/title>\n<meta name=\"robots\" content=\"index, follow, max-snippet:-1, max-image-preview:large, max-video-preview:-1\" \/>\n<link rel=\"canonical\" href=\"https:\/\/quehacerpolitico.mx\/?p=2493\" \/>\n<meta property=\"og:locale\" content=\"es_MX\" \/>\n<meta property=\"og:type\" content=\"article\" \/>\n<meta property=\"og:title\" content=\"\u201cProcurar\u00e9 el regreso a la radio de Carmen Aristegui y de Jos\u00e9 Guti\u00e9rrez Viv\u00f3\u201d, dice AMLO (VIDEO) -\" \/>\n<meta property=\"og:description\" content=\"\u201cProcurar\u00e9 el regreso a la radio de Carmen Aristegui y de Jos\u00e9 Guti\u00e9rrez Viv\u00f3\u201d, dice AMLO (VIDEO) Por Redacci\u00f3n QP\" \/>\n<meta property=\"og:url\" content=\"https:\/\/quehacerpolitico.mx\/?p=2493\" \/>\n<meta property=\"article:published_time\" content=\"2018-08-16T01:35:24+00:00\" \/>\n<meta name=\"author\" content=\"Redacci\u00f3n QP\" \/>\n<meta name=\"twitter:card\" content=\"summary_large_image\" \/>\n<meta name=\"twitter:label1\" content=\"Escrito por\" \/>\n\t<meta name=\"twitter:data1\" content=\"Redacci\u00f3n QP\" \/>\n\t<meta name=\"twitter:label2\" content=\"Tiempo de lectura\" \/>\n\t<meta name=\"twitter:data2\" content=\"3 minutos\" \/>\n<script type=\"application\/ld+json\" class=\"yoast-schema-graph\">{\"@context\":\"https:\\\/\\\/schema.org\",\"@graph\":[{\"@type\":\"Article\",\"@id\":\"https:\\\/\\\/quehacerpolitico.mx\\\/?p=2493#article\",\"isPartOf\":{\"@id\":\"https:\\\/\\\/quehacerpolitico.mx\\\/?p=2493\"},\"author\":{\"name\":\"Redacci\u00f3n QP\",\"@id\":\"https:\\\/\\\/quehacerpolitico.mx\\\/#\\\/schema\\\/person\\\/496d8ad2d1d3f8036101dca7ee39e585\"},\"headline\":\"\u201cProcurar\u00e9 el regreso a la radio de Carmen Aristegui y de Jos\u00e9 Guti\u00e9rrez Viv\u00f3\u201d, dice AMLO (VIDEO)\",\"datePublished\":\"2018-08-16T01:35:24+00:00\",\"mainEntityOfPage\":{\"@id\":\"https:\\\/\\\/quehacerpolitico.mx\\\/?p=2493\"},\"wordCount\":615,\"commentCount\":0,\"image\":{\"@id\":\"https:\\\/\\\/quehacerpolitico.mx\\\/?p=2493#primaryimage\"},\"thumbnailUrl\":\"\",\"articleSection\":[\"Noticias\"],\"inLanguage\":\"es\",\"potentialAction\":[{\"@type\":\"CommentAction\",\"name\":\"Comment\",\"target\":[\"https:\\\/\\\/quehacerpolitico.mx\\\/?p=2493#respond\"]}]},{\"@type\":\"WebPage\",\"@id\":\"https:\\\/\\\/quehacerpolitico.mx\\\/?p=2493\",\"url\":\"https:\\\/\\\/quehacerpolitico.mx\\\/?p=2493\",\"name\":\"\u201cProcurar\u00e9 el regreso a la radio de Carmen Aristegui y de Jos\u00e9 Guti\u00e9rrez Viv\u00f3\u201d, dice AMLO (VIDEO) -\",\"isPartOf\":{\"@id\":\"https:\\\/\\\/quehacerpolitico.mx\\\/#website\"},\"primaryImageOfPage\":{\"@id\":\"https:\\\/\\\/quehacerpolitico.mx\\\/?p=2493#primaryimage\"},\"image\":{\"@id\":\"https:\\\/\\\/quehacerpolitico.mx\\\/?p=2493#primaryimage\"},\"thumbnailUrl\":\"\",\"datePublished\":\"2018-08-16T01:35:24+00:00\",\"author\":{\"@id\":\"https:\\\/\\\/quehacerpolitico.mx\\\/#\\\/schema\\\/person\\\/496d8ad2d1d3f8036101dca7ee39e585\"},\"breadcrumb\":{\"@id\":\"https:\\\/\\\/quehacerpolitico.mx\\\/?p=2493#breadcrumb\"},\"inLanguage\":\"es\",\"potentialAction\":[{\"@type\":\"ReadAction\",\"target\":[\"https:\\\/\\\/quehacerpolitico.mx\\\/?p=2493\"]}]},{\"@type\":\"ImageObject\",\"inLanguage\":\"es\",\"@id\":\"https:\\\/\\\/quehacerpolitico.mx\\\/?p=2493#primaryimage\",\"url\":\"\",\"contentUrl\":\"\"},{\"@type\":\"BreadcrumbList\",\"@id\":\"https:\\\/\\\/quehacerpolitico.mx\\\/?p=2493#breadcrumb\",\"itemListElement\":[{\"@type\":\"ListItem\",\"position\":1,\"name\":\"Inicio\",\"item\":\"https:\\\/\\\/quehacerpolitico.mx\\\/\"},{\"@type\":\"ListItem\",\"position\":2,\"name\":\"\u201cProcurar\u00e9 el regreso a la radio de Carmen Aristegui y de Jos\u00e9 Guti\u00e9rrez Viv\u00f3\u201d, dice AMLO (VIDEO)\"}]},{\"@type\":\"WebSite\",\"@id\":\"https:\\\/\\\/quehacerpolitico.mx\\\/#website\",\"url\":\"https:\\\/\\\/quehacerpolitico.mx\\\/\",\"name\":\"\",\"description\":\"\",\"potentialAction\":[{\"@type\":\"SearchAction\",\"target\":{\"@type\":\"EntryPoint\",\"urlTemplate\":\"https:\\\/\\\/quehacerpolitico.mx\\\/?s={search_term_string}\"},\"query-input\":{\"@type\":\"PropertyValueSpecification\",\"valueRequired\":true,\"valueName\":\"search_term_string\"}}],\"inLanguage\":\"es\"},{\"@type\":\"Person\",\"@id\":\"https:\\\/\\\/quehacerpolitico.mx\\\/#\\\/schema\\\/person\\\/496d8ad2d1d3f8036101dca7ee39e585\",\"name\":\"Redacci\u00f3n QP\",\"image\":{\"@type\":\"ImageObject\",\"inLanguage\":\"es\",\"@id\":\"https:\\\/\\\/secure.gravatar.com\\\/avatar\\\/c7164ed6fdec453195284ad24a5ae5b6e1eed2b848477fa2a4787ba9adf39a41?s=96&d=mm&r=g\",\"url\":\"https:\\\/\\\/secure.gravatar.com\\\/avatar\\\/c7164ed6fdec453195284ad24a5ae5b6e1eed2b848477fa2a4787ba9adf39a41?s=96&d=mm&r=g\",\"contentUrl\":\"https:\\\/\\\/secure.gravatar.com\\\/avatar\\\/c7164ed6fdec453195284ad24a5ae5b6e1eed2b848477fa2a4787ba9adf39a41?s=96&d=mm&r=g\",\"caption\":\"Redacci\u00f3n QP\"},\"url\":\"https:\\\/\\\/quehacerpolitico.mx\\\/?author=2\"}]}<\/script>\n<!-- \/ Yoast SEO plugin. -->","yoast_head_json":{"title":"\u201cProcurar\u00e9 el regreso a la radio de Carmen Aristegui y de Jos\u00e9 Guti\u00e9rrez Viv\u00f3\u201d, dice AMLO (VIDEO) -","robots":{"index":"index","follow":"follow","max-snippet":"max-snippet:-1","max-image-preview":"max-image-preview:large","max-video-preview":"max-video-preview:-1"},"canonical":"https:\/\/quehacerpolitico.mx\/?p=2493","og_locale":"es_MX","og_type":"article","og_title":"\u201cProcurar\u00e9 el regreso a la radio de Carmen Aristegui y de Jos\u00e9 Guti\u00e9rrez Viv\u00f3\u201d, dice AMLO (VIDEO) -","og_description":"\u201cProcurar\u00e9 el regreso a la radio de Carmen Aristegui y de Jos\u00e9 Guti\u00e9rrez Viv\u00f3\u201d, dice AMLO (VIDEO) Por Redacci\u00f3n QP","og_url":"https:\/\/quehacerpolitico.mx\/?p=2493","article_published_time":"2018-08-16T01:35:24+00:00","author":"Redacci\u00f3n QP","twitter_card":"summary_large_image","twitter_misc":{"Escrito por":"Redacci\u00f3n QP","Tiempo de lectura":"3 minutos"},"schema":{"@context":"https:\/\/schema.org","@graph":[{"@type":"Article","@id":"https:\/\/quehacerpolitico.mx\/?p=2493#article","isPartOf":{"@id":"https:\/\/quehacerpolitico.mx\/?p=2493"},"author":{"name":"Redacci\u00f3n QP","@id":"https:\/\/quehacerpolitico.mx\/#\/schema\/person\/496d8ad2d1d3f8036101dca7ee39e585"},"headline":"\u201cProcurar\u00e9 el regreso a la radio de Carmen Aristegui y de Jos\u00e9 Guti\u00e9rrez Viv\u00f3\u201d, dice AMLO (VIDEO)","datePublished":"2018-08-16T01:35:24+00:00","mainEntityOfPage":{"@id":"https:\/\/quehacerpolitico.mx\/?p=2493"},"wordCount":615,"commentCount":0,"image":{"@id":"https:\/\/quehacerpolitico.mx\/?p=2493#primaryimage"},"thumbnailUrl":"","articleSection":["Noticias"],"inLanguage":"es","potentialAction":[{"@type":"CommentAction","name":"Comment","target":["https:\/\/quehacerpolitico.mx\/?p=2493#respond"]}]},{"@type":"WebPage","@id":"https:\/\/quehacerpolitico.mx\/?p=2493","url":"https:\/\/quehacerpolitico.mx\/?p=2493","name":"\u201cProcurar\u00e9 el regreso a la radio de Carmen Aristegui y de Jos\u00e9 Guti\u00e9rrez Viv\u00f3\u201d, dice AMLO (VIDEO) -","isPartOf":{"@id":"https:\/\/quehacerpolitico.mx\/#website"},"primaryImageOfPage":{"@id":"https:\/\/quehacerpolitico.mx\/?p=2493#primaryimage"},"image":{"@id":"https:\/\/quehacerpolitico.mx\/?p=2493#primaryimage"},"thumbnailUrl":"","datePublished":"2018-08-16T01:35:24+00:00","author":{"@id":"https:\/\/quehacerpolitico.mx\/#\/schema\/person\/496d8ad2d1d3f8036101dca7ee39e585"},"breadcrumb":{"@id":"https:\/\/quehacerpolitico.mx\/?p=2493#breadcrumb"},"inLanguage":"es","potentialAction":[{"@type":"ReadAction","target":["https:\/\/quehacerpolitico.mx\/?p=2493"]}]},{"@type":"ImageObject","inLanguage":"es","@id":"https:\/\/quehacerpolitico.mx\/?p=2493#primaryimage","url":"","contentUrl":""},{"@type":"BreadcrumbList","@id":"https:\/\/quehacerpolitico.mx\/?p=2493#breadcrumb","itemListElement":[{"@type":"ListItem","position":1,"name":"Inicio","item":"https:\/\/quehacerpolitico.mx\/"},{"@type":"ListItem","position":2,"name":"\u201cProcurar\u00e9 el regreso a la radio de Carmen Aristegui y de Jos\u00e9 Guti\u00e9rrez Viv\u00f3\u201d, dice AMLO (VIDEO)"}]},{"@type":"WebSite","@id":"https:\/\/quehacerpolitico.mx\/#website","url":"https:\/\/quehacerpolitico.mx\/","name":"","description":"","potentialAction":[{"@type":"SearchAction","target":{"@type":"EntryPoint","urlTemplate":"https:\/\/quehacerpolitico.mx\/?s={search_term_string}"},"query-input":{"@type":"PropertyValueSpecification","valueRequired":true,"valueName":"search_term_string"}}],"inLanguage":"es"},{"@type":"Person","@id":"https:\/\/quehacerpolitico.mx\/#\/schema\/person\/496d8ad2d1d3f8036101dca7ee39e585","name":"Redacci\u00f3n QP","image":{"@type":"ImageObject","inLanguage":"es","@id":"https:\/\/secure.gravatar.com\/avatar\/c7164ed6fdec453195284ad24a5ae5b6e1eed2b848477fa2a4787ba9adf39a41?s=96&d=mm&r=g","url":"https:\/\/secure.gravatar.com\/avatar\/c7164ed6fdec453195284ad24a5ae5b6e1eed2b848477fa2a4787ba9adf39a41?s=96&d=mm&r=g","contentUrl":"https:\/\/secure.gravatar.com\/avatar\/c7164ed6fdec453195284ad24a5ae5b6e1eed2b848477fa2a4787ba9adf39a41?s=96&d=mm&r=g","caption":"Redacci\u00f3n QP"},"url":"https:\/\/quehacerpolitico.mx\/?author=2"}]}},"featured_image_urls":{"full":"","thumbnail":"","medium":"","medium_large":"","large":"","1536x1536":"","2048x2048":"","covernews-featured":"","covernews-medium":""},"author_info":{"display_name":"Redacci\u00f3n QP","author_link":"https:\/\/quehacerpolitico.mx\/?author=2"},"category_info":"<a href=\"https:\/\/quehacerpolitico.mx\/?cat=2\" rel=\"category\">Noticias<\/a>","tag_info":"Noticias","comment_count":"0","_links":{"self":[{"href":"https:\/\/quehacerpolitico.mx\/index.php?rest_route=\/wp\/v2\/posts\/2493","targetHints":{"allow":["GET"]}}],"collection":[{"href":"https:\/\/quehacerpolitico.mx\/index.php?rest_route=\/wp\/v2\/posts"}],"about":[{"href":"https:\/\/quehacerpolitico.mx\/index.php?rest_route=\/wp\/v2\/types\/post"}],"author":[{"embeddable":true,"href":"https:\/\/quehacerpolitico.mx\/index.php?rest_route=\/wp\/v2\/users\/2"}],"replies":[{"embeddable":true,"href":"https:\/\/quehacerpolitico.mx\/index.php?rest_route=%2Fwp%2Fv2%2Fcomments&post=2493"}],"version-history":[{"count":0,"href":"https:\/\/quehacerpolitico.mx\/index.php?rest_route=\/wp\/v2\/posts\/2493\/revisions"}],"wp:featuredmedia":[{"embeddable":true,"href":"https:\/\/quehacerpolitico.mx\/index.php?rest_route=\/"}],"wp:attachment":[{"href":"https:\/\/quehacerpolitico.mx\/index.php?rest_route=%2Fwp%2Fv2%2Fmedia&parent=2493"}],"wp:term":[{"taxonomy":"category","embeddable":true,"href":"https:\/\/quehacerpolitico.mx\/index.php?rest_route=%2Fwp%2Fv2%2Fcategories&post=2493"},{"taxonomy":"post_tag","embeddable":true,"href":"https:\/\/quehacerpolitico.mx\/index.php?rest_route=%2Fwp%2Fv2%2Ftags&post=2493"}],"curies":[{"name":"wp","href":"https:\/\/api.w.org\/{rel}","templated":true}]}}