{"id":2489,"date":"2018-08-16T00:35:38","date_gmt":"2018-08-16T00:35:38","guid":{"rendered":"http:\/\/quehacerpolitico.mx\/internacionales-carolina-alonso-romei-atacante-suicida-mata-por-lo-menos-a-48-personas-en-kabul\/"},"modified":"2018-08-16T00:35:38","modified_gmt":"2018-08-16T00:35:38","slug":"internacionales-carolina-alonso-romei-atacante-suicida-mata-por-lo-menos-a-48-personas-en-kabul","status":"publish","type":"post","link":"https:\/\/quehacerpolitico.mx\/?p=2489","title":{"rendered":"Internacionales\/\/\/Carolina Alonso Romei\/\/\/Atacante suicida mata por lo menos a 48 personas en Kabul"},"content":{"rendered":"<p><span class=\"amp-wp-inline-f62a86b1328cd4134bec55ddf6de989a\">Un atacante suicida mat\u00f3 al menos <\/span><b>48 personas<\/b><span class=\"amp-wp-inline-f62a86b1328cd4134bec55ddf6de989a\"> e hiri\u00f3 a 67 m\u00e1s al detonar una bomba en una escuela en el oeste de <\/span><b>Kabul<\/b><span class=\"amp-wp-inline-f62a86b1328cd4134bec55ddf6de989a\">, capital de <\/span><b>Afganist\u00e1n<\/b><span class=\"amp-wp-inline-f62a86b1328cd4134bec55ddf6de989a\">.<\/span><\/p>\n<p><span class=\"amp-wp-inline-f62a86b1328cd4134bec55ddf6de989a\">La explosi\u00f3n ocurri\u00f3 este mi\u00e9rcoles dentro de las instalaciones de <\/span><b>Academia Mawoud<\/b><span class=\"amp-wp-inline-f62a86b1328cd4134bec55ddf6de989a\">, ubicada en el barrio chi\u00edta de <\/span><b>Dasht-e-Archi<\/b><span class=\"amp-wp-inline-f62a86b1328cd4134bec55ddf6de989a\">, en la que decenas de jovebnes se preparaban para realizar el examen de ingreso a la universidad.<\/span><\/p>\n<p><span class=\"amp-wp-inline-f62a86b1328cd4134bec55ddf6de989a\">El <\/span><b>Ministerio de Salud P\u00fablica de Afganist\u00e1n<\/b><span class=\"amp-wp-inline-f62a86b1328cd4134bec55ddf6de989a\">confirm\u00f3 que 48 personas murieron y 67 resultaron heridas, aunque los testigos afirmaron que hab\u00eda m\u00e1s de <\/span><b>100 estudiantes<\/b><span class=\"amp-wp-inline-f62a86b1328cd4134bec55ddf6de989a\"> dentro del aula que fueron blanco de la <\/span><b>potente explosi\u00f3n<\/b><span class=\"amp-wp-inline-f62a86b1328cd4134bec55ddf6de989a\">.<\/span><\/p>\n<p><span class=\"amp-wp-inline-f62a86b1328cd4134bec55ddf6de989a\">En declaraciones a la prensa el portavoz del Ministerio, <\/span><b>Waheed Majrooh<\/b><span class=\"amp-wp-inline-f62a86b1328cd4134bec55ddf6de989a\">, inform\u00f3 que <\/span><b>las v\u00edctimas y los lesionados<\/b><span class=\"amp-wp-inline-f62a86b1328cd4134bec55ddf6de989a\"> fueron trasladados a varios hospitales en la ciudad, muchos de ellos graves, por lo que teme que el <\/span><b>n\u00famero de muertos<\/b><span class=\"amp-wp-inline-f62a86b1328cd4134bec55ddf6de989a\">aumente.<\/span><\/p>\n<p><span class=\"amp-wp-inline-f62a86b1328cd4134bec55ddf6de989a\">De acuerdo con el reporte informativo, las v\u00edctimas eran j\u00f3venes, <\/span><b>hombres y mujeres<\/b><span class=\"amp-wp-inline-f62a86b1328cd4134bec55ddf6de989a\">, de una edad promedio de 18 a\u00f1os, quienes estaban tomando clases en preparaci\u00f3n para el<\/span><b> Kankor<\/b><span class=\"amp-wp-inline-f62a86b1328cd4134bec55ddf6de989a\"> (el examen de ingreso a la universidad).<\/span><\/p>\n<p><span class=\"amp-wp-inline-f62a86b1328cd4134bec55ddf6de989a\">La Academia Mawoud, es conocida por <\/span><b>proporcionar un alto nivel de educaci\u00f3n<\/b><span class=\"amp-wp-inline-f62a86b1328cd4134bec55ddf6de989a\"> tanto a hombres como a mujeres, para quienes en muchas partes de Afganist\u00e1n est\u00e1 <\/span><b>prohibida la educaci\u00f3n<\/b><span class=\"amp-wp-inline-f62a86b1328cd4134bec55ddf6de989a\">.<\/span><\/p>\n<div class=\"amp-ad-wrapper amp_ad_1 ampforwp-incontent-ampforwp-incontent-ad ampforwp-incontent-ad3\">\n<div class=\"i-amphtml-fx-flying-carpet-clip\">\n<div class=\"i-amphtml-fx-flying-carpet-container\">\n<div class=\"amp-hidden\">\n<p><span class=\"amp-wp-inline-f62a86b1328cd4134bec55ddf6de989a\">El portavoz del Departamento de Seguridad de Kabul, <\/span><b>Hashmat Stanikzai<\/b><span class=\"amp-wp-inline-f62a86b1328cd4134bec55ddf6de989a\">, destac\u00f3, por su parte, que por ahora<\/span><b> ning\u00fan grupo <\/b><span class=\"amp-wp-inline-f62a86b1328cd4134bec55ddf6de989a\">se ha atribuido de responsabilidad del atentado.<\/span><\/p>\n<p><b>Zabihullah Mujahid<\/b><span class=\"amp-wp-inline-f62a86b1328cd4134bec55ddf6de989a\">, portavoz del Movimiento del Talib\u00e1n, neg\u00f3 estar involucrado en el ataque de esta tarde en Kabul, aunque el <\/span><b>grupo islamista<\/b><span class=\"amp-wp-inline-f62a86b1328cd4134bec55ddf6de989a\"> atac\u00f3 la v\u00edspera una base militar del a provincia de Baghlan, noreste de Afganist\u00e1n, provocando la muerte de al menos <\/span><b>45 militares<\/b><span class=\"amp-wp-inline-f62a86b1328cd4134bec55ddf6de989a\">.<\/span><\/p>\n<\/div>\n<\/div>\n<\/div>\n<\/div>\n","protected":false},"excerpt":{"rendered":"<p>Atacante suicida mata por lo menos a 48 personas en Kabul<br \/>\nPor Carolina Alonso Romei<br \/>\nInternacionalista<\/p>\n","protected":false},"author":2,"featured_media":2488,"comment_status":"open","ping_status":"open","sticky":false,"template":"","format":"standard","meta":{"_monsterinsights_skip_tracking":false,"_monsterinsights_sitenote_active":false,"_monsterinsights_sitenote_note":"","_monsterinsights_sitenote_category":0,"footnotes":""},"categories":[1],"tags":[],"class_list":["post-2489","post","type-post","status-publish","format-standard","has-post-thumbnail","hentry","category-sin-categoria"],"yoast_head":"<!-- This site is optimized with the Yoast SEO plugin v27.3 - https:\/\/yoast.com\/product\/yoast-seo-wordpress\/ -->\n<title>Internacionales\/\/\/Carolina Alonso Romei\/\/\/Atacante suicida mata por lo menos a 48 personas en Kabul -<\/title>\n<meta name=\"robots\" content=\"index, follow, max-snippet:-1, max-image-preview:large, max-video-preview:-1\" \/>\n<link rel=\"canonical\" href=\"https:\/\/quehacerpolitico.mx\/?p=2489\" \/>\n<meta property=\"og:locale\" content=\"es_MX\" \/>\n<meta property=\"og:type\" content=\"article\" \/>\n<meta property=\"og:title\" content=\"Internacionales\/\/\/Carolina Alonso Romei\/\/\/Atacante suicida mata por lo menos a 48 personas en Kabul -\" \/>\n<meta property=\"og:description\" content=\"Atacante suicida mata por lo menos a 48 personas en Kabul Por Carolina Alonso Romei Internacionalista\" \/>\n<meta property=\"og:url\" content=\"https:\/\/quehacerpolitico.mx\/?p=2489\" \/>\n<meta property=\"article:published_time\" content=\"2018-08-16T00:35:38+00:00\" \/>\n<meta name=\"author\" content=\"Redacci\u00f3n QP\" \/>\n<meta name=\"twitter:card\" content=\"summary_large_image\" \/>\n<meta name=\"twitter:label1\" content=\"Escrito por\" \/>\n\t<meta name=\"twitter:data1\" content=\"Redacci\u00f3n QP\" \/>\n\t<meta name=\"twitter:label2\" content=\"Tiempo de lectura\" \/>\n\t<meta name=\"twitter:data2\" content=\"1 minuto\" \/>\n<script type=\"application\/ld+json\" class=\"yoast-schema-graph\">{\"@context\":\"https:\\\/\\\/schema.org\",\"@graph\":[{\"@type\":\"Article\",\"@id\":\"https:\\\/\\\/quehacerpolitico.mx\\\/?p=2489#article\",\"isPartOf\":{\"@id\":\"https:\\\/\\\/quehacerpolitico.mx\\\/?p=2489\"},\"author\":{\"name\":\"Redacci\u00f3n QP\",\"@id\":\"https:\\\/\\\/quehacerpolitico.mx\\\/#\\\/schema\\\/person\\\/496d8ad2d1d3f8036101dca7ee39e585\"},\"headline\":\"Internacionales\\\/\\\/\\\/Carolina Alonso Romei\\\/\\\/\\\/Atacante suicida mata por lo menos a 48 personas en Kabul\",\"datePublished\":\"2018-08-16T00:35:38+00:00\",\"mainEntityOfPage\":{\"@id\":\"https:\\\/\\\/quehacerpolitico.mx\\\/?p=2489\"},\"wordCount\":305,\"commentCount\":0,\"image\":{\"@id\":\"https:\\\/\\\/quehacerpolitico.mx\\\/?p=2489#primaryimage\"},\"thumbnailUrl\":\"\",\"articleSection\":[\"Internacionales\"],\"inLanguage\":\"es\",\"potentialAction\":[{\"@type\":\"CommentAction\",\"name\":\"Comment\",\"target\":[\"https:\\\/\\\/quehacerpolitico.mx\\\/?p=2489#respond\"]}]},{\"@type\":\"WebPage\",\"@id\":\"https:\\\/\\\/quehacerpolitico.mx\\\/?p=2489\",\"url\":\"https:\\\/\\\/quehacerpolitico.mx\\\/?p=2489\",\"name\":\"Internacionales\\\/\\\/\\\/Carolina Alonso Romei\\\/\\\/\\\/Atacante suicida mata por lo menos a 48 personas en Kabul -\",\"isPartOf\":{\"@id\":\"https:\\\/\\\/quehacerpolitico.mx\\\/#website\"},\"primaryImageOfPage\":{\"@id\":\"https:\\\/\\\/quehacerpolitico.mx\\\/?p=2489#primaryimage\"},\"image\":{\"@id\":\"https:\\\/\\\/quehacerpolitico.mx\\\/?p=2489#primaryimage\"},\"thumbnailUrl\":\"\",\"datePublished\":\"2018-08-16T00:35:38+00:00\",\"author\":{\"@id\":\"https:\\\/\\\/quehacerpolitico.mx\\\/#\\\/schema\\\/person\\\/496d8ad2d1d3f8036101dca7ee39e585\"},\"breadcrumb\":{\"@id\":\"https:\\\/\\\/quehacerpolitico.mx\\\/?p=2489#breadcrumb\"},\"inLanguage\":\"es\",\"potentialAction\":[{\"@type\":\"ReadAction\",\"target\":[\"https:\\\/\\\/quehacerpolitico.mx\\\/?p=2489\"]}]},{\"@type\":\"ImageObject\",\"inLanguage\":\"es\",\"@id\":\"https:\\\/\\\/quehacerpolitico.mx\\\/?p=2489#primaryimage\",\"url\":\"\",\"contentUrl\":\"\"},{\"@type\":\"BreadcrumbList\",\"@id\":\"https:\\\/\\\/quehacerpolitico.mx\\\/?p=2489#breadcrumb\",\"itemListElement\":[{\"@type\":\"ListItem\",\"position\":1,\"name\":\"Inicio\",\"item\":\"https:\\\/\\\/quehacerpolitico.mx\\\/\"},{\"@type\":\"ListItem\",\"position\":2,\"name\":\"Internacionales\\\/\\\/\\\/Carolina Alonso Romei\\\/\\\/\\\/Atacante suicida mata por lo menos a 48 personas en Kabul\"}]},{\"@type\":\"WebSite\",\"@id\":\"https:\\\/\\\/quehacerpolitico.mx\\\/#website\",\"url\":\"https:\\\/\\\/quehacerpolitico.mx\\\/\",\"name\":\"\",\"description\":\"\",\"potentialAction\":[{\"@type\":\"SearchAction\",\"target\":{\"@type\":\"EntryPoint\",\"urlTemplate\":\"https:\\\/\\\/quehacerpolitico.mx\\\/?s={search_term_string}\"},\"query-input\":{\"@type\":\"PropertyValueSpecification\",\"valueRequired\":true,\"valueName\":\"search_term_string\"}}],\"inLanguage\":\"es\"},{\"@type\":\"Person\",\"@id\":\"https:\\\/\\\/quehacerpolitico.mx\\\/#\\\/schema\\\/person\\\/496d8ad2d1d3f8036101dca7ee39e585\",\"name\":\"Redacci\u00f3n QP\",\"image\":{\"@type\":\"ImageObject\",\"inLanguage\":\"es\",\"@id\":\"https:\\\/\\\/secure.gravatar.com\\\/avatar\\\/c7164ed6fdec453195284ad24a5ae5b6e1eed2b848477fa2a4787ba9adf39a41?s=96&d=mm&r=g\",\"url\":\"https:\\\/\\\/secure.gravatar.com\\\/avatar\\\/c7164ed6fdec453195284ad24a5ae5b6e1eed2b848477fa2a4787ba9adf39a41?s=96&d=mm&r=g\",\"contentUrl\":\"https:\\\/\\\/secure.gravatar.com\\\/avatar\\\/c7164ed6fdec453195284ad24a5ae5b6e1eed2b848477fa2a4787ba9adf39a41?s=96&d=mm&r=g\",\"caption\":\"Redacci\u00f3n QP\"},\"url\":\"https:\\\/\\\/quehacerpolitico.mx\\\/?author=2\"}]}<\/script>\n<!-- \/ Yoast SEO plugin. -->","yoast_head_json":{"title":"Internacionales\/\/\/Carolina Alonso Romei\/\/\/Atacante suicida mata por lo menos a 48 personas en Kabul -","robots":{"index":"index","follow":"follow","max-snippet":"max-snippet:-1","max-image-preview":"max-image-preview:large","max-video-preview":"max-video-preview:-1"},"canonical":"https:\/\/quehacerpolitico.mx\/?p=2489","og_locale":"es_MX","og_type":"article","og_title":"Internacionales\/\/\/Carolina Alonso Romei\/\/\/Atacante suicida mata por lo menos a 48 personas en Kabul -","og_description":"Atacante suicida mata por lo menos a 48 personas en Kabul Por Carolina Alonso Romei Internacionalista","og_url":"https:\/\/quehacerpolitico.mx\/?p=2489","article_published_time":"2018-08-16T00:35:38+00:00","author":"Redacci\u00f3n QP","twitter_card":"summary_large_image","twitter_misc":{"Escrito por":"Redacci\u00f3n QP","Tiempo de lectura":"1 minuto"},"schema":{"@context":"https:\/\/schema.org","@graph":[{"@type":"Article","@id":"https:\/\/quehacerpolitico.mx\/?p=2489#article","isPartOf":{"@id":"https:\/\/quehacerpolitico.mx\/?p=2489"},"author":{"name":"Redacci\u00f3n QP","@id":"https:\/\/quehacerpolitico.mx\/#\/schema\/person\/496d8ad2d1d3f8036101dca7ee39e585"},"headline":"Internacionales\/\/\/Carolina Alonso Romei\/\/\/Atacante suicida mata por lo menos a 48 personas en Kabul","datePublished":"2018-08-16T00:35:38+00:00","mainEntityOfPage":{"@id":"https:\/\/quehacerpolitico.mx\/?p=2489"},"wordCount":305,"commentCount":0,"image":{"@id":"https:\/\/quehacerpolitico.mx\/?p=2489#primaryimage"},"thumbnailUrl":"","articleSection":["Internacionales"],"inLanguage":"es","potentialAction":[{"@type":"CommentAction","name":"Comment","target":["https:\/\/quehacerpolitico.mx\/?p=2489#respond"]}]},{"@type":"WebPage","@id":"https:\/\/quehacerpolitico.mx\/?p=2489","url":"https:\/\/quehacerpolitico.mx\/?p=2489","name":"Internacionales\/\/\/Carolina Alonso Romei\/\/\/Atacante suicida mata por lo menos a 48 personas en Kabul -","isPartOf":{"@id":"https:\/\/quehacerpolitico.mx\/#website"},"primaryImageOfPage":{"@id":"https:\/\/quehacerpolitico.mx\/?p=2489#primaryimage"},"image":{"@id":"https:\/\/quehacerpolitico.mx\/?p=2489#primaryimage"},"thumbnailUrl":"","datePublished":"2018-08-16T00:35:38+00:00","author":{"@id":"https:\/\/quehacerpolitico.mx\/#\/schema\/person\/496d8ad2d1d3f8036101dca7ee39e585"},"breadcrumb":{"@id":"https:\/\/quehacerpolitico.mx\/?p=2489#breadcrumb"},"inLanguage":"es","potentialAction":[{"@type":"ReadAction","target":["https:\/\/quehacerpolitico.mx\/?p=2489"]}]},{"@type":"ImageObject","inLanguage":"es","@id":"https:\/\/quehacerpolitico.mx\/?p=2489#primaryimage","url":"","contentUrl":""},{"@type":"BreadcrumbList","@id":"https:\/\/quehacerpolitico.mx\/?p=2489#breadcrumb","itemListElement":[{"@type":"ListItem","position":1,"name":"Inicio","item":"https:\/\/quehacerpolitico.mx\/"},{"@type":"ListItem","position":2,"name":"Internacionales\/\/\/Carolina Alonso Romei\/\/\/Atacante suicida mata por lo menos a 48 personas en Kabul"}]},{"@type":"WebSite","@id":"https:\/\/quehacerpolitico.mx\/#website","url":"https:\/\/quehacerpolitico.mx\/","name":"","description":"","potentialAction":[{"@type":"SearchAction","target":{"@type":"EntryPoint","urlTemplate":"https:\/\/quehacerpolitico.mx\/?s={search_term_string}"},"query-input":{"@type":"PropertyValueSpecification","valueRequired":true,"valueName":"search_term_string"}}],"inLanguage":"es"},{"@type":"Person","@id":"https:\/\/quehacerpolitico.mx\/#\/schema\/person\/496d8ad2d1d3f8036101dca7ee39e585","name":"Redacci\u00f3n QP","image":{"@type":"ImageObject","inLanguage":"es","@id":"https:\/\/secure.gravatar.com\/avatar\/c7164ed6fdec453195284ad24a5ae5b6e1eed2b848477fa2a4787ba9adf39a41?s=96&d=mm&r=g","url":"https:\/\/secure.gravatar.com\/avatar\/c7164ed6fdec453195284ad24a5ae5b6e1eed2b848477fa2a4787ba9adf39a41?s=96&d=mm&r=g","contentUrl":"https:\/\/secure.gravatar.com\/avatar\/c7164ed6fdec453195284ad24a5ae5b6e1eed2b848477fa2a4787ba9adf39a41?s=96&d=mm&r=g","caption":"Redacci\u00f3n QP"},"url":"https:\/\/quehacerpolitico.mx\/?author=2"}]}},"featured_image_urls":{"full":"","thumbnail":"","medium":"","medium_large":"","large":"","1536x1536":"","2048x2048":"","covernews-featured":"","covernews-medium":""},"author_info":{"display_name":"Redacci\u00f3n QP","author_link":"https:\/\/quehacerpolitico.mx\/?author=2"},"category_info":"<a href=\"https:\/\/quehacerpolitico.mx\/?cat=1\" rel=\"category\">Internacionales<\/a>","tag_info":"Internacionales","comment_count":"0","_links":{"self":[{"href":"https:\/\/quehacerpolitico.mx\/index.php?rest_route=\/wp\/v2\/posts\/2489","targetHints":{"allow":["GET"]}}],"collection":[{"href":"https:\/\/quehacerpolitico.mx\/index.php?rest_route=\/wp\/v2\/posts"}],"about":[{"href":"https:\/\/quehacerpolitico.mx\/index.php?rest_route=\/wp\/v2\/types\/post"}],"author":[{"embeddable":true,"href":"https:\/\/quehacerpolitico.mx\/index.php?rest_route=\/wp\/v2\/users\/2"}],"replies":[{"embeddable":true,"href":"https:\/\/quehacerpolitico.mx\/index.php?rest_route=%2Fwp%2Fv2%2Fcomments&post=2489"}],"version-history":[{"count":0,"href":"https:\/\/quehacerpolitico.mx\/index.php?rest_route=\/wp\/v2\/posts\/2489\/revisions"}],"wp:featuredmedia":[{"embeddable":true,"href":"https:\/\/quehacerpolitico.mx\/index.php?rest_route=\/"}],"wp:attachment":[{"href":"https:\/\/quehacerpolitico.mx\/index.php?rest_route=%2Fwp%2Fv2%2Fmedia&parent=2489"}],"wp:term":[{"taxonomy":"category","embeddable":true,"href":"https:\/\/quehacerpolitico.mx\/index.php?rest_route=%2Fwp%2Fv2%2Fcategories&post=2489"},{"taxonomy":"post_tag","embeddable":true,"href":"https:\/\/quehacerpolitico.mx\/index.php?rest_route=%2Fwp%2Fv2%2Ftags&post=2489"}],"curies":[{"name":"wp","href":"https:\/\/api.w.org\/{rel}","templated":true}]}}