{"id":2485,"date":"2018-08-15T23:35:26","date_gmt":"2018-08-15T23:35:26","guid":{"rendered":"http:\/\/quehacerpolitico.mx\/proyectos-de-amlo-destruiran-territorios-indigenas-galeano-es-la-cuarta-transformacion-del-pri\/"},"modified":"2018-08-15T23:35:26","modified_gmt":"2018-08-15T23:35:26","slug":"proyectos-de-amlo-destruiran-territorios-indigenas-galeano-es-la-cuarta-transformacion-del-pri","status":"publish","type":"post","link":"https:\/\/quehacerpolitico.mx\/?p=2485","title":{"rendered":"Proyectos de AMLO destruir\u00e1n territorios ind\u00edgenas: Galeano; \u201ces la cuarta transformaci\u00f3n del PRI\u201d"},"content":{"rendered":"<h3><strong>La \u201ccuarta transformaci\u00f3n\u201d que promete Andr\u00e9s Manuel L\u00f3pez Obrador, Presidente electo de M\u00e9xico, es en realidad la cuarta transformaci\u00f3n del Partido Revolucionario institucional (PRI), dijo\u00a0el subcomandante Galeano, del Ejercito Zapatista de Liberaci\u00f3n Nacional (EZLN), seg\u00fan el diario <em>La Jornada<\/em>.\u00a0<\/strong><\/h3>\n<p>Proyectos de <strong>Andr\u00e9s Manuel L\u00f3pez Obrador<\/strong>, Presidente electo de M\u00e9xico, como la plantaci\u00f3n de mil hect\u00e1reas de \u00e1rboles, la construcci\u00f3n del tren maya y el corredor del istmo de Tehuantepec, s\u00f3lo destruir\u00e1n territorios ind\u00edgenas, se\u00f1al\u00f3\u00a0el subcomandante Galeano, del <strong>Ejercito Zapatista de Liberaci\u00f3n Nacional (EZLN)<\/strong>.<\/p>\n<blockquote>\n<p>Despu\u00e9s del encuentro de <strong>Redes de Apoyo al Congreso Nacional Ind\u00edgena (CNI)<\/strong>, en el que se propuso la creaci\u00f3n de una Red de Resistencia y Rebeld\u00eda Internacional,\u00a0Galeano dijo que\u00a0\u201cel Gobierno eligi\u00f3, de los cuatro candidatos, al que es m\u00e1s de derecha\u201d, de acuerdo con informaci\u00f3n del diario <em>La Jornada<\/em>.<\/p>\n<\/blockquote>\n<p>El diario mexicano cit\u00f3 las palabras del subcomandante, quien se\u00f1al\u00f3 que la \u201ccuarta transformaci\u00f3n\u201d que promete L\u00f3pez Obrador es en realidad la cuarta transformaci\u00f3n del Partido Revolucionario institucional (PRI).<\/p>\n<p>\u201cPueden cambiar los gobiernos\u201d, pero si el \u201csistema de dominaci\u00f3n se mantiene pasar\u00e1 lo mismo\u201d, critic\u00f3 Galeano.<\/p>\n<p>Desde Chiapas, Galeano habl\u00f3 tambi\u00e9n sobre el muro fronterizo que propone Donald Trump, Presidente de Estados Unidos, y sobre las barreras que existen desde los l\u00edmites de M\u00e9xico con Centroam\u00e9rica.<\/p>\n<p>Ayer,\u00a0L\u00f3pez Obrador anunci\u00f3 la creaci\u00f3n del Instituto Nacional de Pueblos Ind\u00edgenas.<\/p>\n<blockquote>\n<p><span class=\"s1\">\u201c<\/span>Me da mucho gusto decirles que vamos a apoyar con recursos suficientes, y dando atenci\u00f3n especial a los pueblos ind\u00edgenas de M\u00e9xico. Se crear\u00e1n 132 coordinaciones ind\u00edgenas. Todas las culturas, etnias, ser\u00e1n atendidas. Aqu\u00ed aplica m\u00e1s que en otros aspectos el que se tiene que atender todos, escuchar a todos, pero le tenemos que dar preferencia a los humildes, a los pobres, a los ind\u00edgenas<span class=\"s1\">\u201d, detall\u00f3 L\u00f3pez Obrador.\u00a0<\/span><\/p>\n<\/blockquote>\n<p><span class=\"s1\">\u201c<\/span>Todos los que trabajen en estos centros de atenci\u00f3n ser\u00e1n ind\u00edgenas.\u00a0Vamos a respetar tradiciones, costumbres, organizaci\u00f3n social. Esto va a ayudar mucho para sacar de la pobreza a millones de mexicanos<span class=\"s1\">\u201d, se\u00f1al\u00f3<\/span>.<\/p>\n<p>Adelfo Regino Montes,\u00a0un profesional ind\u00edgena, de Oaxaca, estar\u00e1 al frente del Instituto.<\/p>\n","protected":false},"excerpt":{"rendered":"<p>Proyectos de AMLO destruir\u00e1n territorios ind\u00edgenas: Galeano; \u201ces la cuarta transformaci\u00f3n del PRI\u201d<br \/>\nPor Redaccion QP<\/p>\n","protected":false},"author":2,"featured_media":2484,"comment_status":"open","ping_status":"open","sticky":false,"template":"","format":"standard","meta":{"_monsterinsights_skip_tracking":false,"_monsterinsights_sitenote_active":false,"_monsterinsights_sitenote_note":"","_monsterinsights_sitenote_category":0,"footnotes":""},"categories":[2],"tags":[],"class_list":["post-2485","post","type-post","status-publish","format-standard","has-post-thumbnail","hentry","category-noticias"],"yoast_head":"<!-- This site is optimized with the Yoast SEO plugin v27.3 - https:\/\/yoast.com\/product\/yoast-seo-wordpress\/ -->\n<title>Proyectos de AMLO destruir\u00e1n territorios ind\u00edgenas: Galeano; \u201ces la cuarta transformaci\u00f3n del PRI\u201d -<\/title>\n<meta name=\"robots\" content=\"index, follow, max-snippet:-1, max-image-preview:large, max-video-preview:-1\" \/>\n<link rel=\"canonical\" href=\"https:\/\/quehacerpolitico.mx\/?p=2485\" \/>\n<meta property=\"og:locale\" content=\"es_MX\" \/>\n<meta property=\"og:type\" content=\"article\" \/>\n<meta property=\"og:title\" content=\"Proyectos de AMLO destruir\u00e1n territorios ind\u00edgenas: Galeano; \u201ces la cuarta transformaci\u00f3n del PRI\u201d -\" \/>\n<meta property=\"og:description\" content=\"Proyectos de AMLO destruir\u00e1n territorios ind\u00edgenas: Galeano; \u201ces la cuarta transformaci\u00f3n del PRI\u201d Por Redaccion QP\" \/>\n<meta property=\"og:url\" content=\"https:\/\/quehacerpolitico.mx\/?p=2485\" \/>\n<meta property=\"article:published_time\" content=\"2018-08-15T23:35:26+00:00\" \/>\n<meta name=\"author\" content=\"Redacci\u00f3n QP\" \/>\n<meta name=\"twitter:card\" content=\"summary_large_image\" \/>\n<meta name=\"twitter:label1\" content=\"Escrito por\" \/>\n\t<meta name=\"twitter:data1\" content=\"Redacci\u00f3n QP\" \/>\n\t<meta name=\"twitter:label2\" content=\"Tiempo de lectura\" \/>\n\t<meta name=\"twitter:data2\" content=\"2 minutos\" \/>\n<script type=\"application\/ld+json\" class=\"yoast-schema-graph\">{\"@context\":\"https:\\\/\\\/schema.org\",\"@graph\":[{\"@type\":\"Article\",\"@id\":\"https:\\\/\\\/quehacerpolitico.mx\\\/?p=2485#article\",\"isPartOf\":{\"@id\":\"https:\\\/\\\/quehacerpolitico.mx\\\/?p=2485\"},\"author\":{\"name\":\"Redacci\u00f3n QP\",\"@id\":\"https:\\\/\\\/quehacerpolitico.mx\\\/#\\\/schema\\\/person\\\/496d8ad2d1d3f8036101dca7ee39e585\"},\"headline\":\"Proyectos de AMLO destruir\u00e1n territorios ind\u00edgenas: Galeano; \u201ces la cuarta transformaci\u00f3n del PRI\u201d\",\"datePublished\":\"2018-08-15T23:35:26+00:00\",\"mainEntityOfPage\":{\"@id\":\"https:\\\/\\\/quehacerpolitico.mx\\\/?p=2485\"},\"wordCount\":404,\"commentCount\":0,\"image\":{\"@id\":\"https:\\\/\\\/quehacerpolitico.mx\\\/?p=2485#primaryimage\"},\"thumbnailUrl\":\"\",\"articleSection\":[\"Noticias\"],\"inLanguage\":\"es\",\"potentialAction\":[{\"@type\":\"CommentAction\",\"name\":\"Comment\",\"target\":[\"https:\\\/\\\/quehacerpolitico.mx\\\/?p=2485#respond\"]}]},{\"@type\":\"WebPage\",\"@id\":\"https:\\\/\\\/quehacerpolitico.mx\\\/?p=2485\",\"url\":\"https:\\\/\\\/quehacerpolitico.mx\\\/?p=2485\",\"name\":\"Proyectos de AMLO destruir\u00e1n territorios ind\u00edgenas: Galeano; \u201ces la cuarta transformaci\u00f3n del PRI\u201d -\",\"isPartOf\":{\"@id\":\"https:\\\/\\\/quehacerpolitico.mx\\\/#website\"},\"primaryImageOfPage\":{\"@id\":\"https:\\\/\\\/quehacerpolitico.mx\\\/?p=2485#primaryimage\"},\"image\":{\"@id\":\"https:\\\/\\\/quehacerpolitico.mx\\\/?p=2485#primaryimage\"},\"thumbnailUrl\":\"\",\"datePublished\":\"2018-08-15T23:35:26+00:00\",\"author\":{\"@id\":\"https:\\\/\\\/quehacerpolitico.mx\\\/#\\\/schema\\\/person\\\/496d8ad2d1d3f8036101dca7ee39e585\"},\"breadcrumb\":{\"@id\":\"https:\\\/\\\/quehacerpolitico.mx\\\/?p=2485#breadcrumb\"},\"inLanguage\":\"es\",\"potentialAction\":[{\"@type\":\"ReadAction\",\"target\":[\"https:\\\/\\\/quehacerpolitico.mx\\\/?p=2485\"]}]},{\"@type\":\"ImageObject\",\"inLanguage\":\"es\",\"@id\":\"https:\\\/\\\/quehacerpolitico.mx\\\/?p=2485#primaryimage\",\"url\":\"\",\"contentUrl\":\"\"},{\"@type\":\"BreadcrumbList\",\"@id\":\"https:\\\/\\\/quehacerpolitico.mx\\\/?p=2485#breadcrumb\",\"itemListElement\":[{\"@type\":\"ListItem\",\"position\":1,\"name\":\"Inicio\",\"item\":\"https:\\\/\\\/quehacerpolitico.mx\\\/\"},{\"@type\":\"ListItem\",\"position\":2,\"name\":\"Proyectos de AMLO destruir\u00e1n territorios ind\u00edgenas: Galeano; \u201ces la cuarta transformaci\u00f3n del PRI\u201d\"}]},{\"@type\":\"WebSite\",\"@id\":\"https:\\\/\\\/quehacerpolitico.mx\\\/#website\",\"url\":\"https:\\\/\\\/quehacerpolitico.mx\\\/\",\"name\":\"\",\"description\":\"\",\"potentialAction\":[{\"@type\":\"SearchAction\",\"target\":{\"@type\":\"EntryPoint\",\"urlTemplate\":\"https:\\\/\\\/quehacerpolitico.mx\\\/?s={search_term_string}\"},\"query-input\":{\"@type\":\"PropertyValueSpecification\",\"valueRequired\":true,\"valueName\":\"search_term_string\"}}],\"inLanguage\":\"es\"},{\"@type\":\"Person\",\"@id\":\"https:\\\/\\\/quehacerpolitico.mx\\\/#\\\/schema\\\/person\\\/496d8ad2d1d3f8036101dca7ee39e585\",\"name\":\"Redacci\u00f3n QP\",\"image\":{\"@type\":\"ImageObject\",\"inLanguage\":\"es\",\"@id\":\"https:\\\/\\\/secure.gravatar.com\\\/avatar\\\/c7164ed6fdec453195284ad24a5ae5b6e1eed2b848477fa2a4787ba9adf39a41?s=96&d=mm&r=g\",\"url\":\"https:\\\/\\\/secure.gravatar.com\\\/avatar\\\/c7164ed6fdec453195284ad24a5ae5b6e1eed2b848477fa2a4787ba9adf39a41?s=96&d=mm&r=g\",\"contentUrl\":\"https:\\\/\\\/secure.gravatar.com\\\/avatar\\\/c7164ed6fdec453195284ad24a5ae5b6e1eed2b848477fa2a4787ba9adf39a41?s=96&d=mm&r=g\",\"caption\":\"Redacci\u00f3n QP\"},\"url\":\"https:\\\/\\\/quehacerpolitico.mx\\\/?author=2\"}]}<\/script>\n<!-- \/ Yoast SEO plugin. -->","yoast_head_json":{"title":"Proyectos de AMLO destruir\u00e1n territorios ind\u00edgenas: Galeano; \u201ces la cuarta transformaci\u00f3n del PRI\u201d -","robots":{"index":"index","follow":"follow","max-snippet":"max-snippet:-1","max-image-preview":"max-image-preview:large","max-video-preview":"max-video-preview:-1"},"canonical":"https:\/\/quehacerpolitico.mx\/?p=2485","og_locale":"es_MX","og_type":"article","og_title":"Proyectos de AMLO destruir\u00e1n territorios ind\u00edgenas: Galeano; \u201ces la cuarta transformaci\u00f3n del PRI\u201d -","og_description":"Proyectos de AMLO destruir\u00e1n territorios ind\u00edgenas: Galeano; \u201ces la cuarta transformaci\u00f3n del PRI\u201d Por Redaccion QP","og_url":"https:\/\/quehacerpolitico.mx\/?p=2485","article_published_time":"2018-08-15T23:35:26+00:00","author":"Redacci\u00f3n QP","twitter_card":"summary_large_image","twitter_misc":{"Escrito por":"Redacci\u00f3n QP","Tiempo de lectura":"2 minutos"},"schema":{"@context":"https:\/\/schema.org","@graph":[{"@type":"Article","@id":"https:\/\/quehacerpolitico.mx\/?p=2485#article","isPartOf":{"@id":"https:\/\/quehacerpolitico.mx\/?p=2485"},"author":{"name":"Redacci\u00f3n QP","@id":"https:\/\/quehacerpolitico.mx\/#\/schema\/person\/496d8ad2d1d3f8036101dca7ee39e585"},"headline":"Proyectos de AMLO destruir\u00e1n territorios ind\u00edgenas: Galeano; \u201ces la cuarta transformaci\u00f3n del PRI\u201d","datePublished":"2018-08-15T23:35:26+00:00","mainEntityOfPage":{"@id":"https:\/\/quehacerpolitico.mx\/?p=2485"},"wordCount":404,"commentCount":0,"image":{"@id":"https:\/\/quehacerpolitico.mx\/?p=2485#primaryimage"},"thumbnailUrl":"","articleSection":["Noticias"],"inLanguage":"es","potentialAction":[{"@type":"CommentAction","name":"Comment","target":["https:\/\/quehacerpolitico.mx\/?p=2485#respond"]}]},{"@type":"WebPage","@id":"https:\/\/quehacerpolitico.mx\/?p=2485","url":"https:\/\/quehacerpolitico.mx\/?p=2485","name":"Proyectos de AMLO destruir\u00e1n territorios ind\u00edgenas: Galeano; \u201ces la cuarta transformaci\u00f3n del PRI\u201d -","isPartOf":{"@id":"https:\/\/quehacerpolitico.mx\/#website"},"primaryImageOfPage":{"@id":"https:\/\/quehacerpolitico.mx\/?p=2485#primaryimage"},"image":{"@id":"https:\/\/quehacerpolitico.mx\/?p=2485#primaryimage"},"thumbnailUrl":"","datePublished":"2018-08-15T23:35:26+00:00","author":{"@id":"https:\/\/quehacerpolitico.mx\/#\/schema\/person\/496d8ad2d1d3f8036101dca7ee39e585"},"breadcrumb":{"@id":"https:\/\/quehacerpolitico.mx\/?p=2485#breadcrumb"},"inLanguage":"es","potentialAction":[{"@type":"ReadAction","target":["https:\/\/quehacerpolitico.mx\/?p=2485"]}]},{"@type":"ImageObject","inLanguage":"es","@id":"https:\/\/quehacerpolitico.mx\/?p=2485#primaryimage","url":"","contentUrl":""},{"@type":"BreadcrumbList","@id":"https:\/\/quehacerpolitico.mx\/?p=2485#breadcrumb","itemListElement":[{"@type":"ListItem","position":1,"name":"Inicio","item":"https:\/\/quehacerpolitico.mx\/"},{"@type":"ListItem","position":2,"name":"Proyectos de AMLO destruir\u00e1n territorios ind\u00edgenas: Galeano; \u201ces la cuarta transformaci\u00f3n del PRI\u201d"}]},{"@type":"WebSite","@id":"https:\/\/quehacerpolitico.mx\/#website","url":"https:\/\/quehacerpolitico.mx\/","name":"","description":"","potentialAction":[{"@type":"SearchAction","target":{"@type":"EntryPoint","urlTemplate":"https:\/\/quehacerpolitico.mx\/?s={search_term_string}"},"query-input":{"@type":"PropertyValueSpecification","valueRequired":true,"valueName":"search_term_string"}}],"inLanguage":"es"},{"@type":"Person","@id":"https:\/\/quehacerpolitico.mx\/#\/schema\/person\/496d8ad2d1d3f8036101dca7ee39e585","name":"Redacci\u00f3n QP","image":{"@type":"ImageObject","inLanguage":"es","@id":"https:\/\/secure.gravatar.com\/avatar\/c7164ed6fdec453195284ad24a5ae5b6e1eed2b848477fa2a4787ba9adf39a41?s=96&d=mm&r=g","url":"https:\/\/secure.gravatar.com\/avatar\/c7164ed6fdec453195284ad24a5ae5b6e1eed2b848477fa2a4787ba9adf39a41?s=96&d=mm&r=g","contentUrl":"https:\/\/secure.gravatar.com\/avatar\/c7164ed6fdec453195284ad24a5ae5b6e1eed2b848477fa2a4787ba9adf39a41?s=96&d=mm&r=g","caption":"Redacci\u00f3n QP"},"url":"https:\/\/quehacerpolitico.mx\/?author=2"}]}},"featured_image_urls":{"full":"","thumbnail":"","medium":"","medium_large":"","large":"","1536x1536":"","2048x2048":"","covernews-featured":"","covernews-medium":""},"author_info":{"display_name":"Redacci\u00f3n QP","author_link":"https:\/\/quehacerpolitico.mx\/?author=2"},"category_info":"<a href=\"https:\/\/quehacerpolitico.mx\/?cat=2\" rel=\"category\">Noticias<\/a>","tag_info":"Noticias","comment_count":"0","_links":{"self":[{"href":"https:\/\/quehacerpolitico.mx\/index.php?rest_route=\/wp\/v2\/posts\/2485","targetHints":{"allow":["GET"]}}],"collection":[{"href":"https:\/\/quehacerpolitico.mx\/index.php?rest_route=\/wp\/v2\/posts"}],"about":[{"href":"https:\/\/quehacerpolitico.mx\/index.php?rest_route=\/wp\/v2\/types\/post"}],"author":[{"embeddable":true,"href":"https:\/\/quehacerpolitico.mx\/index.php?rest_route=\/wp\/v2\/users\/2"}],"replies":[{"embeddable":true,"href":"https:\/\/quehacerpolitico.mx\/index.php?rest_route=%2Fwp%2Fv2%2Fcomments&post=2485"}],"version-history":[{"count":0,"href":"https:\/\/quehacerpolitico.mx\/index.php?rest_route=\/wp\/v2\/posts\/2485\/revisions"}],"wp:featuredmedia":[{"embeddable":true,"href":"https:\/\/quehacerpolitico.mx\/index.php?rest_route=\/"}],"wp:attachment":[{"href":"https:\/\/quehacerpolitico.mx\/index.php?rest_route=%2Fwp%2Fv2%2Fmedia&parent=2485"}],"wp:term":[{"taxonomy":"category","embeddable":true,"href":"https:\/\/quehacerpolitico.mx\/index.php?rest_route=%2Fwp%2Fv2%2Fcategories&post=2485"},{"taxonomy":"post_tag","embeddable":true,"href":"https:\/\/quehacerpolitico.mx\/index.php?rest_route=%2Fwp%2Fv2%2Ftags&post=2485"}],"curies":[{"name":"wp","href":"https:\/\/api.w.org\/{rel}","templated":true}]}}