{"id":2477,"date":"2018-08-15T23:08:46","date_gmt":"2018-08-15T23:08:46","guid":{"rendered":"http:\/\/quehacerpolitico.mx\/gobierno-de-sheinbaum-buscara-duplicar-la-matricula-en-el-ipn\/"},"modified":"2018-08-15T23:08:46","modified_gmt":"2018-08-15T23:08:46","slug":"gobierno-de-sheinbaum-buscara-duplicar-la-matricula-en-el-ipn","status":"publish","type":"post","link":"https:\/\/quehacerpolitico.mx\/?p=2477","title":{"rendered":"Gobierno de Sheinbaum buscar\u00e1 duplicar la matr\u00edcula en el IPN"},"content":{"rendered":"<p>La Jefa de Gobierno electa, <strong>Claudia Sheinbaum,<\/strong> y el director del<strong> Instituto Polit\u00e9cnico Nacional <\/strong>(<strong>IPN<\/strong>), <strong>Mario Alberto Rodr\u00edguez Casas<\/strong>, acordaron trabajar para <strong>ampliar la matr\u00edcula<\/strong> en la carrera de <strong>medicina<\/strong>y en algunas <strong>ingenier\u00edas.<\/strong><\/p>\n<p>El convenio buscar\u00e1 que a partir de que el nuevo Gobierno entre en funciones buscar\u00e1n <strong>ampliar 100% la<\/strong> <strong>matr\u00edcula<\/strong> para las ingenier\u00edas en <strong>mecatr\u00f3nica, bi\u00f3nica<\/strong> y <strong>telem\u00e1tica,<\/strong> as\u00ed como en la formaci\u00f3n m\u00e9dica profesional.<\/p>\n<blockquote>\n<p>\u201cDe tal manera que la ciudad podr\u00eda apoyar en la construcci\u00f3n de edificios, equipamientos y eso podr\u00e1 ayudar al Polit\u00e9cnico para dar mayor apertura, mayor matr\u00edcula a los estudiantes, a los j\u00f3venes que quieren estudiar en el IPN. Todav\u00eda es la primera reuni\u00f3n y quedamos de colaborar en este tema\u201d, remarc\u00f3 Sheinbaum.<\/p>\n<\/blockquote>\n<p>La pr\u00f3xima mandataria capitalina recibir\u00e1 un documento que especifiquen las necesidades del Instituto para que el su Gobierno modifique el <strong>presupuesto 2019<\/strong> y hacia 2020 se trabaje en\u00a0en la <strong>ampliaci\u00f3n de la infraestructura<\/strong> universitaria.<\/p>\n<p><strong>Rodr\u00edguez Casas<\/strong> coment\u00f3 que las construcciones del <strong>IPN<\/strong> son sustentables por lo que no acabar\u00edan con las \u00e1reas verdes de los diferentes campus.<\/p>\n<div class=\"amp-ad-wrapper amp_ad_1 ampforwp-incontent-ampforwp-incontent-ad ampforwp-incontent-ad3\">\n<div class=\"i-amphtml-fx-flying-carpet-clip\">\n<div class=\"i-amphtml-fx-flying-carpet-container\">\n<div class=\"amp-hidden\">\n<blockquote>\n<p>\u201cVamos a tener el apoyo del Gobierno de la ciudad para tener m\u00e1s r\u00e1pido la posibilidad de incrementar la matr\u00edcula en algunas de las carreras. Estamos considerando que pueda ser hasta el 100 por ciento\u201d, abund\u00f3.<\/p>\n<\/blockquote>\n<p>Se acord\u00f3 que el <strong>IPN<\/strong> apoyar\u00e1 en el<strong> programa de movilidad<\/strong> de la ciudad, as\u00ed como en el desarrollo de tecnolog\u00eda y veh\u00edculos de transporte.<\/p>\n<p>En este rubro, sentaron las primeras propuestas para mejorar los traslados de los estudiantes de <strong>Zacatenco<\/strong> y<strong> Casco de Santo Tom\u00e1s<\/strong>.<\/p>\n<p>En cuanto a seguridad p\u00fablica, acordaron<strong> fortalecer la vigilancia<\/strong> de senderos aleda\u00f1os a los centros educativos.<\/p>\n<p>Asimismo, el <strong>Polit\u00e9cnico Nacional<\/strong> se incorporar\u00e1 a los grupos de trabajo en materia de agua conformados por la <strong>UNAM<\/strong> y la <strong>Universidad Aut\u00f3noma Metropolitana<\/strong>.<\/p>\n<p>La Jefa de Gobierno electa anunci\u00f3 que la <strong>Fundaci\u00f3n Slim<\/strong> aportar\u00e1 20 millones de pesos a la UNAM para que comience la elaboraci\u00f3n de los proyectos ejecutivos de mejora a la distribuci\u00f3n de agua en la metr\u00f3poli.<\/p>\n<blockquote>\n<p>\u201cDe tal manera que cuando entremos en diciembre podamos iniciar las licitaciones de estos proyectos que ya estar\u00edan a partir de enero de 2019\u201d, enfatiz\u00f3.<\/p>\n<\/blockquote>\n<p>El director del <strong>IPN<\/strong> agreg\u00f3 que acordaron fundar un <strong>nuevo corredor cultural<\/strong> en la zona norte de la ciudad y centros comunitarios de innovaci\u00f3n social.<\/p>\n<p>Al respecto, <strong>Sheinbaum<\/strong> dijo que el Polit\u00e9cnico se comprometi\u00f3 a apoyar en la educaci\u00f3n a distancia que impartir\u00e1n m\u00e1s de 300 ciberescuelas en la Ciudad de M\u00e9xico.<\/p>\n<p>https:\/\/www.facebook.com\/ClaudiaSheinbaumPardo\/videos\/237589130281961\/<\/p>\n<\/div>\n<\/div>\n<\/div>\n<\/div>\n","protected":false},"excerpt":{"rendered":"<p>Gobierno de Sheinbaum buscar\u00e1 duplicar la matr\u00edcula en el IPN<br \/>\nPor Redacci\u00f3n QP<\/p>\n","protected":false},"author":2,"featured_media":2476,"comment_status":"open","ping_status":"open","sticky":false,"template":"","format":"standard","meta":{"_monsterinsights_skip_tracking":false,"_monsterinsights_sitenote_active":false,"_monsterinsights_sitenote_note":"","_monsterinsights_sitenote_category":0,"footnotes":""},"categories":[55],"tags":[],"class_list":["post-2477","post","type-post","status-publish","format-standard","has-post-thumbnail","hentry","category-cdmx"],"yoast_head":"<!-- This site is optimized with the Yoast SEO plugin v27.3 - https:\/\/yoast.com\/product\/yoast-seo-wordpress\/ -->\n<title>Gobierno de Sheinbaum buscar\u00e1 duplicar la matr\u00edcula en el IPN -<\/title>\n<meta name=\"robots\" content=\"index, follow, max-snippet:-1, max-image-preview:large, max-video-preview:-1\" \/>\n<link rel=\"canonical\" href=\"https:\/\/quehacerpolitico.mx\/?p=2477\" \/>\n<meta property=\"og:locale\" content=\"es_MX\" \/>\n<meta property=\"og:type\" content=\"article\" \/>\n<meta property=\"og:title\" content=\"Gobierno de Sheinbaum buscar\u00e1 duplicar la matr\u00edcula en el IPN -\" \/>\n<meta property=\"og:description\" content=\"Gobierno de Sheinbaum buscar\u00e1 duplicar la matr\u00edcula en el IPN Por Redacci\u00f3n QP\" \/>\n<meta property=\"og:url\" content=\"https:\/\/quehacerpolitico.mx\/?p=2477\" \/>\n<meta property=\"article:published_time\" content=\"2018-08-15T23:08:46+00:00\" \/>\n<meta name=\"author\" content=\"Redacci\u00f3n QP\" \/>\n<meta name=\"twitter:card\" content=\"summary_large_image\" \/>\n<meta name=\"twitter:label1\" content=\"Escrito por\" \/>\n\t<meta name=\"twitter:data1\" content=\"Redacci\u00f3n QP\" \/>\n\t<meta name=\"twitter:label2\" content=\"Tiempo de lectura\" \/>\n\t<meta name=\"twitter:data2\" content=\"2 minutos\" \/>\n<script type=\"application\/ld+json\" class=\"yoast-schema-graph\">{\"@context\":\"https:\\\/\\\/schema.org\",\"@graph\":[{\"@type\":\"Article\",\"@id\":\"https:\\\/\\\/quehacerpolitico.mx\\\/?p=2477#article\",\"isPartOf\":{\"@id\":\"https:\\\/\\\/quehacerpolitico.mx\\\/?p=2477\"},\"author\":{\"name\":\"Redacci\u00f3n QP\",\"@id\":\"https:\\\/\\\/quehacerpolitico.mx\\\/#\\\/schema\\\/person\\\/496d8ad2d1d3f8036101dca7ee39e585\"},\"headline\":\"Gobierno de Sheinbaum buscar\u00e1 duplicar la matr\u00edcula en el IPN\",\"datePublished\":\"2018-08-15T23:08:46+00:00\",\"mainEntityOfPage\":{\"@id\":\"https:\\\/\\\/quehacerpolitico.mx\\\/?p=2477\"},\"wordCount\":467,\"commentCount\":0,\"image\":{\"@id\":\"https:\\\/\\\/quehacerpolitico.mx\\\/?p=2477#primaryimage\"},\"thumbnailUrl\":\"\",\"articleSection\":[\"CDMX\"],\"inLanguage\":\"es\",\"potentialAction\":[{\"@type\":\"CommentAction\",\"name\":\"Comment\",\"target\":[\"https:\\\/\\\/quehacerpolitico.mx\\\/?p=2477#respond\"]}]},{\"@type\":\"WebPage\",\"@id\":\"https:\\\/\\\/quehacerpolitico.mx\\\/?p=2477\",\"url\":\"https:\\\/\\\/quehacerpolitico.mx\\\/?p=2477\",\"name\":\"Gobierno de Sheinbaum buscar\u00e1 duplicar la matr\u00edcula en el IPN -\",\"isPartOf\":{\"@id\":\"https:\\\/\\\/quehacerpolitico.mx\\\/#website\"},\"primaryImageOfPage\":{\"@id\":\"https:\\\/\\\/quehacerpolitico.mx\\\/?p=2477#primaryimage\"},\"image\":{\"@id\":\"https:\\\/\\\/quehacerpolitico.mx\\\/?p=2477#primaryimage\"},\"thumbnailUrl\":\"\",\"datePublished\":\"2018-08-15T23:08:46+00:00\",\"author\":{\"@id\":\"https:\\\/\\\/quehacerpolitico.mx\\\/#\\\/schema\\\/person\\\/496d8ad2d1d3f8036101dca7ee39e585\"},\"breadcrumb\":{\"@id\":\"https:\\\/\\\/quehacerpolitico.mx\\\/?p=2477#breadcrumb\"},\"inLanguage\":\"es\",\"potentialAction\":[{\"@type\":\"ReadAction\",\"target\":[\"https:\\\/\\\/quehacerpolitico.mx\\\/?p=2477\"]}]},{\"@type\":\"ImageObject\",\"inLanguage\":\"es\",\"@id\":\"https:\\\/\\\/quehacerpolitico.mx\\\/?p=2477#primaryimage\",\"url\":\"\",\"contentUrl\":\"\"},{\"@type\":\"BreadcrumbList\",\"@id\":\"https:\\\/\\\/quehacerpolitico.mx\\\/?p=2477#breadcrumb\",\"itemListElement\":[{\"@type\":\"ListItem\",\"position\":1,\"name\":\"Inicio\",\"item\":\"https:\\\/\\\/quehacerpolitico.mx\\\/\"},{\"@type\":\"ListItem\",\"position\":2,\"name\":\"Gobierno de Sheinbaum buscar\u00e1 duplicar la matr\u00edcula en el IPN\"}]},{\"@type\":\"WebSite\",\"@id\":\"https:\\\/\\\/quehacerpolitico.mx\\\/#website\",\"url\":\"https:\\\/\\\/quehacerpolitico.mx\\\/\",\"name\":\"\",\"description\":\"\",\"potentialAction\":[{\"@type\":\"SearchAction\",\"target\":{\"@type\":\"EntryPoint\",\"urlTemplate\":\"https:\\\/\\\/quehacerpolitico.mx\\\/?s={search_term_string}\"},\"query-input\":{\"@type\":\"PropertyValueSpecification\",\"valueRequired\":true,\"valueName\":\"search_term_string\"}}],\"inLanguage\":\"es\"},{\"@type\":\"Person\",\"@id\":\"https:\\\/\\\/quehacerpolitico.mx\\\/#\\\/schema\\\/person\\\/496d8ad2d1d3f8036101dca7ee39e585\",\"name\":\"Redacci\u00f3n QP\",\"image\":{\"@type\":\"ImageObject\",\"inLanguage\":\"es\",\"@id\":\"https:\\\/\\\/secure.gravatar.com\\\/avatar\\\/c7164ed6fdec453195284ad24a5ae5b6e1eed2b848477fa2a4787ba9adf39a41?s=96&d=mm&r=g\",\"url\":\"https:\\\/\\\/secure.gravatar.com\\\/avatar\\\/c7164ed6fdec453195284ad24a5ae5b6e1eed2b848477fa2a4787ba9adf39a41?s=96&d=mm&r=g\",\"contentUrl\":\"https:\\\/\\\/secure.gravatar.com\\\/avatar\\\/c7164ed6fdec453195284ad24a5ae5b6e1eed2b848477fa2a4787ba9adf39a41?s=96&d=mm&r=g\",\"caption\":\"Redacci\u00f3n QP\"},\"url\":\"https:\\\/\\\/quehacerpolitico.mx\\\/?author=2\"}]}<\/script>\n<!-- \/ Yoast SEO plugin. -->","yoast_head_json":{"title":"Gobierno de Sheinbaum buscar\u00e1 duplicar la matr\u00edcula en el IPN -","robots":{"index":"index","follow":"follow","max-snippet":"max-snippet:-1","max-image-preview":"max-image-preview:large","max-video-preview":"max-video-preview:-1"},"canonical":"https:\/\/quehacerpolitico.mx\/?p=2477","og_locale":"es_MX","og_type":"article","og_title":"Gobierno de Sheinbaum buscar\u00e1 duplicar la matr\u00edcula en el IPN -","og_description":"Gobierno de Sheinbaum buscar\u00e1 duplicar la matr\u00edcula en el IPN Por Redacci\u00f3n QP","og_url":"https:\/\/quehacerpolitico.mx\/?p=2477","article_published_time":"2018-08-15T23:08:46+00:00","author":"Redacci\u00f3n QP","twitter_card":"summary_large_image","twitter_misc":{"Escrito por":"Redacci\u00f3n QP","Tiempo de lectura":"2 minutos"},"schema":{"@context":"https:\/\/schema.org","@graph":[{"@type":"Article","@id":"https:\/\/quehacerpolitico.mx\/?p=2477#article","isPartOf":{"@id":"https:\/\/quehacerpolitico.mx\/?p=2477"},"author":{"name":"Redacci\u00f3n QP","@id":"https:\/\/quehacerpolitico.mx\/#\/schema\/person\/496d8ad2d1d3f8036101dca7ee39e585"},"headline":"Gobierno de Sheinbaum buscar\u00e1 duplicar la matr\u00edcula en el IPN","datePublished":"2018-08-15T23:08:46+00:00","mainEntityOfPage":{"@id":"https:\/\/quehacerpolitico.mx\/?p=2477"},"wordCount":467,"commentCount":0,"image":{"@id":"https:\/\/quehacerpolitico.mx\/?p=2477#primaryimage"},"thumbnailUrl":"","articleSection":["CDMX"],"inLanguage":"es","potentialAction":[{"@type":"CommentAction","name":"Comment","target":["https:\/\/quehacerpolitico.mx\/?p=2477#respond"]}]},{"@type":"WebPage","@id":"https:\/\/quehacerpolitico.mx\/?p=2477","url":"https:\/\/quehacerpolitico.mx\/?p=2477","name":"Gobierno de Sheinbaum buscar\u00e1 duplicar la matr\u00edcula en el IPN -","isPartOf":{"@id":"https:\/\/quehacerpolitico.mx\/#website"},"primaryImageOfPage":{"@id":"https:\/\/quehacerpolitico.mx\/?p=2477#primaryimage"},"image":{"@id":"https:\/\/quehacerpolitico.mx\/?p=2477#primaryimage"},"thumbnailUrl":"","datePublished":"2018-08-15T23:08:46+00:00","author":{"@id":"https:\/\/quehacerpolitico.mx\/#\/schema\/person\/496d8ad2d1d3f8036101dca7ee39e585"},"breadcrumb":{"@id":"https:\/\/quehacerpolitico.mx\/?p=2477#breadcrumb"},"inLanguage":"es","potentialAction":[{"@type":"ReadAction","target":["https:\/\/quehacerpolitico.mx\/?p=2477"]}]},{"@type":"ImageObject","inLanguage":"es","@id":"https:\/\/quehacerpolitico.mx\/?p=2477#primaryimage","url":"","contentUrl":""},{"@type":"BreadcrumbList","@id":"https:\/\/quehacerpolitico.mx\/?p=2477#breadcrumb","itemListElement":[{"@type":"ListItem","position":1,"name":"Inicio","item":"https:\/\/quehacerpolitico.mx\/"},{"@type":"ListItem","position":2,"name":"Gobierno de Sheinbaum buscar\u00e1 duplicar la matr\u00edcula en el IPN"}]},{"@type":"WebSite","@id":"https:\/\/quehacerpolitico.mx\/#website","url":"https:\/\/quehacerpolitico.mx\/","name":"","description":"","potentialAction":[{"@type":"SearchAction","target":{"@type":"EntryPoint","urlTemplate":"https:\/\/quehacerpolitico.mx\/?s={search_term_string}"},"query-input":{"@type":"PropertyValueSpecification","valueRequired":true,"valueName":"search_term_string"}}],"inLanguage":"es"},{"@type":"Person","@id":"https:\/\/quehacerpolitico.mx\/#\/schema\/person\/496d8ad2d1d3f8036101dca7ee39e585","name":"Redacci\u00f3n QP","image":{"@type":"ImageObject","inLanguage":"es","@id":"https:\/\/secure.gravatar.com\/avatar\/c7164ed6fdec453195284ad24a5ae5b6e1eed2b848477fa2a4787ba9adf39a41?s=96&d=mm&r=g","url":"https:\/\/secure.gravatar.com\/avatar\/c7164ed6fdec453195284ad24a5ae5b6e1eed2b848477fa2a4787ba9adf39a41?s=96&d=mm&r=g","contentUrl":"https:\/\/secure.gravatar.com\/avatar\/c7164ed6fdec453195284ad24a5ae5b6e1eed2b848477fa2a4787ba9adf39a41?s=96&d=mm&r=g","caption":"Redacci\u00f3n QP"},"url":"https:\/\/quehacerpolitico.mx\/?author=2"}]}},"featured_image_urls":{"full":"","thumbnail":"","medium":"","medium_large":"","large":"","1536x1536":"","2048x2048":"","covernews-featured":"","covernews-medium":""},"author_info":{"display_name":"Redacci\u00f3n QP","author_link":"https:\/\/quehacerpolitico.mx\/?author=2"},"category_info":"<a href=\"https:\/\/quehacerpolitico.mx\/?cat=55\" rel=\"category\">CDMX<\/a>","tag_info":"CDMX","comment_count":"0","_links":{"self":[{"href":"https:\/\/quehacerpolitico.mx\/index.php?rest_route=\/wp\/v2\/posts\/2477","targetHints":{"allow":["GET"]}}],"collection":[{"href":"https:\/\/quehacerpolitico.mx\/index.php?rest_route=\/wp\/v2\/posts"}],"about":[{"href":"https:\/\/quehacerpolitico.mx\/index.php?rest_route=\/wp\/v2\/types\/post"}],"author":[{"embeddable":true,"href":"https:\/\/quehacerpolitico.mx\/index.php?rest_route=\/wp\/v2\/users\/2"}],"replies":[{"embeddable":true,"href":"https:\/\/quehacerpolitico.mx\/index.php?rest_route=%2Fwp%2Fv2%2Fcomments&post=2477"}],"version-history":[{"count":0,"href":"https:\/\/quehacerpolitico.mx\/index.php?rest_route=\/wp\/v2\/posts\/2477\/revisions"}],"wp:featuredmedia":[{"embeddable":true,"href":"https:\/\/quehacerpolitico.mx\/index.php?rest_route=\/"}],"wp:attachment":[{"href":"https:\/\/quehacerpolitico.mx\/index.php?rest_route=%2Fwp%2Fv2%2Fmedia&parent=2477"}],"wp:term":[{"taxonomy":"category","embeddable":true,"href":"https:\/\/quehacerpolitico.mx\/index.php?rest_route=%2Fwp%2Fv2%2Fcategories&post=2477"},{"taxonomy":"post_tag","embeddable":true,"href":"https:\/\/quehacerpolitico.mx\/index.php?rest_route=%2Fwp%2Fv2%2Ftags&post=2477"}],"curies":[{"name":"wp","href":"https:\/\/api.w.org\/{rel}","templated":true}]}}