{"id":2475,"date":"2018-08-15T22:44:02","date_gmt":"2018-08-15T22:44:02","guid":{"rendered":"http:\/\/quehacerpolitico.mx\/fuerzas-federales-detienen-a-el-sexto-principal-generador-de-violencia-en-chihuahua-y-lider-de-la-linea\/"},"modified":"2018-08-15T22:44:02","modified_gmt":"2018-08-15T22:44:02","slug":"fuerzas-federales-detienen-a-el-sexto-principal-generador-de-violencia-en-chihuahua-y-lider-de-la-linea","status":"publish","type":"post","link":"https:\/\/quehacerpolitico.mx\/?p=2475","title":{"rendered":"Fuerzas federales detienen a \u201cEl Sexto\u201d, principal generador de violencia en Chihuahua y l\u00edder de La L\u00ednea"},"content":{"rendered":"<h3><strong>Alfonso Navarrete Prida, titular de la Secretar\u00eda de Gobernaci\u00f3n (Segob), inform\u00f3 que la captura del presunto l\u00edder de la organizaci\u00f3n criminal \u201cLa L\u00ednea\u201d se realiz\u00f3 tras cumplimentar \u00f3rdenes de cateo en el Fraccionamiento Quintas del Solar, donde se ocultaba y dirig\u00eda actividades del grupo delictivo.<\/strong><\/h3>\n<p>Fuerzas federales detuvieron a Julio C\u00e9sar \u201cN\u201d, alias <strong>\u201cEl Sexto\u201d<\/strong> o \u201cEl Sixto\u201d, presunto l\u00edder de la organizaci\u00f3n criminal <strong>\u201cLa L\u00ednea\u201d<\/strong>, la madrugada de este mi\u00e9rcoles durante un operativo en Ciudad Ju\u00e1rez, <strong>Chihuahua<\/strong>.<\/p>\n<p>Alfonso Navarrete Prida, titular de la Secretar\u00eda de Gobernaci\u00f3n (Segob), inform\u00f3 que la captura se realiz\u00f3 tras cumplimentar \u00f3rdenes de cateo en el Fraccionamiento Quintas del Solar, donde se ocultaba y dirig\u00eda actividades del grupo delictivo.<\/p>\n<blockquote>\n<p>En conferencia de prensa, destac\u00f3 que\u00a0<strong>\u201cEl Sexto\u201d<\/strong> o \u201cEl Sixto\u201d es\u00a0considerado\u00a0el principal generador de <strong>violencia<\/strong> en <strong>Chihuahua<\/strong> y se\u00f1alado por la Administraci\u00f3n para el Control de Drogas (DEA, por sus siglas en ingl\u00e9s) de Estados Unidos como el responsable del trasiego de estupefacientes hacia ese pa\u00eds.<\/p>\n<p>Asimismo, se\u00f1al\u00f3 que es identificado como el sucesor en el mando de Carlos Arturo \u201cN\u201d, \u201cEl 80\u201d, quien fue detenido por el gabinete de seguridad del Gobierno de la Rep\u00fablica el pasado 17 de mayo.<\/p>\n<p>El funcionario dio a conocer que de forma simult\u00e1nea se logr\u00f3 la captura en flagrancia de Enrique \u201cN\u201d, segundo al mando dentro de la organizaci\u00f3n delictiva, en el Fraccionamiento Briesca.<\/p>\n<blockquote>\n<p>Adem\u00e1s, indic\u00f3 que se detuvo a C\u00e9sar \u201cN\u201d, presunto operador financiero y log\u00edstico de <strong>\u201cLa L\u00ednea\u201d<\/strong>, en\u00a0el Fraccionamiento Moreto de Ciudad Ju\u00e1rez.<\/p>\n<\/blockquote>\n<p>Por \u00faltimo, el Secretario de Gobernaci\u00f3n detall\u00f3 que en los operativos se asegur\u00f3 un kilo y 149 dosis de cristal, medio kilo y 100 dosis de coca\u00edna, 250 pastillas psicotr\u00f3picas, dos armas cortas, dos b\u00e1sculas y dos veh\u00edculos.<\/p>\n<p>Los tres sujetos fueron puestos a disposici\u00f3n de la PGR, a fin de que se les pueda vincular a proceso en los t\u00e9rminos de la Constituci\u00f3n ante el \u00f3rgano jurisdiccional.<\/p>\n<p>Navarrete Prida anunci\u00f3 esta ma\u00f1ana que operaciones de inteligencia, investigaci\u00f3n y campo del gabinete de seguridad del Gobierno federal permitieron la captura de uno de los 122 objetivos prioritarios.<\/p>\n<blockquote class=\"twitter-tweet\" data-width=\"550\" data-dnt=\"true\">\n<p lang=\"es\" dir=\"ltr\">Las operaciones de inteligencia, investigaci\u00f3n y campo del gabinete de seguridad del <a href=\"https:\/\/twitter.com\/gobmx?ref_src=twsrc%5Etfw\">@gobmx<\/a> permitieron hoy la captura de uno de los 122 objetivos prioritarios. Reconozco a la <a href=\"https:\/\/twitter.com\/PoliciaFedMx?ref_src=twsrc%5Etfw\">@PoliciaFedMx<\/a> y a la <a href=\"https:\/\/twitter.com\/SEDENAmx?ref_src=twsrc%5Etfw\">@SEDENAmx<\/a> por la detenci\u00f3n. A las 13:30 hrs en la <a href=\"https:\/\/twitter.com\/SEGOB_mx?ref_src=twsrc%5Etfw\">@SEGOB_mx<\/a> dar\u00e9 m\u00e1s detalles.<\/p>\n<p>&mdash; Alfonso Navarrete (@navarreteprida) <a href=\"https:\/\/twitter.com\/navarreteprida\/status\/1029753653203292160?ref_src=twsrc%5Etfw\">August 15, 2018<\/a><\/p><\/blockquote>\n<p><script async src=\"https:\/\/platform.twitter.com\/widgets.js\" charset=\"utf-8\"><\/script><\/p>\n<p>\u201cReconozco a la Polic\u00eda Federal y a la Secretar\u00eda de la Defensa Nacional por la detenci\u00f3n. A las 13:30 horas en la Secretar\u00eda de Gobernaci\u00f3n dar\u00e9 m\u00e1s detalles\u201d, indic\u00f3 en su cuenta de Twitter.<\/p>\n<div id=\"attachment_3457405\" class=\"wp-caption alignnone\"><img loading=\"lazy\" decoding=\"async\" class=\"size-full wp-image-3457405\" src=\"http:\/\/www.sinembargo.mx\/wp-content\/uploads\/2018\/08\/detenidocartelnorestecdmx.jpg\" sizes=\"auto, (max-width: 700px) 100vw, 700px\" srcset=\"http:\/\/www.sinembargo.mx\/wp-content\/uploads\/2018\/08\/detenidocartelnorestecdmx.jpg 700w, http:\/\/www.sinembargo.mx\/wp-content\/uploads\/2018\/08\/detenidocartelnorestecdmx-300x159.jpg 300w\" alt=\"\" width=\"700\" height=\"370\" \/><\/p>\n<p class=\"wp-caption-text\">Gerardo Axel \u201cN\u201d ten\u00eda una orden de aprehensi\u00f3n en su contra\u00a0por su probable responsabilidad en la comisi\u00f3n del delito de homicidio calificado y homicidio calificado en grado de tentativa. Foto: Twitter \/ @PGR_AIC<\/p>\n<\/div>\n<p><strong>PGR DETIENE A OPERADOR DEL C\u00c1RTEL DEL NORESTE EN LA CDMX<\/strong><\/p>\n<p>La Agencia de Investigaci\u00f3n Criminal (AIC) de la\u00a0Procuradur\u00eda General de la Rep\u00fablica (PGR) detuvo a\u00a0<strong>Gerardo Axel \u201cN\u201d<\/strong>, identificado como el segundo al mando de una c\u00e9lula delictiva del <strong>C\u00e1rtel del Noreste<\/strong>, durante un <strong>operativo<\/strong> en la delegaci\u00f3n\u00a0<strong>Cuauht\u00e9moc<\/strong> de la Ciudad de M\u00e9xico.<\/p>\n<p>En un comunicado, la PGR precis\u00f3 que cumplimentaron una orden de aprehensi\u00f3n en su contra\u00a0por su probable responsabilidad en la comisi\u00f3n del delito de homicidio calificado y homicidio calificado en grado de tentativa.<\/p>\n<p>Asimismo, inform\u00f3 que en las pr\u00f3ximas horas <strong>Gerardo Axel \u201cN\u201d<\/strong> ser\u00e1 entregado a las\u00a0autoridades judiciales de\u00a0San Luis Potos\u00ed, ya que es requerido en dicha entidad.<\/p>\n<blockquote class=\"twitter-tweet\" data-width=\"550\" data-dnt=\"true\">\n<p lang=\"es\" dir=\"ltr\"><a href=\"https:\/\/twitter.com\/hashtag\/PGR?src=hash&amp;ref_src=twsrc%5Etfw\">#PGR<\/a> cumpliment\u00f3 en la <a href=\"https:\/\/twitter.com\/hashtag\/CDMX?src=hash&amp;ref_src=twsrc%5Etfw\">#CDMX<\/a> una orden de aprehensi\u00f3n en contra de Gerardo Axel \u201cN\u201d, requerido por la justicia en <a href=\"https:\/\/twitter.com\/hashtag\/SanLuisPotos%C3%AD?src=hash&amp;ref_src=twsrc%5Etfw\">#SanLuisPotos\u00ed<\/a>, por su probable responsabilidad en la comisi\u00f3n del delito de homicidio calificado y homicidio en grado de tentativa.  <a href=\"https:\/\/t.co\/yt8hgOBeDy\">https:\/\/t.co\/yt8hgOBeDy<\/a> <a href=\"https:\/\/t.co\/9Je4KWAtkI\">pic.twitter.com\/9Je4KWAtkI<\/a><\/p>\n<p>&mdash; FGR M\u00e9xico (@FGRMexico) <a href=\"https:\/\/twitter.com\/FGRMexico\/status\/1029724321445564416?ref_src=twsrc%5Etfw\">August 15, 2018<\/a><\/p><\/blockquote>\n<p><script async src=\"https:\/\/platform.twitter.com\/widgets.js\" charset=\"utf-8\"><\/script><\/p>\n<blockquote>\n<p>\u201cCabe se\u00f1alar que la <strong>detenci\u00f3n<\/strong> de este individuo se llev\u00f3 a cabo en estricto apego a debido proceso, en todo momento le fueron respetados sus derechos y no hubo afectaci\u00f3n a terceros\u201d, detall\u00f3 la dependencia.<\/p>\n<\/blockquote>\n<p>El <strong>C\u00e1rtel del\u00a0Noreste<\/strong> se dedica al trasiego de drogas a Estados Unidos, a la distribuci\u00f3n de coca\u00edna y cristal, a la venta y comercializaci\u00f3n de hidrocarburos; as\u00ed como al secuestro y la ejecuci\u00f3n de personas.<\/p>\n<\/blockquote>\n","protected":false},"excerpt":{"rendered":"<p>Fuerzas federales detienen a \u201cEl Sexto\u201d, principal generador de violencia en Chihuahua y l\u00edder de La L\u00ednea<br \/>\nPor Redacci\u00f3n QP<\/p>\n","protected":false},"author":2,"featured_media":2474,"comment_status":"open","ping_status":"open","sticky":false,"template":"","format":"standard","meta":{"_monsterinsights_skip_tracking":false,"_monsterinsights_sitenote_active":false,"_monsterinsights_sitenote_note":"","_monsterinsights_sitenote_category":0,"footnotes":""},"categories":[2],"tags":[],"class_list":["post-2475","post","type-post","status-publish","format-standard","has-post-thumbnail","hentry","category-noticias"],"yoast_head":"<!-- This site is optimized with the Yoast SEO plugin v27.3 - https:\/\/yoast.com\/product\/yoast-seo-wordpress\/ -->\n<title>Fuerzas federales detienen a \u201cEl Sexto\u201d, principal generador de violencia en Chihuahua y l\u00edder de La L\u00ednea -<\/title>\n<meta name=\"robots\" content=\"index, follow, max-snippet:-1, max-image-preview:large, max-video-preview:-1\" \/>\n<link rel=\"canonical\" href=\"https:\/\/quehacerpolitico.mx\/?p=2475\" \/>\n<meta property=\"og:locale\" content=\"es_MX\" \/>\n<meta property=\"og:type\" content=\"article\" \/>\n<meta property=\"og:title\" content=\"Fuerzas federales detienen a \u201cEl Sexto\u201d, principal generador de violencia en Chihuahua y l\u00edder de La L\u00ednea -\" \/>\n<meta property=\"og:description\" content=\"Fuerzas federales detienen a \u201cEl Sexto\u201d, principal generador de violencia en Chihuahua y l\u00edder de La L\u00ednea Por Redacci\u00f3n QP\" \/>\n<meta property=\"og:url\" content=\"https:\/\/quehacerpolitico.mx\/?p=2475\" \/>\n<meta property=\"article:published_time\" content=\"2018-08-15T22:44:02+00:00\" \/>\n<meta name=\"author\" content=\"Redacci\u00f3n QP\" \/>\n<meta name=\"twitter:card\" content=\"summary_large_image\" \/>\n<meta name=\"twitter:label1\" content=\"Escrito por\" \/>\n\t<meta name=\"twitter:data1\" content=\"Redacci\u00f3n QP\" \/>\n\t<meta name=\"twitter:label2\" content=\"Tiempo de lectura\" \/>\n\t<meta name=\"twitter:data2\" content=\"3 minutos\" \/>\n<script type=\"application\/ld+json\" class=\"yoast-schema-graph\">{\"@context\":\"https:\\\/\\\/schema.org\",\"@graph\":[{\"@type\":\"Article\",\"@id\":\"https:\\\/\\\/quehacerpolitico.mx\\\/?p=2475#article\",\"isPartOf\":{\"@id\":\"https:\\\/\\\/quehacerpolitico.mx\\\/?p=2475\"},\"author\":{\"name\":\"Redacci\u00f3n QP\",\"@id\":\"https:\\\/\\\/quehacerpolitico.mx\\\/#\\\/schema\\\/person\\\/496d8ad2d1d3f8036101dca7ee39e585\"},\"headline\":\"Fuerzas federales detienen a \u201cEl Sexto\u201d, principal generador de violencia en Chihuahua y l\u00edder de La L\u00ednea\",\"datePublished\":\"2018-08-15T22:44:02+00:00\",\"mainEntityOfPage\":{\"@id\":\"https:\\\/\\\/quehacerpolitico.mx\\\/?p=2475\"},\"wordCount\":696,\"commentCount\":0,\"image\":{\"@id\":\"https:\\\/\\\/quehacerpolitico.mx\\\/?p=2475#primaryimage\"},\"thumbnailUrl\":\"\",\"articleSection\":[\"Noticias\"],\"inLanguage\":\"es\",\"potentialAction\":[{\"@type\":\"CommentAction\",\"name\":\"Comment\",\"target\":[\"https:\\\/\\\/quehacerpolitico.mx\\\/?p=2475#respond\"]}]},{\"@type\":\"WebPage\",\"@id\":\"https:\\\/\\\/quehacerpolitico.mx\\\/?p=2475\",\"url\":\"https:\\\/\\\/quehacerpolitico.mx\\\/?p=2475\",\"name\":\"Fuerzas federales detienen a \u201cEl Sexto\u201d, principal generador de violencia en Chihuahua y l\u00edder de La L\u00ednea -\",\"isPartOf\":{\"@id\":\"https:\\\/\\\/quehacerpolitico.mx\\\/#website\"},\"primaryImageOfPage\":{\"@id\":\"https:\\\/\\\/quehacerpolitico.mx\\\/?p=2475#primaryimage\"},\"image\":{\"@id\":\"https:\\\/\\\/quehacerpolitico.mx\\\/?p=2475#primaryimage\"},\"thumbnailUrl\":\"\",\"datePublished\":\"2018-08-15T22:44:02+00:00\",\"author\":{\"@id\":\"https:\\\/\\\/quehacerpolitico.mx\\\/#\\\/schema\\\/person\\\/496d8ad2d1d3f8036101dca7ee39e585\"},\"breadcrumb\":{\"@id\":\"https:\\\/\\\/quehacerpolitico.mx\\\/?p=2475#breadcrumb\"},\"inLanguage\":\"es\",\"potentialAction\":[{\"@type\":\"ReadAction\",\"target\":[\"https:\\\/\\\/quehacerpolitico.mx\\\/?p=2475\"]}]},{\"@type\":\"ImageObject\",\"inLanguage\":\"es\",\"@id\":\"https:\\\/\\\/quehacerpolitico.mx\\\/?p=2475#primaryimage\",\"url\":\"\",\"contentUrl\":\"\"},{\"@type\":\"BreadcrumbList\",\"@id\":\"https:\\\/\\\/quehacerpolitico.mx\\\/?p=2475#breadcrumb\",\"itemListElement\":[{\"@type\":\"ListItem\",\"position\":1,\"name\":\"Inicio\",\"item\":\"https:\\\/\\\/quehacerpolitico.mx\\\/\"},{\"@type\":\"ListItem\",\"position\":2,\"name\":\"Fuerzas federales detienen a \u201cEl Sexto\u201d, principal generador de violencia en Chihuahua y l\u00edder de La L\u00ednea\"}]},{\"@type\":\"WebSite\",\"@id\":\"https:\\\/\\\/quehacerpolitico.mx\\\/#website\",\"url\":\"https:\\\/\\\/quehacerpolitico.mx\\\/\",\"name\":\"\",\"description\":\"\",\"potentialAction\":[{\"@type\":\"SearchAction\",\"target\":{\"@type\":\"EntryPoint\",\"urlTemplate\":\"https:\\\/\\\/quehacerpolitico.mx\\\/?s={search_term_string}\"},\"query-input\":{\"@type\":\"PropertyValueSpecification\",\"valueRequired\":true,\"valueName\":\"search_term_string\"}}],\"inLanguage\":\"es\"},{\"@type\":\"Person\",\"@id\":\"https:\\\/\\\/quehacerpolitico.mx\\\/#\\\/schema\\\/person\\\/496d8ad2d1d3f8036101dca7ee39e585\",\"name\":\"Redacci\u00f3n QP\",\"image\":{\"@type\":\"ImageObject\",\"inLanguage\":\"es\",\"@id\":\"https:\\\/\\\/secure.gravatar.com\\\/avatar\\\/c7164ed6fdec453195284ad24a5ae5b6e1eed2b848477fa2a4787ba9adf39a41?s=96&d=mm&r=g\",\"url\":\"https:\\\/\\\/secure.gravatar.com\\\/avatar\\\/c7164ed6fdec453195284ad24a5ae5b6e1eed2b848477fa2a4787ba9adf39a41?s=96&d=mm&r=g\",\"contentUrl\":\"https:\\\/\\\/secure.gravatar.com\\\/avatar\\\/c7164ed6fdec453195284ad24a5ae5b6e1eed2b848477fa2a4787ba9adf39a41?s=96&d=mm&r=g\",\"caption\":\"Redacci\u00f3n QP\"},\"url\":\"https:\\\/\\\/quehacerpolitico.mx\\\/?author=2\"}]}<\/script>\n<!-- \/ Yoast SEO plugin. -->","yoast_head_json":{"title":"Fuerzas federales detienen a \u201cEl Sexto\u201d, principal generador de violencia en Chihuahua y l\u00edder de La L\u00ednea -","robots":{"index":"index","follow":"follow","max-snippet":"max-snippet:-1","max-image-preview":"max-image-preview:large","max-video-preview":"max-video-preview:-1"},"canonical":"https:\/\/quehacerpolitico.mx\/?p=2475","og_locale":"es_MX","og_type":"article","og_title":"Fuerzas federales detienen a \u201cEl Sexto\u201d, principal generador de violencia en Chihuahua y l\u00edder de La L\u00ednea -","og_description":"Fuerzas federales detienen a \u201cEl Sexto\u201d, principal generador de violencia en Chihuahua y l\u00edder de La L\u00ednea Por Redacci\u00f3n QP","og_url":"https:\/\/quehacerpolitico.mx\/?p=2475","article_published_time":"2018-08-15T22:44:02+00:00","author":"Redacci\u00f3n QP","twitter_card":"summary_large_image","twitter_misc":{"Escrito por":"Redacci\u00f3n QP","Tiempo de lectura":"3 minutos"},"schema":{"@context":"https:\/\/schema.org","@graph":[{"@type":"Article","@id":"https:\/\/quehacerpolitico.mx\/?p=2475#article","isPartOf":{"@id":"https:\/\/quehacerpolitico.mx\/?p=2475"},"author":{"name":"Redacci\u00f3n QP","@id":"https:\/\/quehacerpolitico.mx\/#\/schema\/person\/496d8ad2d1d3f8036101dca7ee39e585"},"headline":"Fuerzas federales detienen a \u201cEl Sexto\u201d, principal generador de violencia en Chihuahua y l\u00edder de La L\u00ednea","datePublished":"2018-08-15T22:44:02+00:00","mainEntityOfPage":{"@id":"https:\/\/quehacerpolitico.mx\/?p=2475"},"wordCount":696,"commentCount":0,"image":{"@id":"https:\/\/quehacerpolitico.mx\/?p=2475#primaryimage"},"thumbnailUrl":"","articleSection":["Noticias"],"inLanguage":"es","potentialAction":[{"@type":"CommentAction","name":"Comment","target":["https:\/\/quehacerpolitico.mx\/?p=2475#respond"]}]},{"@type":"WebPage","@id":"https:\/\/quehacerpolitico.mx\/?p=2475","url":"https:\/\/quehacerpolitico.mx\/?p=2475","name":"Fuerzas federales detienen a \u201cEl Sexto\u201d, principal generador de violencia en Chihuahua y l\u00edder de La L\u00ednea -","isPartOf":{"@id":"https:\/\/quehacerpolitico.mx\/#website"},"primaryImageOfPage":{"@id":"https:\/\/quehacerpolitico.mx\/?p=2475#primaryimage"},"image":{"@id":"https:\/\/quehacerpolitico.mx\/?p=2475#primaryimage"},"thumbnailUrl":"","datePublished":"2018-08-15T22:44:02+00:00","author":{"@id":"https:\/\/quehacerpolitico.mx\/#\/schema\/person\/496d8ad2d1d3f8036101dca7ee39e585"},"breadcrumb":{"@id":"https:\/\/quehacerpolitico.mx\/?p=2475#breadcrumb"},"inLanguage":"es","potentialAction":[{"@type":"ReadAction","target":["https:\/\/quehacerpolitico.mx\/?p=2475"]}]},{"@type":"ImageObject","inLanguage":"es","@id":"https:\/\/quehacerpolitico.mx\/?p=2475#primaryimage","url":"","contentUrl":""},{"@type":"BreadcrumbList","@id":"https:\/\/quehacerpolitico.mx\/?p=2475#breadcrumb","itemListElement":[{"@type":"ListItem","position":1,"name":"Inicio","item":"https:\/\/quehacerpolitico.mx\/"},{"@type":"ListItem","position":2,"name":"Fuerzas federales detienen a \u201cEl Sexto\u201d, principal generador de violencia en Chihuahua y l\u00edder de La L\u00ednea"}]},{"@type":"WebSite","@id":"https:\/\/quehacerpolitico.mx\/#website","url":"https:\/\/quehacerpolitico.mx\/","name":"","description":"","potentialAction":[{"@type":"SearchAction","target":{"@type":"EntryPoint","urlTemplate":"https:\/\/quehacerpolitico.mx\/?s={search_term_string}"},"query-input":{"@type":"PropertyValueSpecification","valueRequired":true,"valueName":"search_term_string"}}],"inLanguage":"es"},{"@type":"Person","@id":"https:\/\/quehacerpolitico.mx\/#\/schema\/person\/496d8ad2d1d3f8036101dca7ee39e585","name":"Redacci\u00f3n QP","image":{"@type":"ImageObject","inLanguage":"es","@id":"https:\/\/secure.gravatar.com\/avatar\/c7164ed6fdec453195284ad24a5ae5b6e1eed2b848477fa2a4787ba9adf39a41?s=96&d=mm&r=g","url":"https:\/\/secure.gravatar.com\/avatar\/c7164ed6fdec453195284ad24a5ae5b6e1eed2b848477fa2a4787ba9adf39a41?s=96&d=mm&r=g","contentUrl":"https:\/\/secure.gravatar.com\/avatar\/c7164ed6fdec453195284ad24a5ae5b6e1eed2b848477fa2a4787ba9adf39a41?s=96&d=mm&r=g","caption":"Redacci\u00f3n QP"},"url":"https:\/\/quehacerpolitico.mx\/?author=2"}]}},"featured_image_urls":{"full":"","thumbnail":"","medium":"","medium_large":"","large":"","1536x1536":"","2048x2048":"","covernews-featured":"","covernews-medium":""},"author_info":{"display_name":"Redacci\u00f3n QP","author_link":"https:\/\/quehacerpolitico.mx\/?author=2"},"category_info":"<a href=\"https:\/\/quehacerpolitico.mx\/?cat=2\" rel=\"category\">Noticias<\/a>","tag_info":"Noticias","comment_count":"0","_links":{"self":[{"href":"https:\/\/quehacerpolitico.mx\/index.php?rest_route=\/wp\/v2\/posts\/2475","targetHints":{"allow":["GET"]}}],"collection":[{"href":"https:\/\/quehacerpolitico.mx\/index.php?rest_route=\/wp\/v2\/posts"}],"about":[{"href":"https:\/\/quehacerpolitico.mx\/index.php?rest_route=\/wp\/v2\/types\/post"}],"author":[{"embeddable":true,"href":"https:\/\/quehacerpolitico.mx\/index.php?rest_route=\/wp\/v2\/users\/2"}],"replies":[{"embeddable":true,"href":"https:\/\/quehacerpolitico.mx\/index.php?rest_route=%2Fwp%2Fv2%2Fcomments&post=2475"}],"version-history":[{"count":0,"href":"https:\/\/quehacerpolitico.mx\/index.php?rest_route=\/wp\/v2\/posts\/2475\/revisions"}],"wp:featuredmedia":[{"embeddable":true,"href":"https:\/\/quehacerpolitico.mx\/index.php?rest_route=\/"}],"wp:attachment":[{"href":"https:\/\/quehacerpolitico.mx\/index.php?rest_route=%2Fwp%2Fv2%2Fmedia&parent=2475"}],"wp:term":[{"taxonomy":"category","embeddable":true,"href":"https:\/\/quehacerpolitico.mx\/index.php?rest_route=%2Fwp%2Fv2%2Fcategories&post=2475"},{"taxonomy":"post_tag","embeddable":true,"href":"https:\/\/quehacerpolitico.mx\/index.php?rest_route=%2Fwp%2Fv2%2Ftags&post=2475"}],"curies":[{"name":"wp","href":"https:\/\/api.w.org\/{rel}","templated":true}]}}