{"id":2472,"date":"2018-08-15T20:33:22","date_gmt":"2018-08-15T20:33:22","guid":{"rendered":"http:\/\/quehacerpolitico.mx\/miguel-angel-mancera-sera-el-coordinador-de-los-senadores-del-prd-damian-zepeda-su-vicecoordinador\/"},"modified":"2018-08-15T20:33:22","modified_gmt":"2018-08-15T20:33:22","slug":"miguel-angel-mancera-sera-el-coordinador-de-los-senadores-del-prd-damian-zepeda-su-vicecoordinador","status":"publish","type":"post","link":"https:\/\/quehacerpolitico.mx\/?p=2472","title":{"rendered":"Miguel \u00c1ngel Mancera ser\u00e1 el coordinador de los senadores del PRD; Dami\u00e1n Zepeda, su vicecoordinador"},"content":{"rendered":"<h3>El ex mandatario capitalino inform\u00f3 que la bancada del PRD en el Senado tendr\u00e1 una agenda legislativa impulsada por estos ejes: la mejora de la educaci\u00f3n; la mejor de las condiciones de la clase trabajadora; la reducci\u00f3n a la brecha de desigualdad de oportunidades; el impulso al desarrollo econ\u00f3mico sostenido; la mejora en las condiciones de los grupos en situaciones de vulnerabilidad.<\/h3>\n<p><strong>Miguel \u00c1ngel Mancera Espinosa<\/strong>, ex Jefe de Gobierno de la Ciudad de M\u00e9xico y futuro Senador, <strong>ser\u00e1 el coordinador de la bancada del Sol Azteca<\/strong> en la C\u00e1mara Alta. El vicecoordinador ser\u00e1 Juan Zepeda, ex Gobernador del Estado de M\u00e9xico.<\/p>\n<p>Manuel Granados, dirigente nacional del PRD, anunci\u00f3 que Mancera pidi\u00f3 incorporarse al Grupo parlamentario del Sol Azteca y que luego de ello, por unanimidad, se decidi\u00f3 que el ex mandatario capitalino coordine a los senadores del partido.<\/p>\n<blockquote>\n<p>\u201cMancera Espinosa se incorpor\u00f3 al grupo parlamentario del Sol Azteca, a trav\u00e9s de una carta que envi\u00f3 a la dirigencia del partido. La aprobaci\u00f3n por unanimidad para coordinar los trabajos de la LXIV legislatura del Congreso de la Uni\u00f3n en el <strong>Senado<\/strong> de la Rep\u00fablica por el PRD ha sido electo el doctor Miguel \u00c1ngel Mancera Espinosa\u201d, inform\u00f3 Granados.<\/p>\n<p>Mancera Espinosa dijo que ya se ha reunido con los <strong>legisladores del PRD<\/strong> y agradeci\u00f3 a la dirigencia del partido que le diera anuencia para integrarse a la bancada.<\/p>\n<blockquote>\n<p>\u201cNos hemos comprometido a desarrollar una tarea parlamentaria responsable, con estricto apego a lo que ordena la Constituci\u00f3n y las leyes que de ella emanan\u201d, dijo.<\/p>\n<\/blockquote>\n<p>Anunci\u00f3 que la bancada tendr\u00e1 una agenda legislativa impulsada por estos ejes: la mejora de la educaci\u00f3n; la mejora de las condiciones de la clase trabajadora; la reducci\u00f3n a la brecha de desigualdad de oportunidades; el impulso al desarrollo econ\u00f3mico sostenido; la mejora en las condiciones de los grupos en situaciones de vulnerabilidad.<\/p>\n<p>As\u00f3 como la mejora de los esquemas jur\u00eddicos y operativos para lograr una seguridad duradera en M\u00e9xico, y el pleno reconocimiento de los derechos de los pueblos y comunidades ind\u00edgenas.<\/p>\n<blockquote class=\"twitter-tweet\" data-width=\"550\" data-dnt=\"true\">\n<p lang=\"es\" dir=\"ltr\">Me honra encabezar la bancada del <a href=\"https:\/\/twitter.com\/PRDMexico?ref_src=twsrc%5Etfw\">@PRDMexico<\/a> en el <a href=\"https:\/\/twitter.com\/senadomexicano?ref_src=twsrc%5Etfw\">@SenadoMexicano<\/a>, desde el legislativo conduciremos siempre un debate democr\u00e1tico y constructivo por el bien de <a href=\"https:\/\/twitter.com\/hashtag\/M%C3%A9xico?src=hash&amp;ref_src=twsrc%5Etfw\">#M\u00e9xico<\/a> <a href=\"https:\/\/twitter.com\/hashtag\/mm?src=hash&amp;ref_src=twsrc%5Etfw\">#mm<\/a> <a href=\"https:\/\/t.co\/kX1PkLE9bk\">pic.twitter.com\/kX1PkLE9bk<\/a><\/p>\n<p>&mdash; Miguel \u00c1ngel Mancera (@ManceraMiguelMX) <a href=\"https:\/\/twitter.com\/ManceraMiguelMX\/status\/1029816047799394304?ref_src=twsrc%5Etfw\">August 15, 2018<\/a><\/p><\/blockquote>\n<p><script async src=\"https:\/\/platform.twitter.com\/widgets.js\" charset=\"utf-8\"><\/script><\/p>\n<\/blockquote>\n","protected":false},"excerpt":{"rendered":"<p>Miguel \u00c1ngel Mancera ser\u00e1 el coordinador de los senadores del PRD; Dami\u00e1n Zepeda, su vicecoordinador<br \/>\nPor Redacci\u00f3n QP<\/p>\n","protected":false},"author":2,"featured_media":2471,"comment_status":"open","ping_status":"open","sticky":false,"template":"","format":"standard","meta":{"_monsterinsights_skip_tracking":false,"_monsterinsights_sitenote_active":false,"_monsterinsights_sitenote_note":"","_monsterinsights_sitenote_category":0,"footnotes":""},"categories":[2],"tags":[],"class_list":["post-2472","post","type-post","status-publish","format-standard","has-post-thumbnail","hentry","category-noticias"],"yoast_head":"<!-- This site is optimized with the Yoast SEO plugin v27.3 - https:\/\/yoast.com\/product\/yoast-seo-wordpress\/ -->\n<title>Miguel \u00c1ngel Mancera ser\u00e1 el coordinador de los senadores del PRD; Dami\u00e1n Zepeda, su vicecoordinador -<\/title>\n<meta name=\"robots\" content=\"index, follow, max-snippet:-1, max-image-preview:large, max-video-preview:-1\" \/>\n<link rel=\"canonical\" href=\"https:\/\/quehacerpolitico.mx\/?p=2472\" \/>\n<meta property=\"og:locale\" content=\"es_MX\" \/>\n<meta property=\"og:type\" content=\"article\" \/>\n<meta property=\"og:title\" content=\"Miguel \u00c1ngel Mancera ser\u00e1 el coordinador de los senadores del PRD; Dami\u00e1n Zepeda, su vicecoordinador -\" \/>\n<meta property=\"og:description\" content=\"Miguel \u00c1ngel Mancera ser\u00e1 el coordinador de los senadores del PRD; Dami\u00e1n Zepeda, su vicecoordinador Por Redacci\u00f3n QP\" \/>\n<meta property=\"og:url\" content=\"https:\/\/quehacerpolitico.mx\/?p=2472\" \/>\n<meta property=\"article:published_time\" content=\"2018-08-15T20:33:22+00:00\" \/>\n<meta name=\"author\" content=\"Redacci\u00f3n QP\" \/>\n<meta name=\"twitter:card\" content=\"summary_large_image\" \/>\n<meta name=\"twitter:label1\" content=\"Escrito por\" \/>\n\t<meta name=\"twitter:data1\" content=\"Redacci\u00f3n QP\" \/>\n\t<meta name=\"twitter:label2\" content=\"Tiempo de lectura\" \/>\n\t<meta name=\"twitter:data2\" content=\"2 minutos\" \/>\n<script type=\"application\/ld+json\" class=\"yoast-schema-graph\">{\"@context\":\"https:\\\/\\\/schema.org\",\"@graph\":[{\"@type\":\"Article\",\"@id\":\"https:\\\/\\\/quehacerpolitico.mx\\\/?p=2472#article\",\"isPartOf\":{\"@id\":\"https:\\\/\\\/quehacerpolitico.mx\\\/?p=2472\"},\"author\":{\"name\":\"Redacci\u00f3n QP\",\"@id\":\"https:\\\/\\\/quehacerpolitico.mx\\\/#\\\/schema\\\/person\\\/496d8ad2d1d3f8036101dca7ee39e585\"},\"headline\":\"Miguel \u00c1ngel Mancera ser\u00e1 el coordinador de los senadores del PRD; Dami\u00e1n Zepeda, su vicecoordinador\",\"datePublished\":\"2018-08-15T20:33:22+00:00\",\"mainEntityOfPage\":{\"@id\":\"https:\\\/\\\/quehacerpolitico.mx\\\/?p=2472\"},\"wordCount\":375,\"commentCount\":0,\"image\":{\"@id\":\"https:\\\/\\\/quehacerpolitico.mx\\\/?p=2472#primaryimage\"},\"thumbnailUrl\":\"\",\"articleSection\":[\"Noticias\"],\"inLanguage\":\"es\",\"potentialAction\":[{\"@type\":\"CommentAction\",\"name\":\"Comment\",\"target\":[\"https:\\\/\\\/quehacerpolitico.mx\\\/?p=2472#respond\"]}]},{\"@type\":\"WebPage\",\"@id\":\"https:\\\/\\\/quehacerpolitico.mx\\\/?p=2472\",\"url\":\"https:\\\/\\\/quehacerpolitico.mx\\\/?p=2472\",\"name\":\"Miguel \u00c1ngel Mancera ser\u00e1 el coordinador de los senadores del PRD; Dami\u00e1n Zepeda, su vicecoordinador -\",\"isPartOf\":{\"@id\":\"https:\\\/\\\/quehacerpolitico.mx\\\/#website\"},\"primaryImageOfPage\":{\"@id\":\"https:\\\/\\\/quehacerpolitico.mx\\\/?p=2472#primaryimage\"},\"image\":{\"@id\":\"https:\\\/\\\/quehacerpolitico.mx\\\/?p=2472#primaryimage\"},\"thumbnailUrl\":\"\",\"datePublished\":\"2018-08-15T20:33:22+00:00\",\"author\":{\"@id\":\"https:\\\/\\\/quehacerpolitico.mx\\\/#\\\/schema\\\/person\\\/496d8ad2d1d3f8036101dca7ee39e585\"},\"breadcrumb\":{\"@id\":\"https:\\\/\\\/quehacerpolitico.mx\\\/?p=2472#breadcrumb\"},\"inLanguage\":\"es\",\"potentialAction\":[{\"@type\":\"ReadAction\",\"target\":[\"https:\\\/\\\/quehacerpolitico.mx\\\/?p=2472\"]}]},{\"@type\":\"ImageObject\",\"inLanguage\":\"es\",\"@id\":\"https:\\\/\\\/quehacerpolitico.mx\\\/?p=2472#primaryimage\",\"url\":\"\",\"contentUrl\":\"\"},{\"@type\":\"BreadcrumbList\",\"@id\":\"https:\\\/\\\/quehacerpolitico.mx\\\/?p=2472#breadcrumb\",\"itemListElement\":[{\"@type\":\"ListItem\",\"position\":1,\"name\":\"Inicio\",\"item\":\"https:\\\/\\\/quehacerpolitico.mx\\\/\"},{\"@type\":\"ListItem\",\"position\":2,\"name\":\"Miguel \u00c1ngel Mancera ser\u00e1 el coordinador de los senadores del PRD; Dami\u00e1n Zepeda, su vicecoordinador\"}]},{\"@type\":\"WebSite\",\"@id\":\"https:\\\/\\\/quehacerpolitico.mx\\\/#website\",\"url\":\"https:\\\/\\\/quehacerpolitico.mx\\\/\",\"name\":\"\",\"description\":\"\",\"potentialAction\":[{\"@type\":\"SearchAction\",\"target\":{\"@type\":\"EntryPoint\",\"urlTemplate\":\"https:\\\/\\\/quehacerpolitico.mx\\\/?s={search_term_string}\"},\"query-input\":{\"@type\":\"PropertyValueSpecification\",\"valueRequired\":true,\"valueName\":\"search_term_string\"}}],\"inLanguage\":\"es\"},{\"@type\":\"Person\",\"@id\":\"https:\\\/\\\/quehacerpolitico.mx\\\/#\\\/schema\\\/person\\\/496d8ad2d1d3f8036101dca7ee39e585\",\"name\":\"Redacci\u00f3n QP\",\"image\":{\"@type\":\"ImageObject\",\"inLanguage\":\"es\",\"@id\":\"https:\\\/\\\/secure.gravatar.com\\\/avatar\\\/c7164ed6fdec453195284ad24a5ae5b6e1eed2b848477fa2a4787ba9adf39a41?s=96&d=mm&r=g\",\"url\":\"https:\\\/\\\/secure.gravatar.com\\\/avatar\\\/c7164ed6fdec453195284ad24a5ae5b6e1eed2b848477fa2a4787ba9adf39a41?s=96&d=mm&r=g\",\"contentUrl\":\"https:\\\/\\\/secure.gravatar.com\\\/avatar\\\/c7164ed6fdec453195284ad24a5ae5b6e1eed2b848477fa2a4787ba9adf39a41?s=96&d=mm&r=g\",\"caption\":\"Redacci\u00f3n QP\"},\"url\":\"https:\\\/\\\/quehacerpolitico.mx\\\/?author=2\"}]}<\/script>\n<!-- \/ Yoast SEO plugin. -->","yoast_head_json":{"title":"Miguel \u00c1ngel Mancera ser\u00e1 el coordinador de los senadores del PRD; Dami\u00e1n Zepeda, su vicecoordinador -","robots":{"index":"index","follow":"follow","max-snippet":"max-snippet:-1","max-image-preview":"max-image-preview:large","max-video-preview":"max-video-preview:-1"},"canonical":"https:\/\/quehacerpolitico.mx\/?p=2472","og_locale":"es_MX","og_type":"article","og_title":"Miguel \u00c1ngel Mancera ser\u00e1 el coordinador de los senadores del PRD; Dami\u00e1n Zepeda, su vicecoordinador -","og_description":"Miguel \u00c1ngel Mancera ser\u00e1 el coordinador de los senadores del PRD; Dami\u00e1n Zepeda, su vicecoordinador Por Redacci\u00f3n QP","og_url":"https:\/\/quehacerpolitico.mx\/?p=2472","article_published_time":"2018-08-15T20:33:22+00:00","author":"Redacci\u00f3n QP","twitter_card":"summary_large_image","twitter_misc":{"Escrito por":"Redacci\u00f3n QP","Tiempo de lectura":"2 minutos"},"schema":{"@context":"https:\/\/schema.org","@graph":[{"@type":"Article","@id":"https:\/\/quehacerpolitico.mx\/?p=2472#article","isPartOf":{"@id":"https:\/\/quehacerpolitico.mx\/?p=2472"},"author":{"name":"Redacci\u00f3n QP","@id":"https:\/\/quehacerpolitico.mx\/#\/schema\/person\/496d8ad2d1d3f8036101dca7ee39e585"},"headline":"Miguel \u00c1ngel Mancera ser\u00e1 el coordinador de los senadores del PRD; Dami\u00e1n Zepeda, su vicecoordinador","datePublished":"2018-08-15T20:33:22+00:00","mainEntityOfPage":{"@id":"https:\/\/quehacerpolitico.mx\/?p=2472"},"wordCount":375,"commentCount":0,"image":{"@id":"https:\/\/quehacerpolitico.mx\/?p=2472#primaryimage"},"thumbnailUrl":"","articleSection":["Noticias"],"inLanguage":"es","potentialAction":[{"@type":"CommentAction","name":"Comment","target":["https:\/\/quehacerpolitico.mx\/?p=2472#respond"]}]},{"@type":"WebPage","@id":"https:\/\/quehacerpolitico.mx\/?p=2472","url":"https:\/\/quehacerpolitico.mx\/?p=2472","name":"Miguel \u00c1ngel Mancera ser\u00e1 el coordinador de los senadores del PRD; Dami\u00e1n Zepeda, su vicecoordinador -","isPartOf":{"@id":"https:\/\/quehacerpolitico.mx\/#website"},"primaryImageOfPage":{"@id":"https:\/\/quehacerpolitico.mx\/?p=2472#primaryimage"},"image":{"@id":"https:\/\/quehacerpolitico.mx\/?p=2472#primaryimage"},"thumbnailUrl":"","datePublished":"2018-08-15T20:33:22+00:00","author":{"@id":"https:\/\/quehacerpolitico.mx\/#\/schema\/person\/496d8ad2d1d3f8036101dca7ee39e585"},"breadcrumb":{"@id":"https:\/\/quehacerpolitico.mx\/?p=2472#breadcrumb"},"inLanguage":"es","potentialAction":[{"@type":"ReadAction","target":["https:\/\/quehacerpolitico.mx\/?p=2472"]}]},{"@type":"ImageObject","inLanguage":"es","@id":"https:\/\/quehacerpolitico.mx\/?p=2472#primaryimage","url":"","contentUrl":""},{"@type":"BreadcrumbList","@id":"https:\/\/quehacerpolitico.mx\/?p=2472#breadcrumb","itemListElement":[{"@type":"ListItem","position":1,"name":"Inicio","item":"https:\/\/quehacerpolitico.mx\/"},{"@type":"ListItem","position":2,"name":"Miguel \u00c1ngel Mancera ser\u00e1 el coordinador de los senadores del PRD; Dami\u00e1n Zepeda, su vicecoordinador"}]},{"@type":"WebSite","@id":"https:\/\/quehacerpolitico.mx\/#website","url":"https:\/\/quehacerpolitico.mx\/","name":"","description":"","potentialAction":[{"@type":"SearchAction","target":{"@type":"EntryPoint","urlTemplate":"https:\/\/quehacerpolitico.mx\/?s={search_term_string}"},"query-input":{"@type":"PropertyValueSpecification","valueRequired":true,"valueName":"search_term_string"}}],"inLanguage":"es"},{"@type":"Person","@id":"https:\/\/quehacerpolitico.mx\/#\/schema\/person\/496d8ad2d1d3f8036101dca7ee39e585","name":"Redacci\u00f3n QP","image":{"@type":"ImageObject","inLanguage":"es","@id":"https:\/\/secure.gravatar.com\/avatar\/c7164ed6fdec453195284ad24a5ae5b6e1eed2b848477fa2a4787ba9adf39a41?s=96&d=mm&r=g","url":"https:\/\/secure.gravatar.com\/avatar\/c7164ed6fdec453195284ad24a5ae5b6e1eed2b848477fa2a4787ba9adf39a41?s=96&d=mm&r=g","contentUrl":"https:\/\/secure.gravatar.com\/avatar\/c7164ed6fdec453195284ad24a5ae5b6e1eed2b848477fa2a4787ba9adf39a41?s=96&d=mm&r=g","caption":"Redacci\u00f3n QP"},"url":"https:\/\/quehacerpolitico.mx\/?author=2"}]}},"featured_image_urls":{"full":"","thumbnail":"","medium":"","medium_large":"","large":"","1536x1536":"","2048x2048":"","covernews-featured":"","covernews-medium":""},"author_info":{"display_name":"Redacci\u00f3n QP","author_link":"https:\/\/quehacerpolitico.mx\/?author=2"},"category_info":"<a href=\"https:\/\/quehacerpolitico.mx\/?cat=2\" rel=\"category\">Noticias<\/a>","tag_info":"Noticias","comment_count":"0","_links":{"self":[{"href":"https:\/\/quehacerpolitico.mx\/index.php?rest_route=\/wp\/v2\/posts\/2472","targetHints":{"allow":["GET"]}}],"collection":[{"href":"https:\/\/quehacerpolitico.mx\/index.php?rest_route=\/wp\/v2\/posts"}],"about":[{"href":"https:\/\/quehacerpolitico.mx\/index.php?rest_route=\/wp\/v2\/types\/post"}],"author":[{"embeddable":true,"href":"https:\/\/quehacerpolitico.mx\/index.php?rest_route=\/wp\/v2\/users\/2"}],"replies":[{"embeddable":true,"href":"https:\/\/quehacerpolitico.mx\/index.php?rest_route=%2Fwp%2Fv2%2Fcomments&post=2472"}],"version-history":[{"count":0,"href":"https:\/\/quehacerpolitico.mx\/index.php?rest_route=\/wp\/v2\/posts\/2472\/revisions"}],"wp:featuredmedia":[{"embeddable":true,"href":"https:\/\/quehacerpolitico.mx\/index.php?rest_route=\/"}],"wp:attachment":[{"href":"https:\/\/quehacerpolitico.mx\/index.php?rest_route=%2Fwp%2Fv2%2Fmedia&parent=2472"}],"wp:term":[{"taxonomy":"category","embeddable":true,"href":"https:\/\/quehacerpolitico.mx\/index.php?rest_route=%2Fwp%2Fv2%2Fcategories&post=2472"},{"taxonomy":"post_tag","embeddable":true,"href":"https:\/\/quehacerpolitico.mx\/index.php?rest_route=%2Fwp%2Fv2%2Ftags&post=2472"}],"curies":[{"name":"wp","href":"https:\/\/api.w.org\/{rel}","templated":true}]}}