{"id":2466,"date":"2018-08-15T19:40:18","date_gmt":"2018-08-15T19:40:18","guid":{"rendered":"http:\/\/quehacerpolitico.mx\/amlo-arrancara-su-gobierno-con-64-6-de-aprobacion\/"},"modified":"2018-08-15T19:40:18","modified_gmt":"2018-08-15T19:40:18","slug":"amlo-arrancara-su-gobierno-con-64-6-de-aprobacion","status":"publish","type":"post","link":"https:\/\/quehacerpolitico.mx\/?p=2466","title":{"rendered":"AMLO arrancar\u00e1 su Gobierno con 64.6% de aprobaci\u00f3n"},"content":{"rendered":"<p>El presidente electo, <strong>Andr\u00e9s Manuel L\u00f3pez Obrador,<\/strong> tiene una<strong> aprobaci\u00f3n de 64.6%<\/strong> entre los mexicanos, quienes adem\u00e1s conf\u00edan en que<strong> cumplir\u00e1<\/strong>con sus<strong> promesas de campa\u00f1a.<\/strong><\/p>\n<p><span class=\"amp-wp-inline-f62a86b1328cd4134bec55ddf6de989a\">De <strong>mil 200 personas encuestadas,<\/strong> el <strong>64.5%<\/strong>afirmaron en que el <strong>pol\u00edtico tabasque\u00f1o trabajar\u00e1<\/strong>para cubrir sus proyectos de campa\u00f1a, un 18.5% consider\u00f3 que \u201cno cumplir\u00e1\u201d y un 16.5% \u201cno sabe\u201d.<\/span><\/p>\n<p><img decoding=\"async\" class=\"i-amphtml-fill-content i-amphtml-replaced-content\" src=\"https:\/\/elbigdata.mx\/wp-content\/uploads\/2018\/08\/encuesta-el-universal-1-300x180.png\" sizes=\"(min-width: 300px) 300px, 100vw\" srcset=\"https:\/\/elbigdata.mx\/wp-content\/uploads\/2018\/08\/encuesta-el-universal-1-300x180.png 300w, https:\/\/elbigdata.mx\/wp-content\/uploads\/2018\/08\/encuesta-el-universal-1.png 666w\" alt=\"\" \/><\/p>\n<p><span class=\"amp-wp-inline-f62a86b1328cd4134bec55ddf6de989a\">Ante la pregunta: \u00bfConsidera que con L\u00f3pez Obrador como presidente M\u00e9xico mejorar\u00e1, seguir\u00e1 igual o empeorar\u00e1? Un<strong> 69% respondi\u00f3 que \u201cmejorar\u00e1<\/strong>\u201d, el 16% que seguir\u00e1 igual, 6.5% de las personas opinaron que empeorar\u00e1 y el 7.8% no sabe.<\/span><\/p>\n<p><span class=\"amp-wp-inline-f62a86b1328cd4134bec55ddf6de989a\">El 29.9% de los encuestados consideraron que el tema de la pobreza es uno de los mayores logros del ex l\u00edder de <strong>Movimiento Regeneraci\u00f3n Nacional<\/strong>(Morena), el 16.5% difiri\u00f3 y respondi\u00f3 que ser\u00e1 <strong>mejorar la econom\u00eda<\/strong> del pa\u00eds, el 9.6% la<strong> creaci\u00f3n de empleos<\/strong> y el 9.2% el<strong> combate a la corrupci\u00f3n.<\/strong><\/span><\/p>\n<p><span class=\"amp-wp-inline-f62a86b1328cd4134bec55ddf6de989a\">Sobre los riesgos y el <strong>mayor error<\/strong> de la pr\u00f3xima administraci\u00f3n, el 19.9% mencion\u00f3 que ser\u00e1 la <strong>corrupci\u00f3n<\/strong>, el 16%, la <strong>relaci\u00f3n con Estados Unidos<\/strong>; el 10.2% el <strong>combate al narcotr\u00e1fico<\/strong>; el 6.2%, la falta de <strong>combate a la delincuencia,<\/strong> el 5.1%, la e<strong>conom\u00eda del pa\u00eds<\/strong>, y el 3.4%, las<strong> reformas estructurales<\/strong>.<\/span><\/p>\n<p><img decoding=\"async\" class=\"i-amphtml-fill-content i-amphtml-replaced-content\" src=\"https:\/\/elbigdata.mx\/wp-content\/uploads\/2018\/08\/encuesta-el-universal-2-245x300.png\" sizes=\"(min-width: 245px) 245px, 100vw\" srcset=\"https:\/\/elbigdata.mx\/wp-content\/uploads\/2018\/08\/encuesta-el-universal-2-245x300.png 245w, https:\/\/elbigdata.mx\/wp-content\/uploads\/2018\/08\/encuesta-el-universal-2.png 445w\" alt=\"\" \/><\/p>\n<p><span class=\"amp-wp-inline-f62a86b1328cd4134bec55ddf6de989a\">Al cuestionar si aprueban o no el sexenio del mandatario priista <strong>Enrique Pe\u00f1a Nieto,<\/strong> la mayor\u00eda, el <strong>66.8% desaprueba su gesti\u00f3n;<\/strong> mientras que el 21.2% la aprueba, el 10.1% \u201cni la aprueba ni desaprueba\u201d y el 1.9% \u201cno sabe o no contest\u00f3\u201d.<\/span><\/p>\n<p><img decoding=\"async\" class=\"i-amphtml-fill-content i-amphtml-replaced-content\" src=\"https:\/\/elbigdata.mx\/wp-content\/uploads\/2018\/08\/encuesta-el-universal-3-300x169.png\" sizes=\"(min-width: 300px) 300px, 100vw\" srcset=\"https:\/\/elbigdata.mx\/wp-content\/uploads\/2018\/08\/encuesta-el-universal-3-300x169.png 300w, https:\/\/elbigdata.mx\/wp-content\/uploads\/2018\/08\/encuesta-el-universal-3.png 439w\" alt=\"\" \/><\/p>\n<p class=\"amp-wp-inline-256659ade2cf5854eb8a79d0057ffb1c\">Con informaci\u00f3n de <em><strong>El Universal<\/strong><\/em><\/p>\n","protected":false},"excerpt":{"rendered":"<p>AMLO arrancar\u00e1 su Gobierno con 64.6% de aprobaci\u00f3n<br \/>\nPor Redacci\u00f3n QP<\/p>\n","protected":false},"author":2,"featured_media":2465,"comment_status":"open","ping_status":"open","sticky":false,"template":"","format":"standard","meta":{"_monsterinsights_skip_tracking":false,"_monsterinsights_sitenote_active":false,"_monsterinsights_sitenote_note":"","_monsterinsights_sitenote_category":0,"footnotes":""},"categories":[2],"tags":[],"class_list":["post-2466","post","type-post","status-publish","format-standard","has-post-thumbnail","hentry","category-noticias"],"yoast_head":"<!-- This site is optimized with the Yoast SEO plugin v27.3 - https:\/\/yoast.com\/product\/yoast-seo-wordpress\/ -->\n<title>AMLO arrancar\u00e1 su Gobierno con 64.6% de aprobaci\u00f3n -<\/title>\n<meta name=\"robots\" content=\"index, follow, max-snippet:-1, max-image-preview:large, max-video-preview:-1\" \/>\n<link rel=\"canonical\" href=\"https:\/\/quehacerpolitico.mx\/?p=2466\" \/>\n<meta property=\"og:locale\" content=\"es_MX\" \/>\n<meta property=\"og:type\" content=\"article\" \/>\n<meta property=\"og:title\" content=\"AMLO arrancar\u00e1 su Gobierno con 64.6% de aprobaci\u00f3n -\" \/>\n<meta property=\"og:description\" content=\"AMLO arrancar\u00e1 su Gobierno con 64.6% de aprobaci\u00f3n Por Redacci\u00f3n QP\" \/>\n<meta property=\"og:url\" content=\"https:\/\/quehacerpolitico.mx\/?p=2466\" \/>\n<meta property=\"article:published_time\" content=\"2018-08-15T19:40:18+00:00\" \/>\n<meta name=\"author\" content=\"Redacci\u00f3n QP\" \/>\n<meta name=\"twitter:card\" content=\"summary_large_image\" \/>\n<meta name=\"twitter:label1\" content=\"Escrito por\" \/>\n\t<meta name=\"twitter:data1\" content=\"Redacci\u00f3n QP\" \/>\n\t<meta name=\"twitter:label2\" content=\"Tiempo de lectura\" \/>\n\t<meta name=\"twitter:data2\" content=\"1 minuto\" \/>\n<script type=\"application\/ld+json\" class=\"yoast-schema-graph\">{\"@context\":\"https:\\\/\\\/schema.org\",\"@graph\":[{\"@type\":\"Article\",\"@id\":\"https:\\\/\\\/quehacerpolitico.mx\\\/?p=2466#article\",\"isPartOf\":{\"@id\":\"https:\\\/\\\/quehacerpolitico.mx\\\/?p=2466\"},\"author\":{\"name\":\"Redacci\u00f3n QP\",\"@id\":\"https:\\\/\\\/quehacerpolitico.mx\\\/#\\\/schema\\\/person\\\/496d8ad2d1d3f8036101dca7ee39e585\"},\"headline\":\"AMLO arrancar\u00e1 su Gobierno con 64.6% de aprobaci\u00f3n\",\"datePublished\":\"2018-08-15T19:40:18+00:00\",\"mainEntityOfPage\":{\"@id\":\"https:\\\/\\\/quehacerpolitico.mx\\\/?p=2466\"},\"wordCount\":259,\"commentCount\":0,\"image\":{\"@id\":\"https:\\\/\\\/quehacerpolitico.mx\\\/?p=2466#primaryimage\"},\"thumbnailUrl\":\"\",\"articleSection\":[\"Noticias\"],\"inLanguage\":\"es\",\"potentialAction\":[{\"@type\":\"CommentAction\",\"name\":\"Comment\",\"target\":[\"https:\\\/\\\/quehacerpolitico.mx\\\/?p=2466#respond\"]}]},{\"@type\":\"WebPage\",\"@id\":\"https:\\\/\\\/quehacerpolitico.mx\\\/?p=2466\",\"url\":\"https:\\\/\\\/quehacerpolitico.mx\\\/?p=2466\",\"name\":\"AMLO arrancar\u00e1 su Gobierno con 64.6% de aprobaci\u00f3n -\",\"isPartOf\":{\"@id\":\"https:\\\/\\\/quehacerpolitico.mx\\\/#website\"},\"primaryImageOfPage\":{\"@id\":\"https:\\\/\\\/quehacerpolitico.mx\\\/?p=2466#primaryimage\"},\"image\":{\"@id\":\"https:\\\/\\\/quehacerpolitico.mx\\\/?p=2466#primaryimage\"},\"thumbnailUrl\":\"\",\"datePublished\":\"2018-08-15T19:40:18+00:00\",\"author\":{\"@id\":\"https:\\\/\\\/quehacerpolitico.mx\\\/#\\\/schema\\\/person\\\/496d8ad2d1d3f8036101dca7ee39e585\"},\"breadcrumb\":{\"@id\":\"https:\\\/\\\/quehacerpolitico.mx\\\/?p=2466#breadcrumb\"},\"inLanguage\":\"es\",\"potentialAction\":[{\"@type\":\"ReadAction\",\"target\":[\"https:\\\/\\\/quehacerpolitico.mx\\\/?p=2466\"]}]},{\"@type\":\"ImageObject\",\"inLanguage\":\"es\",\"@id\":\"https:\\\/\\\/quehacerpolitico.mx\\\/?p=2466#primaryimage\",\"url\":\"\",\"contentUrl\":\"\"},{\"@type\":\"BreadcrumbList\",\"@id\":\"https:\\\/\\\/quehacerpolitico.mx\\\/?p=2466#breadcrumb\",\"itemListElement\":[{\"@type\":\"ListItem\",\"position\":1,\"name\":\"Inicio\",\"item\":\"https:\\\/\\\/quehacerpolitico.mx\\\/\"},{\"@type\":\"ListItem\",\"position\":2,\"name\":\"AMLO arrancar\u00e1 su Gobierno con 64.6% de aprobaci\u00f3n\"}]},{\"@type\":\"WebSite\",\"@id\":\"https:\\\/\\\/quehacerpolitico.mx\\\/#website\",\"url\":\"https:\\\/\\\/quehacerpolitico.mx\\\/\",\"name\":\"\",\"description\":\"\",\"potentialAction\":[{\"@type\":\"SearchAction\",\"target\":{\"@type\":\"EntryPoint\",\"urlTemplate\":\"https:\\\/\\\/quehacerpolitico.mx\\\/?s={search_term_string}\"},\"query-input\":{\"@type\":\"PropertyValueSpecification\",\"valueRequired\":true,\"valueName\":\"search_term_string\"}}],\"inLanguage\":\"es\"},{\"@type\":\"Person\",\"@id\":\"https:\\\/\\\/quehacerpolitico.mx\\\/#\\\/schema\\\/person\\\/496d8ad2d1d3f8036101dca7ee39e585\",\"name\":\"Redacci\u00f3n QP\",\"image\":{\"@type\":\"ImageObject\",\"inLanguage\":\"es\",\"@id\":\"https:\\\/\\\/secure.gravatar.com\\\/avatar\\\/c7164ed6fdec453195284ad24a5ae5b6e1eed2b848477fa2a4787ba9adf39a41?s=96&d=mm&r=g\",\"url\":\"https:\\\/\\\/secure.gravatar.com\\\/avatar\\\/c7164ed6fdec453195284ad24a5ae5b6e1eed2b848477fa2a4787ba9adf39a41?s=96&d=mm&r=g\",\"contentUrl\":\"https:\\\/\\\/secure.gravatar.com\\\/avatar\\\/c7164ed6fdec453195284ad24a5ae5b6e1eed2b848477fa2a4787ba9adf39a41?s=96&d=mm&r=g\",\"caption\":\"Redacci\u00f3n QP\"},\"url\":\"https:\\\/\\\/quehacerpolitico.mx\\\/?author=2\"}]}<\/script>\n<!-- \/ Yoast SEO plugin. -->","yoast_head_json":{"title":"AMLO arrancar\u00e1 su Gobierno con 64.6% de aprobaci\u00f3n -","robots":{"index":"index","follow":"follow","max-snippet":"max-snippet:-1","max-image-preview":"max-image-preview:large","max-video-preview":"max-video-preview:-1"},"canonical":"https:\/\/quehacerpolitico.mx\/?p=2466","og_locale":"es_MX","og_type":"article","og_title":"AMLO arrancar\u00e1 su Gobierno con 64.6% de aprobaci\u00f3n -","og_description":"AMLO arrancar\u00e1 su Gobierno con 64.6% de aprobaci\u00f3n Por Redacci\u00f3n QP","og_url":"https:\/\/quehacerpolitico.mx\/?p=2466","article_published_time":"2018-08-15T19:40:18+00:00","author":"Redacci\u00f3n QP","twitter_card":"summary_large_image","twitter_misc":{"Escrito por":"Redacci\u00f3n QP","Tiempo de lectura":"1 minuto"},"schema":{"@context":"https:\/\/schema.org","@graph":[{"@type":"Article","@id":"https:\/\/quehacerpolitico.mx\/?p=2466#article","isPartOf":{"@id":"https:\/\/quehacerpolitico.mx\/?p=2466"},"author":{"name":"Redacci\u00f3n QP","@id":"https:\/\/quehacerpolitico.mx\/#\/schema\/person\/496d8ad2d1d3f8036101dca7ee39e585"},"headline":"AMLO arrancar\u00e1 su Gobierno con 64.6% de aprobaci\u00f3n","datePublished":"2018-08-15T19:40:18+00:00","mainEntityOfPage":{"@id":"https:\/\/quehacerpolitico.mx\/?p=2466"},"wordCount":259,"commentCount":0,"image":{"@id":"https:\/\/quehacerpolitico.mx\/?p=2466#primaryimage"},"thumbnailUrl":"","articleSection":["Noticias"],"inLanguage":"es","potentialAction":[{"@type":"CommentAction","name":"Comment","target":["https:\/\/quehacerpolitico.mx\/?p=2466#respond"]}]},{"@type":"WebPage","@id":"https:\/\/quehacerpolitico.mx\/?p=2466","url":"https:\/\/quehacerpolitico.mx\/?p=2466","name":"AMLO arrancar\u00e1 su Gobierno con 64.6% de aprobaci\u00f3n -","isPartOf":{"@id":"https:\/\/quehacerpolitico.mx\/#website"},"primaryImageOfPage":{"@id":"https:\/\/quehacerpolitico.mx\/?p=2466#primaryimage"},"image":{"@id":"https:\/\/quehacerpolitico.mx\/?p=2466#primaryimage"},"thumbnailUrl":"","datePublished":"2018-08-15T19:40:18+00:00","author":{"@id":"https:\/\/quehacerpolitico.mx\/#\/schema\/person\/496d8ad2d1d3f8036101dca7ee39e585"},"breadcrumb":{"@id":"https:\/\/quehacerpolitico.mx\/?p=2466#breadcrumb"},"inLanguage":"es","potentialAction":[{"@type":"ReadAction","target":["https:\/\/quehacerpolitico.mx\/?p=2466"]}]},{"@type":"ImageObject","inLanguage":"es","@id":"https:\/\/quehacerpolitico.mx\/?p=2466#primaryimage","url":"","contentUrl":""},{"@type":"BreadcrumbList","@id":"https:\/\/quehacerpolitico.mx\/?p=2466#breadcrumb","itemListElement":[{"@type":"ListItem","position":1,"name":"Inicio","item":"https:\/\/quehacerpolitico.mx\/"},{"@type":"ListItem","position":2,"name":"AMLO arrancar\u00e1 su Gobierno con 64.6% de aprobaci\u00f3n"}]},{"@type":"WebSite","@id":"https:\/\/quehacerpolitico.mx\/#website","url":"https:\/\/quehacerpolitico.mx\/","name":"","description":"","potentialAction":[{"@type":"SearchAction","target":{"@type":"EntryPoint","urlTemplate":"https:\/\/quehacerpolitico.mx\/?s={search_term_string}"},"query-input":{"@type":"PropertyValueSpecification","valueRequired":true,"valueName":"search_term_string"}}],"inLanguage":"es"},{"@type":"Person","@id":"https:\/\/quehacerpolitico.mx\/#\/schema\/person\/496d8ad2d1d3f8036101dca7ee39e585","name":"Redacci\u00f3n QP","image":{"@type":"ImageObject","inLanguage":"es","@id":"https:\/\/secure.gravatar.com\/avatar\/c7164ed6fdec453195284ad24a5ae5b6e1eed2b848477fa2a4787ba9adf39a41?s=96&d=mm&r=g","url":"https:\/\/secure.gravatar.com\/avatar\/c7164ed6fdec453195284ad24a5ae5b6e1eed2b848477fa2a4787ba9adf39a41?s=96&d=mm&r=g","contentUrl":"https:\/\/secure.gravatar.com\/avatar\/c7164ed6fdec453195284ad24a5ae5b6e1eed2b848477fa2a4787ba9adf39a41?s=96&d=mm&r=g","caption":"Redacci\u00f3n QP"},"url":"https:\/\/quehacerpolitico.mx\/?author=2"}]}},"featured_image_urls":{"full":"","thumbnail":"","medium":"","medium_large":"","large":"","1536x1536":"","2048x2048":"","covernews-featured":"","covernews-medium":""},"author_info":{"display_name":"Redacci\u00f3n QP","author_link":"https:\/\/quehacerpolitico.mx\/?author=2"},"category_info":"<a href=\"https:\/\/quehacerpolitico.mx\/?cat=2\" rel=\"category\">Noticias<\/a>","tag_info":"Noticias","comment_count":"0","_links":{"self":[{"href":"https:\/\/quehacerpolitico.mx\/index.php?rest_route=\/wp\/v2\/posts\/2466","targetHints":{"allow":["GET"]}}],"collection":[{"href":"https:\/\/quehacerpolitico.mx\/index.php?rest_route=\/wp\/v2\/posts"}],"about":[{"href":"https:\/\/quehacerpolitico.mx\/index.php?rest_route=\/wp\/v2\/types\/post"}],"author":[{"embeddable":true,"href":"https:\/\/quehacerpolitico.mx\/index.php?rest_route=\/wp\/v2\/users\/2"}],"replies":[{"embeddable":true,"href":"https:\/\/quehacerpolitico.mx\/index.php?rest_route=%2Fwp%2Fv2%2Fcomments&post=2466"}],"version-history":[{"count":0,"href":"https:\/\/quehacerpolitico.mx\/index.php?rest_route=\/wp\/v2\/posts\/2466\/revisions"}],"wp:featuredmedia":[{"embeddable":true,"href":"https:\/\/quehacerpolitico.mx\/index.php?rest_route=\/"}],"wp:attachment":[{"href":"https:\/\/quehacerpolitico.mx\/index.php?rest_route=%2Fwp%2Fv2%2Fmedia&parent=2466"}],"wp:term":[{"taxonomy":"category","embeddable":true,"href":"https:\/\/quehacerpolitico.mx\/index.php?rest_route=%2Fwp%2Fv2%2Fcategories&post=2466"},{"taxonomy":"post_tag","embeddable":true,"href":"https:\/\/quehacerpolitico.mx\/index.php?rest_route=%2Fwp%2Fv2%2Ftags&post=2466"}],"curies":[{"name":"wp","href":"https:\/\/api.w.org\/{rel}","templated":true}]}}