{"id":2434,"date":"2018-08-15T03:48:33","date_gmt":"2018-08-15T03:48:33","guid":{"rendered":"http:\/\/quehacerpolitico.mx\/video-la-triste-historia-detras-del-hombre-cuadriplejico-que-lloro-frente-a-casa-de-amlo\/"},"modified":"2018-08-15T03:48:33","modified_gmt":"2018-08-15T03:48:33","slug":"video-la-triste-historia-detras-del-hombre-cuadriplejico-que-lloro-frente-a-casa-de-amlo","status":"publish","type":"post","link":"https:\/\/quehacerpolitico.mx\/?p=2434","title":{"rendered":"[VIDEO] La triste historia detr\u00e1s del hombre cuadripl\u00e9jico que llor\u00f3 frente a casa de AMLO"},"content":{"rendered":"<ol>\n<li>Una <strong>camioneta<\/strong> y un<strong> auto se estacionan violentamente<\/strong> frente a una casa de<strong> Playa del Carmen<\/strong>,<strong> Quintana Roo<\/strong>, del primero se baja un <strong>hombre corpulento<\/strong> quien se apresura a <strong>golpear sin piedad<\/strong> a un hombre delgado que se encuentra en la entrada de la vivienda. En segundos la mujer que ven\u00eda en el otro veh\u00edculo le hace segunda en la golpiza, ahora son dos contra uno.<\/li>\n<\/ol>\n<p>La paliza que le propinan al<strong> hombre delgado<\/strong> que no pudo meter las manos para defenderse fue m\u00e1s all\u00e1 de los moretones, labios partidos u ojos morados, le ocasionaron una ruptura de m\u00e9dula espina que lo dej\u00f3 cuadripl\u00e9jico, condici\u00f3n medica que no es reversible, es decir nunca podr\u00e1 tener movilidad en sus extremidades y por tanto tampoco tendr\u00e1 autonom\u00eda.<\/p>\n<blockquote class=\"twitter-tweet\" data-width=\"550\" data-dnt=\"true\">\n<p lang=\"es\" dir=\"ltr\">Roberto Gonz\u00e1lez lleg\u00f3 en ambulancia y en camilla hasta la casa de transici\u00f3n para pedir justicia a <a href=\"https:\/\/twitter.com\/hashtag\/AMLO?src=hash&amp;ref_src=twsrc%5Etfw\">#AMLO<\/a> debido a una golpiza que le dieron sus vecinos hace 19 meses lo cual lo dejo cuadrapl\u00e9jico <a href=\"https:\/\/t.co\/vcrvAQ6fJy\">pic.twitter.com\/vcrvAQ6fJy<\/a><\/p>\n<p>&mdash; Misael Zavala (@misaelzs) <a href=\"https:\/\/twitter.com\/misaelzs\/status\/1029408753764974592?ref_src=twsrc%5Etfw\">August 14, 2018<\/a><\/p><\/blockquote>\n<p><script async src=\"https:\/\/platform.twitter.com\/widgets.js\" charset=\"utf-8\"><\/script><\/p>\n<p>El hombre que qued\u00f3 en estado de cuadripl\u00e9jia se llama <strong>Roberto Gonz\u00e1lez<\/strong>, quien a poco m\u00e1s de un a\u00f1o de los hechos narrados arriba, se present\u00f3 este martes en la casa transici\u00f3n de <strong>Andr\u00e9s Manuel L\u00f3pez Obrador<\/strong>, para pedir ayuda para que los culpables de haberlo golpeado: Rodrigo Gal\u00e1n y su esposa Mar\u00eda Salcedo Medrano, sean castigados.<\/p>\n<p>Roberto lleg\u00f3 a la casa de AMLO en una<strong> ambulancia<\/strong><strong>privada<\/strong> de la cual descendi\u00f3 a bordo de una camilla, no pudo evitar llorar.<\/p>\n<p>La golpiza que lo dej\u00f3 cuadripl\u00e9jico ocurri\u00f3 el 20 de noviembre de 2017 dentro de un <strong>fraccionamiento de Playa del Carmen.<\/strong> Seg\u00fan se ve en un video todo empez\u00f3 cuando\u00a0 el perro de Rodrigo Gal\u00e1n y Mar\u00eda Salcedo entra a la casa de Roberto Gonz\u00e1lez, quien habr\u00eda reclamado a Mar\u00eda el descuido del perro, este peque\u00f1o hecho habr\u00eda desatado la agresi\u00f3n en su contra.<\/p>\n<p>A la fecha Roberto no puede respirar sin ayuda de m\u00e1quinas, ni tampoco puede desplazarse sin la ayuda de enfermeros.<\/p>\n<p>https:\/\/youtu.be\/WVLRzxZh0Xk<\/p>\n","protected":false},"excerpt":{"rendered":"<p>[VIDEO] La triste historia detr\u00e1s del hombre cuadripl\u00e9jico que llor\u00f3 frente a casa de AMLO<br \/>\nPor Redacci\u00f3n QP<\/p>\n","protected":false},"author":2,"featured_media":2433,"comment_status":"open","ping_status":"open","sticky":false,"template":"","format":"standard","meta":{"_monsterinsights_skip_tracking":false,"_monsterinsights_sitenote_active":false,"_monsterinsights_sitenote_note":"","_monsterinsights_sitenote_category":0,"footnotes":""},"categories":[2],"tags":[],"class_list":["post-2434","post","type-post","status-publish","format-standard","has-post-thumbnail","hentry","category-noticias"],"yoast_head":"<!-- This site is optimized with the Yoast SEO plugin v27.3 - https:\/\/yoast.com\/product\/yoast-seo-wordpress\/ -->\n<title>[VIDEO] La triste historia detr\u00e1s del hombre cuadripl\u00e9jico que llor\u00f3 frente a casa de AMLO -<\/title>\n<meta name=\"robots\" content=\"index, follow, max-snippet:-1, max-image-preview:large, max-video-preview:-1\" \/>\n<link rel=\"canonical\" href=\"https:\/\/quehacerpolitico.mx\/?p=2434\" \/>\n<meta property=\"og:locale\" content=\"es_MX\" \/>\n<meta property=\"og:type\" content=\"article\" \/>\n<meta property=\"og:title\" content=\"[VIDEO] La triste historia detr\u00e1s del hombre cuadripl\u00e9jico que llor\u00f3 frente a casa de AMLO -\" \/>\n<meta property=\"og:description\" content=\"[VIDEO] La triste historia detr\u00e1s del hombre cuadripl\u00e9jico que llor\u00f3 frente a casa de AMLO Por Redacci\u00f3n QP\" \/>\n<meta property=\"og:url\" content=\"https:\/\/quehacerpolitico.mx\/?p=2434\" \/>\n<meta property=\"article:published_time\" content=\"2018-08-15T03:48:33+00:00\" \/>\n<meta name=\"author\" content=\"Redacci\u00f3n QP\" \/>\n<meta name=\"twitter:card\" content=\"summary_large_image\" \/>\n<meta name=\"twitter:label1\" content=\"Escrito por\" \/>\n\t<meta name=\"twitter:data1\" content=\"Redacci\u00f3n QP\" \/>\n\t<meta name=\"twitter:label2\" content=\"Tiempo de lectura\" \/>\n\t<meta name=\"twitter:data2\" content=\"2 minutos\" \/>\n<script type=\"application\/ld+json\" class=\"yoast-schema-graph\">{\"@context\":\"https:\\\/\\\/schema.org\",\"@graph\":[{\"@type\":\"Article\",\"@id\":\"https:\\\/\\\/quehacerpolitico.mx\\\/?p=2434#article\",\"isPartOf\":{\"@id\":\"https:\\\/\\\/quehacerpolitico.mx\\\/?p=2434\"},\"author\":{\"name\":\"Redacci\u00f3n QP\",\"@id\":\"https:\\\/\\\/quehacerpolitico.mx\\\/#\\\/schema\\\/person\\\/496d8ad2d1d3f8036101dca7ee39e585\"},\"headline\":\"[VIDEO] La triste historia detr\u00e1s del hombre cuadripl\u00e9jico que llor\u00f3 frente a casa de AMLO\",\"datePublished\":\"2018-08-15T03:48:33+00:00\",\"mainEntityOfPage\":{\"@id\":\"https:\\\/\\\/quehacerpolitico.mx\\\/?p=2434\"},\"wordCount\":343,\"commentCount\":0,\"image\":{\"@id\":\"https:\\\/\\\/quehacerpolitico.mx\\\/?p=2434#primaryimage\"},\"thumbnailUrl\":\"\",\"articleSection\":[\"Noticias\"],\"inLanguage\":\"es\",\"potentialAction\":[{\"@type\":\"CommentAction\",\"name\":\"Comment\",\"target\":[\"https:\\\/\\\/quehacerpolitico.mx\\\/?p=2434#respond\"]}]},{\"@type\":\"WebPage\",\"@id\":\"https:\\\/\\\/quehacerpolitico.mx\\\/?p=2434\",\"url\":\"https:\\\/\\\/quehacerpolitico.mx\\\/?p=2434\",\"name\":\"[VIDEO] La triste historia detr\u00e1s del hombre cuadripl\u00e9jico que llor\u00f3 frente a casa de AMLO -\",\"isPartOf\":{\"@id\":\"https:\\\/\\\/quehacerpolitico.mx\\\/#website\"},\"primaryImageOfPage\":{\"@id\":\"https:\\\/\\\/quehacerpolitico.mx\\\/?p=2434#primaryimage\"},\"image\":{\"@id\":\"https:\\\/\\\/quehacerpolitico.mx\\\/?p=2434#primaryimage\"},\"thumbnailUrl\":\"\",\"datePublished\":\"2018-08-15T03:48:33+00:00\",\"author\":{\"@id\":\"https:\\\/\\\/quehacerpolitico.mx\\\/#\\\/schema\\\/person\\\/496d8ad2d1d3f8036101dca7ee39e585\"},\"breadcrumb\":{\"@id\":\"https:\\\/\\\/quehacerpolitico.mx\\\/?p=2434#breadcrumb\"},\"inLanguage\":\"es\",\"potentialAction\":[{\"@type\":\"ReadAction\",\"target\":[\"https:\\\/\\\/quehacerpolitico.mx\\\/?p=2434\"]}]},{\"@type\":\"ImageObject\",\"inLanguage\":\"es\",\"@id\":\"https:\\\/\\\/quehacerpolitico.mx\\\/?p=2434#primaryimage\",\"url\":\"\",\"contentUrl\":\"\"},{\"@type\":\"BreadcrumbList\",\"@id\":\"https:\\\/\\\/quehacerpolitico.mx\\\/?p=2434#breadcrumb\",\"itemListElement\":[{\"@type\":\"ListItem\",\"position\":1,\"name\":\"Inicio\",\"item\":\"https:\\\/\\\/quehacerpolitico.mx\\\/\"},{\"@type\":\"ListItem\",\"position\":2,\"name\":\"[VIDEO] La triste historia detr\u00e1s del hombre cuadripl\u00e9jico que llor\u00f3 frente a casa de AMLO\"}]},{\"@type\":\"WebSite\",\"@id\":\"https:\\\/\\\/quehacerpolitico.mx\\\/#website\",\"url\":\"https:\\\/\\\/quehacerpolitico.mx\\\/\",\"name\":\"\",\"description\":\"\",\"potentialAction\":[{\"@type\":\"SearchAction\",\"target\":{\"@type\":\"EntryPoint\",\"urlTemplate\":\"https:\\\/\\\/quehacerpolitico.mx\\\/?s={search_term_string}\"},\"query-input\":{\"@type\":\"PropertyValueSpecification\",\"valueRequired\":true,\"valueName\":\"search_term_string\"}}],\"inLanguage\":\"es\"},{\"@type\":\"Person\",\"@id\":\"https:\\\/\\\/quehacerpolitico.mx\\\/#\\\/schema\\\/person\\\/496d8ad2d1d3f8036101dca7ee39e585\",\"name\":\"Redacci\u00f3n QP\",\"image\":{\"@type\":\"ImageObject\",\"inLanguage\":\"es\",\"@id\":\"https:\\\/\\\/secure.gravatar.com\\\/avatar\\\/c7164ed6fdec453195284ad24a5ae5b6e1eed2b848477fa2a4787ba9adf39a41?s=96&d=mm&r=g\",\"url\":\"https:\\\/\\\/secure.gravatar.com\\\/avatar\\\/c7164ed6fdec453195284ad24a5ae5b6e1eed2b848477fa2a4787ba9adf39a41?s=96&d=mm&r=g\",\"contentUrl\":\"https:\\\/\\\/secure.gravatar.com\\\/avatar\\\/c7164ed6fdec453195284ad24a5ae5b6e1eed2b848477fa2a4787ba9adf39a41?s=96&d=mm&r=g\",\"caption\":\"Redacci\u00f3n QP\"},\"url\":\"https:\\\/\\\/quehacerpolitico.mx\\\/?author=2\"}]}<\/script>\n<!-- \/ Yoast SEO plugin. -->","yoast_head_json":{"title":"[VIDEO] La triste historia detr\u00e1s del hombre cuadripl\u00e9jico que llor\u00f3 frente a casa de AMLO -","robots":{"index":"index","follow":"follow","max-snippet":"max-snippet:-1","max-image-preview":"max-image-preview:large","max-video-preview":"max-video-preview:-1"},"canonical":"https:\/\/quehacerpolitico.mx\/?p=2434","og_locale":"es_MX","og_type":"article","og_title":"[VIDEO] La triste historia detr\u00e1s del hombre cuadripl\u00e9jico que llor\u00f3 frente a casa de AMLO -","og_description":"[VIDEO] La triste historia detr\u00e1s del hombre cuadripl\u00e9jico que llor\u00f3 frente a casa de AMLO Por Redacci\u00f3n QP","og_url":"https:\/\/quehacerpolitico.mx\/?p=2434","article_published_time":"2018-08-15T03:48:33+00:00","author":"Redacci\u00f3n QP","twitter_card":"summary_large_image","twitter_misc":{"Escrito por":"Redacci\u00f3n QP","Tiempo de lectura":"2 minutos"},"schema":{"@context":"https:\/\/schema.org","@graph":[{"@type":"Article","@id":"https:\/\/quehacerpolitico.mx\/?p=2434#article","isPartOf":{"@id":"https:\/\/quehacerpolitico.mx\/?p=2434"},"author":{"name":"Redacci\u00f3n QP","@id":"https:\/\/quehacerpolitico.mx\/#\/schema\/person\/496d8ad2d1d3f8036101dca7ee39e585"},"headline":"[VIDEO] La triste historia detr\u00e1s del hombre cuadripl\u00e9jico que llor\u00f3 frente a casa de AMLO","datePublished":"2018-08-15T03:48:33+00:00","mainEntityOfPage":{"@id":"https:\/\/quehacerpolitico.mx\/?p=2434"},"wordCount":343,"commentCount":0,"image":{"@id":"https:\/\/quehacerpolitico.mx\/?p=2434#primaryimage"},"thumbnailUrl":"","articleSection":["Noticias"],"inLanguage":"es","potentialAction":[{"@type":"CommentAction","name":"Comment","target":["https:\/\/quehacerpolitico.mx\/?p=2434#respond"]}]},{"@type":"WebPage","@id":"https:\/\/quehacerpolitico.mx\/?p=2434","url":"https:\/\/quehacerpolitico.mx\/?p=2434","name":"[VIDEO] La triste historia detr\u00e1s del hombre cuadripl\u00e9jico que llor\u00f3 frente a casa de AMLO -","isPartOf":{"@id":"https:\/\/quehacerpolitico.mx\/#website"},"primaryImageOfPage":{"@id":"https:\/\/quehacerpolitico.mx\/?p=2434#primaryimage"},"image":{"@id":"https:\/\/quehacerpolitico.mx\/?p=2434#primaryimage"},"thumbnailUrl":"","datePublished":"2018-08-15T03:48:33+00:00","author":{"@id":"https:\/\/quehacerpolitico.mx\/#\/schema\/person\/496d8ad2d1d3f8036101dca7ee39e585"},"breadcrumb":{"@id":"https:\/\/quehacerpolitico.mx\/?p=2434#breadcrumb"},"inLanguage":"es","potentialAction":[{"@type":"ReadAction","target":["https:\/\/quehacerpolitico.mx\/?p=2434"]}]},{"@type":"ImageObject","inLanguage":"es","@id":"https:\/\/quehacerpolitico.mx\/?p=2434#primaryimage","url":"","contentUrl":""},{"@type":"BreadcrumbList","@id":"https:\/\/quehacerpolitico.mx\/?p=2434#breadcrumb","itemListElement":[{"@type":"ListItem","position":1,"name":"Inicio","item":"https:\/\/quehacerpolitico.mx\/"},{"@type":"ListItem","position":2,"name":"[VIDEO] La triste historia detr\u00e1s del hombre cuadripl\u00e9jico que llor\u00f3 frente a casa de AMLO"}]},{"@type":"WebSite","@id":"https:\/\/quehacerpolitico.mx\/#website","url":"https:\/\/quehacerpolitico.mx\/","name":"","description":"","potentialAction":[{"@type":"SearchAction","target":{"@type":"EntryPoint","urlTemplate":"https:\/\/quehacerpolitico.mx\/?s={search_term_string}"},"query-input":{"@type":"PropertyValueSpecification","valueRequired":true,"valueName":"search_term_string"}}],"inLanguage":"es"},{"@type":"Person","@id":"https:\/\/quehacerpolitico.mx\/#\/schema\/person\/496d8ad2d1d3f8036101dca7ee39e585","name":"Redacci\u00f3n QP","image":{"@type":"ImageObject","inLanguage":"es","@id":"https:\/\/secure.gravatar.com\/avatar\/c7164ed6fdec453195284ad24a5ae5b6e1eed2b848477fa2a4787ba9adf39a41?s=96&d=mm&r=g","url":"https:\/\/secure.gravatar.com\/avatar\/c7164ed6fdec453195284ad24a5ae5b6e1eed2b848477fa2a4787ba9adf39a41?s=96&d=mm&r=g","contentUrl":"https:\/\/secure.gravatar.com\/avatar\/c7164ed6fdec453195284ad24a5ae5b6e1eed2b848477fa2a4787ba9adf39a41?s=96&d=mm&r=g","caption":"Redacci\u00f3n QP"},"url":"https:\/\/quehacerpolitico.mx\/?author=2"}]}},"featured_image_urls":{"full":"","thumbnail":"","medium":"","medium_large":"","large":"","1536x1536":"","2048x2048":"","covernews-featured":"","covernews-medium":""},"author_info":{"display_name":"Redacci\u00f3n QP","author_link":"https:\/\/quehacerpolitico.mx\/?author=2"},"category_info":"<a href=\"https:\/\/quehacerpolitico.mx\/?cat=2\" rel=\"category\">Noticias<\/a>","tag_info":"Noticias","comment_count":"0","_links":{"self":[{"href":"https:\/\/quehacerpolitico.mx\/index.php?rest_route=\/wp\/v2\/posts\/2434","targetHints":{"allow":["GET"]}}],"collection":[{"href":"https:\/\/quehacerpolitico.mx\/index.php?rest_route=\/wp\/v2\/posts"}],"about":[{"href":"https:\/\/quehacerpolitico.mx\/index.php?rest_route=\/wp\/v2\/types\/post"}],"author":[{"embeddable":true,"href":"https:\/\/quehacerpolitico.mx\/index.php?rest_route=\/wp\/v2\/users\/2"}],"replies":[{"embeddable":true,"href":"https:\/\/quehacerpolitico.mx\/index.php?rest_route=%2Fwp%2Fv2%2Fcomments&post=2434"}],"version-history":[{"count":0,"href":"https:\/\/quehacerpolitico.mx\/index.php?rest_route=\/wp\/v2\/posts\/2434\/revisions"}],"wp:featuredmedia":[{"embeddable":true,"href":"https:\/\/quehacerpolitico.mx\/index.php?rest_route=\/"}],"wp:attachment":[{"href":"https:\/\/quehacerpolitico.mx\/index.php?rest_route=%2Fwp%2Fv2%2Fmedia&parent=2434"}],"wp:term":[{"taxonomy":"category","embeddable":true,"href":"https:\/\/quehacerpolitico.mx\/index.php?rest_route=%2Fwp%2Fv2%2Fcategories&post=2434"},{"taxonomy":"post_tag","embeddable":true,"href":"https:\/\/quehacerpolitico.mx\/index.php?rest_route=%2Fwp%2Fv2%2Ftags&post=2434"}],"curies":[{"name":"wp","href":"https:\/\/api.w.org\/{rel}","templated":true}]}}