{"id":2430,"date":"2018-08-15T01:16:23","date_gmt":"2018-08-15T01:16:23","guid":{"rendered":"http:\/\/quehacerpolitico.mx\/alfonso-navarrete-recibe-a-olga-sanchez-cordero-en-la-segob-cordial-y-productiva-fue-la-reunion-dice\/"},"modified":"2018-08-15T01:16:23","modified_gmt":"2018-08-15T01:16:23","slug":"alfonso-navarrete-recibe-a-olga-sanchez-cordero-en-la-segob-cordial-y-productiva-fue-la-reunion-dice","status":"publish","type":"post","link":"https:\/\/quehacerpolitico.mx\/?p=2430","title":{"rendered":"Alfonso Navarrete recibe a Olga S\u00e1nchez Cordero en la Segob; \u201ccordial y productiva fue la reuni\u00f3n\u201d, dice"},"content":{"rendered":"<h3><strong>\u201cCordial y productiva fue la reuni\u00f3n que esta tarde sostuve con Olga S\u00e1nchez Cordero en la Secretar\u00eda de Gobernaci\u00f3n. Acordamos mantener una comunicaci\u00f3n directa de cara al pr\u00f3ximo encuentro de los gabinetes del Gobierno de M\u00e9xico y de transici\u00f3n, el pr\u00f3ximo 20 de agosto\u201d, dijo\u00a0Alfonso Navarrete Prida, Secretario de Gobernaci\u00f3n.\u00a0<\/strong><\/h3>\n<p>Alfonso Navarrete Prida, Secretario de Gobernaci\u00f3n, y Olga S\u00e1nchez Cordero, perfilada a ocupar la titularidad de la misma dependencia durante la administraci\u00f3n de Andr\u00e9s Manuel L\u00f3pez Obrador, se reunieron esta tarde.<\/p>\n<p>En el encuentro, que se llev\u00f3 a cabo en las oficinas de\u00a0Navarrete Prida, participaron los subsecretarios de Gobernaci\u00f3n.<\/p>\n<p>Durante la reuni\u00f3n,\u00a0S\u00e1nchez Cordero y\u00a0Navarrete Prida acordaron la ruta y calendario del periodo de transici\u00f3n.<\/p>\n<blockquote>\n<p>\u201cCordial y productiva fue la reuni\u00f3n que esta tarde sostuve con Olga S\u00e1nchez Cordero en la Secretar\u00eda de Gobernaci\u00f3n. Acordamos mantener una comunicaci\u00f3n directa de cara al pr\u00f3ximo encuentro de los gabinetes del Gobierno de M\u00e9xico y de transici\u00f3n, el pr\u00f3ximo 20 de agosto\u201d, escribi\u00f3\u00a0Navarrete Prida en Twitter y comparti\u00f3 im\u00e1genes del encuentro.<\/p>\n<\/blockquote>\n<div id=\"attachment_3457096\" class=\"wp-caption alignnone\"><img loading=\"lazy\" decoding=\"async\" class=\"wp-image-3457096 size-full\" src=\"http:\/\/www.sinembargo.mx\/wp-content\/uploads\/2018\/08\/dkmelfmu0aestan.jpg\" sizes=\"auto, (max-width: 700px) 100vw, 700px\" srcset=\"http:\/\/www.sinembargo.mx\/wp-content\/uploads\/2018\/08\/dkmelfmu0aestan.jpg 700w, http:\/\/www.sinembargo.mx\/wp-content\/uploads\/2018\/08\/dkmelfmu0aestan-300x150.jpg 300w\" alt=\"\" width=\"700\" height=\"350\" \/><\/p>\n<p class=\"wp-caption-text\">En el encuentro, que se llev\u00f3 a cabo en las oficinas de\u00a0Navarrete Prida, participaron los subsecretarios de Gobernaci\u00f3n. Foto: Segob.<\/p>\n<\/div>\n<div id=\"attachment_3457097\" class=\"wp-caption alignnone\"><img loading=\"lazy\" decoding=\"async\" class=\"wp-image-3457097 size-full\" src=\"http:\/\/www.sinembargo.mx\/wp-content\/uploads\/2018\/08\/dkmelfluwae0dul.jpg\" sizes=\"auto, (max-width: 700px) 100vw, 700px\" srcset=\"http:\/\/www.sinembargo.mx\/wp-content\/uploads\/2018\/08\/dkmelfluwae0dul.jpg 700w, http:\/\/www.sinembargo.mx\/wp-content\/uploads\/2018\/08\/dkmelfluwae0dul-300x150.jpg 300w\" alt=\"\" width=\"700\" height=\"350\" \/><\/div>\n","protected":false},"excerpt":{"rendered":"<p>Alfonso Navarrete recibe a Olga S\u00e1nchez Cordero en la Segob; \u201ccordial y productiva fue la reuni\u00f3n\u201d, dice<br \/>\nPor Redacci\u00f3n QP<\/p>\n","protected":false},"author":2,"featured_media":2429,"comment_status":"open","ping_status":"open","sticky":false,"template":"","format":"standard","meta":{"_monsterinsights_skip_tracking":false,"_monsterinsights_sitenote_active":false,"_monsterinsights_sitenote_note":"","_monsterinsights_sitenote_category":0,"footnotes":""},"categories":[2],"tags":[],"class_list":["post-2430","post","type-post","status-publish","format-standard","has-post-thumbnail","hentry","category-noticias"],"yoast_head":"<!-- This site is optimized with the Yoast SEO plugin v27.3 - https:\/\/yoast.com\/product\/yoast-seo-wordpress\/ -->\n<title>Alfonso Navarrete recibe a Olga S\u00e1nchez Cordero en la Segob; \u201ccordial y productiva fue la reuni\u00f3n\u201d, dice -<\/title>\n<meta name=\"robots\" content=\"index, follow, max-snippet:-1, max-image-preview:large, max-video-preview:-1\" \/>\n<link rel=\"canonical\" href=\"https:\/\/quehacerpolitico.mx\/?p=2430\" \/>\n<meta property=\"og:locale\" content=\"es_MX\" \/>\n<meta property=\"og:type\" content=\"article\" \/>\n<meta property=\"og:title\" content=\"Alfonso Navarrete recibe a Olga S\u00e1nchez Cordero en la Segob; \u201ccordial y productiva fue la reuni\u00f3n\u201d, dice -\" \/>\n<meta property=\"og:description\" content=\"Alfonso Navarrete recibe a Olga S\u00e1nchez Cordero en la Segob; \u201ccordial y productiva fue la reuni\u00f3n\u201d, dice Por Redacci\u00f3n QP\" \/>\n<meta property=\"og:url\" content=\"https:\/\/quehacerpolitico.mx\/?p=2430\" \/>\n<meta property=\"article:published_time\" content=\"2018-08-15T01:16:23+00:00\" \/>\n<meta name=\"author\" content=\"Redacci\u00f3n QP\" \/>\n<meta name=\"twitter:card\" content=\"summary_large_image\" \/>\n<meta name=\"twitter:label1\" content=\"Escrito por\" \/>\n\t<meta name=\"twitter:data1\" content=\"Redacci\u00f3n QP\" \/>\n\t<meta name=\"twitter:label2\" content=\"Tiempo de lectura\" \/>\n\t<meta name=\"twitter:data2\" content=\"1 minuto\" \/>\n<script type=\"application\/ld+json\" class=\"yoast-schema-graph\">{\"@context\":\"https:\\\/\\\/schema.org\",\"@graph\":[{\"@type\":\"Article\",\"@id\":\"https:\\\/\\\/quehacerpolitico.mx\\\/?p=2430#article\",\"isPartOf\":{\"@id\":\"https:\\\/\\\/quehacerpolitico.mx\\\/?p=2430\"},\"author\":{\"name\":\"Redacci\u00f3n QP\",\"@id\":\"https:\\\/\\\/quehacerpolitico.mx\\\/#\\\/schema\\\/person\\\/496d8ad2d1d3f8036101dca7ee39e585\"},\"headline\":\"Alfonso Navarrete recibe a Olga S\u00e1nchez Cordero en la Segob; \u201ccordial y productiva fue la reuni\u00f3n\u201d, dice\",\"datePublished\":\"2018-08-15T01:16:23+00:00\",\"mainEntityOfPage\":{\"@id\":\"https:\\\/\\\/quehacerpolitico.mx\\\/?p=2430\"},\"wordCount\":240,\"commentCount\":0,\"image\":{\"@id\":\"https:\\\/\\\/quehacerpolitico.mx\\\/?p=2430#primaryimage\"},\"thumbnailUrl\":\"\",\"articleSection\":[\"Noticias\"],\"inLanguage\":\"es\",\"potentialAction\":[{\"@type\":\"CommentAction\",\"name\":\"Comment\",\"target\":[\"https:\\\/\\\/quehacerpolitico.mx\\\/?p=2430#respond\"]}]},{\"@type\":\"WebPage\",\"@id\":\"https:\\\/\\\/quehacerpolitico.mx\\\/?p=2430\",\"url\":\"https:\\\/\\\/quehacerpolitico.mx\\\/?p=2430\",\"name\":\"Alfonso Navarrete recibe a Olga S\u00e1nchez Cordero en la Segob; \u201ccordial y productiva fue la reuni\u00f3n\u201d, dice -\",\"isPartOf\":{\"@id\":\"https:\\\/\\\/quehacerpolitico.mx\\\/#website\"},\"primaryImageOfPage\":{\"@id\":\"https:\\\/\\\/quehacerpolitico.mx\\\/?p=2430#primaryimage\"},\"image\":{\"@id\":\"https:\\\/\\\/quehacerpolitico.mx\\\/?p=2430#primaryimage\"},\"thumbnailUrl\":\"\",\"datePublished\":\"2018-08-15T01:16:23+00:00\",\"author\":{\"@id\":\"https:\\\/\\\/quehacerpolitico.mx\\\/#\\\/schema\\\/person\\\/496d8ad2d1d3f8036101dca7ee39e585\"},\"breadcrumb\":{\"@id\":\"https:\\\/\\\/quehacerpolitico.mx\\\/?p=2430#breadcrumb\"},\"inLanguage\":\"es\",\"potentialAction\":[{\"@type\":\"ReadAction\",\"target\":[\"https:\\\/\\\/quehacerpolitico.mx\\\/?p=2430\"]}]},{\"@type\":\"ImageObject\",\"inLanguage\":\"es\",\"@id\":\"https:\\\/\\\/quehacerpolitico.mx\\\/?p=2430#primaryimage\",\"url\":\"\",\"contentUrl\":\"\"},{\"@type\":\"BreadcrumbList\",\"@id\":\"https:\\\/\\\/quehacerpolitico.mx\\\/?p=2430#breadcrumb\",\"itemListElement\":[{\"@type\":\"ListItem\",\"position\":1,\"name\":\"Inicio\",\"item\":\"https:\\\/\\\/quehacerpolitico.mx\\\/\"},{\"@type\":\"ListItem\",\"position\":2,\"name\":\"Alfonso Navarrete recibe a Olga S\u00e1nchez Cordero en la Segob; \u201ccordial y productiva fue la reuni\u00f3n\u201d, dice\"}]},{\"@type\":\"WebSite\",\"@id\":\"https:\\\/\\\/quehacerpolitico.mx\\\/#website\",\"url\":\"https:\\\/\\\/quehacerpolitico.mx\\\/\",\"name\":\"\",\"description\":\"\",\"potentialAction\":[{\"@type\":\"SearchAction\",\"target\":{\"@type\":\"EntryPoint\",\"urlTemplate\":\"https:\\\/\\\/quehacerpolitico.mx\\\/?s={search_term_string}\"},\"query-input\":{\"@type\":\"PropertyValueSpecification\",\"valueRequired\":true,\"valueName\":\"search_term_string\"}}],\"inLanguage\":\"es\"},{\"@type\":\"Person\",\"@id\":\"https:\\\/\\\/quehacerpolitico.mx\\\/#\\\/schema\\\/person\\\/496d8ad2d1d3f8036101dca7ee39e585\",\"name\":\"Redacci\u00f3n QP\",\"image\":{\"@type\":\"ImageObject\",\"inLanguage\":\"es\",\"@id\":\"https:\\\/\\\/secure.gravatar.com\\\/avatar\\\/c7164ed6fdec453195284ad24a5ae5b6e1eed2b848477fa2a4787ba9adf39a41?s=96&d=mm&r=g\",\"url\":\"https:\\\/\\\/secure.gravatar.com\\\/avatar\\\/c7164ed6fdec453195284ad24a5ae5b6e1eed2b848477fa2a4787ba9adf39a41?s=96&d=mm&r=g\",\"contentUrl\":\"https:\\\/\\\/secure.gravatar.com\\\/avatar\\\/c7164ed6fdec453195284ad24a5ae5b6e1eed2b848477fa2a4787ba9adf39a41?s=96&d=mm&r=g\",\"caption\":\"Redacci\u00f3n QP\"},\"url\":\"https:\\\/\\\/quehacerpolitico.mx\\\/?author=2\"}]}<\/script>\n<!-- \/ Yoast SEO plugin. -->","yoast_head_json":{"title":"Alfonso Navarrete recibe a Olga S\u00e1nchez Cordero en la Segob; \u201ccordial y productiva fue la reuni\u00f3n\u201d, dice -","robots":{"index":"index","follow":"follow","max-snippet":"max-snippet:-1","max-image-preview":"max-image-preview:large","max-video-preview":"max-video-preview:-1"},"canonical":"https:\/\/quehacerpolitico.mx\/?p=2430","og_locale":"es_MX","og_type":"article","og_title":"Alfonso Navarrete recibe a Olga S\u00e1nchez Cordero en la Segob; \u201ccordial y productiva fue la reuni\u00f3n\u201d, dice -","og_description":"Alfonso Navarrete recibe a Olga S\u00e1nchez Cordero en la Segob; \u201ccordial y productiva fue la reuni\u00f3n\u201d, dice Por Redacci\u00f3n QP","og_url":"https:\/\/quehacerpolitico.mx\/?p=2430","article_published_time":"2018-08-15T01:16:23+00:00","author":"Redacci\u00f3n QP","twitter_card":"summary_large_image","twitter_misc":{"Escrito por":"Redacci\u00f3n QP","Tiempo de lectura":"1 minuto"},"schema":{"@context":"https:\/\/schema.org","@graph":[{"@type":"Article","@id":"https:\/\/quehacerpolitico.mx\/?p=2430#article","isPartOf":{"@id":"https:\/\/quehacerpolitico.mx\/?p=2430"},"author":{"name":"Redacci\u00f3n QP","@id":"https:\/\/quehacerpolitico.mx\/#\/schema\/person\/496d8ad2d1d3f8036101dca7ee39e585"},"headline":"Alfonso Navarrete recibe a Olga S\u00e1nchez Cordero en la Segob; \u201ccordial y productiva fue la reuni\u00f3n\u201d, dice","datePublished":"2018-08-15T01:16:23+00:00","mainEntityOfPage":{"@id":"https:\/\/quehacerpolitico.mx\/?p=2430"},"wordCount":240,"commentCount":0,"image":{"@id":"https:\/\/quehacerpolitico.mx\/?p=2430#primaryimage"},"thumbnailUrl":"","articleSection":["Noticias"],"inLanguage":"es","potentialAction":[{"@type":"CommentAction","name":"Comment","target":["https:\/\/quehacerpolitico.mx\/?p=2430#respond"]}]},{"@type":"WebPage","@id":"https:\/\/quehacerpolitico.mx\/?p=2430","url":"https:\/\/quehacerpolitico.mx\/?p=2430","name":"Alfonso Navarrete recibe a Olga S\u00e1nchez Cordero en la Segob; \u201ccordial y productiva fue la reuni\u00f3n\u201d, dice -","isPartOf":{"@id":"https:\/\/quehacerpolitico.mx\/#website"},"primaryImageOfPage":{"@id":"https:\/\/quehacerpolitico.mx\/?p=2430#primaryimage"},"image":{"@id":"https:\/\/quehacerpolitico.mx\/?p=2430#primaryimage"},"thumbnailUrl":"","datePublished":"2018-08-15T01:16:23+00:00","author":{"@id":"https:\/\/quehacerpolitico.mx\/#\/schema\/person\/496d8ad2d1d3f8036101dca7ee39e585"},"breadcrumb":{"@id":"https:\/\/quehacerpolitico.mx\/?p=2430#breadcrumb"},"inLanguage":"es","potentialAction":[{"@type":"ReadAction","target":["https:\/\/quehacerpolitico.mx\/?p=2430"]}]},{"@type":"ImageObject","inLanguage":"es","@id":"https:\/\/quehacerpolitico.mx\/?p=2430#primaryimage","url":"","contentUrl":""},{"@type":"BreadcrumbList","@id":"https:\/\/quehacerpolitico.mx\/?p=2430#breadcrumb","itemListElement":[{"@type":"ListItem","position":1,"name":"Inicio","item":"https:\/\/quehacerpolitico.mx\/"},{"@type":"ListItem","position":2,"name":"Alfonso Navarrete recibe a Olga S\u00e1nchez Cordero en la Segob; \u201ccordial y productiva fue la reuni\u00f3n\u201d, dice"}]},{"@type":"WebSite","@id":"https:\/\/quehacerpolitico.mx\/#website","url":"https:\/\/quehacerpolitico.mx\/","name":"","description":"","potentialAction":[{"@type":"SearchAction","target":{"@type":"EntryPoint","urlTemplate":"https:\/\/quehacerpolitico.mx\/?s={search_term_string}"},"query-input":{"@type":"PropertyValueSpecification","valueRequired":true,"valueName":"search_term_string"}}],"inLanguage":"es"},{"@type":"Person","@id":"https:\/\/quehacerpolitico.mx\/#\/schema\/person\/496d8ad2d1d3f8036101dca7ee39e585","name":"Redacci\u00f3n QP","image":{"@type":"ImageObject","inLanguage":"es","@id":"https:\/\/secure.gravatar.com\/avatar\/c7164ed6fdec453195284ad24a5ae5b6e1eed2b848477fa2a4787ba9adf39a41?s=96&d=mm&r=g","url":"https:\/\/secure.gravatar.com\/avatar\/c7164ed6fdec453195284ad24a5ae5b6e1eed2b848477fa2a4787ba9adf39a41?s=96&d=mm&r=g","contentUrl":"https:\/\/secure.gravatar.com\/avatar\/c7164ed6fdec453195284ad24a5ae5b6e1eed2b848477fa2a4787ba9adf39a41?s=96&d=mm&r=g","caption":"Redacci\u00f3n QP"},"url":"https:\/\/quehacerpolitico.mx\/?author=2"}]}},"featured_image_urls":{"full":"","thumbnail":"","medium":"","medium_large":"","large":"","1536x1536":"","2048x2048":"","covernews-featured":"","covernews-medium":""},"author_info":{"display_name":"Redacci\u00f3n QP","author_link":"https:\/\/quehacerpolitico.mx\/?author=2"},"category_info":"<a href=\"https:\/\/quehacerpolitico.mx\/?cat=2\" rel=\"category\">Noticias<\/a>","tag_info":"Noticias","comment_count":"0","_links":{"self":[{"href":"https:\/\/quehacerpolitico.mx\/index.php?rest_route=\/wp\/v2\/posts\/2430","targetHints":{"allow":["GET"]}}],"collection":[{"href":"https:\/\/quehacerpolitico.mx\/index.php?rest_route=\/wp\/v2\/posts"}],"about":[{"href":"https:\/\/quehacerpolitico.mx\/index.php?rest_route=\/wp\/v2\/types\/post"}],"author":[{"embeddable":true,"href":"https:\/\/quehacerpolitico.mx\/index.php?rest_route=\/wp\/v2\/users\/2"}],"replies":[{"embeddable":true,"href":"https:\/\/quehacerpolitico.mx\/index.php?rest_route=%2Fwp%2Fv2%2Fcomments&post=2430"}],"version-history":[{"count":0,"href":"https:\/\/quehacerpolitico.mx\/index.php?rest_route=\/wp\/v2\/posts\/2430\/revisions"}],"wp:featuredmedia":[{"embeddable":true,"href":"https:\/\/quehacerpolitico.mx\/index.php?rest_route=\/"}],"wp:attachment":[{"href":"https:\/\/quehacerpolitico.mx\/index.php?rest_route=%2Fwp%2Fv2%2Fmedia&parent=2430"}],"wp:term":[{"taxonomy":"category","embeddable":true,"href":"https:\/\/quehacerpolitico.mx\/index.php?rest_route=%2Fwp%2Fv2%2Fcategories&post=2430"},{"taxonomy":"post_tag","embeddable":true,"href":"https:\/\/quehacerpolitico.mx\/index.php?rest_route=%2Fwp%2Fv2%2Ftags&post=2430"}],"curies":[{"name":"wp","href":"https:\/\/api.w.org\/{rel}","templated":true}]}}