{"id":24177,"date":"2019-04-24T17:29:32","date_gmt":"2019-04-24T17:29:32","guid":{"rendered":"http:\/\/quehacerpolitico.mx\/voces-del-periodista-desde-filomeno-mata-8-mouris-salloum-george-donald-trump-retorna-a-la-edad-del-orangutan-2\/"},"modified":"2019-04-24T17:29:32","modified_gmt":"2019-04-24T17:29:32","slug":"voces-del-periodista-desde-filomeno-mata-8-mouris-salloum-george-donald-trump-retorna-a-la-edad-del-orangutan-2","status":"publish","type":"post","link":"https:\/\/quehacerpolitico.mx\/?p=24177","title":{"rendered":"Voces del Periodista Desde Filomeno Mata 8\/\/\/Mouris Salloum George\/\/\/Donald Trump retorna a la edad del orangut\u00e1n"},"content":{"rendered":"<h1 class=\"entry-title penci-entry-title penci-title-\">Donald Trump retorna a la edad del orangut\u00e1n<\/h1>\n<p>Por Mouris Salloum George<br \/>Director General del Club de Periodistas de M\u00e9xico AC<\/p>\n<p>Siempre queda el riesgo de retornar a <strong><em>edad del orangut\u00e1n<\/em><\/strong>. De una corrida o por tramos. <strong>Donald Trump <\/strong>decidi\u00f3 darle 60 vueltas al rev\u00e9s al calendario de la Historia: Se remiti\u00f3 a 1959, a\u00f1o en que Washington decret\u00f3 el <strong>embargo econ\u00f3mico<\/strong> a Cuba.<\/p>\n<p>El espantajo esgrimido por el <strong>troglodita anaranjado <\/strong>es la Ley <strong><em>Libertad cubana y solidaridad democr\u00e1tica<\/em><\/strong>, mascarada que encubre el pretendido \u201cderecho\u201d de los gringos a poseer <strong>propiedades<\/strong>, ah\u00ed donde se le pegue su regalada gana.<\/p>\n<p>En 1997 a\u00f1os, esa <strong><em>ley del m\u00e1s fuerte <\/em><\/strong>fue apenas resistida por la Uni\u00f3n Europea. Hoy, seg\u00fan versi\u00f3n de <strong><em>BBC<\/em><\/strong>, algunos gobiernos europeos colegiados estar\u00edan dispuestos a apelar a paneles de la Organizaci\u00f3n Mundial de Comercio, defendiendo su derecho al libre intercambio comercial con la Isla.<\/p>\n<p>La iniciativa recuperada por Trump es obra de los senadores republicanos <strong>Jesse Helms <\/strong>y <strong>Dan Burton <\/strong>celosos guardianes protectores de la <strong><em>gusanera <\/em><\/strong>cubana de Miami, Florida, harta \u00e9sta de sus fracasos en sus intentos de asesinato de <strong>Fidel Castro <\/strong>y sus frustradas tentativas de invasi\u00f3n armada a Cuba.<\/p>\n<p>De que la perra es brava y <strong><em>hasta los de casa muerde <\/em><\/strong>lo prueba Trump, cuyas sanciones amenazan, primero, a sus propios connacionales que aprovecharon la falta de ejecuci\u00f3n de la ley Helms-Burton durante 23 a\u00f1os y hab\u00edan incrementado sus negocios en Cuba al amparo del <em>deshielo <\/em>que negociaron Barack Obama y Ra\u00fal Castro, operaci\u00f3n en la que la hizo de amable componedor el papa Francisco <a href=\"https:\/\/nalgasylibros.com\/a-eiza-gonzalez-le-importa-cero-que-la-critiquen-por-operada-esta-buenisima\/\">nal gasy libros gonzalez<\/a>.<\/p>\n<p>Helms y Burton no son desconocidos en M\u00e9xico. Su hostilidad a nuestro fue manifiesta en las reuniones parlamentarias M\u00e9xico-Estados Unidos.<\/p>\n<p>Helms, que odiaba a los l\u00edderes revolucionarios cubanos, era en cambio <em>amigocho <\/em>del dictador filipino <strong>Ferdinand Marcos<\/strong>, en cuya defensa se pronunci\u00f3 cuando la Casa Blanca allan\u00f3 su derrocamiento hace 40 a\u00f1os.<\/p>\n<p><strong>Helm, amoroso partidario de la ultraderecha mexicana<\/strong><\/p>\n<p>Como dato cultural, vale recordar que Jesse Helms fue anfitri\u00f3n de <strong>la ultraderecha mexicana<\/strong> cuando \u00e9sta se present\u00f3 a El Capitolio a reclamar respaldo pol\u00edtico y financiero para <em>tumbar <\/em>al gobierno priista en la d\u00e9cada de los ochenta.<\/p>\n<p>Hay expectaci\u00f3n sobre la reacci\u00f3n de la diplomacia mexicana, que no ha declinado hasta ahora en su solidaridad con Cuba, salvo en la ocasi\u00f3n en que Fox emplaz\u00f3 a Fidel Castro: \u00a1<strong>Comes y te vas<\/strong>!<\/p>\n","protected":false},"excerpt":{"rendered":"<p>Donald Trump retorna a la edad del orangut\u00e1n<br \/>\nPor Mouris Salloum George<br \/>\nDirector General del Club de Periodistas de M\u00e9xico AC<\/p>\n","protected":false},"author":2,"featured_media":24176,"comment_status":"open","ping_status":"open","sticky":false,"template":"","format":"standard","meta":{"_monsterinsights_skip_tracking":false,"_monsterinsights_sitenote_active":false,"_monsterinsights_sitenote_note":"","_monsterinsights_sitenote_category":0,"footnotes":""},"categories":[2],"tags":[],"class_list":["post-24177","post","type-post","status-publish","format-standard","has-post-thumbnail","hentry","category-noticias"],"yoast_head":"<!-- This site is optimized with the Yoast SEO plugin v27.3 - https:\/\/yoast.com\/product\/yoast-seo-wordpress\/ -->\n<title>Voces del Periodista Desde Filomeno Mata 8\/\/\/Mouris Salloum George\/\/\/Donald Trump retorna a la edad del orangut\u00e1n -<\/title>\n<meta name=\"robots\" content=\"index, follow, max-snippet:-1, max-image-preview:large, max-video-preview:-1\" \/>\n<link rel=\"canonical\" href=\"https:\/\/quehacerpolitico.mx\/?p=24177\" \/>\n<meta property=\"og:locale\" content=\"es_MX\" \/>\n<meta property=\"og:type\" content=\"article\" \/>\n<meta property=\"og:title\" content=\"Voces del Periodista Desde Filomeno Mata 8\/\/\/Mouris Salloum George\/\/\/Donald Trump retorna a la edad del orangut\u00e1n -\" \/>\n<meta property=\"og:description\" content=\"Donald Trump retorna a la edad del orangut\u00e1n Por Mouris Salloum George Director General del Club de Periodistas de M\u00e9xico AC\" \/>\n<meta property=\"og:url\" content=\"https:\/\/quehacerpolitico.mx\/?p=24177\" \/>\n<meta property=\"article:published_time\" content=\"2019-04-24T17:29:32+00:00\" \/>\n<meta name=\"author\" content=\"Redacci\u00f3n QP\" \/>\n<meta name=\"twitter:card\" content=\"summary_large_image\" \/>\n<meta name=\"twitter:label1\" content=\"Escrito por\" \/>\n\t<meta name=\"twitter:data1\" content=\"Redacci\u00f3n QP\" \/>\n\t<meta name=\"twitter:label2\" content=\"Tiempo de lectura\" \/>\n\t<meta name=\"twitter:data2\" content=\"2 minutos\" \/>\n<script type=\"application\/ld+json\" class=\"yoast-schema-graph\">{\"@context\":\"https:\\\/\\\/schema.org\",\"@graph\":[{\"@type\":\"Article\",\"@id\":\"https:\\\/\\\/quehacerpolitico.mx\\\/?p=24177#article\",\"isPartOf\":{\"@id\":\"https:\\\/\\\/quehacerpolitico.mx\\\/?p=24177\"},\"author\":{\"name\":\"Redacci\u00f3n QP\",\"@id\":\"https:\\\/\\\/quehacerpolitico.mx\\\/#\\\/schema\\\/person\\\/496d8ad2d1d3f8036101dca7ee39e585\"},\"headline\":\"Voces del Periodista Desde Filomeno Mata 8\\\/\\\/\\\/Mouris Salloum George\\\/\\\/\\\/Donald Trump retorna a la edad del orangut\u00e1n\",\"datePublished\":\"2019-04-24T17:29:32+00:00\",\"mainEntityOfPage\":{\"@id\":\"https:\\\/\\\/quehacerpolitico.mx\\\/?p=24177\"},\"wordCount\":437,\"commentCount\":0,\"image\":{\"@id\":\"https:\\\/\\\/quehacerpolitico.mx\\\/?p=24177#primaryimage\"},\"thumbnailUrl\":\"\",\"articleSection\":[\"Noticias\"],\"inLanguage\":\"es\",\"potentialAction\":[{\"@type\":\"CommentAction\",\"name\":\"Comment\",\"target\":[\"https:\\\/\\\/quehacerpolitico.mx\\\/?p=24177#respond\"]}]},{\"@type\":\"WebPage\",\"@id\":\"https:\\\/\\\/quehacerpolitico.mx\\\/?p=24177\",\"url\":\"https:\\\/\\\/quehacerpolitico.mx\\\/?p=24177\",\"name\":\"Voces del Periodista Desde Filomeno Mata 8\\\/\\\/\\\/Mouris Salloum George\\\/\\\/\\\/Donald Trump retorna a la edad del orangut\u00e1n -\",\"isPartOf\":{\"@id\":\"https:\\\/\\\/quehacerpolitico.mx\\\/#website\"},\"primaryImageOfPage\":{\"@id\":\"https:\\\/\\\/quehacerpolitico.mx\\\/?p=24177#primaryimage\"},\"image\":{\"@id\":\"https:\\\/\\\/quehacerpolitico.mx\\\/?p=24177#primaryimage\"},\"thumbnailUrl\":\"\",\"datePublished\":\"2019-04-24T17:29:32+00:00\",\"author\":{\"@id\":\"https:\\\/\\\/quehacerpolitico.mx\\\/#\\\/schema\\\/person\\\/496d8ad2d1d3f8036101dca7ee39e585\"},\"breadcrumb\":{\"@id\":\"https:\\\/\\\/quehacerpolitico.mx\\\/?p=24177#breadcrumb\"},\"inLanguage\":\"es\",\"potentialAction\":[{\"@type\":\"ReadAction\",\"target\":[\"https:\\\/\\\/quehacerpolitico.mx\\\/?p=24177\"]}]},{\"@type\":\"ImageObject\",\"inLanguage\":\"es\",\"@id\":\"https:\\\/\\\/quehacerpolitico.mx\\\/?p=24177#primaryimage\",\"url\":\"\",\"contentUrl\":\"\"},{\"@type\":\"BreadcrumbList\",\"@id\":\"https:\\\/\\\/quehacerpolitico.mx\\\/?p=24177#breadcrumb\",\"itemListElement\":[{\"@type\":\"ListItem\",\"position\":1,\"name\":\"Inicio\",\"item\":\"https:\\\/\\\/quehacerpolitico.mx\\\/\"},{\"@type\":\"ListItem\",\"position\":2,\"name\":\"Voces del Periodista Desde Filomeno Mata 8\\\/\\\/\\\/Mouris Salloum George\\\/\\\/\\\/Donald Trump retorna a la edad del orangut\u00e1n\"}]},{\"@type\":\"WebSite\",\"@id\":\"https:\\\/\\\/quehacerpolitico.mx\\\/#website\",\"url\":\"https:\\\/\\\/quehacerpolitico.mx\\\/\",\"name\":\"\",\"description\":\"\",\"potentialAction\":[{\"@type\":\"SearchAction\",\"target\":{\"@type\":\"EntryPoint\",\"urlTemplate\":\"https:\\\/\\\/quehacerpolitico.mx\\\/?s={search_term_string}\"},\"query-input\":{\"@type\":\"PropertyValueSpecification\",\"valueRequired\":true,\"valueName\":\"search_term_string\"}}],\"inLanguage\":\"es\"},{\"@type\":\"Person\",\"@id\":\"https:\\\/\\\/quehacerpolitico.mx\\\/#\\\/schema\\\/person\\\/496d8ad2d1d3f8036101dca7ee39e585\",\"name\":\"Redacci\u00f3n QP\",\"image\":{\"@type\":\"ImageObject\",\"inLanguage\":\"es\",\"@id\":\"https:\\\/\\\/secure.gravatar.com\\\/avatar\\\/c7164ed6fdec453195284ad24a5ae5b6e1eed2b848477fa2a4787ba9adf39a41?s=96&d=mm&r=g\",\"url\":\"https:\\\/\\\/secure.gravatar.com\\\/avatar\\\/c7164ed6fdec453195284ad24a5ae5b6e1eed2b848477fa2a4787ba9adf39a41?s=96&d=mm&r=g\",\"contentUrl\":\"https:\\\/\\\/secure.gravatar.com\\\/avatar\\\/c7164ed6fdec453195284ad24a5ae5b6e1eed2b848477fa2a4787ba9adf39a41?s=96&d=mm&r=g\",\"caption\":\"Redacci\u00f3n QP\"},\"url\":\"https:\\\/\\\/quehacerpolitico.mx\\\/?author=2\"}]}<\/script>\n<!-- \/ Yoast SEO plugin. -->","yoast_head_json":{"title":"Voces del Periodista Desde Filomeno Mata 8\/\/\/Mouris Salloum George\/\/\/Donald Trump retorna a la edad del orangut\u00e1n -","robots":{"index":"index","follow":"follow","max-snippet":"max-snippet:-1","max-image-preview":"max-image-preview:large","max-video-preview":"max-video-preview:-1"},"canonical":"https:\/\/quehacerpolitico.mx\/?p=24177","og_locale":"es_MX","og_type":"article","og_title":"Voces del Periodista Desde Filomeno Mata 8\/\/\/Mouris Salloum George\/\/\/Donald Trump retorna a la edad del orangut\u00e1n -","og_description":"Donald Trump retorna a la edad del orangut\u00e1n Por Mouris Salloum George Director General del Club de Periodistas de M\u00e9xico AC","og_url":"https:\/\/quehacerpolitico.mx\/?p=24177","article_published_time":"2019-04-24T17:29:32+00:00","author":"Redacci\u00f3n QP","twitter_card":"summary_large_image","twitter_misc":{"Escrito por":"Redacci\u00f3n QP","Tiempo de lectura":"2 minutos"},"schema":{"@context":"https:\/\/schema.org","@graph":[{"@type":"Article","@id":"https:\/\/quehacerpolitico.mx\/?p=24177#article","isPartOf":{"@id":"https:\/\/quehacerpolitico.mx\/?p=24177"},"author":{"name":"Redacci\u00f3n QP","@id":"https:\/\/quehacerpolitico.mx\/#\/schema\/person\/496d8ad2d1d3f8036101dca7ee39e585"},"headline":"Voces del Periodista Desde Filomeno Mata 8\/\/\/Mouris Salloum George\/\/\/Donald Trump retorna a la edad del orangut\u00e1n","datePublished":"2019-04-24T17:29:32+00:00","mainEntityOfPage":{"@id":"https:\/\/quehacerpolitico.mx\/?p=24177"},"wordCount":437,"commentCount":0,"image":{"@id":"https:\/\/quehacerpolitico.mx\/?p=24177#primaryimage"},"thumbnailUrl":"","articleSection":["Noticias"],"inLanguage":"es","potentialAction":[{"@type":"CommentAction","name":"Comment","target":["https:\/\/quehacerpolitico.mx\/?p=24177#respond"]}]},{"@type":"WebPage","@id":"https:\/\/quehacerpolitico.mx\/?p=24177","url":"https:\/\/quehacerpolitico.mx\/?p=24177","name":"Voces del Periodista Desde Filomeno Mata 8\/\/\/Mouris Salloum George\/\/\/Donald Trump retorna a la edad del orangut\u00e1n -","isPartOf":{"@id":"https:\/\/quehacerpolitico.mx\/#website"},"primaryImageOfPage":{"@id":"https:\/\/quehacerpolitico.mx\/?p=24177#primaryimage"},"image":{"@id":"https:\/\/quehacerpolitico.mx\/?p=24177#primaryimage"},"thumbnailUrl":"","datePublished":"2019-04-24T17:29:32+00:00","author":{"@id":"https:\/\/quehacerpolitico.mx\/#\/schema\/person\/496d8ad2d1d3f8036101dca7ee39e585"},"breadcrumb":{"@id":"https:\/\/quehacerpolitico.mx\/?p=24177#breadcrumb"},"inLanguage":"es","potentialAction":[{"@type":"ReadAction","target":["https:\/\/quehacerpolitico.mx\/?p=24177"]}]},{"@type":"ImageObject","inLanguage":"es","@id":"https:\/\/quehacerpolitico.mx\/?p=24177#primaryimage","url":"","contentUrl":""},{"@type":"BreadcrumbList","@id":"https:\/\/quehacerpolitico.mx\/?p=24177#breadcrumb","itemListElement":[{"@type":"ListItem","position":1,"name":"Inicio","item":"https:\/\/quehacerpolitico.mx\/"},{"@type":"ListItem","position":2,"name":"Voces del Periodista Desde Filomeno Mata 8\/\/\/Mouris Salloum George\/\/\/Donald Trump retorna a la edad del orangut\u00e1n"}]},{"@type":"WebSite","@id":"https:\/\/quehacerpolitico.mx\/#website","url":"https:\/\/quehacerpolitico.mx\/","name":"","description":"","potentialAction":[{"@type":"SearchAction","target":{"@type":"EntryPoint","urlTemplate":"https:\/\/quehacerpolitico.mx\/?s={search_term_string}"},"query-input":{"@type":"PropertyValueSpecification","valueRequired":true,"valueName":"search_term_string"}}],"inLanguage":"es"},{"@type":"Person","@id":"https:\/\/quehacerpolitico.mx\/#\/schema\/person\/496d8ad2d1d3f8036101dca7ee39e585","name":"Redacci\u00f3n QP","image":{"@type":"ImageObject","inLanguage":"es","@id":"https:\/\/secure.gravatar.com\/avatar\/c7164ed6fdec453195284ad24a5ae5b6e1eed2b848477fa2a4787ba9adf39a41?s=96&d=mm&r=g","url":"https:\/\/secure.gravatar.com\/avatar\/c7164ed6fdec453195284ad24a5ae5b6e1eed2b848477fa2a4787ba9adf39a41?s=96&d=mm&r=g","contentUrl":"https:\/\/secure.gravatar.com\/avatar\/c7164ed6fdec453195284ad24a5ae5b6e1eed2b848477fa2a4787ba9adf39a41?s=96&d=mm&r=g","caption":"Redacci\u00f3n QP"},"url":"https:\/\/quehacerpolitico.mx\/?author=2"}]}},"featured_image_urls":{"full":"","thumbnail":"","medium":"","medium_large":"","large":"","1536x1536":"","2048x2048":"","covernews-featured":"","covernews-medium":""},"author_info":{"display_name":"Redacci\u00f3n QP","author_link":"https:\/\/quehacerpolitico.mx\/?author=2"},"category_info":"<a href=\"https:\/\/quehacerpolitico.mx\/?cat=2\" rel=\"category\">Noticias<\/a>","tag_info":"Noticias","comment_count":"0","_links":{"self":[{"href":"https:\/\/quehacerpolitico.mx\/index.php?rest_route=\/wp\/v2\/posts\/24177","targetHints":{"allow":["GET"]}}],"collection":[{"href":"https:\/\/quehacerpolitico.mx\/index.php?rest_route=\/wp\/v2\/posts"}],"about":[{"href":"https:\/\/quehacerpolitico.mx\/index.php?rest_route=\/wp\/v2\/types\/post"}],"author":[{"embeddable":true,"href":"https:\/\/quehacerpolitico.mx\/index.php?rest_route=\/wp\/v2\/users\/2"}],"replies":[{"embeddable":true,"href":"https:\/\/quehacerpolitico.mx\/index.php?rest_route=%2Fwp%2Fv2%2Fcomments&post=24177"}],"version-history":[{"count":0,"href":"https:\/\/quehacerpolitico.mx\/index.php?rest_route=\/wp\/v2\/posts\/24177\/revisions"}],"wp:featuredmedia":[{"embeddable":true,"href":"https:\/\/quehacerpolitico.mx\/index.php?rest_route=\/"}],"wp:attachment":[{"href":"https:\/\/quehacerpolitico.mx\/index.php?rest_route=%2Fwp%2Fv2%2Fmedia&parent=24177"}],"wp:term":[{"taxonomy":"category","embeddable":true,"href":"https:\/\/quehacerpolitico.mx\/index.php?rest_route=%2Fwp%2Fv2%2Fcategories&post=24177"},{"taxonomy":"post_tag","embeddable":true,"href":"https:\/\/quehacerpolitico.mx\/index.php?rest_route=%2Fwp%2Fv2%2Ftags&post=24177"}],"curies":[{"name":"wp","href":"https:\/\/api.w.org\/{rel}","templated":true}]}}