{"id":24174,"date":"2019-04-24T17:21:29","date_gmt":"2019-04-24T17:21:29","guid":{"rendered":"http:\/\/quehacerpolitico.mx\/continua-afectada-la-circulacion-en-inmediaciones-de-camara-de-diputados\/"},"modified":"2019-04-24T17:21:29","modified_gmt":"2019-04-24T17:21:29","slug":"continua-afectada-la-circulacion-en-inmediaciones-de-camara-de-diputados","status":"publish","type":"post","link":"https:\/\/quehacerpolitico.mx\/?p=24174","title":{"rendered":"Contin\u00faa afectada la circulaci\u00f3n en inmediaciones de C\u00e1mara de Diputados"},"content":{"rendered":"<p>Contin\u00faa afectada la circulaci\u00f3n en inmediaciones de C\u00e1mara de Diputados<\/p>\n<p>Por Redacci\u00f3n QP<\/p>\n<p>La circulaci\u00f3n vehicular en las inmediaciones de la C\u00e1mara de Diputados contin\u00faa afectada, debido a la presencia de\u00a0integrantes de la Coordinadora Nacional de Trabajadores de la Educaci\u00f3n (CNTE).<\/p>\n<p>Tras el anuncio de que este mi\u00e9rcoles se prev\u00e9 discutir en el pleno camaral el dictamen de abrogaci\u00f3n de la reforma educativa, los maestros realizan circuitos en calles aleda\u00f1as al Palacio Legislativo de San L\u00e1zaro.<\/p>\n<p>En la @OVIALCDMX de Twitter, el Centro de Informaci\u00f3n Vial de la Secretar\u00eda de Seguridad Ciudadana local, sugiri\u00f3 a los automovilistas tomar como v\u00edas alternas Eje 1 Oriente, H\u00e9roe de Nacozari, Calzada Ignacio Zaragoza y Fray Servando T. de Mier.<\/p>\n<p>Con Informaci\u00f3n de NTX<\/p>\n<blockquote class=\"twitter-tweet\" data-width=\"550\" data-dnt=\"true\">\n<p lang=\"es\" dir=\"ltr\">12:11 <a href=\"https:\/\/twitter.com\/hashtag\/Precauci%C3%B3nVial?src=hash&amp;ref_src=twsrc%5Etfw\">#Precauci\u00f3nVial<\/a> contin\u00faa concentraci\u00f3n de manifestantes en la <a href=\"https:\/\/twitter.com\/hashtag\/Cam%C3%A1raDeDiputados?src=hash&amp;ref_src=twsrc%5Etfw\">#Cam\u00e1raDeDiputados<\/a>. Consulte aqu\u00ed <a href=\"https:\/\/twitter.com\/hashtag\/AlternativaVial?src=hash&amp;ref_src=twsrc%5Etfw\">#AlternativaVial<\/a> <a href=\"https:\/\/twitter.com\/NoticiasImagen?ref_src=twsrc%5Etfw\">@NoticiasImagen<\/a> <a href=\"https:\/\/twitter.com\/franciscozea?ref_src=twsrc%5Etfw\">@franciscozea<\/a> <a href=\"https:\/\/twitter.com\/averven?ref_src=twsrc%5Etfw\">@averven<\/a> <a href=\"https:\/\/twitter.com\/nacholozano?ref_src=twsrc%5Etfw\">@nacholozano<\/a> . <a href=\"https:\/\/t.co\/UsxqzZMp0p\">pic.twitter.com\/UsxqzZMp0p<\/a><\/p>\n<p>&mdash; OVIAL_SSCCDMX (@OVIALCDMX) <a href=\"https:\/\/twitter.com\/OVIALCDMX\/status\/1121099797446836224?ref_src=twsrc%5Etfw\">April 24, 2019<\/a><\/p><\/blockquote>\n<p><script async src=\"https:\/\/platform.twitter.com\/widgets.js\" charset=\"utf-8\"><\/script><\/p>\n","protected":false},"excerpt":{"rendered":"<p>Contin\u00faa afectada la circulaci\u00f3n en inmediaciones de C\u00e1mara de Diputados<br \/>\nPor Redacci\u00f3n QP<\/p>\n","protected":false},"author":2,"featured_media":24173,"comment_status":"open","ping_status":"open","sticky":false,"template":"","format":"standard","meta":{"_monsterinsights_skip_tracking":false,"_monsterinsights_sitenote_active":false,"_monsterinsights_sitenote_note":"","_monsterinsights_sitenote_category":0,"footnotes":""},"categories":[55],"tags":[],"class_list":["post-24174","post","type-post","status-publish","format-standard","has-post-thumbnail","hentry","category-cdmx"],"yoast_head":"<!-- This site is optimized with the Yoast SEO plugin v27.3 - https:\/\/yoast.com\/product\/yoast-seo-wordpress\/ -->\n<title>Contin\u00faa afectada la circulaci\u00f3n en inmediaciones de C\u00e1mara de Diputados -<\/title>\n<meta name=\"robots\" content=\"index, follow, max-snippet:-1, max-image-preview:large, max-video-preview:-1\" \/>\n<link rel=\"canonical\" href=\"https:\/\/quehacerpolitico.mx\/?p=24174\" \/>\n<meta property=\"og:locale\" content=\"es_MX\" \/>\n<meta property=\"og:type\" content=\"article\" \/>\n<meta property=\"og:title\" content=\"Contin\u00faa afectada la circulaci\u00f3n en inmediaciones de C\u00e1mara de Diputados -\" \/>\n<meta property=\"og:description\" content=\"Contin\u00faa afectada la circulaci\u00f3n en inmediaciones de C\u00e1mara de Diputados Por Redacci\u00f3n QP\" \/>\n<meta property=\"og:url\" content=\"https:\/\/quehacerpolitico.mx\/?p=24174\" \/>\n<meta property=\"article:published_time\" content=\"2019-04-24T17:21:29+00:00\" \/>\n<meta name=\"author\" content=\"Redacci\u00f3n QP\" \/>\n<meta name=\"twitter:card\" content=\"summary_large_image\" \/>\n<meta name=\"twitter:label1\" content=\"Escrito por\" \/>\n\t<meta name=\"twitter:data1\" content=\"Redacci\u00f3n QP\" \/>\n\t<meta name=\"twitter:label2\" content=\"Tiempo de lectura\" \/>\n\t<meta name=\"twitter:data2\" content=\"1 minuto\" \/>\n<script type=\"application\/ld+json\" class=\"yoast-schema-graph\">{\"@context\":\"https:\\\/\\\/schema.org\",\"@graph\":[{\"@type\":\"Article\",\"@id\":\"https:\\\/\\\/quehacerpolitico.mx\\\/?p=24174#article\",\"isPartOf\":{\"@id\":\"https:\\\/\\\/quehacerpolitico.mx\\\/?p=24174\"},\"author\":{\"name\":\"Redacci\u00f3n QP\",\"@id\":\"https:\\\/\\\/quehacerpolitico.mx\\\/#\\\/schema\\\/person\\\/496d8ad2d1d3f8036101dca7ee39e585\"},\"headline\":\"Contin\u00faa afectada la circulaci\u00f3n en inmediaciones de C\u00e1mara de Diputados\",\"datePublished\":\"2019-04-24T17:21:29+00:00\",\"mainEntityOfPage\":{\"@id\":\"https:\\\/\\\/quehacerpolitico.mx\\\/?p=24174\"},\"wordCount\":156,\"commentCount\":0,\"image\":{\"@id\":\"https:\\\/\\\/quehacerpolitico.mx\\\/?p=24174#primaryimage\"},\"thumbnailUrl\":\"\",\"articleSection\":[\"CDMX\"],\"inLanguage\":\"es\",\"potentialAction\":[{\"@type\":\"CommentAction\",\"name\":\"Comment\",\"target\":[\"https:\\\/\\\/quehacerpolitico.mx\\\/?p=24174#respond\"]}]},{\"@type\":\"WebPage\",\"@id\":\"https:\\\/\\\/quehacerpolitico.mx\\\/?p=24174\",\"url\":\"https:\\\/\\\/quehacerpolitico.mx\\\/?p=24174\",\"name\":\"Contin\u00faa afectada la circulaci\u00f3n en inmediaciones de C\u00e1mara de Diputados -\",\"isPartOf\":{\"@id\":\"https:\\\/\\\/quehacerpolitico.mx\\\/#website\"},\"primaryImageOfPage\":{\"@id\":\"https:\\\/\\\/quehacerpolitico.mx\\\/?p=24174#primaryimage\"},\"image\":{\"@id\":\"https:\\\/\\\/quehacerpolitico.mx\\\/?p=24174#primaryimage\"},\"thumbnailUrl\":\"\",\"datePublished\":\"2019-04-24T17:21:29+00:00\",\"author\":{\"@id\":\"https:\\\/\\\/quehacerpolitico.mx\\\/#\\\/schema\\\/person\\\/496d8ad2d1d3f8036101dca7ee39e585\"},\"breadcrumb\":{\"@id\":\"https:\\\/\\\/quehacerpolitico.mx\\\/?p=24174#breadcrumb\"},\"inLanguage\":\"es\",\"potentialAction\":[{\"@type\":\"ReadAction\",\"target\":[\"https:\\\/\\\/quehacerpolitico.mx\\\/?p=24174\"]}]},{\"@type\":\"ImageObject\",\"inLanguage\":\"es\",\"@id\":\"https:\\\/\\\/quehacerpolitico.mx\\\/?p=24174#primaryimage\",\"url\":\"\",\"contentUrl\":\"\"},{\"@type\":\"BreadcrumbList\",\"@id\":\"https:\\\/\\\/quehacerpolitico.mx\\\/?p=24174#breadcrumb\",\"itemListElement\":[{\"@type\":\"ListItem\",\"position\":1,\"name\":\"Inicio\",\"item\":\"https:\\\/\\\/quehacerpolitico.mx\\\/\"},{\"@type\":\"ListItem\",\"position\":2,\"name\":\"Contin\u00faa afectada la circulaci\u00f3n en inmediaciones de C\u00e1mara de Diputados\"}]},{\"@type\":\"WebSite\",\"@id\":\"https:\\\/\\\/quehacerpolitico.mx\\\/#website\",\"url\":\"https:\\\/\\\/quehacerpolitico.mx\\\/\",\"name\":\"\",\"description\":\"\",\"potentialAction\":[{\"@type\":\"SearchAction\",\"target\":{\"@type\":\"EntryPoint\",\"urlTemplate\":\"https:\\\/\\\/quehacerpolitico.mx\\\/?s={search_term_string}\"},\"query-input\":{\"@type\":\"PropertyValueSpecification\",\"valueRequired\":true,\"valueName\":\"search_term_string\"}}],\"inLanguage\":\"es\"},{\"@type\":\"Person\",\"@id\":\"https:\\\/\\\/quehacerpolitico.mx\\\/#\\\/schema\\\/person\\\/496d8ad2d1d3f8036101dca7ee39e585\",\"name\":\"Redacci\u00f3n QP\",\"image\":{\"@type\":\"ImageObject\",\"inLanguage\":\"es\",\"@id\":\"https:\\\/\\\/secure.gravatar.com\\\/avatar\\\/c7164ed6fdec453195284ad24a5ae5b6e1eed2b848477fa2a4787ba9adf39a41?s=96&d=mm&r=g\",\"url\":\"https:\\\/\\\/secure.gravatar.com\\\/avatar\\\/c7164ed6fdec453195284ad24a5ae5b6e1eed2b848477fa2a4787ba9adf39a41?s=96&d=mm&r=g\",\"contentUrl\":\"https:\\\/\\\/secure.gravatar.com\\\/avatar\\\/c7164ed6fdec453195284ad24a5ae5b6e1eed2b848477fa2a4787ba9adf39a41?s=96&d=mm&r=g\",\"caption\":\"Redacci\u00f3n QP\"},\"url\":\"https:\\\/\\\/quehacerpolitico.mx\\\/?author=2\"}]}<\/script>\n<!-- \/ Yoast SEO plugin. -->","yoast_head_json":{"title":"Contin\u00faa afectada la circulaci\u00f3n en inmediaciones de C\u00e1mara de Diputados -","robots":{"index":"index","follow":"follow","max-snippet":"max-snippet:-1","max-image-preview":"max-image-preview:large","max-video-preview":"max-video-preview:-1"},"canonical":"https:\/\/quehacerpolitico.mx\/?p=24174","og_locale":"es_MX","og_type":"article","og_title":"Contin\u00faa afectada la circulaci\u00f3n en inmediaciones de C\u00e1mara de Diputados -","og_description":"Contin\u00faa afectada la circulaci\u00f3n en inmediaciones de C\u00e1mara de Diputados Por Redacci\u00f3n QP","og_url":"https:\/\/quehacerpolitico.mx\/?p=24174","article_published_time":"2019-04-24T17:21:29+00:00","author":"Redacci\u00f3n QP","twitter_card":"summary_large_image","twitter_misc":{"Escrito por":"Redacci\u00f3n QP","Tiempo de lectura":"1 minuto"},"schema":{"@context":"https:\/\/schema.org","@graph":[{"@type":"Article","@id":"https:\/\/quehacerpolitico.mx\/?p=24174#article","isPartOf":{"@id":"https:\/\/quehacerpolitico.mx\/?p=24174"},"author":{"name":"Redacci\u00f3n QP","@id":"https:\/\/quehacerpolitico.mx\/#\/schema\/person\/496d8ad2d1d3f8036101dca7ee39e585"},"headline":"Contin\u00faa afectada la circulaci\u00f3n en inmediaciones de C\u00e1mara de Diputados","datePublished":"2019-04-24T17:21:29+00:00","mainEntityOfPage":{"@id":"https:\/\/quehacerpolitico.mx\/?p=24174"},"wordCount":156,"commentCount":0,"image":{"@id":"https:\/\/quehacerpolitico.mx\/?p=24174#primaryimage"},"thumbnailUrl":"","articleSection":["CDMX"],"inLanguage":"es","potentialAction":[{"@type":"CommentAction","name":"Comment","target":["https:\/\/quehacerpolitico.mx\/?p=24174#respond"]}]},{"@type":"WebPage","@id":"https:\/\/quehacerpolitico.mx\/?p=24174","url":"https:\/\/quehacerpolitico.mx\/?p=24174","name":"Contin\u00faa afectada la circulaci\u00f3n en inmediaciones de C\u00e1mara de Diputados -","isPartOf":{"@id":"https:\/\/quehacerpolitico.mx\/#website"},"primaryImageOfPage":{"@id":"https:\/\/quehacerpolitico.mx\/?p=24174#primaryimage"},"image":{"@id":"https:\/\/quehacerpolitico.mx\/?p=24174#primaryimage"},"thumbnailUrl":"","datePublished":"2019-04-24T17:21:29+00:00","author":{"@id":"https:\/\/quehacerpolitico.mx\/#\/schema\/person\/496d8ad2d1d3f8036101dca7ee39e585"},"breadcrumb":{"@id":"https:\/\/quehacerpolitico.mx\/?p=24174#breadcrumb"},"inLanguage":"es","potentialAction":[{"@type":"ReadAction","target":["https:\/\/quehacerpolitico.mx\/?p=24174"]}]},{"@type":"ImageObject","inLanguage":"es","@id":"https:\/\/quehacerpolitico.mx\/?p=24174#primaryimage","url":"","contentUrl":""},{"@type":"BreadcrumbList","@id":"https:\/\/quehacerpolitico.mx\/?p=24174#breadcrumb","itemListElement":[{"@type":"ListItem","position":1,"name":"Inicio","item":"https:\/\/quehacerpolitico.mx\/"},{"@type":"ListItem","position":2,"name":"Contin\u00faa afectada la circulaci\u00f3n en inmediaciones de C\u00e1mara de Diputados"}]},{"@type":"WebSite","@id":"https:\/\/quehacerpolitico.mx\/#website","url":"https:\/\/quehacerpolitico.mx\/","name":"","description":"","potentialAction":[{"@type":"SearchAction","target":{"@type":"EntryPoint","urlTemplate":"https:\/\/quehacerpolitico.mx\/?s={search_term_string}"},"query-input":{"@type":"PropertyValueSpecification","valueRequired":true,"valueName":"search_term_string"}}],"inLanguage":"es"},{"@type":"Person","@id":"https:\/\/quehacerpolitico.mx\/#\/schema\/person\/496d8ad2d1d3f8036101dca7ee39e585","name":"Redacci\u00f3n QP","image":{"@type":"ImageObject","inLanguage":"es","@id":"https:\/\/secure.gravatar.com\/avatar\/c7164ed6fdec453195284ad24a5ae5b6e1eed2b848477fa2a4787ba9adf39a41?s=96&d=mm&r=g","url":"https:\/\/secure.gravatar.com\/avatar\/c7164ed6fdec453195284ad24a5ae5b6e1eed2b848477fa2a4787ba9adf39a41?s=96&d=mm&r=g","contentUrl":"https:\/\/secure.gravatar.com\/avatar\/c7164ed6fdec453195284ad24a5ae5b6e1eed2b848477fa2a4787ba9adf39a41?s=96&d=mm&r=g","caption":"Redacci\u00f3n QP"},"url":"https:\/\/quehacerpolitico.mx\/?author=2"}]}},"featured_image_urls":{"full":"","thumbnail":"","medium":"","medium_large":"","large":"","1536x1536":"","2048x2048":"","covernews-featured":"","covernews-medium":""},"author_info":{"display_name":"Redacci\u00f3n QP","author_link":"https:\/\/quehacerpolitico.mx\/?author=2"},"category_info":"<a href=\"https:\/\/quehacerpolitico.mx\/?cat=55\" rel=\"category\">CDMX<\/a>","tag_info":"CDMX","comment_count":"0","_links":{"self":[{"href":"https:\/\/quehacerpolitico.mx\/index.php?rest_route=\/wp\/v2\/posts\/24174","targetHints":{"allow":["GET"]}}],"collection":[{"href":"https:\/\/quehacerpolitico.mx\/index.php?rest_route=\/wp\/v2\/posts"}],"about":[{"href":"https:\/\/quehacerpolitico.mx\/index.php?rest_route=\/wp\/v2\/types\/post"}],"author":[{"embeddable":true,"href":"https:\/\/quehacerpolitico.mx\/index.php?rest_route=\/wp\/v2\/users\/2"}],"replies":[{"embeddable":true,"href":"https:\/\/quehacerpolitico.mx\/index.php?rest_route=%2Fwp%2Fv2%2Fcomments&post=24174"}],"version-history":[{"count":0,"href":"https:\/\/quehacerpolitico.mx\/index.php?rest_route=\/wp\/v2\/posts\/24174\/revisions"}],"wp:featuredmedia":[{"embeddable":true,"href":"https:\/\/quehacerpolitico.mx\/index.php?rest_route=\/"}],"wp:attachment":[{"href":"https:\/\/quehacerpolitico.mx\/index.php?rest_route=%2Fwp%2Fv2%2Fmedia&parent=24174"}],"wp:term":[{"taxonomy":"category","embeddable":true,"href":"https:\/\/quehacerpolitico.mx\/index.php?rest_route=%2Fwp%2Fv2%2Fcategories&post=24174"},{"taxonomy":"post_tag","embeddable":true,"href":"https:\/\/quehacerpolitico.mx\/index.php?rest_route=%2Fwp%2Fv2%2Ftags&post=24174"}],"curies":[{"name":"wp","href":"https:\/\/api.w.org\/{rel}","templated":true}]}}