{"id":2416,"date":"2018-08-15T00:31:21","date_gmt":"2018-08-15T00:31:21","guid":{"rendered":"http:\/\/quehacerpolitico.mx\/santiago-nieto-y-amlo-se-reunen-y-hablan-sobre-como-mejorar-a-los-sistemas-de-imparticion-de-justicia\/"},"modified":"2018-08-15T00:31:21","modified_gmt":"2018-08-15T00:31:21","slug":"santiago-nieto-y-amlo-se-reunen-y-hablan-sobre-como-mejorar-a-los-sistemas-de-imparticion-de-justicia","status":"publish","type":"post","link":"https:\/\/quehacerpolitico.mx\/?p=2416","title":{"rendered":"Santiago Nieto y AMLO se re\u00fanen y hablan sobre c\u00f3mo mejorar a los sistemas de impartici\u00f3n de justicia"},"content":{"rendered":"<h3><strong>\u201cPlatiqu\u00e9 con el Presidente electo sobre un tema que le parece de gran importancia que es mejorar los sistemas de procuraci\u00f3n y de impartici\u00f3n de justicia. Hemos estado conversando sobre cu\u00e1les son los elementos que podr\u00eda tener la ley org\u00e1nica de la Fiscal\u00eda de la Rep\u00fablica\u201d, dijo\u00a0Santiago Nieto Castillo,\u00a0ex titular de la Fiscal\u00eda Especializada para la Atenci\u00f3n de Delitos Electorales (Fepade).\u00a0<\/strong><\/h3>\n<p>Santiago Nieto Castillo,\u00a0ex titular de la Fiscal\u00eda Especializada para la Atenci\u00f3n de Delitos Electorales (Fepade), y Andr\u00e9s Manuel L\u00f3pez Obrador, Presidente electo de M\u00e9xico, se reunieron para\u00a0tratar de perfilar una mejora a los sistemas de impartici\u00f3n de justicia.<\/p>\n<blockquote>\n<p>\u201cPlatiqu\u00e9 con el Presidente electo sobre un tema que le parece de gran importancia que es mejorar los sistemas de procuraci\u00f3n y de impartici\u00f3n de justicia. Hemos estado conversando sobre cu\u00e1les son los elementos que podr\u00eda tener la ley org\u00e1nica de la Fiscal\u00eda de la Rep\u00fablica\u201d, dijo Nieto en la casa de transici\u00f3n de la colonia Roma, en la Ciudad de M\u00e9xico.<\/p>\n<\/blockquote>\n<p>Santiago Nieto inform\u00f3 que no tienen ning\u00fan cardo en la administraci\u00f3n de L\u00f3pez Obrador y que sigue siendo asesor del tabasque\u00f1o.<\/p>\n<p>\u201cLo importante es que se pueda tener una Fiscal\u00eda como establece la Constituci\u00f3n y cumpla con el principio de autonom\u00eda. Creemos que la autonom\u00eda de la Fiscal\u00eda deber\u00eda tener, entre otras cosas, que no haya un uso faccioso de la procuraci\u00f3n de justicia, que eso le hizo mucho da\u00f1o a la Procuradur\u00eda General de la Rep\u00fablica; tener elementos para evitar que se despida a fiscales inc\u00f3modos; y tener un sistema que resuelva de fondo la impunidad, el combate a la corrupci\u00f3n y seguimiento eficiente de las denuncias que presenta la ciudadan\u00eda\u201d, detall\u00f3.<\/p>\n","protected":false},"excerpt":{"rendered":"<p>Santiago Nieto y AMLO se re\u00fanen y hablan sobre c\u00f3mo mejorar a los sistemas de impartici\u00f3n de justicia<br \/>\nPor Redacci\u00f3n QP<\/p>\n","protected":false},"author":2,"featured_media":2415,"comment_status":"open","ping_status":"open","sticky":false,"template":"","format":"standard","meta":{"_monsterinsights_skip_tracking":false,"_monsterinsights_sitenote_active":false,"_monsterinsights_sitenote_note":"","_monsterinsights_sitenote_category":0,"footnotes":""},"categories":[2],"tags":[],"class_list":["post-2416","post","type-post","status-publish","format-standard","has-post-thumbnail","hentry","category-noticias"],"yoast_head":"<!-- This site is optimized with the Yoast SEO plugin v27.3 - https:\/\/yoast.com\/product\/yoast-seo-wordpress\/ -->\n<title>Santiago Nieto y AMLO se re\u00fanen y hablan sobre c\u00f3mo mejorar a los sistemas de impartici\u00f3n de justicia -<\/title>\n<meta name=\"robots\" content=\"index, follow, max-snippet:-1, max-image-preview:large, max-video-preview:-1\" \/>\n<link rel=\"canonical\" href=\"https:\/\/quehacerpolitico.mx\/?p=2416\" \/>\n<meta property=\"og:locale\" content=\"es_MX\" \/>\n<meta property=\"og:type\" content=\"article\" \/>\n<meta property=\"og:title\" content=\"Santiago Nieto y AMLO se re\u00fanen y hablan sobre c\u00f3mo mejorar a los sistemas de impartici\u00f3n de justicia -\" \/>\n<meta property=\"og:description\" content=\"Santiago Nieto y AMLO se re\u00fanen y hablan sobre c\u00f3mo mejorar a los sistemas de impartici\u00f3n de justicia Por Redacci\u00f3n QP\" \/>\n<meta property=\"og:url\" content=\"https:\/\/quehacerpolitico.mx\/?p=2416\" \/>\n<meta property=\"article:published_time\" content=\"2018-08-15T00:31:21+00:00\" \/>\n<meta name=\"author\" content=\"Redacci\u00f3n QP\" \/>\n<meta name=\"twitter:card\" content=\"summary_large_image\" \/>\n<meta name=\"twitter:label1\" content=\"Escrito por\" \/>\n\t<meta name=\"twitter:data1\" content=\"Redacci\u00f3n QP\" \/>\n\t<meta name=\"twitter:label2\" content=\"Tiempo de lectura\" \/>\n\t<meta name=\"twitter:data2\" content=\"2 minutos\" \/>\n<script type=\"application\/ld+json\" class=\"yoast-schema-graph\">{\"@context\":\"https:\\\/\\\/schema.org\",\"@graph\":[{\"@type\":\"Article\",\"@id\":\"https:\\\/\\\/quehacerpolitico.mx\\\/?p=2416#article\",\"isPartOf\":{\"@id\":\"https:\\\/\\\/quehacerpolitico.mx\\\/?p=2416\"},\"author\":{\"name\":\"Redacci\u00f3n QP\",\"@id\":\"https:\\\/\\\/quehacerpolitico.mx\\\/#\\\/schema\\\/person\\\/496d8ad2d1d3f8036101dca7ee39e585\"},\"headline\":\"Santiago Nieto y AMLO se re\u00fanen y hablan sobre c\u00f3mo mejorar a los sistemas de impartici\u00f3n de justicia\",\"datePublished\":\"2018-08-15T00:31:21+00:00\",\"mainEntityOfPage\":{\"@id\":\"https:\\\/\\\/quehacerpolitico.mx\\\/?p=2416\"},\"wordCount\":340,\"commentCount\":0,\"image\":{\"@id\":\"https:\\\/\\\/quehacerpolitico.mx\\\/?p=2416#primaryimage\"},\"thumbnailUrl\":\"\",\"articleSection\":[\"Noticias\"],\"inLanguage\":\"es\",\"potentialAction\":[{\"@type\":\"CommentAction\",\"name\":\"Comment\",\"target\":[\"https:\\\/\\\/quehacerpolitico.mx\\\/?p=2416#respond\"]}]},{\"@type\":\"WebPage\",\"@id\":\"https:\\\/\\\/quehacerpolitico.mx\\\/?p=2416\",\"url\":\"https:\\\/\\\/quehacerpolitico.mx\\\/?p=2416\",\"name\":\"Santiago Nieto y AMLO se re\u00fanen y hablan sobre c\u00f3mo mejorar a los sistemas de impartici\u00f3n de justicia -\",\"isPartOf\":{\"@id\":\"https:\\\/\\\/quehacerpolitico.mx\\\/#website\"},\"primaryImageOfPage\":{\"@id\":\"https:\\\/\\\/quehacerpolitico.mx\\\/?p=2416#primaryimage\"},\"image\":{\"@id\":\"https:\\\/\\\/quehacerpolitico.mx\\\/?p=2416#primaryimage\"},\"thumbnailUrl\":\"\",\"datePublished\":\"2018-08-15T00:31:21+00:00\",\"author\":{\"@id\":\"https:\\\/\\\/quehacerpolitico.mx\\\/#\\\/schema\\\/person\\\/496d8ad2d1d3f8036101dca7ee39e585\"},\"breadcrumb\":{\"@id\":\"https:\\\/\\\/quehacerpolitico.mx\\\/?p=2416#breadcrumb\"},\"inLanguage\":\"es\",\"potentialAction\":[{\"@type\":\"ReadAction\",\"target\":[\"https:\\\/\\\/quehacerpolitico.mx\\\/?p=2416\"]}]},{\"@type\":\"ImageObject\",\"inLanguage\":\"es\",\"@id\":\"https:\\\/\\\/quehacerpolitico.mx\\\/?p=2416#primaryimage\",\"url\":\"\",\"contentUrl\":\"\"},{\"@type\":\"BreadcrumbList\",\"@id\":\"https:\\\/\\\/quehacerpolitico.mx\\\/?p=2416#breadcrumb\",\"itemListElement\":[{\"@type\":\"ListItem\",\"position\":1,\"name\":\"Inicio\",\"item\":\"https:\\\/\\\/quehacerpolitico.mx\\\/\"},{\"@type\":\"ListItem\",\"position\":2,\"name\":\"Santiago Nieto y AMLO se re\u00fanen y hablan sobre c\u00f3mo mejorar a los sistemas de impartici\u00f3n de justicia\"}]},{\"@type\":\"WebSite\",\"@id\":\"https:\\\/\\\/quehacerpolitico.mx\\\/#website\",\"url\":\"https:\\\/\\\/quehacerpolitico.mx\\\/\",\"name\":\"\",\"description\":\"\",\"potentialAction\":[{\"@type\":\"SearchAction\",\"target\":{\"@type\":\"EntryPoint\",\"urlTemplate\":\"https:\\\/\\\/quehacerpolitico.mx\\\/?s={search_term_string}\"},\"query-input\":{\"@type\":\"PropertyValueSpecification\",\"valueRequired\":true,\"valueName\":\"search_term_string\"}}],\"inLanguage\":\"es\"},{\"@type\":\"Person\",\"@id\":\"https:\\\/\\\/quehacerpolitico.mx\\\/#\\\/schema\\\/person\\\/496d8ad2d1d3f8036101dca7ee39e585\",\"name\":\"Redacci\u00f3n QP\",\"image\":{\"@type\":\"ImageObject\",\"inLanguage\":\"es\",\"@id\":\"https:\\\/\\\/secure.gravatar.com\\\/avatar\\\/c7164ed6fdec453195284ad24a5ae5b6e1eed2b848477fa2a4787ba9adf39a41?s=96&d=mm&r=g\",\"url\":\"https:\\\/\\\/secure.gravatar.com\\\/avatar\\\/c7164ed6fdec453195284ad24a5ae5b6e1eed2b848477fa2a4787ba9adf39a41?s=96&d=mm&r=g\",\"contentUrl\":\"https:\\\/\\\/secure.gravatar.com\\\/avatar\\\/c7164ed6fdec453195284ad24a5ae5b6e1eed2b848477fa2a4787ba9adf39a41?s=96&d=mm&r=g\",\"caption\":\"Redacci\u00f3n QP\"},\"url\":\"https:\\\/\\\/quehacerpolitico.mx\\\/?author=2\"}]}<\/script>\n<!-- \/ Yoast SEO plugin. -->","yoast_head_json":{"title":"Santiago Nieto y AMLO se re\u00fanen y hablan sobre c\u00f3mo mejorar a los sistemas de impartici\u00f3n de justicia -","robots":{"index":"index","follow":"follow","max-snippet":"max-snippet:-1","max-image-preview":"max-image-preview:large","max-video-preview":"max-video-preview:-1"},"canonical":"https:\/\/quehacerpolitico.mx\/?p=2416","og_locale":"es_MX","og_type":"article","og_title":"Santiago Nieto y AMLO se re\u00fanen y hablan sobre c\u00f3mo mejorar a los sistemas de impartici\u00f3n de justicia -","og_description":"Santiago Nieto y AMLO se re\u00fanen y hablan sobre c\u00f3mo mejorar a los sistemas de impartici\u00f3n de justicia Por Redacci\u00f3n QP","og_url":"https:\/\/quehacerpolitico.mx\/?p=2416","article_published_time":"2018-08-15T00:31:21+00:00","author":"Redacci\u00f3n QP","twitter_card":"summary_large_image","twitter_misc":{"Escrito por":"Redacci\u00f3n QP","Tiempo de lectura":"2 minutos"},"schema":{"@context":"https:\/\/schema.org","@graph":[{"@type":"Article","@id":"https:\/\/quehacerpolitico.mx\/?p=2416#article","isPartOf":{"@id":"https:\/\/quehacerpolitico.mx\/?p=2416"},"author":{"name":"Redacci\u00f3n QP","@id":"https:\/\/quehacerpolitico.mx\/#\/schema\/person\/496d8ad2d1d3f8036101dca7ee39e585"},"headline":"Santiago Nieto y AMLO se re\u00fanen y hablan sobre c\u00f3mo mejorar a los sistemas de impartici\u00f3n de justicia","datePublished":"2018-08-15T00:31:21+00:00","mainEntityOfPage":{"@id":"https:\/\/quehacerpolitico.mx\/?p=2416"},"wordCount":340,"commentCount":0,"image":{"@id":"https:\/\/quehacerpolitico.mx\/?p=2416#primaryimage"},"thumbnailUrl":"","articleSection":["Noticias"],"inLanguage":"es","potentialAction":[{"@type":"CommentAction","name":"Comment","target":["https:\/\/quehacerpolitico.mx\/?p=2416#respond"]}]},{"@type":"WebPage","@id":"https:\/\/quehacerpolitico.mx\/?p=2416","url":"https:\/\/quehacerpolitico.mx\/?p=2416","name":"Santiago Nieto y AMLO se re\u00fanen y hablan sobre c\u00f3mo mejorar a los sistemas de impartici\u00f3n de justicia -","isPartOf":{"@id":"https:\/\/quehacerpolitico.mx\/#website"},"primaryImageOfPage":{"@id":"https:\/\/quehacerpolitico.mx\/?p=2416#primaryimage"},"image":{"@id":"https:\/\/quehacerpolitico.mx\/?p=2416#primaryimage"},"thumbnailUrl":"","datePublished":"2018-08-15T00:31:21+00:00","author":{"@id":"https:\/\/quehacerpolitico.mx\/#\/schema\/person\/496d8ad2d1d3f8036101dca7ee39e585"},"breadcrumb":{"@id":"https:\/\/quehacerpolitico.mx\/?p=2416#breadcrumb"},"inLanguage":"es","potentialAction":[{"@type":"ReadAction","target":["https:\/\/quehacerpolitico.mx\/?p=2416"]}]},{"@type":"ImageObject","inLanguage":"es","@id":"https:\/\/quehacerpolitico.mx\/?p=2416#primaryimage","url":"","contentUrl":""},{"@type":"BreadcrumbList","@id":"https:\/\/quehacerpolitico.mx\/?p=2416#breadcrumb","itemListElement":[{"@type":"ListItem","position":1,"name":"Inicio","item":"https:\/\/quehacerpolitico.mx\/"},{"@type":"ListItem","position":2,"name":"Santiago Nieto y AMLO se re\u00fanen y hablan sobre c\u00f3mo mejorar a los sistemas de impartici\u00f3n de justicia"}]},{"@type":"WebSite","@id":"https:\/\/quehacerpolitico.mx\/#website","url":"https:\/\/quehacerpolitico.mx\/","name":"","description":"","potentialAction":[{"@type":"SearchAction","target":{"@type":"EntryPoint","urlTemplate":"https:\/\/quehacerpolitico.mx\/?s={search_term_string}"},"query-input":{"@type":"PropertyValueSpecification","valueRequired":true,"valueName":"search_term_string"}}],"inLanguage":"es"},{"@type":"Person","@id":"https:\/\/quehacerpolitico.mx\/#\/schema\/person\/496d8ad2d1d3f8036101dca7ee39e585","name":"Redacci\u00f3n QP","image":{"@type":"ImageObject","inLanguage":"es","@id":"https:\/\/secure.gravatar.com\/avatar\/c7164ed6fdec453195284ad24a5ae5b6e1eed2b848477fa2a4787ba9adf39a41?s=96&d=mm&r=g","url":"https:\/\/secure.gravatar.com\/avatar\/c7164ed6fdec453195284ad24a5ae5b6e1eed2b848477fa2a4787ba9adf39a41?s=96&d=mm&r=g","contentUrl":"https:\/\/secure.gravatar.com\/avatar\/c7164ed6fdec453195284ad24a5ae5b6e1eed2b848477fa2a4787ba9adf39a41?s=96&d=mm&r=g","caption":"Redacci\u00f3n QP"},"url":"https:\/\/quehacerpolitico.mx\/?author=2"}]}},"featured_image_urls":{"full":"","thumbnail":"","medium":"","medium_large":"","large":"","1536x1536":"","2048x2048":"","covernews-featured":"","covernews-medium":""},"author_info":{"display_name":"Redacci\u00f3n QP","author_link":"https:\/\/quehacerpolitico.mx\/?author=2"},"category_info":"<a href=\"https:\/\/quehacerpolitico.mx\/?cat=2\" rel=\"category\">Noticias<\/a>","tag_info":"Noticias","comment_count":"0","_links":{"self":[{"href":"https:\/\/quehacerpolitico.mx\/index.php?rest_route=\/wp\/v2\/posts\/2416","targetHints":{"allow":["GET"]}}],"collection":[{"href":"https:\/\/quehacerpolitico.mx\/index.php?rest_route=\/wp\/v2\/posts"}],"about":[{"href":"https:\/\/quehacerpolitico.mx\/index.php?rest_route=\/wp\/v2\/types\/post"}],"author":[{"embeddable":true,"href":"https:\/\/quehacerpolitico.mx\/index.php?rest_route=\/wp\/v2\/users\/2"}],"replies":[{"embeddable":true,"href":"https:\/\/quehacerpolitico.mx\/index.php?rest_route=%2Fwp%2Fv2%2Fcomments&post=2416"}],"version-history":[{"count":0,"href":"https:\/\/quehacerpolitico.mx\/index.php?rest_route=\/wp\/v2\/posts\/2416\/revisions"}],"wp:featuredmedia":[{"embeddable":true,"href":"https:\/\/quehacerpolitico.mx\/index.php?rest_route=\/"}],"wp:attachment":[{"href":"https:\/\/quehacerpolitico.mx\/index.php?rest_route=%2Fwp%2Fv2%2Fmedia&parent=2416"}],"wp:term":[{"taxonomy":"category","embeddable":true,"href":"https:\/\/quehacerpolitico.mx\/index.php?rest_route=%2Fwp%2Fv2%2Fcategories&post=2416"},{"taxonomy":"post_tag","embeddable":true,"href":"https:\/\/quehacerpolitico.mx\/index.php?rest_route=%2Fwp%2Fv2%2Ftags&post=2416"}],"curies":[{"name":"wp","href":"https:\/\/api.w.org\/{rel}","templated":true}]}}