{"id":2414,"date":"2018-08-15T00:25:53","date_gmt":"2018-08-15T00:25:53","guid":{"rendered":"http:\/\/quehacerpolitico.mx\/bienvenida-la-critica-con-respeto-y-argumentos-beatriz-gutierrez-solo-les-recuerdo-que-yo-no-soy-amlo\/"},"modified":"2018-08-15T00:25:53","modified_gmt":"2018-08-15T00:25:53","slug":"bienvenida-la-critica-con-respeto-y-argumentos-beatriz-gutierrez-solo-les-recuerdo-que-yo-no-soy-amlo","status":"publish","type":"post","link":"https:\/\/quehacerpolitico.mx\/?p=2414","title":{"rendered":"Bienvenida la cr\u00edtica con respeto y argumentos: Beatriz Guti\u00e9rrez; \u201cs\u00f3lo les recuerdo que yo no soy AMLO\u201d"},"content":{"rendered":"<h3><strong>\u201cLa cr\u00edtica, la objeci\u00f3n y la disidencia que se expresa en Twitter es bienvenida cuando se realiza con respeto y argumentos. Solo quiero recordarles que yo no soy L\u00f3pez Obrador\u201d, dijo la doctora Beatriz Guti\u00e9rrez M\u00fcller.<\/strong><\/h3>\n<p>Beatriz Guti\u00e9rrez M\u00fcller, esposa del presidente electo de M\u00e9xico, Andr\u00e9s Manuel L\u00f3pez Obrador, pidi\u00f3 hoy \u201crespeto y argumentos\u201d a las personas que la critican a trav\u00e9s de las redes sociales y record\u00f3 que ella no ostenta \u201cning\u00fan cargo p\u00fablico\u201d.<\/p>\n<blockquote>\n<p>\u201cLa cr\u00edtica, la objeci\u00f3n y la disidencia que se expresa en Twitter es bienvenida cuando se realiza con respeto y argumentos. Solo quiero recordarles que yo no soy L\u00f3pez Obrador\u201d, public\u00f3 en redes Guti\u00e9rrez, quien a\u00f1adi\u00f3: \u201cSoy Beatriz y no detento ning\u00fan cargo p\u00fablico ni represento a persona p\u00fablica alguna\u201d.<\/p>\n<\/blockquote>\n<p>Este lunes, Guti\u00e9rrez ya critic\u00f3 el \u201cmundo tan agresivo\u201d y el \u201clenguaje de ira y agresividad\u201d que, a su juicio, impera en Twitter, y explic\u00f3 que ello la reh\u00faye de usar la red social con m\u00e1s asiduidad.<\/p>\n<p>Como tantas otras personalidades, Guti\u00e9rrez es v\u00edctima de bots, cuentas falsas o an\u00f3nimas que la insultan a trav\u00e9s de las redes.<\/p>\n<blockquote>\n<p>Tras la victoria de L\u00f3pez Obrador el pasado 1 de julio, Guti\u00e9rrez anunci\u00f3 que no ser\u00e1 primera dama de M\u00e9xico y rechaz\u00f3 la presidencia honoraria del Sistema Nacional para el Desarrollo Integral de la Familia (DIF), cargo ejercido hasta ahora por las esposas de los presidentes mexicanos.<\/p>\n<\/blockquote>\n<p>Guti\u00e9rrez explic\u00f3 que el concepto de primera dama le parece \u201cclasista\u201d porque en M\u00e9xico \u201cno hay mujeres de primera ni de segunda\u201d, e inform\u00f3 que seguir\u00e1 ejerciendo de escritora y profesora universitaria.<\/p>\n","protected":false},"excerpt":{"rendered":"<p>Bienvenida la cr\u00edtica con respeto y argumentos: Beatriz Guti\u00e9rrez; \u201cs\u00f3lo les recuerdo que yo no soy AMLO\u201d<br \/>\nPor Redacci\u00f3n QP<\/p>\n","protected":false},"author":2,"featured_media":2413,"comment_status":"open","ping_status":"open","sticky":false,"template":"","format":"standard","meta":{"_monsterinsights_skip_tracking":false,"_monsterinsights_sitenote_active":false,"_monsterinsights_sitenote_note":"","_monsterinsights_sitenote_category":0,"footnotes":""},"categories":[2],"tags":[],"class_list":["post-2414","post","type-post","status-publish","format-standard","has-post-thumbnail","hentry","category-noticias"],"yoast_head":"<!-- This site is optimized with the Yoast SEO plugin v27.3 - https:\/\/yoast.com\/product\/yoast-seo-wordpress\/ -->\n<title>Bienvenida la cr\u00edtica con respeto y argumentos: Beatriz Guti\u00e9rrez; \u201cs\u00f3lo les recuerdo que yo no soy AMLO\u201d -<\/title>\n<meta name=\"robots\" content=\"index, follow, max-snippet:-1, max-image-preview:large, max-video-preview:-1\" \/>\n<link rel=\"canonical\" href=\"https:\/\/quehacerpolitico.mx\/?p=2414\" \/>\n<meta property=\"og:locale\" content=\"es_MX\" \/>\n<meta property=\"og:type\" content=\"article\" \/>\n<meta property=\"og:title\" content=\"Bienvenida la cr\u00edtica con respeto y argumentos: Beatriz Guti\u00e9rrez; \u201cs\u00f3lo les recuerdo que yo no soy AMLO\u201d -\" \/>\n<meta property=\"og:description\" content=\"Bienvenida la cr\u00edtica con respeto y argumentos: Beatriz Guti\u00e9rrez; \u201cs\u00f3lo les recuerdo que yo no soy AMLO\u201d Por Redacci\u00f3n QP\" \/>\n<meta property=\"og:url\" content=\"https:\/\/quehacerpolitico.mx\/?p=2414\" \/>\n<meta property=\"article:published_time\" content=\"2018-08-15T00:25:53+00:00\" \/>\n<meta name=\"author\" content=\"Redacci\u00f3n QP\" \/>\n<meta name=\"twitter:card\" content=\"summary_large_image\" \/>\n<meta name=\"twitter:label1\" content=\"Escrito por\" \/>\n\t<meta name=\"twitter:data1\" content=\"Redacci\u00f3n QP\" \/>\n\t<meta name=\"twitter:label2\" content=\"Tiempo de lectura\" \/>\n\t<meta name=\"twitter:data2\" content=\"1 minuto\" \/>\n<script type=\"application\/ld+json\" class=\"yoast-schema-graph\">{\"@context\":\"https:\\\/\\\/schema.org\",\"@graph\":[{\"@type\":\"Article\",\"@id\":\"https:\\\/\\\/quehacerpolitico.mx\\\/?p=2414#article\",\"isPartOf\":{\"@id\":\"https:\\\/\\\/quehacerpolitico.mx\\\/?p=2414\"},\"author\":{\"name\":\"Redacci\u00f3n QP\",\"@id\":\"https:\\\/\\\/quehacerpolitico.mx\\\/#\\\/schema\\\/person\\\/496d8ad2d1d3f8036101dca7ee39e585\"},\"headline\":\"Bienvenida la cr\u00edtica con respeto y argumentos: Beatriz Guti\u00e9rrez; \u201cs\u00f3lo les recuerdo que yo no soy AMLO\u201d\",\"datePublished\":\"2018-08-15T00:25:53+00:00\",\"mainEntityOfPage\":{\"@id\":\"https:\\\/\\\/quehacerpolitico.mx\\\/?p=2414\"},\"wordCount\":314,\"commentCount\":0,\"image\":{\"@id\":\"https:\\\/\\\/quehacerpolitico.mx\\\/?p=2414#primaryimage\"},\"thumbnailUrl\":\"\",\"articleSection\":[\"Noticias\"],\"inLanguage\":\"es\",\"potentialAction\":[{\"@type\":\"CommentAction\",\"name\":\"Comment\",\"target\":[\"https:\\\/\\\/quehacerpolitico.mx\\\/?p=2414#respond\"]}]},{\"@type\":\"WebPage\",\"@id\":\"https:\\\/\\\/quehacerpolitico.mx\\\/?p=2414\",\"url\":\"https:\\\/\\\/quehacerpolitico.mx\\\/?p=2414\",\"name\":\"Bienvenida la cr\u00edtica con respeto y argumentos: Beatriz Guti\u00e9rrez; \u201cs\u00f3lo les recuerdo que yo no soy AMLO\u201d -\",\"isPartOf\":{\"@id\":\"https:\\\/\\\/quehacerpolitico.mx\\\/#website\"},\"primaryImageOfPage\":{\"@id\":\"https:\\\/\\\/quehacerpolitico.mx\\\/?p=2414#primaryimage\"},\"image\":{\"@id\":\"https:\\\/\\\/quehacerpolitico.mx\\\/?p=2414#primaryimage\"},\"thumbnailUrl\":\"\",\"datePublished\":\"2018-08-15T00:25:53+00:00\",\"author\":{\"@id\":\"https:\\\/\\\/quehacerpolitico.mx\\\/#\\\/schema\\\/person\\\/496d8ad2d1d3f8036101dca7ee39e585\"},\"breadcrumb\":{\"@id\":\"https:\\\/\\\/quehacerpolitico.mx\\\/?p=2414#breadcrumb\"},\"inLanguage\":\"es\",\"potentialAction\":[{\"@type\":\"ReadAction\",\"target\":[\"https:\\\/\\\/quehacerpolitico.mx\\\/?p=2414\"]}]},{\"@type\":\"ImageObject\",\"inLanguage\":\"es\",\"@id\":\"https:\\\/\\\/quehacerpolitico.mx\\\/?p=2414#primaryimage\",\"url\":\"\",\"contentUrl\":\"\"},{\"@type\":\"BreadcrumbList\",\"@id\":\"https:\\\/\\\/quehacerpolitico.mx\\\/?p=2414#breadcrumb\",\"itemListElement\":[{\"@type\":\"ListItem\",\"position\":1,\"name\":\"Inicio\",\"item\":\"https:\\\/\\\/quehacerpolitico.mx\\\/\"},{\"@type\":\"ListItem\",\"position\":2,\"name\":\"Bienvenida la cr\u00edtica con respeto y argumentos: Beatriz Guti\u00e9rrez; \u201cs\u00f3lo les recuerdo que yo no soy AMLO\u201d\"}]},{\"@type\":\"WebSite\",\"@id\":\"https:\\\/\\\/quehacerpolitico.mx\\\/#website\",\"url\":\"https:\\\/\\\/quehacerpolitico.mx\\\/\",\"name\":\"\",\"description\":\"\",\"potentialAction\":[{\"@type\":\"SearchAction\",\"target\":{\"@type\":\"EntryPoint\",\"urlTemplate\":\"https:\\\/\\\/quehacerpolitico.mx\\\/?s={search_term_string}\"},\"query-input\":{\"@type\":\"PropertyValueSpecification\",\"valueRequired\":true,\"valueName\":\"search_term_string\"}}],\"inLanguage\":\"es\"},{\"@type\":\"Person\",\"@id\":\"https:\\\/\\\/quehacerpolitico.mx\\\/#\\\/schema\\\/person\\\/496d8ad2d1d3f8036101dca7ee39e585\",\"name\":\"Redacci\u00f3n QP\",\"image\":{\"@type\":\"ImageObject\",\"inLanguage\":\"es\",\"@id\":\"https:\\\/\\\/secure.gravatar.com\\\/avatar\\\/c7164ed6fdec453195284ad24a5ae5b6e1eed2b848477fa2a4787ba9adf39a41?s=96&d=mm&r=g\",\"url\":\"https:\\\/\\\/secure.gravatar.com\\\/avatar\\\/c7164ed6fdec453195284ad24a5ae5b6e1eed2b848477fa2a4787ba9adf39a41?s=96&d=mm&r=g\",\"contentUrl\":\"https:\\\/\\\/secure.gravatar.com\\\/avatar\\\/c7164ed6fdec453195284ad24a5ae5b6e1eed2b848477fa2a4787ba9adf39a41?s=96&d=mm&r=g\",\"caption\":\"Redacci\u00f3n QP\"},\"url\":\"https:\\\/\\\/quehacerpolitico.mx\\\/?author=2\"}]}<\/script>\n<!-- \/ Yoast SEO plugin. -->","yoast_head_json":{"title":"Bienvenida la cr\u00edtica con respeto y argumentos: Beatriz Guti\u00e9rrez; \u201cs\u00f3lo les recuerdo que yo no soy AMLO\u201d -","robots":{"index":"index","follow":"follow","max-snippet":"max-snippet:-1","max-image-preview":"max-image-preview:large","max-video-preview":"max-video-preview:-1"},"canonical":"https:\/\/quehacerpolitico.mx\/?p=2414","og_locale":"es_MX","og_type":"article","og_title":"Bienvenida la cr\u00edtica con respeto y argumentos: Beatriz Guti\u00e9rrez; \u201cs\u00f3lo les recuerdo que yo no soy AMLO\u201d -","og_description":"Bienvenida la cr\u00edtica con respeto y argumentos: Beatriz Guti\u00e9rrez; \u201cs\u00f3lo les recuerdo que yo no soy AMLO\u201d Por Redacci\u00f3n QP","og_url":"https:\/\/quehacerpolitico.mx\/?p=2414","article_published_time":"2018-08-15T00:25:53+00:00","author":"Redacci\u00f3n QP","twitter_card":"summary_large_image","twitter_misc":{"Escrito por":"Redacci\u00f3n QP","Tiempo de lectura":"1 minuto"},"schema":{"@context":"https:\/\/schema.org","@graph":[{"@type":"Article","@id":"https:\/\/quehacerpolitico.mx\/?p=2414#article","isPartOf":{"@id":"https:\/\/quehacerpolitico.mx\/?p=2414"},"author":{"name":"Redacci\u00f3n QP","@id":"https:\/\/quehacerpolitico.mx\/#\/schema\/person\/496d8ad2d1d3f8036101dca7ee39e585"},"headline":"Bienvenida la cr\u00edtica con respeto y argumentos: Beatriz Guti\u00e9rrez; \u201cs\u00f3lo les recuerdo que yo no soy AMLO\u201d","datePublished":"2018-08-15T00:25:53+00:00","mainEntityOfPage":{"@id":"https:\/\/quehacerpolitico.mx\/?p=2414"},"wordCount":314,"commentCount":0,"image":{"@id":"https:\/\/quehacerpolitico.mx\/?p=2414#primaryimage"},"thumbnailUrl":"","articleSection":["Noticias"],"inLanguage":"es","potentialAction":[{"@type":"CommentAction","name":"Comment","target":["https:\/\/quehacerpolitico.mx\/?p=2414#respond"]}]},{"@type":"WebPage","@id":"https:\/\/quehacerpolitico.mx\/?p=2414","url":"https:\/\/quehacerpolitico.mx\/?p=2414","name":"Bienvenida la cr\u00edtica con respeto y argumentos: Beatriz Guti\u00e9rrez; \u201cs\u00f3lo les recuerdo que yo no soy AMLO\u201d -","isPartOf":{"@id":"https:\/\/quehacerpolitico.mx\/#website"},"primaryImageOfPage":{"@id":"https:\/\/quehacerpolitico.mx\/?p=2414#primaryimage"},"image":{"@id":"https:\/\/quehacerpolitico.mx\/?p=2414#primaryimage"},"thumbnailUrl":"","datePublished":"2018-08-15T00:25:53+00:00","author":{"@id":"https:\/\/quehacerpolitico.mx\/#\/schema\/person\/496d8ad2d1d3f8036101dca7ee39e585"},"breadcrumb":{"@id":"https:\/\/quehacerpolitico.mx\/?p=2414#breadcrumb"},"inLanguage":"es","potentialAction":[{"@type":"ReadAction","target":["https:\/\/quehacerpolitico.mx\/?p=2414"]}]},{"@type":"ImageObject","inLanguage":"es","@id":"https:\/\/quehacerpolitico.mx\/?p=2414#primaryimage","url":"","contentUrl":""},{"@type":"BreadcrumbList","@id":"https:\/\/quehacerpolitico.mx\/?p=2414#breadcrumb","itemListElement":[{"@type":"ListItem","position":1,"name":"Inicio","item":"https:\/\/quehacerpolitico.mx\/"},{"@type":"ListItem","position":2,"name":"Bienvenida la cr\u00edtica con respeto y argumentos: Beatriz Guti\u00e9rrez; \u201cs\u00f3lo les recuerdo que yo no soy AMLO\u201d"}]},{"@type":"WebSite","@id":"https:\/\/quehacerpolitico.mx\/#website","url":"https:\/\/quehacerpolitico.mx\/","name":"","description":"","potentialAction":[{"@type":"SearchAction","target":{"@type":"EntryPoint","urlTemplate":"https:\/\/quehacerpolitico.mx\/?s={search_term_string}"},"query-input":{"@type":"PropertyValueSpecification","valueRequired":true,"valueName":"search_term_string"}}],"inLanguage":"es"},{"@type":"Person","@id":"https:\/\/quehacerpolitico.mx\/#\/schema\/person\/496d8ad2d1d3f8036101dca7ee39e585","name":"Redacci\u00f3n QP","image":{"@type":"ImageObject","inLanguage":"es","@id":"https:\/\/secure.gravatar.com\/avatar\/c7164ed6fdec453195284ad24a5ae5b6e1eed2b848477fa2a4787ba9adf39a41?s=96&d=mm&r=g","url":"https:\/\/secure.gravatar.com\/avatar\/c7164ed6fdec453195284ad24a5ae5b6e1eed2b848477fa2a4787ba9adf39a41?s=96&d=mm&r=g","contentUrl":"https:\/\/secure.gravatar.com\/avatar\/c7164ed6fdec453195284ad24a5ae5b6e1eed2b848477fa2a4787ba9adf39a41?s=96&d=mm&r=g","caption":"Redacci\u00f3n QP"},"url":"https:\/\/quehacerpolitico.mx\/?author=2"}]}},"featured_image_urls":{"full":"","thumbnail":"","medium":"","medium_large":"","large":"","1536x1536":"","2048x2048":"","covernews-featured":"","covernews-medium":""},"author_info":{"display_name":"Redacci\u00f3n QP","author_link":"https:\/\/quehacerpolitico.mx\/?author=2"},"category_info":"<a href=\"https:\/\/quehacerpolitico.mx\/?cat=2\" rel=\"category\">Noticias<\/a>","tag_info":"Noticias","comment_count":"0","_links":{"self":[{"href":"https:\/\/quehacerpolitico.mx\/index.php?rest_route=\/wp\/v2\/posts\/2414","targetHints":{"allow":["GET"]}}],"collection":[{"href":"https:\/\/quehacerpolitico.mx\/index.php?rest_route=\/wp\/v2\/posts"}],"about":[{"href":"https:\/\/quehacerpolitico.mx\/index.php?rest_route=\/wp\/v2\/types\/post"}],"author":[{"embeddable":true,"href":"https:\/\/quehacerpolitico.mx\/index.php?rest_route=\/wp\/v2\/users\/2"}],"replies":[{"embeddable":true,"href":"https:\/\/quehacerpolitico.mx\/index.php?rest_route=%2Fwp%2Fv2%2Fcomments&post=2414"}],"version-history":[{"count":0,"href":"https:\/\/quehacerpolitico.mx\/index.php?rest_route=\/wp\/v2\/posts\/2414\/revisions"}],"wp:featuredmedia":[{"embeddable":true,"href":"https:\/\/quehacerpolitico.mx\/index.php?rest_route=\/"}],"wp:attachment":[{"href":"https:\/\/quehacerpolitico.mx\/index.php?rest_route=%2Fwp%2Fv2%2Fmedia&parent=2414"}],"wp:term":[{"taxonomy":"category","embeddable":true,"href":"https:\/\/quehacerpolitico.mx\/index.php?rest_route=%2Fwp%2Fv2%2Fcategories&post=2414"},{"taxonomy":"post_tag","embeddable":true,"href":"https:\/\/quehacerpolitico.mx\/index.php?rest_route=%2Fwp%2Fv2%2Ftags&post=2414"}],"curies":[{"name":"wp","href":"https:\/\/api.w.org\/{rel}","templated":true}]}}