{"id":2412,"date":"2018-08-15T00:20:01","date_gmt":"2018-08-15T00:20:01","guid":{"rendered":"http:\/\/quehacerpolitico.mx\/familia-exige-a-televisa-que-retire-el-capitulo-de-la-rosa-de-guadalupe-sobre-el-caso-de-calcetitas-rojas\/"},"modified":"2018-08-15T00:20:01","modified_gmt":"2018-08-15T00:20:01","slug":"familia-exige-a-televisa-que-retire-el-capitulo-de-la-rosa-de-guadalupe-sobre-el-caso-de-calcetitas-rojas","status":"publish","type":"post","link":"https:\/\/quehacerpolitico.mx\/?p=2412","title":{"rendered":"Familia exige a Televisa que retire el cap\u00edtulo de la Rosa de Guadalupe sobre el caso de \u201cCalcetitas rojas\u201d"},"content":{"rendered":"<h3>Ayer por la tarde, <em>Televisa<\/em> transmiti\u00f3 un cap\u00edtulo de la Rosa de Guadalupe basado en el caso de la menor de 5 a\u00f1os identificada como Lupita, quien fue golpeada hasta la muerte y su cuerpo tirado en\u00a0Nezahualc\u00f3yotl, Estado de M\u00e9xico en marzo del a\u00f1o pasado.<\/h3>\n<p>La activista Frida Guerrera, la t\u00eda de la v\u00edctima,\u00a0Marina Pichardo, y su abogada, Daniela Mel\u00e9ndez, exigieron a <em>Televisa<\/em> que retire su cap\u00edtulo de la <em>Rosa de Guadalupe<\/em> basado en el feminicidio de la menor que fue identificada como \u201cCalcetitas Rojas\u201d, pues consideraron, con ello buscan \u201clucrar\u201d con la tragedia y presentan el caso como una telenovela.<\/p>\n<p>La peque\u00f1a bautizada como \u201cCalcetitas rojas\u201d fue golpeada hasta la muerte y su cuerpo abandonado en Nezahualc\u00f3yotl, Estado de M\u00e9xico, el 18 de marzo de 2017. Durante 9 meses, nadie identific\u00f3 el cad\u00e1ver y nadie fue se\u00f1alado por el crimen. Frida Guerrera investig\u00f3 el caso hasta dar con la familia de la menor.<\/p>\n<blockquote>\n<p>\u201cNos parece muy poco \u00e9tico que <em>Televisa<\/em>, quien en su momento fue uno de los medios que nos ayud\u00f3 en el mes de noviembre de 2017 con entrevistas a Frida Guerrera, para la difusi\u00f3n del rostro de la ni\u00f1a, el d\u00eda de hoy permita que el caso sea usado, sin autorizaci\u00f3n alguna por parte de la familia o la Licenciada Daniela Mel\u00e9ndez. En un programa que raya en la \u2018parodia\u2019, donde su caso puede interpretarse por quienes ven este tipo de programaci\u00f3n como algo \u2018irreal\u2019 o que no fue ver\u00eddico, o con morbo\u201d, se lee en <a href=\"https:\/\/www.change.org\/p\/cndh-solicitamos-sanci%C3%B3n-para-televisa-por-lucrar-con-la-tragedia-de-lupita-calcetitasrojas?recruiter=327275228&amp;utm_source=share_petition&amp;utm_medium=twitter&amp;utm_campaign=psf_combo_share_initial.pacific_abi_gmail_send.variation.pacific_email_copy_en_2.v2.pacific_email_copy_en_gb_1.v3.lightning_share_by_medium.share_by_medium\" target=\"_blank\" rel=\"noopener\">una petici\u00f3n lanzada en Change.org<\/a> por la activista.<\/p>\n<p>Ayer por la tarde, <em>Televisa<\/em> transmiti\u00f3 un cap\u00edtulo de la <em>Rosa de Guadalupe<\/em> basado en el caso de la menor de 5 a\u00f1os identificada como Lupita.<\/p>\n<blockquote>\n<p>\u201cAmaranta encuentra el cuerpo de una ni\u00f1a de 5 a\u00f1os que fue asesinada brutalmente a golpes. Ella no descansar\u00e1 hasta dar con los culpables y que se le haga justicia a\u2026 \u2018Calcetitas rojas\u2019\u201d, dice el promocional de <em>Televisa<\/em>.<\/p>\n<p><iframe loading=\"lazy\" title=\"La Rosa de Guadalupe: Calcetitas rojas | Este Lunes #ConLasEstrellas\" width=\"640\" height=\"360\" src=\"https:\/\/www.youtube.com\/embed\/s7-gX5_m1BE?feature=oembed\" frameborder=\"0\" allow=\"accelerometer; autoplay; clipboard-write; encrypted-media; gyroscope; picture-in-picture; web-share\" referrerpolicy=\"strict-origin-when-cross-origin\" allowfullscreen><\/iframe><\/p>\n<p>La activista recrimin\u00f3 que se haya llevado el caso de la menor como una \u201ctelenovela\u201d.<\/p>\n<blockquote>\n<p>\u201cCreemos en la libertad de expresi\u00f3n, y la defendemos como medio, familia, abogada y ciudadanas que somos, pero hacemos un llamado a <em>Televisa<\/em> para que retir\u00e9 dicho cap\u00edtulo, ya que, en lugar de informar, le resta seriedad a la terrible realidad que se padece en este pa\u00eds\u201d, exigi\u00f3.<\/p>\n<\/blockquote>\n<p>\u201cHacemos un llamado a la empresa, a que no lucre con el dolor de la familia de la ni\u00f1a, y analice las consecuencias que puedan sufrir las hermanas de Lupita\u201d, a\u00f1adi\u00f3.<\/p>\n<p><a href=\"https:\/\/www.change.org\/p\/cndh-solicitamos-sanci%C3%B3n-para-televisa-por-lucrar-con-la-tragedia-de-lupita-calcetitasrojas?recruiter=327275228&amp;utm_source=share_petition&amp;utm_medium=twitter&amp;utm_campaign=psf_combo_share_initial.pacific_abi_gmail_send.variation.pacific_email_copy_en_2.v2.pacific_email_copy_en_gb_1.v3.lightning_share_by_medium.share_by_medium\" target=\"_blank\" rel=\"noopener\">La petici\u00f3n ha recaudado m\u00e1s de 500 apoyos y puedes firmarla aqu\u00ed<\/a>.<\/p>\n<p>Lupita era una menor que sufr\u00eda maltrato infantil en su hogar.<\/p>\n<p>En enero pasado, se dio a conocer que en 2016, Lupita se traslad\u00f3 a una casa cercana de la vecindad en la que habitaba. La cuidaron. Sin embargo, la madre de la menor fue por ella y se la llev\u00f3 de nuevo a su casa. Luego, su madre y su padrastro la golpearon hasta la muerte.<\/p>\n<p>Su feminicidio provoc\u00f3 una intensa condena social. Se trata de un caso de abuso, pero tambi\u00e9n de un Estado ausente. Los activistas dicen que el Gobierno del Edomex se vio obligado a intervenir no por mandato, no porque le importara, sino por la fuerte presi\u00f3n social.<\/p>\n<p>Los familiares confirmaron la identidad de la menor: le dec\u00edan Lupita porque no estaba registrada. Sufr\u00eda maltrato familiar y ten\u00eda 5 a\u00f1os el d\u00eda en que fue brutalmente asesinada en el Estado de M\u00e9xico.<\/p>\n<p>A finales del a\u00f1o pasado, la madre y el padrastro de la menor fueron detenidos como presuntos responsables.<\/p>\n<\/blockquote>\n<\/blockquote>\n","protected":false},"excerpt":{"rendered":"<p>Familia exige a Televisa que retire el cap\u00edtulo de la Rosa de Guadalupe sobre el caso de \u201cCalcetitas rojas\u201d<br \/>\nPor Redacci\u00f3n QP<\/p>\n","protected":false},"author":2,"featured_media":2411,"comment_status":"open","ping_status":"open","sticky":false,"template":"","format":"standard","meta":{"_monsterinsights_skip_tracking":false,"_monsterinsights_sitenote_active":false,"_monsterinsights_sitenote_note":"","_monsterinsights_sitenote_category":0,"footnotes":""},"categories":[2],"tags":[],"class_list":["post-2412","post","type-post","status-publish","format-standard","has-post-thumbnail","hentry","category-noticias"],"yoast_head":"<!-- This site is optimized with the Yoast SEO plugin v27.3 - https:\/\/yoast.com\/product\/yoast-seo-wordpress\/ -->\n<title>Familia exige a Televisa que retire el cap\u00edtulo de la Rosa de Guadalupe sobre el caso de \u201cCalcetitas rojas\u201d -<\/title>\n<meta name=\"robots\" content=\"index, follow, max-snippet:-1, max-image-preview:large, max-video-preview:-1\" \/>\n<link rel=\"canonical\" href=\"https:\/\/quehacerpolitico.mx\/?p=2412\" \/>\n<meta property=\"og:locale\" content=\"es_MX\" \/>\n<meta property=\"og:type\" content=\"article\" \/>\n<meta property=\"og:title\" content=\"Familia exige a Televisa que retire el cap\u00edtulo de la Rosa de Guadalupe sobre el caso de \u201cCalcetitas rojas\u201d -\" \/>\n<meta property=\"og:description\" content=\"Familia exige a Televisa que retire el cap\u00edtulo de la Rosa de Guadalupe sobre el caso de \u201cCalcetitas rojas\u201d Por Redacci\u00f3n QP\" \/>\n<meta property=\"og:url\" content=\"https:\/\/quehacerpolitico.mx\/?p=2412\" \/>\n<meta property=\"article:published_time\" content=\"2018-08-15T00:20:01+00:00\" \/>\n<meta name=\"author\" content=\"Redacci\u00f3n QP\" \/>\n<meta name=\"twitter:card\" content=\"summary_large_image\" \/>\n<meta name=\"twitter:label1\" content=\"Escrito por\" \/>\n\t<meta name=\"twitter:data1\" content=\"Redacci\u00f3n QP\" \/>\n\t<meta name=\"twitter:label2\" content=\"Tiempo de lectura\" \/>\n\t<meta name=\"twitter:data2\" content=\"3 minutos\" \/>\n<script type=\"application\/ld+json\" class=\"yoast-schema-graph\">{\"@context\":\"https:\\\/\\\/schema.org\",\"@graph\":[{\"@type\":\"Article\",\"@id\":\"https:\\\/\\\/quehacerpolitico.mx\\\/?p=2412#article\",\"isPartOf\":{\"@id\":\"https:\\\/\\\/quehacerpolitico.mx\\\/?p=2412\"},\"author\":{\"name\":\"Redacci\u00f3n QP\",\"@id\":\"https:\\\/\\\/quehacerpolitico.mx\\\/#\\\/schema\\\/person\\\/496d8ad2d1d3f8036101dca7ee39e585\"},\"headline\":\"Familia exige a Televisa que retire el cap\u00edtulo de la Rosa de Guadalupe sobre el caso de \u201cCalcetitas rojas\u201d\",\"datePublished\":\"2018-08-15T00:20:01+00:00\",\"mainEntityOfPage\":{\"@id\":\"https:\\\/\\\/quehacerpolitico.mx\\\/?p=2412\"},\"wordCount\":656,\"commentCount\":0,\"image\":{\"@id\":\"https:\\\/\\\/quehacerpolitico.mx\\\/?p=2412#primaryimage\"},\"thumbnailUrl\":\"\",\"articleSection\":[\"Noticias\"],\"inLanguage\":\"es\",\"potentialAction\":[{\"@type\":\"CommentAction\",\"name\":\"Comment\",\"target\":[\"https:\\\/\\\/quehacerpolitico.mx\\\/?p=2412#respond\"]}]},{\"@type\":\"WebPage\",\"@id\":\"https:\\\/\\\/quehacerpolitico.mx\\\/?p=2412\",\"url\":\"https:\\\/\\\/quehacerpolitico.mx\\\/?p=2412\",\"name\":\"Familia exige a Televisa que retire el cap\u00edtulo de la Rosa de Guadalupe sobre el caso de \u201cCalcetitas rojas\u201d -\",\"isPartOf\":{\"@id\":\"https:\\\/\\\/quehacerpolitico.mx\\\/#website\"},\"primaryImageOfPage\":{\"@id\":\"https:\\\/\\\/quehacerpolitico.mx\\\/?p=2412#primaryimage\"},\"image\":{\"@id\":\"https:\\\/\\\/quehacerpolitico.mx\\\/?p=2412#primaryimage\"},\"thumbnailUrl\":\"\",\"datePublished\":\"2018-08-15T00:20:01+00:00\",\"author\":{\"@id\":\"https:\\\/\\\/quehacerpolitico.mx\\\/#\\\/schema\\\/person\\\/496d8ad2d1d3f8036101dca7ee39e585\"},\"breadcrumb\":{\"@id\":\"https:\\\/\\\/quehacerpolitico.mx\\\/?p=2412#breadcrumb\"},\"inLanguage\":\"es\",\"potentialAction\":[{\"@type\":\"ReadAction\",\"target\":[\"https:\\\/\\\/quehacerpolitico.mx\\\/?p=2412\"]}]},{\"@type\":\"ImageObject\",\"inLanguage\":\"es\",\"@id\":\"https:\\\/\\\/quehacerpolitico.mx\\\/?p=2412#primaryimage\",\"url\":\"\",\"contentUrl\":\"\"},{\"@type\":\"BreadcrumbList\",\"@id\":\"https:\\\/\\\/quehacerpolitico.mx\\\/?p=2412#breadcrumb\",\"itemListElement\":[{\"@type\":\"ListItem\",\"position\":1,\"name\":\"Inicio\",\"item\":\"https:\\\/\\\/quehacerpolitico.mx\\\/\"},{\"@type\":\"ListItem\",\"position\":2,\"name\":\"Familia exige a Televisa que retire el cap\u00edtulo de la Rosa de Guadalupe sobre el caso de \u201cCalcetitas rojas\u201d\"}]},{\"@type\":\"WebSite\",\"@id\":\"https:\\\/\\\/quehacerpolitico.mx\\\/#website\",\"url\":\"https:\\\/\\\/quehacerpolitico.mx\\\/\",\"name\":\"\",\"description\":\"\",\"potentialAction\":[{\"@type\":\"SearchAction\",\"target\":{\"@type\":\"EntryPoint\",\"urlTemplate\":\"https:\\\/\\\/quehacerpolitico.mx\\\/?s={search_term_string}\"},\"query-input\":{\"@type\":\"PropertyValueSpecification\",\"valueRequired\":true,\"valueName\":\"search_term_string\"}}],\"inLanguage\":\"es\"},{\"@type\":\"Person\",\"@id\":\"https:\\\/\\\/quehacerpolitico.mx\\\/#\\\/schema\\\/person\\\/496d8ad2d1d3f8036101dca7ee39e585\",\"name\":\"Redacci\u00f3n QP\",\"image\":{\"@type\":\"ImageObject\",\"inLanguage\":\"es\",\"@id\":\"https:\\\/\\\/secure.gravatar.com\\\/avatar\\\/c7164ed6fdec453195284ad24a5ae5b6e1eed2b848477fa2a4787ba9adf39a41?s=96&d=mm&r=g\",\"url\":\"https:\\\/\\\/secure.gravatar.com\\\/avatar\\\/c7164ed6fdec453195284ad24a5ae5b6e1eed2b848477fa2a4787ba9adf39a41?s=96&d=mm&r=g\",\"contentUrl\":\"https:\\\/\\\/secure.gravatar.com\\\/avatar\\\/c7164ed6fdec453195284ad24a5ae5b6e1eed2b848477fa2a4787ba9adf39a41?s=96&d=mm&r=g\",\"caption\":\"Redacci\u00f3n QP\"},\"url\":\"https:\\\/\\\/quehacerpolitico.mx\\\/?author=2\"}]}<\/script>\n<!-- \/ Yoast SEO plugin. -->","yoast_head_json":{"title":"Familia exige a Televisa que retire el cap\u00edtulo de la Rosa de Guadalupe sobre el caso de \u201cCalcetitas rojas\u201d -","robots":{"index":"index","follow":"follow","max-snippet":"max-snippet:-1","max-image-preview":"max-image-preview:large","max-video-preview":"max-video-preview:-1"},"canonical":"https:\/\/quehacerpolitico.mx\/?p=2412","og_locale":"es_MX","og_type":"article","og_title":"Familia exige a Televisa que retire el cap\u00edtulo de la Rosa de Guadalupe sobre el caso de \u201cCalcetitas rojas\u201d -","og_description":"Familia exige a Televisa que retire el cap\u00edtulo de la Rosa de Guadalupe sobre el caso de \u201cCalcetitas rojas\u201d Por Redacci\u00f3n QP","og_url":"https:\/\/quehacerpolitico.mx\/?p=2412","article_published_time":"2018-08-15T00:20:01+00:00","author":"Redacci\u00f3n QP","twitter_card":"summary_large_image","twitter_misc":{"Escrito por":"Redacci\u00f3n QP","Tiempo de lectura":"3 minutos"},"schema":{"@context":"https:\/\/schema.org","@graph":[{"@type":"Article","@id":"https:\/\/quehacerpolitico.mx\/?p=2412#article","isPartOf":{"@id":"https:\/\/quehacerpolitico.mx\/?p=2412"},"author":{"name":"Redacci\u00f3n QP","@id":"https:\/\/quehacerpolitico.mx\/#\/schema\/person\/496d8ad2d1d3f8036101dca7ee39e585"},"headline":"Familia exige a Televisa que retire el cap\u00edtulo de la Rosa de Guadalupe sobre el caso de \u201cCalcetitas rojas\u201d","datePublished":"2018-08-15T00:20:01+00:00","mainEntityOfPage":{"@id":"https:\/\/quehacerpolitico.mx\/?p=2412"},"wordCount":656,"commentCount":0,"image":{"@id":"https:\/\/quehacerpolitico.mx\/?p=2412#primaryimage"},"thumbnailUrl":"","articleSection":["Noticias"],"inLanguage":"es","potentialAction":[{"@type":"CommentAction","name":"Comment","target":["https:\/\/quehacerpolitico.mx\/?p=2412#respond"]}]},{"@type":"WebPage","@id":"https:\/\/quehacerpolitico.mx\/?p=2412","url":"https:\/\/quehacerpolitico.mx\/?p=2412","name":"Familia exige a Televisa que retire el cap\u00edtulo de la Rosa de Guadalupe sobre el caso de \u201cCalcetitas rojas\u201d -","isPartOf":{"@id":"https:\/\/quehacerpolitico.mx\/#website"},"primaryImageOfPage":{"@id":"https:\/\/quehacerpolitico.mx\/?p=2412#primaryimage"},"image":{"@id":"https:\/\/quehacerpolitico.mx\/?p=2412#primaryimage"},"thumbnailUrl":"","datePublished":"2018-08-15T00:20:01+00:00","author":{"@id":"https:\/\/quehacerpolitico.mx\/#\/schema\/person\/496d8ad2d1d3f8036101dca7ee39e585"},"breadcrumb":{"@id":"https:\/\/quehacerpolitico.mx\/?p=2412#breadcrumb"},"inLanguage":"es","potentialAction":[{"@type":"ReadAction","target":["https:\/\/quehacerpolitico.mx\/?p=2412"]}]},{"@type":"ImageObject","inLanguage":"es","@id":"https:\/\/quehacerpolitico.mx\/?p=2412#primaryimage","url":"","contentUrl":""},{"@type":"BreadcrumbList","@id":"https:\/\/quehacerpolitico.mx\/?p=2412#breadcrumb","itemListElement":[{"@type":"ListItem","position":1,"name":"Inicio","item":"https:\/\/quehacerpolitico.mx\/"},{"@type":"ListItem","position":2,"name":"Familia exige a Televisa que retire el cap\u00edtulo de la Rosa de Guadalupe sobre el caso de \u201cCalcetitas rojas\u201d"}]},{"@type":"WebSite","@id":"https:\/\/quehacerpolitico.mx\/#website","url":"https:\/\/quehacerpolitico.mx\/","name":"","description":"","potentialAction":[{"@type":"SearchAction","target":{"@type":"EntryPoint","urlTemplate":"https:\/\/quehacerpolitico.mx\/?s={search_term_string}"},"query-input":{"@type":"PropertyValueSpecification","valueRequired":true,"valueName":"search_term_string"}}],"inLanguage":"es"},{"@type":"Person","@id":"https:\/\/quehacerpolitico.mx\/#\/schema\/person\/496d8ad2d1d3f8036101dca7ee39e585","name":"Redacci\u00f3n QP","image":{"@type":"ImageObject","inLanguage":"es","@id":"https:\/\/secure.gravatar.com\/avatar\/c7164ed6fdec453195284ad24a5ae5b6e1eed2b848477fa2a4787ba9adf39a41?s=96&d=mm&r=g","url":"https:\/\/secure.gravatar.com\/avatar\/c7164ed6fdec453195284ad24a5ae5b6e1eed2b848477fa2a4787ba9adf39a41?s=96&d=mm&r=g","contentUrl":"https:\/\/secure.gravatar.com\/avatar\/c7164ed6fdec453195284ad24a5ae5b6e1eed2b848477fa2a4787ba9adf39a41?s=96&d=mm&r=g","caption":"Redacci\u00f3n QP"},"url":"https:\/\/quehacerpolitico.mx\/?author=2"}]}},"featured_image_urls":{"full":"","thumbnail":"","medium":"","medium_large":"","large":"","1536x1536":"","2048x2048":"","covernews-featured":"","covernews-medium":""},"author_info":{"display_name":"Redacci\u00f3n QP","author_link":"https:\/\/quehacerpolitico.mx\/?author=2"},"category_info":"<a href=\"https:\/\/quehacerpolitico.mx\/?cat=2\" rel=\"category\">Noticias<\/a>","tag_info":"Noticias","comment_count":"0","_links":{"self":[{"href":"https:\/\/quehacerpolitico.mx\/index.php?rest_route=\/wp\/v2\/posts\/2412","targetHints":{"allow":["GET"]}}],"collection":[{"href":"https:\/\/quehacerpolitico.mx\/index.php?rest_route=\/wp\/v2\/posts"}],"about":[{"href":"https:\/\/quehacerpolitico.mx\/index.php?rest_route=\/wp\/v2\/types\/post"}],"author":[{"embeddable":true,"href":"https:\/\/quehacerpolitico.mx\/index.php?rest_route=\/wp\/v2\/users\/2"}],"replies":[{"embeddable":true,"href":"https:\/\/quehacerpolitico.mx\/index.php?rest_route=%2Fwp%2Fv2%2Fcomments&post=2412"}],"version-history":[{"count":0,"href":"https:\/\/quehacerpolitico.mx\/index.php?rest_route=\/wp\/v2\/posts\/2412\/revisions"}],"wp:featuredmedia":[{"embeddable":true,"href":"https:\/\/quehacerpolitico.mx\/index.php?rest_route=\/"}],"wp:attachment":[{"href":"https:\/\/quehacerpolitico.mx\/index.php?rest_route=%2Fwp%2Fv2%2Fmedia&parent=2412"}],"wp:term":[{"taxonomy":"category","embeddable":true,"href":"https:\/\/quehacerpolitico.mx\/index.php?rest_route=%2Fwp%2Fv2%2Fcategories&post=2412"},{"taxonomy":"post_tag","embeddable":true,"href":"https:\/\/quehacerpolitico.mx\/index.php?rest_route=%2Fwp%2Fv2%2Ftags&post=2412"}],"curies":[{"name":"wp","href":"https:\/\/api.w.org\/{rel}","templated":true}]}}