{"id":23654,"date":"2019-04-18T18:03:59","date_gmt":"2019-04-18T18:03:59","guid":{"rendered":"http:\/\/quehacerpolitico.mx\/internacionales-carolina-alonso-romei-el-papa-lava-los-pies-de-12-reclusos-en-jueves-santo\/"},"modified":"2019-04-18T18:03:59","modified_gmt":"2019-04-18T18:03:59","slug":"internacionales-carolina-alonso-romei-el-papa-lava-los-pies-de-12-reclusos-en-jueves-santo","status":"publish","type":"post","link":"https:\/\/quehacerpolitico.mx\/?p=23654","title":{"rendered":"Internacionales\/\/\/Carolina Alonso Romei\/\/\/El Papa lava los pies de 12 reclusos en Jueves Santo"},"content":{"rendered":"<h1 class=\"news-title\">El Papa lava los pies de 12 reclusos en Jueves Santo<\/h1>\n<p>Por Carolina Alonso Romei\u00a0<\/p>\n<p>Internacionalista\u00a0<\/p>\n<p>Durante la ceremonia, celebrada en una prisi\u00f3n a las afueras de Roma, Francisco exhorta a los reos a servirse el uno al otro como hermanos<\/p>\n<p><iframe loading=\"lazy\" title=\"Pope Francis washes feet of 12 prisoners in a jail\" width=\"640\" height=\"360\" src=\"https:\/\/www.youtube.com\/embed\/-iEHC57U_hU?feature=oembed\" frameborder=\"0\" allow=\"accelerometer; autoplay; clipboard-write; encrypted-media; gyroscope; picture-in-picture; web-share\" referrerpolicy=\"strict-origin-when-cross-origin\" allowfullscreen><\/iframe><\/p>\n<p>El Papa Francisco\u00a0lav\u00f3 los pies de 12 prisioneros el jueves y los exhort\u00f3 a servirse el uno al otro como hermanos, al iniciar los solemnes rituales previos a la Pascua que este a\u00f1o fueron m\u00e1s emotivos tras el incendio que quem\u00f3 parcialmente la catedral Notre Dame en Par\u00eds.<\/p>\n<blockquote>\n<p>&#8220;Que este gesto que acabo de hacer nos ayude a ser m\u00e1s serviciales los unos con los otros, m\u00e1s amigables, hermanos en servicio&#8221;<\/p>\n<\/blockquote>\n<p><strong>Francisco viaj\u00f3 a una prisi\u00f3n en Velletri, en las afueras de Roma, para el tradicional servicio religioso de Jueves Santo<\/strong>, que representa el pasaje b\u00edblico de Jes\u00fas lavando los pies de sus Disc\u00edpulos\u00a0<\/p>\n<p>La ceremonia da inicio al periodo m\u00e1s solemne en el calendario lit\u00fargico cat\u00f3lico, que contin\u00faa con la conmemoraci\u00f3n de la crucifixi\u00f3n de Cristo el Viernes Santo\u00a0y su resurrecci\u00f3n en Pascua.<\/p>\n<p>Con frecuencia, el Pont\u00edfice ha realizado la ceremonia del Jueves Santo en prisiones para reforzar su mensaje de que, <strong>incluso las personalidades m\u00e1s importantes deben estar a disposici\u00f3n de los m\u00e1s marginados.<\/strong><\/p>\n<p>&#8220;El obispo no es el m\u00e1s importante. El obispo es quien debe ser m\u00e1s servicial&#8221;, dijo Francisco.<\/p>\n<p>Dirigiendo su mensaje a los mismos prisioneros, <strong>Francisco los exhort\u00f3 a no intentar dominarse entre ellos y hacer de sus peleas mutuas una &#8220;cosa ef\u00edmera&#8221;.<\/strong><\/p>\n<p>&#8220;El m\u00e1s grande deber\u00e1 servir al m\u00e1s peque\u00f1o. Aquel que se sienta el m\u00e1s grande deber\u00e1 ser un servidor&#8221;, dijo Francisco. &#8220;Que este gesto que acabo de hacer nos ayude a ser m\u00e1s serviciales los unos con los otros, m\u00e1s amigables, hermanos en servicio&#8221;.<\/p>\n<div>\n<figure class=\"image\"><img decoding=\"async\" title=\"\" src=\"https:\/\/www.informador.mx\/export\/sites\/elinformador\/img\/2019\/04\/18\/papa2.jpg_1427241660.jpg\" alt=\"\" hspace=\"5\" vspace=\"5\" data-height=\"750\" data-size=\"w:2296,h:3444\" data-width=\"500\" \/><figcaption>AFP\/VATICAN MEDIA<\/figcaption><\/figure>\n<\/div>\n<p>Tras su mensaje, <strong>prosigui\u00f3 a lavar, secar y besar los pies de los reclusos: nueve italianos, uno de Brasil, otro de Costa de Marfil y el \u00faltimo de Marruecos<\/strong>. Francisco, que sufre de ci\u00e1tica, pidi\u00f3 ayuda de sus asistentes para pararse y arrodillarse ante cada prisionero.<\/p>\n<p>Este a\u00f1o, los \u00faltimos d\u00edas de la Semana Santa han sido particularmente relevantes tras el incendio en Notre Dame\u00a0un s\u00edmbolo del catolicismo en Francia.<\/p>\n<div>\n<figure class=\"image\"><img decoding=\"async\" title=\"\" src=\"https:\/\/www.informador.mx\/export\/sites\/elinformador\/img\/2019\/04\/18\/papa1.jpg_347421144.jpg\" alt=\"\" hspace=\"5\" vspace=\"5\" data-height=\"466\" data-size=\"w:3543,h:2362\" data-width=\"700\" \/><figcaption>El Papa Francisco saluda al personal de la c\u00e1rcel poco antes de iniciar la ceremonia. AFP\/VATICAN MEDIA<\/figcaption><\/figure>\n<\/div>\n","protected":false},"excerpt":{"rendered":"<p>El Papa lava los pies de 12 reclusos en Jueves Santo<br \/>\nPor Carolina Alonso Romei<br \/>\nInternacionalista<\/p>\n","protected":false},"author":2,"featured_media":23653,"comment_status":"open","ping_status":"open","sticky":false,"template":"","format":"standard","meta":{"_monsterinsights_skip_tracking":false,"_monsterinsights_sitenote_active":false,"_monsterinsights_sitenote_note":"","_monsterinsights_sitenote_category":0,"footnotes":""},"categories":[1],"tags":[],"class_list":["post-23654","post","type-post","status-publish","format-standard","has-post-thumbnail","hentry","category-sin-categoria"],"yoast_head":"<!-- This site is optimized with the Yoast SEO plugin v27.3 - https:\/\/yoast.com\/product\/yoast-seo-wordpress\/ -->\n<title>Internacionales\/\/\/Carolina Alonso Romei\/\/\/El Papa lava los pies de 12 reclusos en Jueves Santo -<\/title>\n<meta name=\"robots\" content=\"index, follow, max-snippet:-1, max-image-preview:large, max-video-preview:-1\" \/>\n<link rel=\"canonical\" href=\"https:\/\/quehacerpolitico.mx\/?p=23654\" \/>\n<meta property=\"og:locale\" content=\"es_MX\" \/>\n<meta property=\"og:type\" content=\"article\" \/>\n<meta property=\"og:title\" content=\"Internacionales\/\/\/Carolina Alonso Romei\/\/\/El Papa lava los pies de 12 reclusos en Jueves Santo -\" \/>\n<meta property=\"og:description\" content=\"El Papa lava los pies de 12 reclusos en Jueves Santo Por Carolina Alonso Romei Internacionalista\" \/>\n<meta property=\"og:url\" content=\"https:\/\/quehacerpolitico.mx\/?p=23654\" \/>\n<meta property=\"article:published_time\" content=\"2019-04-18T18:03:59+00:00\" \/>\n<meta name=\"author\" content=\"Redacci\u00f3n QP\" \/>\n<meta name=\"twitter:card\" content=\"summary_large_image\" \/>\n<meta name=\"twitter:label1\" content=\"Escrito por\" \/>\n\t<meta name=\"twitter:data1\" content=\"Redacci\u00f3n QP\" \/>\n\t<meta name=\"twitter:label2\" content=\"Tiempo de lectura\" \/>\n\t<meta name=\"twitter:data2\" content=\"2 minutos\" \/>\n<script type=\"application\/ld+json\" class=\"yoast-schema-graph\">{\"@context\":\"https:\\\/\\\/schema.org\",\"@graph\":[{\"@type\":\"Article\",\"@id\":\"https:\\\/\\\/quehacerpolitico.mx\\\/?p=23654#article\",\"isPartOf\":{\"@id\":\"https:\\\/\\\/quehacerpolitico.mx\\\/?p=23654\"},\"author\":{\"name\":\"Redacci\u00f3n QP\",\"@id\":\"https:\\\/\\\/quehacerpolitico.mx\\\/#\\\/schema\\\/person\\\/496d8ad2d1d3f8036101dca7ee39e585\"},\"headline\":\"Internacionales\\\/\\\/\\\/Carolina Alonso Romei\\\/\\\/\\\/El Papa lava los pies de 12 reclusos en Jueves Santo\",\"datePublished\":\"2019-04-18T18:03:59+00:00\",\"mainEntityOfPage\":{\"@id\":\"https:\\\/\\\/quehacerpolitico.mx\\\/?p=23654\"},\"wordCount\":440,\"commentCount\":0,\"image\":{\"@id\":\"https:\\\/\\\/quehacerpolitico.mx\\\/?p=23654#primaryimage\"},\"thumbnailUrl\":\"\",\"articleSection\":[\"Internacionales\"],\"inLanguage\":\"es\",\"potentialAction\":[{\"@type\":\"CommentAction\",\"name\":\"Comment\",\"target\":[\"https:\\\/\\\/quehacerpolitico.mx\\\/?p=23654#respond\"]}]},{\"@type\":\"WebPage\",\"@id\":\"https:\\\/\\\/quehacerpolitico.mx\\\/?p=23654\",\"url\":\"https:\\\/\\\/quehacerpolitico.mx\\\/?p=23654\",\"name\":\"Internacionales\\\/\\\/\\\/Carolina Alonso Romei\\\/\\\/\\\/El Papa lava los pies de 12 reclusos en Jueves Santo -\",\"isPartOf\":{\"@id\":\"https:\\\/\\\/quehacerpolitico.mx\\\/#website\"},\"primaryImageOfPage\":{\"@id\":\"https:\\\/\\\/quehacerpolitico.mx\\\/?p=23654#primaryimage\"},\"image\":{\"@id\":\"https:\\\/\\\/quehacerpolitico.mx\\\/?p=23654#primaryimage\"},\"thumbnailUrl\":\"\",\"datePublished\":\"2019-04-18T18:03:59+00:00\",\"author\":{\"@id\":\"https:\\\/\\\/quehacerpolitico.mx\\\/#\\\/schema\\\/person\\\/496d8ad2d1d3f8036101dca7ee39e585\"},\"breadcrumb\":{\"@id\":\"https:\\\/\\\/quehacerpolitico.mx\\\/?p=23654#breadcrumb\"},\"inLanguage\":\"es\",\"potentialAction\":[{\"@type\":\"ReadAction\",\"target\":[\"https:\\\/\\\/quehacerpolitico.mx\\\/?p=23654\"]}]},{\"@type\":\"ImageObject\",\"inLanguage\":\"es\",\"@id\":\"https:\\\/\\\/quehacerpolitico.mx\\\/?p=23654#primaryimage\",\"url\":\"\",\"contentUrl\":\"\"},{\"@type\":\"BreadcrumbList\",\"@id\":\"https:\\\/\\\/quehacerpolitico.mx\\\/?p=23654#breadcrumb\",\"itemListElement\":[{\"@type\":\"ListItem\",\"position\":1,\"name\":\"Inicio\",\"item\":\"https:\\\/\\\/quehacerpolitico.mx\\\/\"},{\"@type\":\"ListItem\",\"position\":2,\"name\":\"Internacionales\\\/\\\/\\\/Carolina Alonso Romei\\\/\\\/\\\/El Papa lava los pies de 12 reclusos en Jueves Santo\"}]},{\"@type\":\"WebSite\",\"@id\":\"https:\\\/\\\/quehacerpolitico.mx\\\/#website\",\"url\":\"https:\\\/\\\/quehacerpolitico.mx\\\/\",\"name\":\"\",\"description\":\"\",\"potentialAction\":[{\"@type\":\"SearchAction\",\"target\":{\"@type\":\"EntryPoint\",\"urlTemplate\":\"https:\\\/\\\/quehacerpolitico.mx\\\/?s={search_term_string}\"},\"query-input\":{\"@type\":\"PropertyValueSpecification\",\"valueRequired\":true,\"valueName\":\"search_term_string\"}}],\"inLanguage\":\"es\"},{\"@type\":\"Person\",\"@id\":\"https:\\\/\\\/quehacerpolitico.mx\\\/#\\\/schema\\\/person\\\/496d8ad2d1d3f8036101dca7ee39e585\",\"name\":\"Redacci\u00f3n QP\",\"image\":{\"@type\":\"ImageObject\",\"inLanguage\":\"es\",\"@id\":\"https:\\\/\\\/secure.gravatar.com\\\/avatar\\\/c7164ed6fdec453195284ad24a5ae5b6e1eed2b848477fa2a4787ba9adf39a41?s=96&d=mm&r=g\",\"url\":\"https:\\\/\\\/secure.gravatar.com\\\/avatar\\\/c7164ed6fdec453195284ad24a5ae5b6e1eed2b848477fa2a4787ba9adf39a41?s=96&d=mm&r=g\",\"contentUrl\":\"https:\\\/\\\/secure.gravatar.com\\\/avatar\\\/c7164ed6fdec453195284ad24a5ae5b6e1eed2b848477fa2a4787ba9adf39a41?s=96&d=mm&r=g\",\"caption\":\"Redacci\u00f3n QP\"},\"url\":\"https:\\\/\\\/quehacerpolitico.mx\\\/?author=2\"}]}<\/script>\n<!-- \/ Yoast SEO plugin. -->","yoast_head_json":{"title":"Internacionales\/\/\/Carolina Alonso Romei\/\/\/El Papa lava los pies de 12 reclusos en Jueves Santo -","robots":{"index":"index","follow":"follow","max-snippet":"max-snippet:-1","max-image-preview":"max-image-preview:large","max-video-preview":"max-video-preview:-1"},"canonical":"https:\/\/quehacerpolitico.mx\/?p=23654","og_locale":"es_MX","og_type":"article","og_title":"Internacionales\/\/\/Carolina Alonso Romei\/\/\/El Papa lava los pies de 12 reclusos en Jueves Santo -","og_description":"El Papa lava los pies de 12 reclusos en Jueves Santo Por Carolina Alonso Romei Internacionalista","og_url":"https:\/\/quehacerpolitico.mx\/?p=23654","article_published_time":"2019-04-18T18:03:59+00:00","author":"Redacci\u00f3n QP","twitter_card":"summary_large_image","twitter_misc":{"Escrito por":"Redacci\u00f3n QP","Tiempo de lectura":"2 minutos"},"schema":{"@context":"https:\/\/schema.org","@graph":[{"@type":"Article","@id":"https:\/\/quehacerpolitico.mx\/?p=23654#article","isPartOf":{"@id":"https:\/\/quehacerpolitico.mx\/?p=23654"},"author":{"name":"Redacci\u00f3n QP","@id":"https:\/\/quehacerpolitico.mx\/#\/schema\/person\/496d8ad2d1d3f8036101dca7ee39e585"},"headline":"Internacionales\/\/\/Carolina Alonso Romei\/\/\/El Papa lava los pies de 12 reclusos en Jueves Santo","datePublished":"2019-04-18T18:03:59+00:00","mainEntityOfPage":{"@id":"https:\/\/quehacerpolitico.mx\/?p=23654"},"wordCount":440,"commentCount":0,"image":{"@id":"https:\/\/quehacerpolitico.mx\/?p=23654#primaryimage"},"thumbnailUrl":"","articleSection":["Internacionales"],"inLanguage":"es","potentialAction":[{"@type":"CommentAction","name":"Comment","target":["https:\/\/quehacerpolitico.mx\/?p=23654#respond"]}]},{"@type":"WebPage","@id":"https:\/\/quehacerpolitico.mx\/?p=23654","url":"https:\/\/quehacerpolitico.mx\/?p=23654","name":"Internacionales\/\/\/Carolina Alonso Romei\/\/\/El Papa lava los pies de 12 reclusos en Jueves Santo -","isPartOf":{"@id":"https:\/\/quehacerpolitico.mx\/#website"},"primaryImageOfPage":{"@id":"https:\/\/quehacerpolitico.mx\/?p=23654#primaryimage"},"image":{"@id":"https:\/\/quehacerpolitico.mx\/?p=23654#primaryimage"},"thumbnailUrl":"","datePublished":"2019-04-18T18:03:59+00:00","author":{"@id":"https:\/\/quehacerpolitico.mx\/#\/schema\/person\/496d8ad2d1d3f8036101dca7ee39e585"},"breadcrumb":{"@id":"https:\/\/quehacerpolitico.mx\/?p=23654#breadcrumb"},"inLanguage":"es","potentialAction":[{"@type":"ReadAction","target":["https:\/\/quehacerpolitico.mx\/?p=23654"]}]},{"@type":"ImageObject","inLanguage":"es","@id":"https:\/\/quehacerpolitico.mx\/?p=23654#primaryimage","url":"","contentUrl":""},{"@type":"BreadcrumbList","@id":"https:\/\/quehacerpolitico.mx\/?p=23654#breadcrumb","itemListElement":[{"@type":"ListItem","position":1,"name":"Inicio","item":"https:\/\/quehacerpolitico.mx\/"},{"@type":"ListItem","position":2,"name":"Internacionales\/\/\/Carolina Alonso Romei\/\/\/El Papa lava los pies de 12 reclusos en Jueves Santo"}]},{"@type":"WebSite","@id":"https:\/\/quehacerpolitico.mx\/#website","url":"https:\/\/quehacerpolitico.mx\/","name":"","description":"","potentialAction":[{"@type":"SearchAction","target":{"@type":"EntryPoint","urlTemplate":"https:\/\/quehacerpolitico.mx\/?s={search_term_string}"},"query-input":{"@type":"PropertyValueSpecification","valueRequired":true,"valueName":"search_term_string"}}],"inLanguage":"es"},{"@type":"Person","@id":"https:\/\/quehacerpolitico.mx\/#\/schema\/person\/496d8ad2d1d3f8036101dca7ee39e585","name":"Redacci\u00f3n QP","image":{"@type":"ImageObject","inLanguage":"es","@id":"https:\/\/secure.gravatar.com\/avatar\/c7164ed6fdec453195284ad24a5ae5b6e1eed2b848477fa2a4787ba9adf39a41?s=96&d=mm&r=g","url":"https:\/\/secure.gravatar.com\/avatar\/c7164ed6fdec453195284ad24a5ae5b6e1eed2b848477fa2a4787ba9adf39a41?s=96&d=mm&r=g","contentUrl":"https:\/\/secure.gravatar.com\/avatar\/c7164ed6fdec453195284ad24a5ae5b6e1eed2b848477fa2a4787ba9adf39a41?s=96&d=mm&r=g","caption":"Redacci\u00f3n QP"},"url":"https:\/\/quehacerpolitico.mx\/?author=2"}]}},"featured_image_urls":{"full":"","thumbnail":"","medium":"","medium_large":"","large":"","1536x1536":"","2048x2048":"","covernews-featured":"","covernews-medium":""},"author_info":{"display_name":"Redacci\u00f3n QP","author_link":"https:\/\/quehacerpolitico.mx\/?author=2"},"category_info":"<a href=\"https:\/\/quehacerpolitico.mx\/?cat=1\" rel=\"category\">Internacionales<\/a>","tag_info":"Internacionales","comment_count":"0","_links":{"self":[{"href":"https:\/\/quehacerpolitico.mx\/index.php?rest_route=\/wp\/v2\/posts\/23654","targetHints":{"allow":["GET"]}}],"collection":[{"href":"https:\/\/quehacerpolitico.mx\/index.php?rest_route=\/wp\/v2\/posts"}],"about":[{"href":"https:\/\/quehacerpolitico.mx\/index.php?rest_route=\/wp\/v2\/types\/post"}],"author":[{"embeddable":true,"href":"https:\/\/quehacerpolitico.mx\/index.php?rest_route=\/wp\/v2\/users\/2"}],"replies":[{"embeddable":true,"href":"https:\/\/quehacerpolitico.mx\/index.php?rest_route=%2Fwp%2Fv2%2Fcomments&post=23654"}],"version-history":[{"count":0,"href":"https:\/\/quehacerpolitico.mx\/index.php?rest_route=\/wp\/v2\/posts\/23654\/revisions"}],"wp:featuredmedia":[{"embeddable":true,"href":"https:\/\/quehacerpolitico.mx\/index.php?rest_route=\/"}],"wp:attachment":[{"href":"https:\/\/quehacerpolitico.mx\/index.php?rest_route=%2Fwp%2Fv2%2Fmedia&parent=23654"}],"wp:term":[{"taxonomy":"category","embeddable":true,"href":"https:\/\/quehacerpolitico.mx\/index.php?rest_route=%2Fwp%2Fv2%2Fcategories&post=23654"},{"taxonomy":"post_tag","embeddable":true,"href":"https:\/\/quehacerpolitico.mx\/index.php?rest_route=%2Fwp%2Fv2%2Ftags&post=23654"}],"curies":[{"name":"wp","href":"https:\/\/api.w.org\/{rel}","templated":true}]}}