{"id":23651,"date":"2019-04-18T17:54:22","date_gmt":"2019-04-18T17:54:22","guid":{"rendered":"http:\/\/quehacerpolitico.mx\/almodovar-rocket-man-y-latinos-en-la-seleccion-del-festival-de-cannes\/"},"modified":"2019-04-18T17:54:22","modified_gmt":"2019-04-18T17:54:22","slug":"almodovar-rocket-man-y-latinos-en-la-seleccion-del-festival-de-cannes","status":"publish","type":"post","link":"https:\/\/quehacerpolitico.mx\/?p=23651","title":{"rendered":"Almod\u00f3var, &#8220;Rocket Man&#8221; y latinos en la selecci\u00f3n del Festival de Cannes"},"content":{"rendered":"<h1 class=\"news-title\">Almod\u00f3var, &#8220;Rocket Man&#8221; y latinos en la selecci\u00f3n del Festival de Cannes<\/h1>\n<p>Por Redacci\u00f3n QP<\/p>\n<header class=\"news-header\">\n<div class=\"news-subtitle\">\n<p>La presencia de hispanoam\u00e9rica\u00a0en Cannes este a\u00f1o ser\u00e1 fuerte, tal y como anunci\u00f3 hoy\u00a0la organizaci\u00f3n oficial del certamen<\/p>\n<\/div>\n<\/header>\n<div class=\"news-content\">\n<div class=\"news-body row\">\n<p><strong>Pedro Almod\u00f3var y los brasile\u00f1os KleberMendon\u00e7\u00a0a\u00a0Filh y Juliano Dornelles competir\u00e1n por la Palma de Oro de la 72 edici\u00f3n del Festival de Cannes, que contar\u00e1 en otras secciones con m\u00e1s presencia latina: Albert Serra, Oliver Laxe, Juan Solanas y KarimA\u00efnoux, seg\u00fan anunci\u00f3 este jueves la organizaci\u00f3n oficial del certamen.<\/strong><\/p>\n<p>&#8220;Dolor y Gloria&#8221;, de Almod\u00f3var, fue una de las primeras pel\u00edculas destacadas dentro de la competici\u00f3n oficial del certamen, donde tratar\u00e1 de hacerse con la Palma de Oro, que le ha sido esquiva hasta ahora en sus cinco participaciones anteriores, con &#8220;Todo sobre mi madre&#8221; (1999), &#8220;Volver&#8221; (2006), &#8220;Los abrazos rotos&#8221; (2009), &#8220;La piel que habito&#8221; (2011) y &#8220;Julieta&#8221;, (2016).<\/p>\n<p><strong>Antonio Banderas protagoniza una historia con tintes autobiogr\u00e1ficos del director espa\u00f1ol en la que participan Asier Etxeand\u00eda, Pen\u00e9lope Cruz o Leonardo Sbaraglia.<\/strong><\/p>\n<blockquote class=\"twitter-tweet\" data-width=\"550\" data-dnt=\"true\">\n<p lang=\"fr\" dir=\"ltr\"><a href=\"https:\/\/twitter.com\/hashtag\/Cannes2019?src=hash&amp;ref_src=twsrc%5Etfw\">#Cannes2019<\/a> : Annonce de la S\u00e9lection officielle du 72e Festival de Cannes par Thierry Fr\u00e9maux et Pierre Lescure.<br \/>\u2014<br \/>Announcement of the 72nd Festival de Cannes Official Selection by Thierry Fr\u00e9maux and Pierre Lescure. Eng version: <a href=\"https:\/\/t.co\/t73Do4ePPD\">https:\/\/t.co\/t73Do4ePPD<\/a> <a href=\"https:\/\/t.co\/gUQR9LQHmu\">https:\/\/t.co\/gUQR9LQHmu<\/a><\/p>\n<p>&mdash; Festival de Cannes (@Festival_Cannes) <a href=\"https:\/\/twitter.com\/Festival_Cannes\/status\/1118796798645161984?ref_src=twsrc%5Etfw\">April 18, 2019<\/a><\/p><\/blockquote>\n<p><script async src=\"https:\/\/platform.twitter.com\/widgets.js\" charset=\"utf-8\"><\/script><\/p>\n<p>En competici\u00f3n oficial estar\u00e1 tambi\u00e9n &#8220;Bacurau&#8221;, dirigida por los brasile\u00f1os Kleber Mendon\u00e7 a\u00a0Filho y Juliano Dornelles, y protagonizada por Sonia Braga y Udo Kier.<\/p>\n<p>Es la segunda participaci\u00f3n de Mendon\u00e7 a\u00a0Filho, que ya compiti\u00f3 por la Palma de Oro en 2016 con &#8220;Aquaruis&#8221;, igualmente con Braga a la cabeza del reparto.<\/p>\n<p>Mientras que en la selecci\u00f3n de Una cierta mirada, la segunda en importancia del festival, participar\u00e1n los espa\u00f1oles Albert Serra y Oliver Laxe.<\/p>\n<p>Serra lo har\u00e1 con &#8220;Libert\u00e9&#8221;, un filme rodado en alem\u00e1n, franc\u00e9s e italiano, que se desarrolla en la Francia de finales del XVIII y que cuenta en su reparto con Ingrid Caven y Helmut Berger.<\/p>\n<p>&#8220;O que arde&#8221;, es la propuesta de Laxe, que ha rodado en Galicia una historia sobre los incendios con mucho de documental.<\/p>\n<p>Son dos cineastas que ya han participado en Cannes. Serra present\u00f3, en sesi\u00f3n especial &#8220;La mort de Louis XIV&#8221; habituales en Cannes hace tres a\u00f1os y el franco gallego Laxe ha llevado sus dos filmes anteriores al certamen de la costa azul.<\/p>\n<p>&#8220;Todos v\u00f3s sodes capit\u00e1ns&#8221; se llev\u00f3 el premio de la cr\u00edtica internacional en 2010 y &#8220;Mimosas&#8221; gan\u00f3 el de la Semana de la Cr\u00edtica en 2016.<\/p>\n<p><strong>Brasil se ha colado tambi\u00e9n en Una cierta mirada con el filme de Karim A\u00efnoux, &#8220;Vida Invisivel&#8221;, protagonizada por uno de los grandes nombres de la interpretaci\u00f3n brasile\u00f1a, Fernanda Montenegro.<\/strong><\/p>\n<div>\n<figure class=\"image\"><img decoding=\"async\" title=\"\" src=\"https:\/\/www.informador.mx\/export\/sites\/elinformador\/img\/2019\/04\/18\/imagen_almodovar_afp_crop1552461870306_crop1555588331673.jpg_1275204643.jpg\" alt=\"\" hspace=\"5\" vspace=\"5\" data-height=\"1744\" data-size=\"w:3098,h:1744\" data-width=\"3098\" \/><figcaption>El director fue nominado por &#8220;Dolor y Gloria&#8221;, una pel\u00edcula con tintes autobigr\u00e1ficos. ARCHIVO \/ AFP<\/figcaption><\/figure>\n<\/div>\n<p>El festival, que se celebra en Cannes del 14 al 25 de mayo, mostrar\u00e1 tambi\u00e9n en las sesiones especiales &#8220;Que sea ley&#8221;, de Juan Solanas, hijo de uno de los directores m\u00edticos del cine argentino, Fernando &#8216;Pino&#8217; Solanas.<\/p>\n<p>Juan Solanas recibi\u00f3 el Premio del Jurado de Cannes en 2003 por su cortometraje &#8220;El hombre sin cabeza&#8221; y particip\u00f3 en Una cierta mirada con &#8220;Nordeste&#8221; (2005).<\/p>\n<p><strong>La participaci\u00f3n hispana se completa con el documental &#8220;Diego Maradona&#8221;, de AsifKapadia, que se exhibir\u00e1 fuera de competici\u00f3n, y con el realizador mexicano Alejandro Gonz\u00e1lez I\u00f1\u00e1rritu como presidente del jurado de la secci\u00f3n oficial.<\/strong><\/p>\n<h3>Elton John, Maradona o &#8220;The Shining&#8221;, entre las curiosidades de Cannes<\/h3>\n<p><strong>El filme sobre Elton John, &#8220;Rocketman&#8221;, atraer\u00e1 al propio cantante al Festival de Cannes, que en esta 72 edici\u00f3n mostrar\u00e1 tambi\u00e9n un documental sobre Diego Maradonao una copia restaurada de &#8220;The Shining&#8221;, presentada por el mexicano Alfonso Cuar\u00f3n.<\/strong><\/p>\n<p>La organizaci\u00f3n del certamen anunci\u00f3 este jueves la selecci\u00f3n oficial del festival, que se celebra en Cannes del 14 al 25 de mayo, en la que competir\u00e1n cineastas como Pedro Almod\u00f3var, Ken Loach o Terrence Mallick, y que cuenta con varias curiosidades dignas de menci\u00f3n:<\/p>\n<p>Quentin Tarantino se ha quedado fuera de la selecci\u00f3n, pese a ser uno de los m\u00e1s esperados, pues su \u00faltima pel\u00edcula &#8220;Once Upon a Time in Hollywood&#8221;, una comedia sobre un actor de western venido a menos, con Brad Pitt y Leonardo Di Caprio, no est\u00e1 a\u00fan terminada, seg\u00fan explic\u00f3 el delegado general de Cannes, Thierry Fr\u00e9maux.<\/p>\n<p><strong>Fuera de competici\u00f3n llegar\u00e1 &#8220;Diego Maradona&#8221;, un documental sobre el gran futbolista argentino, dirigido por Asif Kapadia, que ya se ha ocupado de otras figuras como Ayrton Senna o Any Winehouse.<\/strong><\/p>\n<p>Ser\u00e1 el segundo documental sobre Maradona que se presente en Cannes. En 2008 el astro argentino estuvo presente en el festival con la pel\u00edcula que realiz\u00f3 sobre su figura Emir Kusturica.<\/p>\n<p>Se podr\u00e1 ver, en Una cierta mirada, una nueva versi\u00f3n de un gran cl\u00e1sico franc\u00e9s, la vida de Juana de Arco. Bruno Dumont contin\u00faa con la historia de la hero\u00edna, cuya infancia narr\u00f3 en &#8220;Jeannette&#8221;. De nuevo protagonizada por Lise Leplat Prudhomme.<\/p>\n<\/div>\n<\/div>\n","protected":false},"excerpt":{"rendered":"<p>Almod\u00f3var, &#8220;Rocket Man&#8221; y latinos en la selecci\u00f3n del Festival de Cannes<br \/>\nPor Redacci\u00f3n QP<\/p>\n","protected":false},"author":2,"featured_media":23650,"comment_status":"open","ping_status":"open","sticky":false,"template":"","format":"standard","meta":{"_monsterinsights_skip_tracking":false,"_monsterinsights_sitenote_active":false,"_monsterinsights_sitenote_note":"","_monsterinsights_sitenote_category":0,"footnotes":""},"categories":[58],"tags":[],"class_list":["post-23651","post","type-post","status-publish","format-standard","has-post-thumbnail","hentry","category-cultura"],"yoast_head":"<!-- This site is optimized with the Yoast SEO plugin v27.3 - https:\/\/yoast.com\/product\/yoast-seo-wordpress\/ -->\n<title>Almod\u00f3var, &quot;Rocket Man&quot; y latinos en la selecci\u00f3n del Festival de Cannes -<\/title>\n<meta name=\"robots\" content=\"index, follow, max-snippet:-1, max-image-preview:large, max-video-preview:-1\" \/>\n<link rel=\"canonical\" href=\"https:\/\/quehacerpolitico.mx\/?p=23651\" \/>\n<meta property=\"og:locale\" content=\"es_MX\" \/>\n<meta property=\"og:type\" content=\"article\" \/>\n<meta property=\"og:title\" content=\"Almod\u00f3var, &quot;Rocket Man&quot; y latinos en la selecci\u00f3n del Festival de Cannes -\" \/>\n<meta property=\"og:description\" content=\"Almod\u00f3var, &quot;Rocket Man&quot; y latinos en la selecci\u00f3n del Festival de Cannes Por Redacci\u00f3n QP\" \/>\n<meta property=\"og:url\" content=\"https:\/\/quehacerpolitico.mx\/?p=23651\" \/>\n<meta property=\"article:published_time\" content=\"2019-04-18T17:54:22+00:00\" \/>\n<meta name=\"author\" content=\"Redacci\u00f3n QP\" \/>\n<meta name=\"twitter:card\" content=\"summary_large_image\" \/>\n<meta name=\"twitter:label1\" content=\"Escrito por\" \/>\n\t<meta name=\"twitter:data1\" content=\"Redacci\u00f3n QP\" \/>\n\t<meta name=\"twitter:label2\" content=\"Tiempo de lectura\" \/>\n\t<meta name=\"twitter:data2\" content=\"4 minutos\" \/>\n<script type=\"application\/ld+json\" class=\"yoast-schema-graph\">{\"@context\":\"https:\\\/\\\/schema.org\",\"@graph\":[{\"@type\":\"Article\",\"@id\":\"https:\\\/\\\/quehacerpolitico.mx\\\/?p=23651#article\",\"isPartOf\":{\"@id\":\"https:\\\/\\\/quehacerpolitico.mx\\\/?p=23651\"},\"author\":{\"name\":\"Redacci\u00f3n QP\",\"@id\":\"https:\\\/\\\/quehacerpolitico.mx\\\/#\\\/schema\\\/person\\\/496d8ad2d1d3f8036101dca7ee39e585\"},\"headline\":\"Almod\u00f3var, &#8220;Rocket Man&#8221; y latinos en la selecci\u00f3n del Festival de Cannes\",\"datePublished\":\"2019-04-18T17:54:22+00:00\",\"mainEntityOfPage\":{\"@id\":\"https:\\\/\\\/quehacerpolitico.mx\\\/?p=23651\"},\"wordCount\":842,\"commentCount\":0,\"image\":{\"@id\":\"https:\\\/\\\/quehacerpolitico.mx\\\/?p=23651#primaryimage\"},\"thumbnailUrl\":\"\",\"articleSection\":[\"Cultura y Entretenimiento\"],\"inLanguage\":\"es\",\"potentialAction\":[{\"@type\":\"CommentAction\",\"name\":\"Comment\",\"target\":[\"https:\\\/\\\/quehacerpolitico.mx\\\/?p=23651#respond\"]}]},{\"@type\":\"WebPage\",\"@id\":\"https:\\\/\\\/quehacerpolitico.mx\\\/?p=23651\",\"url\":\"https:\\\/\\\/quehacerpolitico.mx\\\/?p=23651\",\"name\":\"Almod\u00f3var, \\\"Rocket Man\\\" y latinos en la selecci\u00f3n del Festival de Cannes -\",\"isPartOf\":{\"@id\":\"https:\\\/\\\/quehacerpolitico.mx\\\/#website\"},\"primaryImageOfPage\":{\"@id\":\"https:\\\/\\\/quehacerpolitico.mx\\\/?p=23651#primaryimage\"},\"image\":{\"@id\":\"https:\\\/\\\/quehacerpolitico.mx\\\/?p=23651#primaryimage\"},\"thumbnailUrl\":\"\",\"datePublished\":\"2019-04-18T17:54:22+00:00\",\"author\":{\"@id\":\"https:\\\/\\\/quehacerpolitico.mx\\\/#\\\/schema\\\/person\\\/496d8ad2d1d3f8036101dca7ee39e585\"},\"breadcrumb\":{\"@id\":\"https:\\\/\\\/quehacerpolitico.mx\\\/?p=23651#breadcrumb\"},\"inLanguage\":\"es\",\"potentialAction\":[{\"@type\":\"ReadAction\",\"target\":[\"https:\\\/\\\/quehacerpolitico.mx\\\/?p=23651\"]}]},{\"@type\":\"ImageObject\",\"inLanguage\":\"es\",\"@id\":\"https:\\\/\\\/quehacerpolitico.mx\\\/?p=23651#primaryimage\",\"url\":\"\",\"contentUrl\":\"\"},{\"@type\":\"BreadcrumbList\",\"@id\":\"https:\\\/\\\/quehacerpolitico.mx\\\/?p=23651#breadcrumb\",\"itemListElement\":[{\"@type\":\"ListItem\",\"position\":1,\"name\":\"Inicio\",\"item\":\"https:\\\/\\\/quehacerpolitico.mx\\\/\"},{\"@type\":\"ListItem\",\"position\":2,\"name\":\"Almod\u00f3var, &#8220;Rocket Man&#8221; y latinos en la selecci\u00f3n del Festival de Cannes\"}]},{\"@type\":\"WebSite\",\"@id\":\"https:\\\/\\\/quehacerpolitico.mx\\\/#website\",\"url\":\"https:\\\/\\\/quehacerpolitico.mx\\\/\",\"name\":\"\",\"description\":\"\",\"potentialAction\":[{\"@type\":\"SearchAction\",\"target\":{\"@type\":\"EntryPoint\",\"urlTemplate\":\"https:\\\/\\\/quehacerpolitico.mx\\\/?s={search_term_string}\"},\"query-input\":{\"@type\":\"PropertyValueSpecification\",\"valueRequired\":true,\"valueName\":\"search_term_string\"}}],\"inLanguage\":\"es\"},{\"@type\":\"Person\",\"@id\":\"https:\\\/\\\/quehacerpolitico.mx\\\/#\\\/schema\\\/person\\\/496d8ad2d1d3f8036101dca7ee39e585\",\"name\":\"Redacci\u00f3n QP\",\"image\":{\"@type\":\"ImageObject\",\"inLanguage\":\"es\",\"@id\":\"https:\\\/\\\/secure.gravatar.com\\\/avatar\\\/c7164ed6fdec453195284ad24a5ae5b6e1eed2b848477fa2a4787ba9adf39a41?s=96&d=mm&r=g\",\"url\":\"https:\\\/\\\/secure.gravatar.com\\\/avatar\\\/c7164ed6fdec453195284ad24a5ae5b6e1eed2b848477fa2a4787ba9adf39a41?s=96&d=mm&r=g\",\"contentUrl\":\"https:\\\/\\\/secure.gravatar.com\\\/avatar\\\/c7164ed6fdec453195284ad24a5ae5b6e1eed2b848477fa2a4787ba9adf39a41?s=96&d=mm&r=g\",\"caption\":\"Redacci\u00f3n QP\"},\"url\":\"https:\\\/\\\/quehacerpolitico.mx\\\/?author=2\"}]}<\/script>\n<!-- \/ Yoast SEO plugin. -->","yoast_head_json":{"title":"Almod\u00f3var, \"Rocket Man\" y latinos en la selecci\u00f3n del Festival de Cannes -","robots":{"index":"index","follow":"follow","max-snippet":"max-snippet:-1","max-image-preview":"max-image-preview:large","max-video-preview":"max-video-preview:-1"},"canonical":"https:\/\/quehacerpolitico.mx\/?p=23651","og_locale":"es_MX","og_type":"article","og_title":"Almod\u00f3var, \"Rocket Man\" y latinos en la selecci\u00f3n del Festival de Cannes -","og_description":"Almod\u00f3var, \"Rocket Man\" y latinos en la selecci\u00f3n del Festival de Cannes Por Redacci\u00f3n QP","og_url":"https:\/\/quehacerpolitico.mx\/?p=23651","article_published_time":"2019-04-18T17:54:22+00:00","author":"Redacci\u00f3n QP","twitter_card":"summary_large_image","twitter_misc":{"Escrito por":"Redacci\u00f3n QP","Tiempo de lectura":"4 minutos"},"schema":{"@context":"https:\/\/schema.org","@graph":[{"@type":"Article","@id":"https:\/\/quehacerpolitico.mx\/?p=23651#article","isPartOf":{"@id":"https:\/\/quehacerpolitico.mx\/?p=23651"},"author":{"name":"Redacci\u00f3n QP","@id":"https:\/\/quehacerpolitico.mx\/#\/schema\/person\/496d8ad2d1d3f8036101dca7ee39e585"},"headline":"Almod\u00f3var, &#8220;Rocket Man&#8221; y latinos en la selecci\u00f3n del Festival de Cannes","datePublished":"2019-04-18T17:54:22+00:00","mainEntityOfPage":{"@id":"https:\/\/quehacerpolitico.mx\/?p=23651"},"wordCount":842,"commentCount":0,"image":{"@id":"https:\/\/quehacerpolitico.mx\/?p=23651#primaryimage"},"thumbnailUrl":"","articleSection":["Cultura y Entretenimiento"],"inLanguage":"es","potentialAction":[{"@type":"CommentAction","name":"Comment","target":["https:\/\/quehacerpolitico.mx\/?p=23651#respond"]}]},{"@type":"WebPage","@id":"https:\/\/quehacerpolitico.mx\/?p=23651","url":"https:\/\/quehacerpolitico.mx\/?p=23651","name":"Almod\u00f3var, \"Rocket Man\" y latinos en la selecci\u00f3n del Festival de Cannes -","isPartOf":{"@id":"https:\/\/quehacerpolitico.mx\/#website"},"primaryImageOfPage":{"@id":"https:\/\/quehacerpolitico.mx\/?p=23651#primaryimage"},"image":{"@id":"https:\/\/quehacerpolitico.mx\/?p=23651#primaryimage"},"thumbnailUrl":"","datePublished":"2019-04-18T17:54:22+00:00","author":{"@id":"https:\/\/quehacerpolitico.mx\/#\/schema\/person\/496d8ad2d1d3f8036101dca7ee39e585"},"breadcrumb":{"@id":"https:\/\/quehacerpolitico.mx\/?p=23651#breadcrumb"},"inLanguage":"es","potentialAction":[{"@type":"ReadAction","target":["https:\/\/quehacerpolitico.mx\/?p=23651"]}]},{"@type":"ImageObject","inLanguage":"es","@id":"https:\/\/quehacerpolitico.mx\/?p=23651#primaryimage","url":"","contentUrl":""},{"@type":"BreadcrumbList","@id":"https:\/\/quehacerpolitico.mx\/?p=23651#breadcrumb","itemListElement":[{"@type":"ListItem","position":1,"name":"Inicio","item":"https:\/\/quehacerpolitico.mx\/"},{"@type":"ListItem","position":2,"name":"Almod\u00f3var, &#8220;Rocket Man&#8221; y latinos en la selecci\u00f3n del Festival de Cannes"}]},{"@type":"WebSite","@id":"https:\/\/quehacerpolitico.mx\/#website","url":"https:\/\/quehacerpolitico.mx\/","name":"","description":"","potentialAction":[{"@type":"SearchAction","target":{"@type":"EntryPoint","urlTemplate":"https:\/\/quehacerpolitico.mx\/?s={search_term_string}"},"query-input":{"@type":"PropertyValueSpecification","valueRequired":true,"valueName":"search_term_string"}}],"inLanguage":"es"},{"@type":"Person","@id":"https:\/\/quehacerpolitico.mx\/#\/schema\/person\/496d8ad2d1d3f8036101dca7ee39e585","name":"Redacci\u00f3n QP","image":{"@type":"ImageObject","inLanguage":"es","@id":"https:\/\/secure.gravatar.com\/avatar\/c7164ed6fdec453195284ad24a5ae5b6e1eed2b848477fa2a4787ba9adf39a41?s=96&d=mm&r=g","url":"https:\/\/secure.gravatar.com\/avatar\/c7164ed6fdec453195284ad24a5ae5b6e1eed2b848477fa2a4787ba9adf39a41?s=96&d=mm&r=g","contentUrl":"https:\/\/secure.gravatar.com\/avatar\/c7164ed6fdec453195284ad24a5ae5b6e1eed2b848477fa2a4787ba9adf39a41?s=96&d=mm&r=g","caption":"Redacci\u00f3n QP"},"url":"https:\/\/quehacerpolitico.mx\/?author=2"}]}},"featured_image_urls":{"full":"","thumbnail":"","medium":"","medium_large":"","large":"","1536x1536":"","2048x2048":"","covernews-featured":"","covernews-medium":""},"author_info":{"display_name":"Redacci\u00f3n QP","author_link":"https:\/\/quehacerpolitico.mx\/?author=2"},"category_info":"<a href=\"https:\/\/quehacerpolitico.mx\/?cat=58\" rel=\"category\">Cultura y Entretenimiento<\/a>","tag_info":"Cultura y Entretenimiento","comment_count":"0","_links":{"self":[{"href":"https:\/\/quehacerpolitico.mx\/index.php?rest_route=\/wp\/v2\/posts\/23651","targetHints":{"allow":["GET"]}}],"collection":[{"href":"https:\/\/quehacerpolitico.mx\/index.php?rest_route=\/wp\/v2\/posts"}],"about":[{"href":"https:\/\/quehacerpolitico.mx\/index.php?rest_route=\/wp\/v2\/types\/post"}],"author":[{"embeddable":true,"href":"https:\/\/quehacerpolitico.mx\/index.php?rest_route=\/wp\/v2\/users\/2"}],"replies":[{"embeddable":true,"href":"https:\/\/quehacerpolitico.mx\/index.php?rest_route=%2Fwp%2Fv2%2Fcomments&post=23651"}],"version-history":[{"count":0,"href":"https:\/\/quehacerpolitico.mx\/index.php?rest_route=\/wp\/v2\/posts\/23651\/revisions"}],"wp:featuredmedia":[{"embeddable":true,"href":"https:\/\/quehacerpolitico.mx\/index.php?rest_route=\/"}],"wp:attachment":[{"href":"https:\/\/quehacerpolitico.mx\/index.php?rest_route=%2Fwp%2Fv2%2Fmedia&parent=23651"}],"wp:term":[{"taxonomy":"category","embeddable":true,"href":"https:\/\/quehacerpolitico.mx\/index.php?rest_route=%2Fwp%2Fv2%2Fcategories&post=23651"},{"taxonomy":"post_tag","embeddable":true,"href":"https:\/\/quehacerpolitico.mx\/index.php?rest_route=%2Fwp%2Fv2%2Ftags&post=23651"}],"curies":[{"name":"wp","href":"https:\/\/api.w.org\/{rel}","templated":true}]}}